{"id":14388,"date":"2023-11-14T10:25:52","date_gmt":"2023-11-14T10:25:52","guid":{"rendered":"https:\/\/www.focus.cat\/?p=14388"},"modified":"2023-11-14T10:25:52","modified_gmt":"2023-11-14T10:25:52","slug":"y-lo-que-el-viento-se-llevo-arrives-at-the-teatro-pavon-de-madrid","status":"publish","type":"post","link":"https:\/\/www.focus.cat\/en\/y-lo-que-el-viento-se-llevo-arrives-at-the-teatro-pavon-de-madrid\/","title":{"rendered":"Y&#8230;Lo que el viento se llev\u00f3 arrives at the Teatro Pav\u00f3n de Madrid"},"content":{"rendered":"<p><img decoding=\"async\" class=\"wp-image-14383 aligncenter\" src=\"https:\/\/www.focus.cat\/wp-content\/uploads\/2023\/11\/722x1030-cartel-Web.jpg\" alt=\"\" width=\"257\" height=\"366\" srcset=\"https:\/\/www.focus.cat\/wp-content\/uploads\/2023\/11\/722x1030-cartel-Web.jpg 722w, https:\/\/www.focus.cat\/wp-content\/uploads\/2023\/11\/722x1030-cartel-Web-210x300.jpg 210w, https:\/\/www.focus.cat\/wp-content\/uploads\/2023\/11\/722x1030-cartel-Web-150x214.jpg 150w\" sizes=\"(max-width: 257px) 100vw, 257px\" \/><\/p>\n<p>After passing through Barcelona, where it fell in love with critics and audiences, and a long tour throughout Spain, he arrives at the Pav\u00f3n Theater in Madrid Y&#8230;lo que el viento se llev\u00f3, a play by Ron Hutchinson adapted by Daniel Angl\u00e8s and directed by Jos\u00e9 Troncoso. Starring Gonz\u00e1lo de Castro, Pedro Mari S\u00e1nchez, Jos\u00e9 Bustos and Carmen Barrantes, it is a Focus production and will be on display at the Madrid theater from November 22 to January 7, 2024.<\/p>\n<p>The work narrates, in a comedy key, the preparation for the filming of the film classic Gone with the Wind. On stage we can follow step by step each of the obstacles that had to be overcome to make one of the most iconic and emblematic films of all time. Through the characters of film producer David O. Selznick, his sharp and infallible secretary, Ms. Poppenghul, his great friend and excellent screenwriter, Ben Hetch and the talented, although impossible character, director Victor Fleming we will learn this fascinating story about the golden Hollywood of the 30s. Lights, camera&#8230; Action!<\/p>\n","protected":false},"excerpt":{"rendered":"<p>After passing through Barcelona, where it fell in love with critics and audiences, and a long tour throughout Spain, he arrives at the Pav\u00f3n Theater in Madrid Y&#8230;lo que el viento se llev\u00f3, a play by Ron Hutchinson adapted by Daniel Angl\u00e8s and directed by Jos\u00e9 Troncoso. Starring Gonz\u00e1lo de Castro, Pedro Mari S\u00e1nchez, Jos\u00e9<a class=\"excerpt-read-more\" href=\"https:\/\/www.focus.cat\/en\/y-lo-que-el-viento-se-llevo-arrives-at-the-teatro-pavon-de-madrid\/\" title=\"LlegeixY&#8230;Lo que el viento se llev\u00f3 arrives at the Teatro Pav\u00f3n de Madrid\"> &#8230; Llegeix m\u00e9s<\/a><\/p>\n","protected":false},"author":16,"featured_media":14380,"comment_status":"closed","ping_status":"closed","sticky":false,"template":"","format":"standard","meta":{"_acf_changed":false,"inline_featured_image":false,"footnotes":""},"categories":[3],"class_list":["post-14388","post","type-post","status-publish","format-standard","has-post-thumbnail","hentry","category-news"],"acf":[],"yoast_head":"<!-- This site is optimized with the Yoast SEO plugin v27.4 - https:\/\/yoast.com\/product\/yoast-seo-wordpress\/ -->\n<title>Y...Lo que el viento se llev\u00f3 arrives at the Teatro Pav\u00f3n de Madrid - Focus<\/title>\n<meta name=\"robots\" content=\"index, follow, max-snippet:-1, max-image-preview:large, max-video-preview:-1\" \/>\n<link rel=\"canonical\" href=\"https:\/\/www.focus.cat\/y-lo-que-el-viento-se-llevo-arrives-at-the-teatro-pavon-de-madrid\/\" \/>\n<meta property=\"og:locale\" content=\"ca_ES\" \/>\n<meta property=\"og:type\" content=\"article\" \/>\n<meta property=\"og:title\" content=\"Y...Lo que el viento se llev\u00f3 arrives at the Teatro Pav\u00f3n de Madrid - Focus\" \/>\n<meta property=\"og:description\" content=\"After passing through Barcelona, where it fell in love with critics and audiences, and a long tour throughout Spain, he arrives at the Pav\u00f3n Theater in Madrid Y&#8230;lo que el viento se llev\u00f3, a play by Ron Hutchinson adapted by Daniel Angl\u00e8s and directed by Jos\u00e9 Troncoso. Starring Gonz\u00e1lo de Castro, Pedro Mari S\u00e1nchez, Jos\u00e9 ... Llegeix m\u00e9s\" \/>\n<meta property=\"og:url\" content=\"https:\/\/www.focus.cat\/en\/y-lo-que-el-viento-se-llevo-arrives-at-the-teatro-pavon-de-madrid\/\" \/>\n<meta property=\"og:site_name\" content=\"Focus\" \/>\n<meta property=\"article:published_time\" content=\"2023-11-14T10:25:52+00:00\" \/>\n<meta property=\"og:image\" content=\"https:\/\/www.focus.cat\/wp-content\/uploads\/2023\/11\/Critica-IGFB-14-scaled.jpg\" \/>\n\t<meta property=\"og:image:width\" content=\"2560\" \/>\n\t<meta property=\"og:image:height\" content=\"2560\" \/>\n\t<meta property=\"og:image:type\" content=\"image\/jpeg\" \/>\n<meta name=\"author\" content=\"Brenda Becker\" \/>\n<meta name=\"twitter:card\" content=\"summary_large_image\" \/>\n<script type=\"application\/ld+json\" class=\"yoast-schema-graph\">{\"@context\":\"https:\\\/\\\/schema.org\",\"@graph\":[{\"@type\":\"Article\",\"@id\":\"https:\\\/\\\/www.focus.cat\\\/en\\\/y-lo-que-el-viento-se-llevo-arrives-at-the-teatro-pavon-de-madrid\\\/#article\",\"isPartOf\":{\"@id\":\"https:\\\/\\\/www.focus.cat\\\/en\\\/y-lo-que-el-viento-se-llevo-arrives-at-the-teatro-pavon-de-madrid\\\/\"},\"author\":{\"name\":\"Brenda Becker\",\"@id\":\"https:\\\/\\\/www.focus.cat\\\/#\\\/schema\\\/person\\\/45cbcf79c7b3047ca01818c50e607a32\"},\"headline\":\"Y&#8230;Lo que el viento se llev\u00f3 arrives at the Teatro Pav\u00f3n de Madrid\",\"datePublished\":\"2023-11-14T10:25:52+00:00\",\"mainEntityOfPage\":{\"@id\":\"https:\\\/\\\/www.focus.cat\\\/en\\\/y-lo-que-el-viento-se-llevo-arrives-at-the-teatro-pavon-de-madrid\\\/\"},\"wordCount\":196,\"publisher\":{\"@id\":\"https:\\\/\\\/www.focus.cat\\\/#organization\"},\"image\":{\"@id\":\"https:\\\/\\\/www.focus.cat\\\/en\\\/y-lo-que-el-viento-se-llevo-arrives-at-the-teatro-pavon-de-madrid\\\/#primaryimage\"},\"thumbnailUrl\":\"https:\\\/\\\/www.focus.cat\\\/wp-content\\\/uploads\\\/2023\\\/11\\\/Critica-IGFB-14-scaled.jpg\",\"articleSection\":[\"News\"],\"inLanguage\":\"ca\"},{\"@type\":\"WebPage\",\"@id\":\"https:\\\/\\\/www.focus.cat\\\/en\\\/y-lo-que-el-viento-se-llevo-arrives-at-the-teatro-pavon-de-madrid\\\/\",\"url\":\"https:\\\/\\\/www.focus.cat\\\/en\\\/y-lo-que-el-viento-se-llevo-arrives-at-the-teatro-pavon-de-madrid\\\/\",\"name\":\"Y...Lo que el viento se llev\u00f3 arrives at the Teatro Pav\u00f3n de Madrid - Focus\",\"isPartOf\":{\"@id\":\"https:\\\/\\\/www.focus.cat\\\/#website\"},\"primaryImageOfPage\":{\"@id\":\"https:\\\/\\\/www.focus.cat\\\/en\\\/y-lo-que-el-viento-se-llevo-arrives-at-the-teatro-pavon-de-madrid\\\/#primaryimage\"},\"image\":{\"@id\":\"https:\\\/\\\/www.focus.cat\\\/en\\\/y-lo-que-el-viento-se-llevo-arrives-at-the-teatro-pavon-de-madrid\\\/#primaryimage\"},\"thumbnailUrl\":\"https:\\\/\\\/www.focus.cat\\\/wp-content\\\/uploads\\\/2023\\\/11\\\/Critica-IGFB-14-scaled.jpg\",\"datePublished\":\"2023-11-14T10:25:52+00:00\",\"inLanguage\":\"ca\",\"potentialAction\":[{\"@type\":\"ReadAction\",\"target\":[\"https:\\\/\\\/www.focus.cat\\\/en\\\/y-lo-que-el-viento-se-llevo-arrives-at-the-teatro-pavon-de-madrid\\\/\"]}]},{\"@type\":\"ImageObject\",\"inLanguage\":\"ca\",\"@id\":\"https:\\\/\\\/www.focus.cat\\\/en\\\/y-lo-que-el-viento-se-llevo-arrives-at-the-teatro-pavon-de-madrid\\\/#primaryimage\",\"url\":\"https:\\\/\\\/www.focus.cat\\\/wp-content\\\/uploads\\\/2023\\\/11\\\/Critica-IGFB-14-scaled.jpg\",\"contentUrl\":\"https:\\\/\\\/www.focus.cat\\\/wp-content\\\/uploads\\\/2023\\\/11\\\/Critica-IGFB-14-scaled.jpg\",\"width\":2560,\"height\":2560},{\"@type\":\"WebSite\",\"@id\":\"https:\\\/\\\/www.focus.cat\\\/#website\",\"url\":\"https:\\\/\\\/www.focus.cat\\\/\",\"name\":\"Focus\",\"description\":\"\",\"publisher\":{\"@id\":\"https:\\\/\\\/www.focus.cat\\\/#organization\"},\"potentialAction\":[{\"@type\":\"SearchAction\",\"target\":{\"@type\":\"EntryPoint\",\"urlTemplate\":\"https:\\\/\\\/www.focus.cat\\\/?s={search_term_string}\"},\"query-input\":{\"@type\":\"PropertyValueSpecification\",\"valueRequired\":true,\"valueName\":\"search_term_string\"}}],\"inLanguage\":\"ca\"},{\"@type\":\"Organization\",\"@id\":\"https:\\\/\\\/www.focus.cat\\\/#organization\",\"name\":\"Focus\",\"url\":\"https:\\\/\\\/www.focus.cat\\\/\",\"logo\":{\"@type\":\"ImageObject\",\"inLanguage\":\"ca\",\"@id\":\"https:\\\/\\\/www.focus.cat\\\/#\\\/schema\\\/logo\\\/image\\\/\",\"url\":\"https:\\\/\\\/www.focus.cat\\\/wp-content\\\/uploads\\\/2022\\\/01\\\/logo-focus-any-35.svg\",\"contentUrl\":\"https:\\\/\\\/www.focus.cat\\\/wp-content\\\/uploads\\\/2022\\\/01\\\/logo-focus-any-35.svg\",\"width\":1,\"height\":1,\"caption\":\"Focus\"},\"image\":{\"@id\":\"https:\\\/\\\/www.focus.cat\\\/#\\\/schema\\\/logo\\\/image\\\/\"}},{\"@type\":\"Person\",\"@id\":\"https:\\\/\\\/www.focus.cat\\\/#\\\/schema\\\/person\\\/45cbcf79c7b3047ca01818c50e607a32\",\"name\":\"Brenda Becker\",\"image\":{\"@type\":\"ImageObject\",\"inLanguage\":\"ca\",\"@id\":\"https:\\\/\\\/secure.gravatar.com\\\/avatar\\\/bf45b1ffca36f0e2b6cbeb689cead579b5275b1489889a25ac0e66115dfb28c7?s=96&d=mm&r=g\",\"url\":\"https:\\\/\\\/secure.gravatar.com\\\/avatar\\\/bf45b1ffca36f0e2b6cbeb689cead579b5275b1489889a25ac0e66115dfb28c7?s=96&d=mm&r=g\",\"contentUrl\":\"https:\\\/\\\/secure.gravatar.com\\\/avatar\\\/bf45b1ffca36f0e2b6cbeb689cead579b5275b1489889a25ac0e66115dfb28c7?s=96&d=mm&r=g\",\"caption\":\"Brenda Becker\"},\"url\":\"https:\\\/\\\/www.focus.cat\\\/author\\\/brenda-becker\\\/\"}]}<\/script>\n<!-- \/ Yoast SEO plugin. -->","yoast_head_json":{"title":"Y...Lo que el viento se llev\u00f3 arrives at the Teatro Pav\u00f3n de Madrid - Focus","robots":{"index":"index","follow":"follow","max-snippet":"max-snippet:-1","max-image-preview":"max-image-preview:large","max-video-preview":"max-video-preview:-1"},"canonical":"https:\/\/www.focus.cat\/y-lo-que-el-viento-se-llevo-arrives-at-the-teatro-pavon-de-madrid\/","og_locale":"ca_ES","og_type":"article","og_title":"Y...Lo que el viento se llev\u00f3 arrives at the Teatro Pav\u00f3n de Madrid - Focus","og_description":"After passing through Barcelona, where it fell in love with critics and audiences, and a long tour throughout Spain, he arrives at the Pav\u00f3n Theater in Madrid Y&#8230;lo que el viento se llev\u00f3, a play by Ron Hutchinson adapted by Daniel Angl\u00e8s and directed by Jos\u00e9 Troncoso. Starring Gonz\u00e1lo de Castro, Pedro Mari S\u00e1nchez, Jos\u00e9 ... Llegeix m\u00e9s","og_url":"https:\/\/www.focus.cat\/en\/y-lo-que-el-viento-se-llevo-arrives-at-the-teatro-pavon-de-madrid\/","og_site_name":"Focus","article_published_time":"2023-11-14T10:25:52+00:00","og_image":[{"width":2560,"height":2560,"url":"https:\/\/www.focus.cat\/wp-content\/uploads\/2023\/11\/Critica-IGFB-14-scaled.jpg","type":"image\/jpeg"}],"author":"Brenda Becker","twitter_card":"summary_large_image","schema":{"@context":"https:\/\/schema.org","@graph":[{"@type":"Article","@id":"https:\/\/www.focus.cat\/en\/y-lo-que-el-viento-se-llevo-arrives-at-the-teatro-pavon-de-madrid\/#article","isPartOf":{"@id":"https:\/\/www.focus.cat\/en\/y-lo-que-el-viento-se-llevo-arrives-at-the-teatro-pavon-de-madrid\/"},"author":{"name":"Brenda Becker","@id":"https:\/\/www.focus.cat\/#\/schema\/person\/45cbcf79c7b3047ca01818c50e607a32"},"headline":"Y&#8230;Lo que el viento se llev\u00f3 arrives at the Teatro Pav\u00f3n de Madrid","datePublished":"2023-11-14T10:25:52+00:00","mainEntityOfPage":{"@id":"https:\/\/www.focus.cat\/en\/y-lo-que-el-viento-se-llevo-arrives-at-the-teatro-pavon-de-madrid\/"},"wordCount":196,"publisher":{"@id":"https:\/\/www.focus.cat\/#organization"},"image":{"@id":"https:\/\/www.focus.cat\/en\/y-lo-que-el-viento-se-llevo-arrives-at-the-teatro-pavon-de-madrid\/#primaryimage"},"thumbnailUrl":"https:\/\/www.focus.cat\/wp-content\/uploads\/2023\/11\/Critica-IGFB-14-scaled.jpg","articleSection":["News"],"inLanguage":"ca"},{"@type":"WebPage","@id":"https:\/\/www.focus.cat\/en\/y-lo-que-el-viento-se-llevo-arrives-at-the-teatro-pavon-de-madrid\/","url":"https:\/\/www.focus.cat\/en\/y-lo-que-el-viento-se-llevo-arrives-at-the-teatro-pavon-de-madrid\/","name":"Y...Lo que el viento se llev\u00f3 arrives at the Teatro Pav\u00f3n de Madrid - Focus","isPartOf":{"@id":"https:\/\/www.focus.cat\/#website"},"primaryImageOfPage":{"@id":"https:\/\/www.focus.cat\/en\/y-lo-que-el-viento-se-llevo-arrives-at-the-teatro-pavon-de-madrid\/#primaryimage"},"image":{"@id":"https:\/\/www.focus.cat\/en\/y-lo-que-el-viento-se-llevo-arrives-at-the-teatro-pavon-de-madrid\/#primaryimage"},"thumbnailUrl":"https:\/\/www.focus.cat\/wp-content\/uploads\/2023\/11\/Critica-IGFB-14-scaled.jpg","datePublished":"2023-11-14T10:25:52+00:00","inLanguage":"ca","potentialAction":[{"@type":"ReadAction","target":["https:\/\/www.focus.cat\/en\/y-lo-que-el-viento-se-llevo-arrives-at-the-teatro-pavon-de-madrid\/"]}]},{"@type":"ImageObject","inLanguage":"ca","@id":"https:\/\/www.focus.cat\/en\/y-lo-que-el-viento-se-llevo-arrives-at-the-teatro-pavon-de-madrid\/#primaryimage","url":"https:\/\/www.focus.cat\/wp-content\/uploads\/2023\/11\/Critica-IGFB-14-scaled.jpg","contentUrl":"https:\/\/www.focus.cat\/wp-content\/uploads\/2023\/11\/Critica-IGFB-14-scaled.jpg","width":2560,"height":2560},{"@type":"WebSite","@id":"https:\/\/www.focus.cat\/#website","url":"https:\/\/www.focus.cat\/","name":"Focus","description":"","publisher":{"@id":"https:\/\/www.focus.cat\/#organization"},"potentialAction":[{"@type":"SearchAction","target":{"@type":"EntryPoint","urlTemplate":"https:\/\/www.focus.cat\/?s={search_term_string}"},"query-input":{"@type":"PropertyValueSpecification","valueRequired":true,"valueName":"search_term_string"}}],"inLanguage":"ca"},{"@type":"Organization","@id":"https:\/\/www.focus.cat\/#organization","name":"Focus","url":"https:\/\/www.focus.cat\/","logo":{"@type":"ImageObject","inLanguage":"ca","@id":"https:\/\/www.focus.cat\/#\/schema\/logo\/image\/","url":"https:\/\/www.focus.cat\/wp-content\/uploads\/2022\/01\/logo-focus-any-35.svg","contentUrl":"https:\/\/www.focus.cat\/wp-content\/uploads\/2022\/01\/logo-focus-any-35.svg","width":1,"height":1,"caption":"Focus"},"image":{"@id":"https:\/\/www.focus.cat\/#\/schema\/logo\/image\/"}},{"@type":"Person","@id":"https:\/\/www.focus.cat\/#\/schema\/person\/45cbcf79c7b3047ca01818c50e607a32","name":"Brenda Becker","image":{"@type":"ImageObject","inLanguage":"ca","@id":"https:\/\/secure.gravatar.com\/avatar\/bf45b1ffca36f0e2b6cbeb689cead579b5275b1489889a25ac0e66115dfb28c7?s=96&d=mm&r=g","url":"https:\/\/secure.gravatar.com\/avatar\/bf45b1ffca36f0e2b6cbeb689cead579b5275b1489889a25ac0e66115dfb28c7?s=96&d=mm&r=g","contentUrl":"https:\/\/secure.gravatar.com\/avatar\/bf45b1ffca36f0e2b6cbeb689cead579b5275b1489889a25ac0e66115dfb28c7?s=96&d=mm&r=g","caption":"Brenda Becker"},"url":"https:\/\/www.focus.cat\/author\/brenda-becker\/"}]}},"_links":{"self":[{"href":"https:\/\/www.focus.cat\/wp-json\/wp\/v2\/posts\/14388","targetHints":{"allow":["GET"]}}],"collection":[{"href":"https:\/\/www.focus.cat\/wp-json\/wp\/v2\/posts"}],"about":[{"href":"https:\/\/www.focus.cat\/wp-json\/wp\/v2\/types\/post"}],"author":[{"embeddable":true,"href":"https:\/\/www.focus.cat\/wp-json\/wp\/v2\/users\/16"}],"replies":[{"embeddable":true,"href":"https:\/\/www.focus.cat\/wp-json\/wp\/v2\/comments?post=14388"}],"version-history":[{"count":0,"href":"https:\/\/www.focus.cat\/wp-json\/wp\/v2\/posts\/14388\/revisions"}],"wp:featuredmedia":[{"embeddable":true,"href":"https:\/\/www.focus.cat\/wp-json\/wp\/v2\/media\/14380"}],"wp:attachment":[{"href":"https:\/\/www.focus.cat\/wp-json\/wp\/v2\/media?parent=14388"}],"wp:term":[{"taxonomy":"category","embeddable":true,"href":"https:\/\/www.focus.cat\/wp-json\/wp\/v2\/categories?post=14388"}],"curies":[{"name":"wp","href":"https:\/\/api.w.org\/{rel}","templated":true}]}}