{"id":14551,"date":"2023-11-24T08:46:45","date_gmt":"2023-11-24T08:46:45","guid":{"rendered":"https:\/\/www.focus.cat\/?p=14551"},"modified":"2023-11-24T08:46:45","modified_gmt":"2023-11-24T08:46:45","slug":"festival-and-reunion-night-for-the-centenary-of-the-catalan-basketball-federation-fcbq","status":"publish","type":"post","link":"https:\/\/www.focus.cat\/en\/festival-and-reunion-night-for-the-centenary-of-the-catalan-basketball-federation-fcbq\/","title":{"rendered":"Festival and reunion night for the Centenary Of The Catalan Basketball Federation (FCBQ)"},"content":{"rendered":"<p><img decoding=\"async\" class=\"size-large wp-image-14549 aligncenter\" src=\"https:\/\/www.focus.cat\/wp-content\/uploads\/2023\/11\/fem-futur-a-100-amb-el-bsquet_53329459353_o-1-1124x749.jpg\" alt=\"\" width=\"1024\" height=\"682\" srcset=\"https:\/\/www.focus.cat\/wp-content\/uploads\/2023\/11\/fem-futur-a-100-amb-el-bsquet_53329459353_o-1-1124x749.jpg 1124w, https:\/\/www.focus.cat\/wp-content\/uploads\/2023\/11\/fem-futur-a-100-amb-el-bsquet_53329459353_o-1-300x200.jpg 300w, https:\/\/www.focus.cat\/wp-content\/uploads\/2023\/11\/fem-futur-a-100-amb-el-bsquet_53329459353_o-1-150x100.jpg 150w, https:\/\/www.focus.cat\/wp-content\/uploads\/2023\/11\/fem-futur-a-100-amb-el-bsquet_53329459353_o-1-800x533.jpg 800w, https:\/\/www.focus.cat\/wp-content\/uploads\/2023\/11\/fem-futur-a-100-amb-el-bsquet_53329459353_o-1-1536x1024.jpg 1536w, https:\/\/www.focus.cat\/wp-content\/uploads\/2023\/11\/fem-futur-a-100-amb-el-bsquet_53329459353_o-1-2048x1366.jpg 2048w, https:\/\/www.focus.cat\/wp-content\/uploads\/2023\/11\/fem-futur-a-100-amb-el-bsquet_53329459353_o-1-1500x1000.jpg 1500w\" sizes=\"(max-width: 1024px) 100vw, 1024px\" \/><\/p>\n<p>The Catalan Basketball Federation (FCBQ) celebrated last November 10 in the Palacio de Congresos de Catalunya and in the framework of the commemoration of the Centenary of Catalan Basketball, the act \u00a1Fem futur! \u00a1A 100 con el Baloncesto!&#8217; presented by the singer Edu Esteve and attended by about 800 people.<\/p>\n<p>Focus carried out the artistic direction, by Daniel Angl\u00e8s, the art direction by Mons Arranz, script by Jaume Vi\u00f1as, and the production and full coordination by the Events department, offering a global, immersive show with a powerful musical component and audiovisual treatment.<\/p>\n<p>This spectacular night of celebration, music, lights and colour, was a unique moment of reunion for the entire Catalan Basketball family that also featured a massive dinner for the representatives of the 260 affiliated Catalan clubs and entities that participated in the event.<\/p>\n<p>This has the assistance of the counselor of the Presidency, Laura Vilagr\u00e0; the Councilor for Sports of the Barcelona City Council and Deputy for Sports of the Diputaci\u00f3n de Barcelona, \u200b\u200bDavid Escud\u00e9; the general secretary of Sport and Physical Activity, Anna Caula; the Director of the Cabinet of the Presidency of the Superior Sports Council, Juan Mar\u00eda Fern\u00e1ndez; the president of the Spanish Basketball Federation (FEB), Elisa Aguilar; the president of the ACB, Antonio Mart\u00edn; and the president of the FCBQ, Ferran Aril.<\/p>\n<p><img decoding=\"async\" class=\"size-large wp-image-14540 aligncenter\" src=\"https:\/\/www.focus.cat\/wp-content\/uploads\/2023\/11\/fem-futur-a-100-amb-el-bsquet_53329522129_o-1124x749.jpg\" alt=\"\" width=\"1024\" height=\"682\" srcset=\"https:\/\/www.focus.cat\/wp-content\/uploads\/2023\/11\/fem-futur-a-100-amb-el-bsquet_53329522129_o-1124x749.jpg 1124w, https:\/\/www.focus.cat\/wp-content\/uploads\/2023\/11\/fem-futur-a-100-amb-el-bsquet_53329522129_o-300x200.jpg 300w, https:\/\/www.focus.cat\/wp-content\/uploads\/2023\/11\/fem-futur-a-100-amb-el-bsquet_53329522129_o-150x100.jpg 150w, https:\/\/www.focus.cat\/wp-content\/uploads\/2023\/11\/fem-futur-a-100-amb-el-bsquet_53329522129_o-800x533.jpg 800w, https:\/\/www.focus.cat\/wp-content\/uploads\/2023\/11\/fem-futur-a-100-amb-el-bsquet_53329522129_o-1536x1024.jpg 1536w, https:\/\/www.focus.cat\/wp-content\/uploads\/2023\/11\/fem-futur-a-100-amb-el-bsquet_53329522129_o-2048x1365.jpg 2048w, https:\/\/www.focus.cat\/wp-content\/uploads\/2023\/11\/fem-futur-a-100-amb-el-bsquet_53329522129_o-1500x1000.jpg 1500w\" sizes=\"(max-width: 1024px) 100vw, 1024px\" \/><\/p>\n","protected":false},"excerpt":{"rendered":"<p>The Catalan Basketball Federation (FCBQ) celebrated last November 10 in the Palacio de Congresos de Catalunya and in the framework of the commemoration of the Centenary of Catalan Basketball, the act \u00a1Fem futur! \u00a1A 100 con el Baloncesto!&#8217; presented by the singer Edu Esteve and attended by about 800 people. Focus carried out the artistic<a class=\"excerpt-read-more\" href=\"https:\/\/www.focus.cat\/en\/festival-and-reunion-night-for-the-centenary-of-the-catalan-basketball-federation-fcbq\/\" title=\"LlegeixFestival and reunion night for the Centenary Of The Catalan Basketball Federation (FCBQ)\"> &#8230; Llegeix m\u00e9s<\/a><\/p>\n","protected":false},"author":16,"featured_media":14534,"comment_status":"closed","ping_status":"closed","sticky":false,"template":"","format":"standard","meta":{"_acf_changed":false,"inline_featured_image":false,"footnotes":""},"categories":[3],"class_list":["post-14551","post","type-post","status-publish","format-standard","has-post-thumbnail","hentry","category-news"],"acf":[],"yoast_head":"<!-- This site is optimized with the Yoast SEO plugin v27.5 - https:\/\/yoast.com\/product\/yoast-seo-wordpress\/ -->\n<title>Festival and reunion night for the Centenary Of The Catalan Basketball Federation (FCBQ) - Focus<\/title>\n<meta name=\"robots\" content=\"index, follow, max-snippet:-1, max-image-preview:large, max-video-preview:-1\" \/>\n<link rel=\"canonical\" href=\"https:\/\/www.focus.cat\/festival-and-reunion-night-for-the-centenary-of-the-catalan-basketball-federation-fcbq\/\" \/>\n<meta property=\"og:locale\" content=\"ca_ES\" \/>\n<meta property=\"og:type\" content=\"article\" \/>\n<meta property=\"og:title\" content=\"Festival and reunion night for the Centenary Of The Catalan Basketball Federation (FCBQ) - Focus\" \/>\n<meta property=\"og:description\" content=\"The Catalan Basketball Federation (FCBQ) celebrated last November 10 in the Palacio de Congresos de Catalunya and in the framework of the commemoration of the Centenary of Catalan Basketball, the act \u00a1Fem futur! \u00a1A 100 con el Baloncesto!&#8217; presented by the singer Edu Esteve and attended by about 800 people. Focus carried out the artistic ... Llegeix m\u00e9s\" \/>\n<meta property=\"og:url\" content=\"https:\/\/www.focus.cat\/en\/festival-and-reunion-night-for-the-centenary-of-the-catalan-basketball-federation-fcbq\/\" \/>\n<meta property=\"og:site_name\" content=\"Focus\" \/>\n<meta property=\"article:published_time\" content=\"2023-11-24T08:46:45+00:00\" \/>\n<meta property=\"og:image\" content=\"https:\/\/www.focus.cat\/wp-content\/uploads\/2023\/11\/QUADRAT-29-scaled.jpg\" \/>\n\t<meta property=\"og:image:width\" content=\"2560\" \/>\n\t<meta property=\"og:image:height\" content=\"2560\" \/>\n\t<meta property=\"og:image:type\" content=\"image\/jpeg\" \/>\n<meta name=\"author\" content=\"Brenda Becker\" \/>\n<meta name=\"twitter:card\" content=\"summary_large_image\" \/>\n<script type=\"application\/ld+json\" class=\"yoast-schema-graph\">{\"@context\":\"https:\\\/\\\/schema.org\",\"@graph\":[{\"@type\":\"Article\",\"@id\":\"https:\\\/\\\/www.focus.cat\\\/en\\\/festival-and-reunion-night-for-the-centenary-of-the-catalan-basketball-federation-fcbq\\\/#article\",\"isPartOf\":{\"@id\":\"https:\\\/\\\/www.focus.cat\\\/en\\\/festival-and-reunion-night-for-the-centenary-of-the-catalan-basketball-federation-fcbq\\\/\"},\"author\":{\"name\":\"Brenda Becker\",\"@id\":\"https:\\\/\\\/www.focus.cat\\\/#\\\/schema\\\/person\\\/45cbcf79c7b3047ca01818c50e607a32\"},\"headline\":\"Festival and reunion night for the Centenary Of The Catalan Basketball Federation (FCBQ)\",\"datePublished\":\"2023-11-24T08:46:45+00:00\",\"mainEntityOfPage\":{\"@id\":\"https:\\\/\\\/www.focus.cat\\\/en\\\/festival-and-reunion-night-for-the-centenary-of-the-catalan-basketball-federation-fcbq\\\/\"},\"wordCount\":233,\"publisher\":{\"@id\":\"https:\\\/\\\/www.focus.cat\\\/#organization\"},\"image\":{\"@id\":\"https:\\\/\\\/www.focus.cat\\\/en\\\/festival-and-reunion-night-for-the-centenary-of-the-catalan-basketball-federation-fcbq\\\/#primaryimage\"},\"thumbnailUrl\":\"https:\\\/\\\/www.focus.cat\\\/wp-content\\\/uploads\\\/2023\\\/11\\\/QUADRAT-29-scaled.jpg\",\"articleSection\":[\"News\"],\"inLanguage\":\"ca\"},{\"@type\":\"WebPage\",\"@id\":\"https:\\\/\\\/www.focus.cat\\\/en\\\/festival-and-reunion-night-for-the-centenary-of-the-catalan-basketball-federation-fcbq\\\/\",\"url\":\"https:\\\/\\\/www.focus.cat\\\/en\\\/festival-and-reunion-night-for-the-centenary-of-the-catalan-basketball-federation-fcbq\\\/\",\"name\":\"Festival and reunion night for the Centenary Of The Catalan Basketball Federation (FCBQ) - Focus\",\"isPartOf\":{\"@id\":\"https:\\\/\\\/www.focus.cat\\\/#website\"},\"primaryImageOfPage\":{\"@id\":\"https:\\\/\\\/www.focus.cat\\\/en\\\/festival-and-reunion-night-for-the-centenary-of-the-catalan-basketball-federation-fcbq\\\/#primaryimage\"},\"image\":{\"@id\":\"https:\\\/\\\/www.focus.cat\\\/en\\\/festival-and-reunion-night-for-the-centenary-of-the-catalan-basketball-federation-fcbq\\\/#primaryimage\"},\"thumbnailUrl\":\"https:\\\/\\\/www.focus.cat\\\/wp-content\\\/uploads\\\/2023\\\/11\\\/QUADRAT-29-scaled.jpg\",\"datePublished\":\"2023-11-24T08:46:45+00:00\",\"inLanguage\":\"ca\",\"potentialAction\":[{\"@type\":\"ReadAction\",\"target\":[\"https:\\\/\\\/www.focus.cat\\\/en\\\/festival-and-reunion-night-for-the-centenary-of-the-catalan-basketball-federation-fcbq\\\/\"]}]},{\"@type\":\"ImageObject\",\"inLanguage\":\"ca\",\"@id\":\"https:\\\/\\\/www.focus.cat\\\/en\\\/festival-and-reunion-night-for-the-centenary-of-the-catalan-basketball-federation-fcbq\\\/#primaryimage\",\"url\":\"https:\\\/\\\/www.focus.cat\\\/wp-content\\\/uploads\\\/2023\\\/11\\\/QUADRAT-29-scaled.jpg\",\"contentUrl\":\"https:\\\/\\\/www.focus.cat\\\/wp-content\\\/uploads\\\/2023\\\/11\\\/QUADRAT-29-scaled.jpg\",\"width\":2560,\"height\":2560},{\"@type\":\"WebSite\",\"@id\":\"https:\\\/\\\/www.focus.cat\\\/#website\",\"url\":\"https:\\\/\\\/www.focus.cat\\\/\",\"name\":\"Focus\",\"description\":\"\",\"publisher\":{\"@id\":\"https:\\\/\\\/www.focus.cat\\\/#organization\"},\"potentialAction\":[{\"@type\":\"SearchAction\",\"target\":{\"@type\":\"EntryPoint\",\"urlTemplate\":\"https:\\\/\\\/www.focus.cat\\\/?s={search_term_string}\"},\"query-input\":{\"@type\":\"PropertyValueSpecification\",\"valueRequired\":true,\"valueName\":\"search_term_string\"}}],\"inLanguage\":\"ca\"},{\"@type\":\"Organization\",\"@id\":\"https:\\\/\\\/www.focus.cat\\\/#organization\",\"name\":\"Focus\",\"url\":\"https:\\\/\\\/www.focus.cat\\\/\",\"logo\":{\"@type\":\"ImageObject\",\"inLanguage\":\"ca\",\"@id\":\"https:\\\/\\\/www.focus.cat\\\/#\\\/schema\\\/logo\\\/image\\\/\",\"url\":\"https:\\\/\\\/www.focus.cat\\\/wp-content\\\/uploads\\\/2022\\\/01\\\/logo-focus-any-35.svg\",\"contentUrl\":\"https:\\\/\\\/www.focus.cat\\\/wp-content\\\/uploads\\\/2022\\\/01\\\/logo-focus-any-35.svg\",\"width\":1,\"height\":1,\"caption\":\"Focus\"},\"image\":{\"@id\":\"https:\\\/\\\/www.focus.cat\\\/#\\\/schema\\\/logo\\\/image\\\/\"}},{\"@type\":\"Person\",\"@id\":\"https:\\\/\\\/www.focus.cat\\\/#\\\/schema\\\/person\\\/45cbcf79c7b3047ca01818c50e607a32\",\"name\":\"Brenda Becker\",\"image\":{\"@type\":\"ImageObject\",\"inLanguage\":\"ca\",\"@id\":\"https:\\\/\\\/secure.gravatar.com\\\/avatar\\\/bf45b1ffca36f0e2b6cbeb689cead579b5275b1489889a25ac0e66115dfb28c7?s=96&d=mm&r=g\",\"url\":\"https:\\\/\\\/secure.gravatar.com\\\/avatar\\\/bf45b1ffca36f0e2b6cbeb689cead579b5275b1489889a25ac0e66115dfb28c7?s=96&d=mm&r=g\",\"contentUrl\":\"https:\\\/\\\/secure.gravatar.com\\\/avatar\\\/bf45b1ffca36f0e2b6cbeb689cead579b5275b1489889a25ac0e66115dfb28c7?s=96&d=mm&r=g\",\"caption\":\"Brenda Becker\"},\"url\":\"https:\\\/\\\/www.focus.cat\\\/author\\\/brenda-becker\\\/\"}]}<\/script>\n<!-- \/ Yoast SEO plugin. -->","yoast_head_json":{"title":"Festival and reunion night for the Centenary Of The Catalan Basketball Federation (FCBQ) - Focus","robots":{"index":"index","follow":"follow","max-snippet":"max-snippet:-1","max-image-preview":"max-image-preview:large","max-video-preview":"max-video-preview:-1"},"canonical":"https:\/\/www.focus.cat\/festival-and-reunion-night-for-the-centenary-of-the-catalan-basketball-federation-fcbq\/","og_locale":"ca_ES","og_type":"article","og_title":"Festival and reunion night for the Centenary Of The Catalan Basketball Federation (FCBQ) - Focus","og_description":"The Catalan Basketball Federation (FCBQ) celebrated last November 10 in the Palacio de Congresos de Catalunya and in the framework of the commemoration of the Centenary of Catalan Basketball, the act \u00a1Fem futur! \u00a1A 100 con el Baloncesto!&#8217; presented by the singer Edu Esteve and attended by about 800 people. Focus carried out the artistic ... Llegeix m\u00e9s","og_url":"https:\/\/www.focus.cat\/en\/festival-and-reunion-night-for-the-centenary-of-the-catalan-basketball-federation-fcbq\/","og_site_name":"Focus","article_published_time":"2023-11-24T08:46:45+00:00","og_image":[{"width":2560,"height":2560,"url":"https:\/\/www.focus.cat\/wp-content\/uploads\/2023\/11\/QUADRAT-29-scaled.jpg","type":"image\/jpeg"}],"author":"Brenda Becker","twitter_card":"summary_large_image","schema":{"@context":"https:\/\/schema.org","@graph":[{"@type":"Article","@id":"https:\/\/www.focus.cat\/en\/festival-and-reunion-night-for-the-centenary-of-the-catalan-basketball-federation-fcbq\/#article","isPartOf":{"@id":"https:\/\/www.focus.cat\/en\/festival-and-reunion-night-for-the-centenary-of-the-catalan-basketball-federation-fcbq\/"},"author":{"name":"Brenda Becker","@id":"https:\/\/www.focus.cat\/#\/schema\/person\/45cbcf79c7b3047ca01818c50e607a32"},"headline":"Festival and reunion night for the Centenary Of The Catalan Basketball Federation (FCBQ)","datePublished":"2023-11-24T08:46:45+00:00","mainEntityOfPage":{"@id":"https:\/\/www.focus.cat\/en\/festival-and-reunion-night-for-the-centenary-of-the-catalan-basketball-federation-fcbq\/"},"wordCount":233,"publisher":{"@id":"https:\/\/www.focus.cat\/#organization"},"image":{"@id":"https:\/\/www.focus.cat\/en\/festival-and-reunion-night-for-the-centenary-of-the-catalan-basketball-federation-fcbq\/#primaryimage"},"thumbnailUrl":"https:\/\/www.focus.cat\/wp-content\/uploads\/2023\/11\/QUADRAT-29-scaled.jpg","articleSection":["News"],"inLanguage":"ca"},{"@type":"WebPage","@id":"https:\/\/www.focus.cat\/en\/festival-and-reunion-night-for-the-centenary-of-the-catalan-basketball-federation-fcbq\/","url":"https:\/\/www.focus.cat\/en\/festival-and-reunion-night-for-the-centenary-of-the-catalan-basketball-federation-fcbq\/","name":"Festival and reunion night for the Centenary Of The Catalan Basketball Federation (FCBQ) - Focus","isPartOf":{"@id":"https:\/\/www.focus.cat\/#website"},"primaryImageOfPage":{"@id":"https:\/\/www.focus.cat\/en\/festival-and-reunion-night-for-the-centenary-of-the-catalan-basketball-federation-fcbq\/#primaryimage"},"image":{"@id":"https:\/\/www.focus.cat\/en\/festival-and-reunion-night-for-the-centenary-of-the-catalan-basketball-federation-fcbq\/#primaryimage"},"thumbnailUrl":"https:\/\/www.focus.cat\/wp-content\/uploads\/2023\/11\/QUADRAT-29-scaled.jpg","datePublished":"2023-11-24T08:46:45+00:00","inLanguage":"ca","potentialAction":[{"@type":"ReadAction","target":["https:\/\/www.focus.cat\/en\/festival-and-reunion-night-for-the-centenary-of-the-catalan-basketball-federation-fcbq\/"]}]},{"@type":"ImageObject","inLanguage":"ca","@id":"https:\/\/www.focus.cat\/en\/festival-and-reunion-night-for-the-centenary-of-the-catalan-basketball-federation-fcbq\/#primaryimage","url":"https:\/\/www.focus.cat\/wp-content\/uploads\/2023\/11\/QUADRAT-29-scaled.jpg","contentUrl":"https:\/\/www.focus.cat\/wp-content\/uploads\/2023\/11\/QUADRAT-29-scaled.jpg","width":2560,"height":2560},{"@type":"WebSite","@id":"https:\/\/www.focus.cat\/#website","url":"https:\/\/www.focus.cat\/","name":"Focus","description":"","publisher":{"@id":"https:\/\/www.focus.cat\/#organization"},"potentialAction":[{"@type":"SearchAction","target":{"@type":"EntryPoint","urlTemplate":"https:\/\/www.focus.cat\/?s={search_term_string}"},"query-input":{"@type":"PropertyValueSpecification","valueRequired":true,"valueName":"search_term_string"}}],"inLanguage":"ca"},{"@type":"Organization","@id":"https:\/\/www.focus.cat\/#organization","name":"Focus","url":"https:\/\/www.focus.cat\/","logo":{"@type":"ImageObject","inLanguage":"ca","@id":"https:\/\/www.focus.cat\/#\/schema\/logo\/image\/","url":"https:\/\/www.focus.cat\/wp-content\/uploads\/2022\/01\/logo-focus-any-35.svg","contentUrl":"https:\/\/www.focus.cat\/wp-content\/uploads\/2022\/01\/logo-focus-any-35.svg","width":1,"height":1,"caption":"Focus"},"image":{"@id":"https:\/\/www.focus.cat\/#\/schema\/logo\/image\/"}},{"@type":"Person","@id":"https:\/\/www.focus.cat\/#\/schema\/person\/45cbcf79c7b3047ca01818c50e607a32","name":"Brenda Becker","image":{"@type":"ImageObject","inLanguage":"ca","@id":"https:\/\/secure.gravatar.com\/avatar\/bf45b1ffca36f0e2b6cbeb689cead579b5275b1489889a25ac0e66115dfb28c7?s=96&d=mm&r=g","url":"https:\/\/secure.gravatar.com\/avatar\/bf45b1ffca36f0e2b6cbeb689cead579b5275b1489889a25ac0e66115dfb28c7?s=96&d=mm&r=g","contentUrl":"https:\/\/secure.gravatar.com\/avatar\/bf45b1ffca36f0e2b6cbeb689cead579b5275b1489889a25ac0e66115dfb28c7?s=96&d=mm&r=g","caption":"Brenda Becker"},"url":"https:\/\/www.focus.cat\/author\/brenda-becker\/"}]}},"_links":{"self":[{"href":"https:\/\/www.focus.cat\/wp-json\/wp\/v2\/posts\/14551","targetHints":{"allow":["GET"]}}],"collection":[{"href":"https:\/\/www.focus.cat\/wp-json\/wp\/v2\/posts"}],"about":[{"href":"https:\/\/www.focus.cat\/wp-json\/wp\/v2\/types\/post"}],"author":[{"embeddable":true,"href":"https:\/\/www.focus.cat\/wp-json\/wp\/v2\/users\/16"}],"replies":[{"embeddable":true,"href":"https:\/\/www.focus.cat\/wp-json\/wp\/v2\/comments?post=14551"}],"version-history":[{"count":0,"href":"https:\/\/www.focus.cat\/wp-json\/wp\/v2\/posts\/14551\/revisions"}],"wp:featuredmedia":[{"embeddable":true,"href":"https:\/\/www.focus.cat\/wp-json\/wp\/v2\/media\/14534"}],"wp:attachment":[{"href":"https:\/\/www.focus.cat\/wp-json\/wp\/v2\/media?parent=14551"}],"wp:term":[{"taxonomy":"category","embeddable":true,"href":"https:\/\/www.focus.cat\/wp-json\/wp\/v2\/categories?post=14551"}],"curies":[{"name":"wp","href":"https:\/\/api.w.org\/{rel}","templated":true}]}}