{"id":15172,"date":"2024-01-08T12:00:03","date_gmt":"2024-01-08T12:00:03","guid":{"rendered":"https:\/\/www.focus.cat\/?p=15172"},"modified":"2024-01-30T11:07:51","modified_gmt":"2024-01-30T11:07:51","slug":"the-sagrada-familia-has-illuminated-the-nativity-facade","status":"publish","type":"post","link":"https:\/\/www.focus.cat\/en\/the-sagrada-familia-has-illuminated-the-nativity-facade\/","title":{"rendered":"THE SAGRADA FAMILIA HAS ILLUMINATED THE NATIVITY FA\u00c7ADE"},"content":{"rendered":"<p>Celebrating the 800th anniversary of the first nativity scene, the Sagrada Familia has illuminated the Nativity fa\u00e7ade, providing the opportunity to bring to life the scenes of the nativity sculpted in Stone that Gaud\u00ed wanted to capture. The narration takes a chronological journey through the fa\u00e7ade, where the sculptural groups of the Nativity, the Adoration of the Shepherds, and the Adoration of the Three Wise Men are illuminated, accompanied by music, and recorded commentary.<\/p>\n<p>&nbsp;<\/p>\n<p>FOCUS has designed and produced this programming that could be seen on the 20th, 21st and 22nd of December.<\/p>\n<p><iframe loading=\"lazy\" title=\"IL\u00b7LUMINACIO\u0301 DE LA FAC\u0327ANA DEL NAIXEMENT NADAL 2023\" width=\"1200\" height=\"675\" src=\"https:\/\/www.youtube.com\/embed\/GpmUaWa-8Wk?start=1&#038;feature=oembed\" frameborder=\"0\" allow=\"accelerometer; autoplay; clipboard-write; encrypted-media; gyroscope; picture-in-picture; web-share\" allowfullscreen><\/iframe><\/p>\n","protected":false},"excerpt":{"rendered":"<p>Celebrating the 800th anniversary of the first nativity scene, the Sagrada Familia has illuminated the Nativity fa\u00e7ade, providing the opportunity to bring to life the scenes of the nativity sculpted in Stone that Gaud\u00ed wanted to capture. The narration takes a chronological journey through the fa\u00e7ade, where the sculptural groups of the Nativity, the Adoration<a class=\"excerpt-read-more\" href=\"https:\/\/www.focus.cat\/en\/the-sagrada-familia-has-illuminated-the-nativity-facade\/\" title=\"LlegeixTHE SAGRADA FAMILIA HAS ILLUMINATED THE NATIVITY FA\u00c7ADE\"> &#8230; Llegeix m\u00e9s<\/a><\/p>\n","protected":false},"author":16,"featured_media":15164,"comment_status":"closed","ping_status":"closed","sticky":false,"template":"","format":"standard","meta":{"_acf_changed":false,"inline_featured_image":false,"footnotes":""},"categories":[3],"class_list":["post-15172","post","type-post","status-publish","format-standard","has-post-thumbnail","hentry","category-news"],"acf":[],"yoast_head":"<!-- This site is optimized with the Yoast SEO plugin v27.5 - https:\/\/yoast.com\/product\/yoast-seo-wordpress\/ -->\n<title>THE SAGRADA FAMILIA HAS ILLUMINATED THE NATIVITY FA\u00c7ADE - Focus<\/title>\n<meta name=\"robots\" content=\"index, follow, max-snippet:-1, max-image-preview:large, max-video-preview:-1\" \/>\n<link rel=\"canonical\" href=\"https:\/\/www.focus.cat\/the-sagrada-familia-has-illuminated-the-nativity-facade\/\" \/>\n<meta property=\"og:locale\" content=\"ca_ES\" \/>\n<meta property=\"og:type\" content=\"article\" \/>\n<meta property=\"og:title\" content=\"THE SAGRADA FAMILIA HAS ILLUMINATED THE NATIVITY FA\u00c7ADE - Focus\" \/>\n<meta property=\"og:description\" content=\"Celebrating the 800th anniversary of the first nativity scene, the Sagrada Familia has illuminated the Nativity fa\u00e7ade, providing the opportunity to bring to life the scenes of the nativity sculpted in Stone that Gaud\u00ed wanted to capture. The narration takes a chronological journey through the fa\u00e7ade, where the sculptural groups of the Nativity, the Adoration ... Llegeix m\u00e9s\" \/>\n<meta property=\"og:url\" content=\"https:\/\/www.focus.cat\/en\/the-sagrada-familia-has-illuminated-the-nativity-facade\/\" \/>\n<meta property=\"og:site_name\" content=\"Focus\" \/>\n<meta property=\"article:published_time\" content=\"2024-01-08T12:00:03+00:00\" \/>\n<meta property=\"article:modified_time\" content=\"2024-01-30T11:07:51+00:00\" \/>\n<meta property=\"og:image\" content=\"https:\/\/www.focus.cat\/wp-content\/uploads\/2024\/01\/QUADRAT-WEB-FOCUS-6-scaled.jpg\" \/>\n\t<meta property=\"og:image:width\" content=\"2560\" \/>\n\t<meta property=\"og:image:height\" content=\"2560\" \/>\n\t<meta property=\"og:image:type\" content=\"image\/jpeg\" \/>\n<meta name=\"author\" content=\"Brenda Becker\" \/>\n<meta name=\"twitter:card\" content=\"summary_large_image\" \/>\n<script type=\"application\/ld+json\" class=\"yoast-schema-graph\">{\"@context\":\"https:\\\/\\\/schema.org\",\"@graph\":[{\"@type\":\"Article\",\"@id\":\"https:\\\/\\\/www.focus.cat\\\/en\\\/the-sagrada-familia-has-illuminated-the-nativity-facade\\\/#article\",\"isPartOf\":{\"@id\":\"https:\\\/\\\/www.focus.cat\\\/en\\\/the-sagrada-familia-has-illuminated-the-nativity-facade\\\/\"},\"author\":{\"name\":\"Brenda Becker\",\"@id\":\"https:\\\/\\\/www.focus.cat\\\/#\\\/schema\\\/person\\\/45cbcf79c7b3047ca01818c50e607a32\"},\"headline\":\"THE SAGRADA FAMILIA HAS ILLUMINATED THE NATIVITY FA\u00c7ADE\",\"datePublished\":\"2024-01-08T12:00:03+00:00\",\"dateModified\":\"2024-01-30T11:07:51+00:00\",\"mainEntityOfPage\":{\"@id\":\"https:\\\/\\\/www.focus.cat\\\/en\\\/the-sagrada-familia-has-illuminated-the-nativity-facade\\\/\"},\"wordCount\":116,\"publisher\":{\"@id\":\"https:\\\/\\\/www.focus.cat\\\/#organization\"},\"image\":{\"@id\":\"https:\\\/\\\/www.focus.cat\\\/en\\\/the-sagrada-familia-has-illuminated-the-nativity-facade\\\/#primaryimage\"},\"thumbnailUrl\":\"https:\\\/\\\/www.focus.cat\\\/wp-content\\\/uploads\\\/2024\\\/01\\\/QUADRAT-WEB-FOCUS-6-scaled.jpg\",\"articleSection\":[\"News\"],\"inLanguage\":\"ca\"},{\"@type\":\"WebPage\",\"@id\":\"https:\\\/\\\/www.focus.cat\\\/en\\\/the-sagrada-familia-has-illuminated-the-nativity-facade\\\/\",\"url\":\"https:\\\/\\\/www.focus.cat\\\/en\\\/the-sagrada-familia-has-illuminated-the-nativity-facade\\\/\",\"name\":\"THE SAGRADA FAMILIA HAS ILLUMINATED THE NATIVITY FA\u00c7ADE - Focus\",\"isPartOf\":{\"@id\":\"https:\\\/\\\/www.focus.cat\\\/#website\"},\"primaryImageOfPage\":{\"@id\":\"https:\\\/\\\/www.focus.cat\\\/en\\\/the-sagrada-familia-has-illuminated-the-nativity-facade\\\/#primaryimage\"},\"image\":{\"@id\":\"https:\\\/\\\/www.focus.cat\\\/en\\\/the-sagrada-familia-has-illuminated-the-nativity-facade\\\/#primaryimage\"},\"thumbnailUrl\":\"https:\\\/\\\/www.focus.cat\\\/wp-content\\\/uploads\\\/2024\\\/01\\\/QUADRAT-WEB-FOCUS-6-scaled.jpg\",\"datePublished\":\"2024-01-08T12:00:03+00:00\",\"dateModified\":\"2024-01-30T11:07:51+00:00\",\"inLanguage\":\"ca\",\"potentialAction\":[{\"@type\":\"ReadAction\",\"target\":[\"https:\\\/\\\/www.focus.cat\\\/en\\\/the-sagrada-familia-has-illuminated-the-nativity-facade\\\/\"]}]},{\"@type\":\"ImageObject\",\"inLanguage\":\"ca\",\"@id\":\"https:\\\/\\\/www.focus.cat\\\/en\\\/the-sagrada-familia-has-illuminated-the-nativity-facade\\\/#primaryimage\",\"url\":\"https:\\\/\\\/www.focus.cat\\\/wp-content\\\/uploads\\\/2024\\\/01\\\/QUADRAT-WEB-FOCUS-6-scaled.jpg\",\"contentUrl\":\"https:\\\/\\\/www.focus.cat\\\/wp-content\\\/uploads\\\/2024\\\/01\\\/QUADRAT-WEB-FOCUS-6-scaled.jpg\",\"width\":2560,\"height\":2560},{\"@type\":\"WebSite\",\"@id\":\"https:\\\/\\\/www.focus.cat\\\/#website\",\"url\":\"https:\\\/\\\/www.focus.cat\\\/\",\"name\":\"Focus\",\"description\":\"\",\"publisher\":{\"@id\":\"https:\\\/\\\/www.focus.cat\\\/#organization\"},\"potentialAction\":[{\"@type\":\"SearchAction\",\"target\":{\"@type\":\"EntryPoint\",\"urlTemplate\":\"https:\\\/\\\/www.focus.cat\\\/?s={search_term_string}\"},\"query-input\":{\"@type\":\"PropertyValueSpecification\",\"valueRequired\":true,\"valueName\":\"search_term_string\"}}],\"inLanguage\":\"ca\"},{\"@type\":\"Organization\",\"@id\":\"https:\\\/\\\/www.focus.cat\\\/#organization\",\"name\":\"Focus\",\"url\":\"https:\\\/\\\/www.focus.cat\\\/\",\"logo\":{\"@type\":\"ImageObject\",\"inLanguage\":\"ca\",\"@id\":\"https:\\\/\\\/www.focus.cat\\\/#\\\/schema\\\/logo\\\/image\\\/\",\"url\":\"https:\\\/\\\/www.focus.cat\\\/wp-content\\\/uploads\\\/2022\\\/01\\\/logo-focus-any-35.svg\",\"contentUrl\":\"https:\\\/\\\/www.focus.cat\\\/wp-content\\\/uploads\\\/2022\\\/01\\\/logo-focus-any-35.svg\",\"width\":1,\"height\":1,\"caption\":\"Focus\"},\"image\":{\"@id\":\"https:\\\/\\\/www.focus.cat\\\/#\\\/schema\\\/logo\\\/image\\\/\"}},{\"@type\":\"Person\",\"@id\":\"https:\\\/\\\/www.focus.cat\\\/#\\\/schema\\\/person\\\/45cbcf79c7b3047ca01818c50e607a32\",\"name\":\"Brenda Becker\",\"image\":{\"@type\":\"ImageObject\",\"inLanguage\":\"ca\",\"@id\":\"https:\\\/\\\/secure.gravatar.com\\\/avatar\\\/bf45b1ffca36f0e2b6cbeb689cead579b5275b1489889a25ac0e66115dfb28c7?s=96&d=mm&r=g\",\"url\":\"https:\\\/\\\/secure.gravatar.com\\\/avatar\\\/bf45b1ffca36f0e2b6cbeb689cead579b5275b1489889a25ac0e66115dfb28c7?s=96&d=mm&r=g\",\"contentUrl\":\"https:\\\/\\\/secure.gravatar.com\\\/avatar\\\/bf45b1ffca36f0e2b6cbeb689cead579b5275b1489889a25ac0e66115dfb28c7?s=96&d=mm&r=g\",\"caption\":\"Brenda Becker\"},\"url\":\"https:\\\/\\\/www.focus.cat\\\/author\\\/brenda-becker\\\/\"}]}<\/script>\n<!-- \/ Yoast SEO plugin. -->","yoast_head_json":{"title":"THE SAGRADA FAMILIA HAS ILLUMINATED THE NATIVITY FA\u00c7ADE - Focus","robots":{"index":"index","follow":"follow","max-snippet":"max-snippet:-1","max-image-preview":"max-image-preview:large","max-video-preview":"max-video-preview:-1"},"canonical":"https:\/\/www.focus.cat\/the-sagrada-familia-has-illuminated-the-nativity-facade\/","og_locale":"ca_ES","og_type":"article","og_title":"THE SAGRADA FAMILIA HAS ILLUMINATED THE NATIVITY FA\u00c7ADE - Focus","og_description":"Celebrating the 800th anniversary of the first nativity scene, the Sagrada Familia has illuminated the Nativity fa\u00e7ade, providing the opportunity to bring to life the scenes of the nativity sculpted in Stone that Gaud\u00ed wanted to capture. The narration takes a chronological journey through the fa\u00e7ade, where the sculptural groups of the Nativity, the Adoration ... Llegeix m\u00e9s","og_url":"https:\/\/www.focus.cat\/en\/the-sagrada-familia-has-illuminated-the-nativity-facade\/","og_site_name":"Focus","article_published_time":"2024-01-08T12:00:03+00:00","article_modified_time":"2024-01-30T11:07:51+00:00","og_image":[{"width":2560,"height":2560,"url":"https:\/\/www.focus.cat\/wp-content\/uploads\/2024\/01\/QUADRAT-WEB-FOCUS-6-scaled.jpg","type":"image\/jpeg"}],"author":"Brenda Becker","twitter_card":"summary_large_image","schema":{"@context":"https:\/\/schema.org","@graph":[{"@type":"Article","@id":"https:\/\/www.focus.cat\/en\/the-sagrada-familia-has-illuminated-the-nativity-facade\/#article","isPartOf":{"@id":"https:\/\/www.focus.cat\/en\/the-sagrada-familia-has-illuminated-the-nativity-facade\/"},"author":{"name":"Brenda Becker","@id":"https:\/\/www.focus.cat\/#\/schema\/person\/45cbcf79c7b3047ca01818c50e607a32"},"headline":"THE SAGRADA FAMILIA HAS ILLUMINATED THE NATIVITY FA\u00c7ADE","datePublished":"2024-01-08T12:00:03+00:00","dateModified":"2024-01-30T11:07:51+00:00","mainEntityOfPage":{"@id":"https:\/\/www.focus.cat\/en\/the-sagrada-familia-has-illuminated-the-nativity-facade\/"},"wordCount":116,"publisher":{"@id":"https:\/\/www.focus.cat\/#organization"},"image":{"@id":"https:\/\/www.focus.cat\/en\/the-sagrada-familia-has-illuminated-the-nativity-facade\/#primaryimage"},"thumbnailUrl":"https:\/\/www.focus.cat\/wp-content\/uploads\/2024\/01\/QUADRAT-WEB-FOCUS-6-scaled.jpg","articleSection":["News"],"inLanguage":"ca"},{"@type":"WebPage","@id":"https:\/\/www.focus.cat\/en\/the-sagrada-familia-has-illuminated-the-nativity-facade\/","url":"https:\/\/www.focus.cat\/en\/the-sagrada-familia-has-illuminated-the-nativity-facade\/","name":"THE SAGRADA FAMILIA HAS ILLUMINATED THE NATIVITY FA\u00c7ADE - Focus","isPartOf":{"@id":"https:\/\/www.focus.cat\/#website"},"primaryImageOfPage":{"@id":"https:\/\/www.focus.cat\/en\/the-sagrada-familia-has-illuminated-the-nativity-facade\/#primaryimage"},"image":{"@id":"https:\/\/www.focus.cat\/en\/the-sagrada-familia-has-illuminated-the-nativity-facade\/#primaryimage"},"thumbnailUrl":"https:\/\/www.focus.cat\/wp-content\/uploads\/2024\/01\/QUADRAT-WEB-FOCUS-6-scaled.jpg","datePublished":"2024-01-08T12:00:03+00:00","dateModified":"2024-01-30T11:07:51+00:00","inLanguage":"ca","potentialAction":[{"@type":"ReadAction","target":["https:\/\/www.focus.cat\/en\/the-sagrada-familia-has-illuminated-the-nativity-facade\/"]}]},{"@type":"ImageObject","inLanguage":"ca","@id":"https:\/\/www.focus.cat\/en\/the-sagrada-familia-has-illuminated-the-nativity-facade\/#primaryimage","url":"https:\/\/www.focus.cat\/wp-content\/uploads\/2024\/01\/QUADRAT-WEB-FOCUS-6-scaled.jpg","contentUrl":"https:\/\/www.focus.cat\/wp-content\/uploads\/2024\/01\/QUADRAT-WEB-FOCUS-6-scaled.jpg","width":2560,"height":2560},{"@type":"WebSite","@id":"https:\/\/www.focus.cat\/#website","url":"https:\/\/www.focus.cat\/","name":"Focus","description":"","publisher":{"@id":"https:\/\/www.focus.cat\/#organization"},"potentialAction":[{"@type":"SearchAction","target":{"@type":"EntryPoint","urlTemplate":"https:\/\/www.focus.cat\/?s={search_term_string}"},"query-input":{"@type":"PropertyValueSpecification","valueRequired":true,"valueName":"search_term_string"}}],"inLanguage":"ca"},{"@type":"Organization","@id":"https:\/\/www.focus.cat\/#organization","name":"Focus","url":"https:\/\/www.focus.cat\/","logo":{"@type":"ImageObject","inLanguage":"ca","@id":"https:\/\/www.focus.cat\/#\/schema\/logo\/image\/","url":"https:\/\/www.focus.cat\/wp-content\/uploads\/2022\/01\/logo-focus-any-35.svg","contentUrl":"https:\/\/www.focus.cat\/wp-content\/uploads\/2022\/01\/logo-focus-any-35.svg","width":1,"height":1,"caption":"Focus"},"image":{"@id":"https:\/\/www.focus.cat\/#\/schema\/logo\/image\/"}},{"@type":"Person","@id":"https:\/\/www.focus.cat\/#\/schema\/person\/45cbcf79c7b3047ca01818c50e607a32","name":"Brenda Becker","image":{"@type":"ImageObject","inLanguage":"ca","@id":"https:\/\/secure.gravatar.com\/avatar\/bf45b1ffca36f0e2b6cbeb689cead579b5275b1489889a25ac0e66115dfb28c7?s=96&d=mm&r=g","url":"https:\/\/secure.gravatar.com\/avatar\/bf45b1ffca36f0e2b6cbeb689cead579b5275b1489889a25ac0e66115dfb28c7?s=96&d=mm&r=g","contentUrl":"https:\/\/secure.gravatar.com\/avatar\/bf45b1ffca36f0e2b6cbeb689cead579b5275b1489889a25ac0e66115dfb28c7?s=96&d=mm&r=g","caption":"Brenda Becker"},"url":"https:\/\/www.focus.cat\/author\/brenda-becker\/"}]}},"_links":{"self":[{"href":"https:\/\/www.focus.cat\/wp-json\/wp\/v2\/posts\/15172","targetHints":{"allow":["GET"]}}],"collection":[{"href":"https:\/\/www.focus.cat\/wp-json\/wp\/v2\/posts"}],"about":[{"href":"https:\/\/www.focus.cat\/wp-json\/wp\/v2\/types\/post"}],"author":[{"embeddable":true,"href":"https:\/\/www.focus.cat\/wp-json\/wp\/v2\/users\/16"}],"replies":[{"embeddable":true,"href":"https:\/\/www.focus.cat\/wp-json\/wp\/v2\/comments?post=15172"}],"version-history":[{"count":0,"href":"https:\/\/www.focus.cat\/wp-json\/wp\/v2\/posts\/15172\/revisions"}],"wp:featuredmedia":[{"embeddable":true,"href":"https:\/\/www.focus.cat\/wp-json\/wp\/v2\/media\/15164"}],"wp:attachment":[{"href":"https:\/\/www.focus.cat\/wp-json\/wp\/v2\/media?parent=15172"}],"wp:term":[{"taxonomy":"category","embeddable":true,"href":"https:\/\/www.focus.cat\/wp-json\/wp\/v2\/categories?post=15172"}],"curies":[{"name":"wp","href":"https:\/\/api.w.org\/{rel}","templated":true}]}}