{"id":15739,"date":"2024-01-24T10:45:56","date_gmt":"2024-01-24T10:45:56","guid":{"rendered":"https:\/\/www.focus.cat\/?p=15739"},"modified":"2024-01-24T10:47:15","modified_gmt":"2024-01-24T10:47:15","slug":"the-santa-eulalia-novel-award-of-barcelona-comes-to-the-second-edition","status":"publish","type":"post","link":"https:\/\/www.focus.cat\/en\/the-santa-eulalia-novel-award-of-barcelona-comes-to-the-second-edition\/","title":{"rendered":"THE SANTA EUL\u00c0LIA NOVEL AWARD OF BARCELONA COMES TO THE SECOND EDITION"},"content":{"rendered":"<p>On Monday, February 12, the Teatre Goya will host the awarding ceremony of the second edition of the Premi Santa Eul\u00e0lia de Novel\u00b7la de Barcelona. Promoted jointly by \u00c0fora Focus Edicions and the publishing house Comanegra, the Santa Eul\u00e0lia prize, endowed with 25,000 euros, has become one of the leading literary prizes in the Catalan language. An award for unpublished work in Catalan, which promotes creation linked to the city of Barcelona by encouraging local narrative talent.<\/p>\n<p>After a first edition that was awarded to Llu\u00eds-Anton Baulenas for his novel Ser\u00e9 el teu mirall, the winning novel of this second edition will be announced on Santa Eul\u00e0lia&#8217;s Day.<\/p>\n<p>&nbsp;<\/p>\n<p><img decoding=\"async\" class=\"size-large wp-image-15731 aligncenter\" src=\"https:\/\/www.focus.cat\/wp-content\/uploads\/2024\/01\/01_Premi-Santa-Eulalia_\u00a9Studio-Ruano_130223_2672-1124x748.jpg\" alt=\"\" width=\"1024\" height=\"681\" srcset=\"https:\/\/www.focus.cat\/wp-content\/uploads\/2024\/01\/01_Premi-Santa-Eulalia_\u00a9Studio-Ruano_130223_2672-1124x748.jpg 1124w, https:\/\/www.focus.cat\/wp-content\/uploads\/2024\/01\/01_Premi-Santa-Eulalia_\u00a9Studio-Ruano_130223_2672-300x200.jpg 300w, https:\/\/www.focus.cat\/wp-content\/uploads\/2024\/01\/01_Premi-Santa-Eulalia_\u00a9Studio-Ruano_130223_2672-150x100.jpg 150w, https:\/\/www.focus.cat\/wp-content\/uploads\/2024\/01\/01_Premi-Santa-Eulalia_\u00a9Studio-Ruano_130223_2672-800x532.jpg 800w, https:\/\/www.focus.cat\/wp-content\/uploads\/2024\/01\/01_Premi-Santa-Eulalia_\u00a9Studio-Ruano_130223_2672-1536x1022.jpg 1536w, https:\/\/www.focus.cat\/wp-content\/uploads\/2024\/01\/01_Premi-Santa-Eulalia_\u00a9Studio-Ruano_130223_2672-2048x1363.jpg 2048w, https:\/\/www.focus.cat\/wp-content\/uploads\/2024\/01\/01_Premi-Santa-Eulalia_\u00a9Studio-Ruano_130223_2672-1500x998.jpg 1500w\" sizes=\"(max-width: 1024px) 100vw, 1024px\" \/><\/p>\n","protected":false},"excerpt":{"rendered":"<p>On Monday, February 12, the Teatre Goya will host the awarding ceremony of the second edition of the Premi Santa Eul\u00e0lia de Novel\u00b7la de Barcelona. Promoted jointly by \u00c0fora Focus Edicions and the publishing house Comanegra, the Santa Eul\u00e0lia prize, endowed with 25,000 euros, has become one of the leading literary prizes in the Catalan<a class=\"excerpt-read-more\" href=\"https:\/\/www.focus.cat\/en\/the-santa-eulalia-novel-award-of-barcelona-comes-to-the-second-edition\/\" title=\"LlegeixTHE SANTA EUL\u00c0LIA NOVEL AWARD OF BARCELONA COMES TO THE SECOND EDITION\"> &#8230; Llegeix m\u00e9s<\/a><\/p>\n","protected":false},"author":16,"featured_media":15734,"comment_status":"closed","ping_status":"closed","sticky":false,"template":"","format":"standard","meta":{"_acf_changed":false,"inline_featured_image":false,"footnotes":""},"categories":[3],"class_list":["post-15739","post","type-post","status-publish","format-standard","has-post-thumbnail","hentry","category-news"],"acf":[],"yoast_head":"<!-- This site is optimized with the Yoast SEO plugin v27.5 - https:\/\/yoast.com\/product\/yoast-seo-wordpress\/ -->\n<title>THE SANTA EUL\u00c0LIA NOVEL AWARD OF BARCELONA COMES TO THE SECOND EDITION - Focus<\/title>\n<meta name=\"robots\" content=\"index, follow, max-snippet:-1, max-image-preview:large, max-video-preview:-1\" \/>\n<link rel=\"canonical\" href=\"https:\/\/www.focus.cat\/the-santa-eulalia-novel-award-of-barcelona-comes-to-the-second-edition\/\" \/>\n<meta property=\"og:locale\" content=\"ca_ES\" \/>\n<meta property=\"og:type\" content=\"article\" \/>\n<meta property=\"og:title\" content=\"THE SANTA EUL\u00c0LIA NOVEL AWARD OF BARCELONA COMES TO THE SECOND EDITION - Focus\" \/>\n<meta property=\"og:description\" content=\"On Monday, February 12, the Teatre Goya will host the awarding ceremony of the second edition of the Premi Santa Eul\u00e0lia de Novel\u00b7la de Barcelona. Promoted jointly by \u00c0fora Focus Edicions and the publishing house Comanegra, the Santa Eul\u00e0lia prize, endowed with 25,000 euros, has become one of the leading literary prizes in the Catalan ... Llegeix m\u00e9s\" \/>\n<meta property=\"og:url\" content=\"https:\/\/www.focus.cat\/en\/the-santa-eulalia-novel-award-of-barcelona-comes-to-the-second-edition\/\" \/>\n<meta property=\"og:site_name\" content=\"Focus\" \/>\n<meta property=\"article:published_time\" content=\"2024-01-24T10:45:56+00:00\" \/>\n<meta property=\"article:modified_time\" content=\"2024-01-24T10:47:15+00:00\" \/>\n<meta property=\"og:image\" content=\"https:\/\/www.focus.cat\/wp-content\/uploads\/2024\/01\/QUADRAT-WEB-FOCUS-8-scaled.jpg\" \/>\n\t<meta property=\"og:image:width\" content=\"2560\" \/>\n\t<meta property=\"og:image:height\" content=\"2560\" \/>\n\t<meta property=\"og:image:type\" content=\"image\/jpeg\" \/>\n<meta name=\"author\" content=\"Brenda Becker\" \/>\n<meta name=\"twitter:card\" content=\"summary_large_image\" \/>\n<script type=\"application\/ld+json\" class=\"yoast-schema-graph\">{\"@context\":\"https:\\\/\\\/schema.org\",\"@graph\":[{\"@type\":\"Article\",\"@id\":\"https:\\\/\\\/www.focus.cat\\\/en\\\/the-santa-eulalia-novel-award-of-barcelona-comes-to-the-second-edition\\\/#article\",\"isPartOf\":{\"@id\":\"https:\\\/\\\/www.focus.cat\\\/en\\\/the-santa-eulalia-novel-award-of-barcelona-comes-to-the-second-edition\\\/\"},\"author\":{\"name\":\"Brenda Becker\",\"@id\":\"https:\\\/\\\/www.focus.cat\\\/#\\\/schema\\\/person\\\/45cbcf79c7b3047ca01818c50e607a32\"},\"headline\":\"THE SANTA EUL\u00c0LIA NOVEL AWARD OF BARCELONA COMES TO THE SECOND EDITION\",\"datePublished\":\"2024-01-24T10:45:56+00:00\",\"dateModified\":\"2024-01-24T10:47:15+00:00\",\"mainEntityOfPage\":{\"@id\":\"https:\\\/\\\/www.focus.cat\\\/en\\\/the-santa-eulalia-novel-award-of-barcelona-comes-to-the-second-edition\\\/\"},\"wordCount\":126,\"publisher\":{\"@id\":\"https:\\\/\\\/www.focus.cat\\\/#organization\"},\"image\":{\"@id\":\"https:\\\/\\\/www.focus.cat\\\/en\\\/the-santa-eulalia-novel-award-of-barcelona-comes-to-the-second-edition\\\/#primaryimage\"},\"thumbnailUrl\":\"https:\\\/\\\/www.focus.cat\\\/wp-content\\\/uploads\\\/2024\\\/01\\\/QUADRAT-WEB-FOCUS-8-scaled.jpg\",\"articleSection\":[\"News\"],\"inLanguage\":\"ca\"},{\"@type\":\"WebPage\",\"@id\":\"https:\\\/\\\/www.focus.cat\\\/en\\\/the-santa-eulalia-novel-award-of-barcelona-comes-to-the-second-edition\\\/\",\"url\":\"https:\\\/\\\/www.focus.cat\\\/en\\\/the-santa-eulalia-novel-award-of-barcelona-comes-to-the-second-edition\\\/\",\"name\":\"THE SANTA EUL\u00c0LIA NOVEL AWARD OF BARCELONA COMES TO THE SECOND EDITION - Focus\",\"isPartOf\":{\"@id\":\"https:\\\/\\\/www.focus.cat\\\/#website\"},\"primaryImageOfPage\":{\"@id\":\"https:\\\/\\\/www.focus.cat\\\/en\\\/the-santa-eulalia-novel-award-of-barcelona-comes-to-the-second-edition\\\/#primaryimage\"},\"image\":{\"@id\":\"https:\\\/\\\/www.focus.cat\\\/en\\\/the-santa-eulalia-novel-award-of-barcelona-comes-to-the-second-edition\\\/#primaryimage\"},\"thumbnailUrl\":\"https:\\\/\\\/www.focus.cat\\\/wp-content\\\/uploads\\\/2024\\\/01\\\/QUADRAT-WEB-FOCUS-8-scaled.jpg\",\"datePublished\":\"2024-01-24T10:45:56+00:00\",\"dateModified\":\"2024-01-24T10:47:15+00:00\",\"inLanguage\":\"ca\",\"potentialAction\":[{\"@type\":\"ReadAction\",\"target\":[\"https:\\\/\\\/www.focus.cat\\\/en\\\/the-santa-eulalia-novel-award-of-barcelona-comes-to-the-second-edition\\\/\"]}]},{\"@type\":\"ImageObject\",\"inLanguage\":\"ca\",\"@id\":\"https:\\\/\\\/www.focus.cat\\\/en\\\/the-santa-eulalia-novel-award-of-barcelona-comes-to-the-second-edition\\\/#primaryimage\",\"url\":\"https:\\\/\\\/www.focus.cat\\\/wp-content\\\/uploads\\\/2024\\\/01\\\/QUADRAT-WEB-FOCUS-8-scaled.jpg\",\"contentUrl\":\"https:\\\/\\\/www.focus.cat\\\/wp-content\\\/uploads\\\/2024\\\/01\\\/QUADRAT-WEB-FOCUS-8-scaled.jpg\",\"width\":2560,\"height\":2560},{\"@type\":\"WebSite\",\"@id\":\"https:\\\/\\\/www.focus.cat\\\/#website\",\"url\":\"https:\\\/\\\/www.focus.cat\\\/\",\"name\":\"Focus\",\"description\":\"\",\"publisher\":{\"@id\":\"https:\\\/\\\/www.focus.cat\\\/#organization\"},\"potentialAction\":[{\"@type\":\"SearchAction\",\"target\":{\"@type\":\"EntryPoint\",\"urlTemplate\":\"https:\\\/\\\/www.focus.cat\\\/?s={search_term_string}\"},\"query-input\":{\"@type\":\"PropertyValueSpecification\",\"valueRequired\":true,\"valueName\":\"search_term_string\"}}],\"inLanguage\":\"ca\"},{\"@type\":\"Organization\",\"@id\":\"https:\\\/\\\/www.focus.cat\\\/#organization\",\"name\":\"Focus\",\"url\":\"https:\\\/\\\/www.focus.cat\\\/\",\"logo\":{\"@type\":\"ImageObject\",\"inLanguage\":\"ca\",\"@id\":\"https:\\\/\\\/www.focus.cat\\\/#\\\/schema\\\/logo\\\/image\\\/\",\"url\":\"https:\\\/\\\/www.focus.cat\\\/wp-content\\\/uploads\\\/2022\\\/01\\\/logo-focus-any-35.svg\",\"contentUrl\":\"https:\\\/\\\/www.focus.cat\\\/wp-content\\\/uploads\\\/2022\\\/01\\\/logo-focus-any-35.svg\",\"width\":1,\"height\":1,\"caption\":\"Focus\"},\"image\":{\"@id\":\"https:\\\/\\\/www.focus.cat\\\/#\\\/schema\\\/logo\\\/image\\\/\"}},{\"@type\":\"Person\",\"@id\":\"https:\\\/\\\/www.focus.cat\\\/#\\\/schema\\\/person\\\/45cbcf79c7b3047ca01818c50e607a32\",\"name\":\"Brenda Becker\",\"image\":{\"@type\":\"ImageObject\",\"inLanguage\":\"ca\",\"@id\":\"https:\\\/\\\/secure.gravatar.com\\\/avatar\\\/bf45b1ffca36f0e2b6cbeb689cead579b5275b1489889a25ac0e66115dfb28c7?s=96&d=mm&r=g\",\"url\":\"https:\\\/\\\/secure.gravatar.com\\\/avatar\\\/bf45b1ffca36f0e2b6cbeb689cead579b5275b1489889a25ac0e66115dfb28c7?s=96&d=mm&r=g\",\"contentUrl\":\"https:\\\/\\\/secure.gravatar.com\\\/avatar\\\/bf45b1ffca36f0e2b6cbeb689cead579b5275b1489889a25ac0e66115dfb28c7?s=96&d=mm&r=g\",\"caption\":\"Brenda Becker\"},\"url\":\"https:\\\/\\\/www.focus.cat\\\/author\\\/brenda-becker\\\/\"}]}<\/script>\n<!-- \/ Yoast SEO plugin. -->","yoast_head_json":{"title":"THE SANTA EUL\u00c0LIA NOVEL AWARD OF BARCELONA COMES TO THE SECOND EDITION - Focus","robots":{"index":"index","follow":"follow","max-snippet":"max-snippet:-1","max-image-preview":"max-image-preview:large","max-video-preview":"max-video-preview:-1"},"canonical":"https:\/\/www.focus.cat\/the-santa-eulalia-novel-award-of-barcelona-comes-to-the-second-edition\/","og_locale":"ca_ES","og_type":"article","og_title":"THE SANTA EUL\u00c0LIA NOVEL AWARD OF BARCELONA COMES TO THE SECOND EDITION - Focus","og_description":"On Monday, February 12, the Teatre Goya will host the awarding ceremony of the second edition of the Premi Santa Eul\u00e0lia de Novel\u00b7la de Barcelona. Promoted jointly by \u00c0fora Focus Edicions and the publishing house Comanegra, the Santa Eul\u00e0lia prize, endowed with 25,000 euros, has become one of the leading literary prizes in the Catalan ... Llegeix m\u00e9s","og_url":"https:\/\/www.focus.cat\/en\/the-santa-eulalia-novel-award-of-barcelona-comes-to-the-second-edition\/","og_site_name":"Focus","article_published_time":"2024-01-24T10:45:56+00:00","article_modified_time":"2024-01-24T10:47:15+00:00","og_image":[{"width":2560,"height":2560,"url":"https:\/\/www.focus.cat\/wp-content\/uploads\/2024\/01\/QUADRAT-WEB-FOCUS-8-scaled.jpg","type":"image\/jpeg"}],"author":"Brenda Becker","twitter_card":"summary_large_image","schema":{"@context":"https:\/\/schema.org","@graph":[{"@type":"Article","@id":"https:\/\/www.focus.cat\/en\/the-santa-eulalia-novel-award-of-barcelona-comes-to-the-second-edition\/#article","isPartOf":{"@id":"https:\/\/www.focus.cat\/en\/the-santa-eulalia-novel-award-of-barcelona-comes-to-the-second-edition\/"},"author":{"name":"Brenda Becker","@id":"https:\/\/www.focus.cat\/#\/schema\/person\/45cbcf79c7b3047ca01818c50e607a32"},"headline":"THE SANTA EUL\u00c0LIA NOVEL AWARD OF BARCELONA COMES TO THE SECOND EDITION","datePublished":"2024-01-24T10:45:56+00:00","dateModified":"2024-01-24T10:47:15+00:00","mainEntityOfPage":{"@id":"https:\/\/www.focus.cat\/en\/the-santa-eulalia-novel-award-of-barcelona-comes-to-the-second-edition\/"},"wordCount":126,"publisher":{"@id":"https:\/\/www.focus.cat\/#organization"},"image":{"@id":"https:\/\/www.focus.cat\/en\/the-santa-eulalia-novel-award-of-barcelona-comes-to-the-second-edition\/#primaryimage"},"thumbnailUrl":"https:\/\/www.focus.cat\/wp-content\/uploads\/2024\/01\/QUADRAT-WEB-FOCUS-8-scaled.jpg","articleSection":["News"],"inLanguage":"ca"},{"@type":"WebPage","@id":"https:\/\/www.focus.cat\/en\/the-santa-eulalia-novel-award-of-barcelona-comes-to-the-second-edition\/","url":"https:\/\/www.focus.cat\/en\/the-santa-eulalia-novel-award-of-barcelona-comes-to-the-second-edition\/","name":"THE SANTA EUL\u00c0LIA NOVEL AWARD OF BARCELONA COMES TO THE SECOND EDITION - Focus","isPartOf":{"@id":"https:\/\/www.focus.cat\/#website"},"primaryImageOfPage":{"@id":"https:\/\/www.focus.cat\/en\/the-santa-eulalia-novel-award-of-barcelona-comes-to-the-second-edition\/#primaryimage"},"image":{"@id":"https:\/\/www.focus.cat\/en\/the-santa-eulalia-novel-award-of-barcelona-comes-to-the-second-edition\/#primaryimage"},"thumbnailUrl":"https:\/\/www.focus.cat\/wp-content\/uploads\/2024\/01\/QUADRAT-WEB-FOCUS-8-scaled.jpg","datePublished":"2024-01-24T10:45:56+00:00","dateModified":"2024-01-24T10:47:15+00:00","inLanguage":"ca","potentialAction":[{"@type":"ReadAction","target":["https:\/\/www.focus.cat\/en\/the-santa-eulalia-novel-award-of-barcelona-comes-to-the-second-edition\/"]}]},{"@type":"ImageObject","inLanguage":"ca","@id":"https:\/\/www.focus.cat\/en\/the-santa-eulalia-novel-award-of-barcelona-comes-to-the-second-edition\/#primaryimage","url":"https:\/\/www.focus.cat\/wp-content\/uploads\/2024\/01\/QUADRAT-WEB-FOCUS-8-scaled.jpg","contentUrl":"https:\/\/www.focus.cat\/wp-content\/uploads\/2024\/01\/QUADRAT-WEB-FOCUS-8-scaled.jpg","width":2560,"height":2560},{"@type":"WebSite","@id":"https:\/\/www.focus.cat\/#website","url":"https:\/\/www.focus.cat\/","name":"Focus","description":"","publisher":{"@id":"https:\/\/www.focus.cat\/#organization"},"potentialAction":[{"@type":"SearchAction","target":{"@type":"EntryPoint","urlTemplate":"https:\/\/www.focus.cat\/?s={search_term_string}"},"query-input":{"@type":"PropertyValueSpecification","valueRequired":true,"valueName":"search_term_string"}}],"inLanguage":"ca"},{"@type":"Organization","@id":"https:\/\/www.focus.cat\/#organization","name":"Focus","url":"https:\/\/www.focus.cat\/","logo":{"@type":"ImageObject","inLanguage":"ca","@id":"https:\/\/www.focus.cat\/#\/schema\/logo\/image\/","url":"https:\/\/www.focus.cat\/wp-content\/uploads\/2022\/01\/logo-focus-any-35.svg","contentUrl":"https:\/\/www.focus.cat\/wp-content\/uploads\/2022\/01\/logo-focus-any-35.svg","width":1,"height":1,"caption":"Focus"},"image":{"@id":"https:\/\/www.focus.cat\/#\/schema\/logo\/image\/"}},{"@type":"Person","@id":"https:\/\/www.focus.cat\/#\/schema\/person\/45cbcf79c7b3047ca01818c50e607a32","name":"Brenda Becker","image":{"@type":"ImageObject","inLanguage":"ca","@id":"https:\/\/secure.gravatar.com\/avatar\/bf45b1ffca36f0e2b6cbeb689cead579b5275b1489889a25ac0e66115dfb28c7?s=96&d=mm&r=g","url":"https:\/\/secure.gravatar.com\/avatar\/bf45b1ffca36f0e2b6cbeb689cead579b5275b1489889a25ac0e66115dfb28c7?s=96&d=mm&r=g","contentUrl":"https:\/\/secure.gravatar.com\/avatar\/bf45b1ffca36f0e2b6cbeb689cead579b5275b1489889a25ac0e66115dfb28c7?s=96&d=mm&r=g","caption":"Brenda Becker"},"url":"https:\/\/www.focus.cat\/author\/brenda-becker\/"}]}},"_links":{"self":[{"href":"https:\/\/www.focus.cat\/wp-json\/wp\/v2\/posts\/15739","targetHints":{"allow":["GET"]}}],"collection":[{"href":"https:\/\/www.focus.cat\/wp-json\/wp\/v2\/posts"}],"about":[{"href":"https:\/\/www.focus.cat\/wp-json\/wp\/v2\/types\/post"}],"author":[{"embeddable":true,"href":"https:\/\/www.focus.cat\/wp-json\/wp\/v2\/users\/16"}],"replies":[{"embeddable":true,"href":"https:\/\/www.focus.cat\/wp-json\/wp\/v2\/comments?post=15739"}],"version-history":[{"count":0,"href":"https:\/\/www.focus.cat\/wp-json\/wp\/v2\/posts\/15739\/revisions"}],"wp:featuredmedia":[{"embeddable":true,"href":"https:\/\/www.focus.cat\/wp-json\/wp\/v2\/media\/15734"}],"wp:attachment":[{"href":"https:\/\/www.focus.cat\/wp-json\/wp\/v2\/media?parent=15739"}],"wp:term":[{"taxonomy":"category","embeddable":true,"href":"https:\/\/www.focus.cat\/wp-json\/wp\/v2\/categories?post=15739"}],"curies":[{"name":"wp","href":"https:\/\/api.w.org\/{rel}","templated":true}]}}