{"id":17281,"date":"2024-04-16T14:12:24","date_gmt":"2024-04-16T14:12:24","guid":{"rendered":"https:\/\/www.focus.cat\/?p=17281"},"modified":"2024-04-16T14:12:44","modified_gmt":"2024-04-16T14:12:44","slug":"17281","status":"publish","type":"post","link":"https:\/\/www.focus.cat\/en\/17281\/","title":{"rendered":"5th Cenacle with Josep Maria Pou"},"content":{"rendered":"<p>\u00c0fora celebrates the fifth cenacle with Josep Maria Pou.<\/p>\n<p>On <strong>April 8, 2024<\/strong>, the fifth \u00c0fora Focus cenacle took place at Club Matador, one of the activities of the Platea 618 program that aims to connect and promote the relationship between professionals in the sector in Barcelona and Madrid. On this occasion, the main guest was the director and actor <strong>Josep Mar\u00eda Pou<\/strong> who, taking advantage of his stay at the Teatro Bellas Artes in Madrid with <strong><em>El Padre<\/em><\/strong>, shared a long conversation &#8211; moderated by Daniel Mart\u00ednez, president of Focus &#8211; with <strong>Mar\u00eda Ad\u00e1nez, Natalia \u00c1lvarez, Miguel Arco, Ernesto Caballero, Raquel Camacho, Juan Echanove, Mar\u00eda Folguera, Andr\u00e9s Lima, Luis Luque, Luisa Mart\u00edn, Juan Mayorga, Jos\u00e9 Sacrist\u00e1n, Pepe Zapata, Lorena Benito, Rafa Romero <\/strong>and th<strong>e management of Grup Focus.<\/strong><\/p>\n<p><img decoding=\"async\" class=\"size-large wp-image-17276 aligncenter\" src=\"https:\/\/www.focus.cat\/wp-content\/uploads\/2024\/04\/Imagen-de-WhatsApp-2024-04-09-a-las-00.59.30_bf261250-1-1124x506.jpg\" alt=\"\" width=\"1024\" height=\"461\" srcset=\"https:\/\/www.focus.cat\/wp-content\/uploads\/2024\/04\/Imagen-de-WhatsApp-2024-04-09-a-las-00.59.30_bf261250-1-1124x506.jpg 1124w, https:\/\/www.focus.cat\/wp-content\/uploads\/2024\/04\/Imagen-de-WhatsApp-2024-04-09-a-las-00.59.30_bf261250-1-300x135.jpg 300w, https:\/\/www.focus.cat\/wp-content\/uploads\/2024\/04\/Imagen-de-WhatsApp-2024-04-09-a-las-00.59.30_bf261250-1-150x68.jpg 150w, https:\/\/www.focus.cat\/wp-content\/uploads\/2024\/04\/Imagen-de-WhatsApp-2024-04-09-a-las-00.59.30_bf261250-1-800x360.jpg 800w, https:\/\/www.focus.cat\/wp-content\/uploads\/2024\/04\/Imagen-de-WhatsApp-2024-04-09-a-las-00.59.30_bf261250-1-1536x691.jpg 1536w, https:\/\/www.focus.cat\/wp-content\/uploads\/2024\/04\/Imagen-de-WhatsApp-2024-04-09-a-las-00.59.30_bf261250-1-1500x675.jpg 1500w, https:\/\/www.focus.cat\/wp-content\/uploads\/2024\/04\/Imagen-de-WhatsApp-2024-04-09-a-las-00.59.30_bf261250-1.jpg 1600w\" sizes=\"(max-width: 1024px) 100vw, 1024px\" \/><\/p>\n","protected":false},"excerpt":{"rendered":"<p>\u00c0fora celebrates the fifth cenacle with Josep Maria Pou. On April 8, 2024, the fifth \u00c0fora Focus cenacle took place at Club Matador, one of the activities of the Platea 618 program that aims to connect and promote the relationship between professionals in the sector in Barcelona and Madrid. On this occasion, the main guest<a class=\"excerpt-read-more\" href=\"https:\/\/www.focus.cat\/en\/17281\/\" title=\"Llegeix5th Cenacle with Josep Maria Pou\"> &#8230; Llegeix m\u00e9s<\/a><\/p>\n","protected":false},"author":16,"featured_media":17273,"comment_status":"closed","ping_status":"closed","sticky":false,"template":"","format":"standard","meta":{"_acf_changed":false,"inline_featured_image":false,"footnotes":""},"categories":[3],"class_list":["post-17281","post","type-post","status-publish","format-standard","has-post-thumbnail","hentry","category-news"],"acf":[],"yoast_head":"<!-- This site is optimized with the Yoast SEO plugin v27.5 - https:\/\/yoast.com\/product\/yoast-seo-wordpress\/ -->\n<title>5th Cenacle with Josep Maria Pou - Focus<\/title>\n<meta name=\"robots\" content=\"index, follow, max-snippet:-1, max-image-preview:large, max-video-preview:-1\" \/>\n<link rel=\"canonical\" href=\"https:\/\/www.focus.cat\/17281\/\" \/>\n<meta property=\"og:locale\" content=\"ca_ES\" \/>\n<meta property=\"og:type\" content=\"article\" \/>\n<meta property=\"og:title\" content=\"5th Cenacle with Josep Maria Pou - Focus\" \/>\n<meta property=\"og:description\" content=\"\u00c0fora celebrates the fifth cenacle with Josep Maria Pou. On April 8, 2024, the fifth \u00c0fora Focus cenacle took place at Club Matador, one of the activities of the Platea 618 program that aims to connect and promote the relationship between professionals in the sector in Barcelona and Madrid. On this occasion, the main guest ... Llegeix m\u00e9s\" \/>\n<meta property=\"og:url\" content=\"https:\/\/www.focus.cat\/en\/17281\/\" \/>\n<meta property=\"og:site_name\" content=\"Focus\" \/>\n<meta property=\"article:published_time\" content=\"2024-04-16T14:12:24+00:00\" \/>\n<meta property=\"article:modified_time\" content=\"2024-04-16T14:12:44+00:00\" \/>\n<meta property=\"og:image\" content=\"https:\/\/www.focus.cat\/wp-content\/uploads\/2024\/04\/QUADRAT-WEB-FOCUS-17-scaled.jpg\" \/>\n\t<meta property=\"og:image:width\" content=\"2560\" \/>\n\t<meta property=\"og:image:height\" content=\"2560\" \/>\n\t<meta property=\"og:image:type\" content=\"image\/jpeg\" \/>\n<meta name=\"author\" content=\"Brenda Becker\" \/>\n<meta name=\"twitter:card\" content=\"summary_large_image\" \/>\n<script type=\"application\/ld+json\" class=\"yoast-schema-graph\">{\"@context\":\"https:\\\/\\\/schema.org\",\"@graph\":[{\"@type\":\"Article\",\"@id\":\"https:\\\/\\\/www.focus.cat\\\/en\\\/17281\\\/#article\",\"isPartOf\":{\"@id\":\"https:\\\/\\\/www.focus.cat\\\/en\\\/17281\\\/\"},\"author\":{\"name\":\"Brenda Becker\",\"@id\":\"https:\\\/\\\/www.focus.cat\\\/#\\\/schema\\\/person\\\/45cbcf79c7b3047ca01818c50e607a32\"},\"headline\":\"5th Cenacle with Josep Maria Pou\",\"datePublished\":\"2024-04-16T14:12:24+00:00\",\"dateModified\":\"2024-04-16T14:12:44+00:00\",\"mainEntityOfPage\":{\"@id\":\"https:\\\/\\\/www.focus.cat\\\/en\\\/17281\\\/\"},\"wordCount\":140,\"publisher\":{\"@id\":\"https:\\\/\\\/www.focus.cat\\\/#organization\"},\"image\":{\"@id\":\"https:\\\/\\\/www.focus.cat\\\/en\\\/17281\\\/#primaryimage\"},\"thumbnailUrl\":\"https:\\\/\\\/www.focus.cat\\\/wp-content\\\/uploads\\\/2024\\\/04\\\/QUADRAT-WEB-FOCUS-17-scaled.jpg\",\"articleSection\":[\"News\"],\"inLanguage\":\"ca\"},{\"@type\":\"WebPage\",\"@id\":\"https:\\\/\\\/www.focus.cat\\\/en\\\/17281\\\/\",\"url\":\"https:\\\/\\\/www.focus.cat\\\/en\\\/17281\\\/\",\"name\":\"5th Cenacle with Josep Maria Pou - Focus\",\"isPartOf\":{\"@id\":\"https:\\\/\\\/www.focus.cat\\\/#website\"},\"primaryImageOfPage\":{\"@id\":\"https:\\\/\\\/www.focus.cat\\\/en\\\/17281\\\/#primaryimage\"},\"image\":{\"@id\":\"https:\\\/\\\/www.focus.cat\\\/en\\\/17281\\\/#primaryimage\"},\"thumbnailUrl\":\"https:\\\/\\\/www.focus.cat\\\/wp-content\\\/uploads\\\/2024\\\/04\\\/QUADRAT-WEB-FOCUS-17-scaled.jpg\",\"datePublished\":\"2024-04-16T14:12:24+00:00\",\"dateModified\":\"2024-04-16T14:12:44+00:00\",\"inLanguage\":\"ca\",\"potentialAction\":[{\"@type\":\"ReadAction\",\"target\":[\"https:\\\/\\\/www.focus.cat\\\/en\\\/17281\\\/\"]}]},{\"@type\":\"ImageObject\",\"inLanguage\":\"ca\",\"@id\":\"https:\\\/\\\/www.focus.cat\\\/en\\\/17281\\\/#primaryimage\",\"url\":\"https:\\\/\\\/www.focus.cat\\\/wp-content\\\/uploads\\\/2024\\\/04\\\/QUADRAT-WEB-FOCUS-17-scaled.jpg\",\"contentUrl\":\"https:\\\/\\\/www.focus.cat\\\/wp-content\\\/uploads\\\/2024\\\/04\\\/QUADRAT-WEB-FOCUS-17-scaled.jpg\",\"width\":2560,\"height\":2560},{\"@type\":\"WebSite\",\"@id\":\"https:\\\/\\\/www.focus.cat\\\/#website\",\"url\":\"https:\\\/\\\/www.focus.cat\\\/\",\"name\":\"Focus\",\"description\":\"\",\"publisher\":{\"@id\":\"https:\\\/\\\/www.focus.cat\\\/#organization\"},\"potentialAction\":[{\"@type\":\"SearchAction\",\"target\":{\"@type\":\"EntryPoint\",\"urlTemplate\":\"https:\\\/\\\/www.focus.cat\\\/?s={search_term_string}\"},\"query-input\":{\"@type\":\"PropertyValueSpecification\",\"valueRequired\":true,\"valueName\":\"search_term_string\"}}],\"inLanguage\":\"ca\"},{\"@type\":\"Organization\",\"@id\":\"https:\\\/\\\/www.focus.cat\\\/#organization\",\"name\":\"Focus\",\"url\":\"https:\\\/\\\/www.focus.cat\\\/\",\"logo\":{\"@type\":\"ImageObject\",\"inLanguage\":\"ca\",\"@id\":\"https:\\\/\\\/www.focus.cat\\\/#\\\/schema\\\/logo\\\/image\\\/\",\"url\":\"https:\\\/\\\/www.focus.cat\\\/wp-content\\\/uploads\\\/2022\\\/01\\\/logo-focus-any-35.svg\",\"contentUrl\":\"https:\\\/\\\/www.focus.cat\\\/wp-content\\\/uploads\\\/2022\\\/01\\\/logo-focus-any-35.svg\",\"width\":1,\"height\":1,\"caption\":\"Focus\"},\"image\":{\"@id\":\"https:\\\/\\\/www.focus.cat\\\/#\\\/schema\\\/logo\\\/image\\\/\"}},{\"@type\":\"Person\",\"@id\":\"https:\\\/\\\/www.focus.cat\\\/#\\\/schema\\\/person\\\/45cbcf79c7b3047ca01818c50e607a32\",\"name\":\"Brenda Becker\",\"image\":{\"@type\":\"ImageObject\",\"inLanguage\":\"ca\",\"@id\":\"https:\\\/\\\/secure.gravatar.com\\\/avatar\\\/bf45b1ffca36f0e2b6cbeb689cead579b5275b1489889a25ac0e66115dfb28c7?s=96&d=mm&r=g\",\"url\":\"https:\\\/\\\/secure.gravatar.com\\\/avatar\\\/bf45b1ffca36f0e2b6cbeb689cead579b5275b1489889a25ac0e66115dfb28c7?s=96&d=mm&r=g\",\"contentUrl\":\"https:\\\/\\\/secure.gravatar.com\\\/avatar\\\/bf45b1ffca36f0e2b6cbeb689cead579b5275b1489889a25ac0e66115dfb28c7?s=96&d=mm&r=g\",\"caption\":\"Brenda Becker\"},\"url\":\"https:\\\/\\\/www.focus.cat\\\/author\\\/brenda-becker\\\/\"}]}<\/script>\n<!-- \/ Yoast SEO plugin. -->","yoast_head_json":{"title":"5th Cenacle with Josep Maria Pou - Focus","robots":{"index":"index","follow":"follow","max-snippet":"max-snippet:-1","max-image-preview":"max-image-preview:large","max-video-preview":"max-video-preview:-1"},"canonical":"https:\/\/www.focus.cat\/17281\/","og_locale":"ca_ES","og_type":"article","og_title":"5th Cenacle with Josep Maria Pou - Focus","og_description":"\u00c0fora celebrates the fifth cenacle with Josep Maria Pou. On April 8, 2024, the fifth \u00c0fora Focus cenacle took place at Club Matador, one of the activities of the Platea 618 program that aims to connect and promote the relationship between professionals in the sector in Barcelona and Madrid. On this occasion, the main guest ... Llegeix m\u00e9s","og_url":"https:\/\/www.focus.cat\/en\/17281\/","og_site_name":"Focus","article_published_time":"2024-04-16T14:12:24+00:00","article_modified_time":"2024-04-16T14:12:44+00:00","og_image":[{"width":2560,"height":2560,"url":"https:\/\/www.focus.cat\/wp-content\/uploads\/2024\/04\/QUADRAT-WEB-FOCUS-17-scaled.jpg","type":"image\/jpeg"}],"author":"Brenda Becker","twitter_card":"summary_large_image","schema":{"@context":"https:\/\/schema.org","@graph":[{"@type":"Article","@id":"https:\/\/www.focus.cat\/en\/17281\/#article","isPartOf":{"@id":"https:\/\/www.focus.cat\/en\/17281\/"},"author":{"name":"Brenda Becker","@id":"https:\/\/www.focus.cat\/#\/schema\/person\/45cbcf79c7b3047ca01818c50e607a32"},"headline":"5th Cenacle with Josep Maria Pou","datePublished":"2024-04-16T14:12:24+00:00","dateModified":"2024-04-16T14:12:44+00:00","mainEntityOfPage":{"@id":"https:\/\/www.focus.cat\/en\/17281\/"},"wordCount":140,"publisher":{"@id":"https:\/\/www.focus.cat\/#organization"},"image":{"@id":"https:\/\/www.focus.cat\/en\/17281\/#primaryimage"},"thumbnailUrl":"https:\/\/www.focus.cat\/wp-content\/uploads\/2024\/04\/QUADRAT-WEB-FOCUS-17-scaled.jpg","articleSection":["News"],"inLanguage":"ca"},{"@type":"WebPage","@id":"https:\/\/www.focus.cat\/en\/17281\/","url":"https:\/\/www.focus.cat\/en\/17281\/","name":"5th Cenacle with Josep Maria Pou - Focus","isPartOf":{"@id":"https:\/\/www.focus.cat\/#website"},"primaryImageOfPage":{"@id":"https:\/\/www.focus.cat\/en\/17281\/#primaryimage"},"image":{"@id":"https:\/\/www.focus.cat\/en\/17281\/#primaryimage"},"thumbnailUrl":"https:\/\/www.focus.cat\/wp-content\/uploads\/2024\/04\/QUADRAT-WEB-FOCUS-17-scaled.jpg","datePublished":"2024-04-16T14:12:24+00:00","dateModified":"2024-04-16T14:12:44+00:00","inLanguage":"ca","potentialAction":[{"@type":"ReadAction","target":["https:\/\/www.focus.cat\/en\/17281\/"]}]},{"@type":"ImageObject","inLanguage":"ca","@id":"https:\/\/www.focus.cat\/en\/17281\/#primaryimage","url":"https:\/\/www.focus.cat\/wp-content\/uploads\/2024\/04\/QUADRAT-WEB-FOCUS-17-scaled.jpg","contentUrl":"https:\/\/www.focus.cat\/wp-content\/uploads\/2024\/04\/QUADRAT-WEB-FOCUS-17-scaled.jpg","width":2560,"height":2560},{"@type":"WebSite","@id":"https:\/\/www.focus.cat\/#website","url":"https:\/\/www.focus.cat\/","name":"Focus","description":"","publisher":{"@id":"https:\/\/www.focus.cat\/#organization"},"potentialAction":[{"@type":"SearchAction","target":{"@type":"EntryPoint","urlTemplate":"https:\/\/www.focus.cat\/?s={search_term_string}"},"query-input":{"@type":"PropertyValueSpecification","valueRequired":true,"valueName":"search_term_string"}}],"inLanguage":"ca"},{"@type":"Organization","@id":"https:\/\/www.focus.cat\/#organization","name":"Focus","url":"https:\/\/www.focus.cat\/","logo":{"@type":"ImageObject","inLanguage":"ca","@id":"https:\/\/www.focus.cat\/#\/schema\/logo\/image\/","url":"https:\/\/www.focus.cat\/wp-content\/uploads\/2022\/01\/logo-focus-any-35.svg","contentUrl":"https:\/\/www.focus.cat\/wp-content\/uploads\/2022\/01\/logo-focus-any-35.svg","width":1,"height":1,"caption":"Focus"},"image":{"@id":"https:\/\/www.focus.cat\/#\/schema\/logo\/image\/"}},{"@type":"Person","@id":"https:\/\/www.focus.cat\/#\/schema\/person\/45cbcf79c7b3047ca01818c50e607a32","name":"Brenda Becker","image":{"@type":"ImageObject","inLanguage":"ca","@id":"https:\/\/secure.gravatar.com\/avatar\/bf45b1ffca36f0e2b6cbeb689cead579b5275b1489889a25ac0e66115dfb28c7?s=96&d=mm&r=g","url":"https:\/\/secure.gravatar.com\/avatar\/bf45b1ffca36f0e2b6cbeb689cead579b5275b1489889a25ac0e66115dfb28c7?s=96&d=mm&r=g","contentUrl":"https:\/\/secure.gravatar.com\/avatar\/bf45b1ffca36f0e2b6cbeb689cead579b5275b1489889a25ac0e66115dfb28c7?s=96&d=mm&r=g","caption":"Brenda Becker"},"url":"https:\/\/www.focus.cat\/author\/brenda-becker\/"}]}},"_links":{"self":[{"href":"https:\/\/www.focus.cat\/wp-json\/wp\/v2\/posts\/17281","targetHints":{"allow":["GET"]}}],"collection":[{"href":"https:\/\/www.focus.cat\/wp-json\/wp\/v2\/posts"}],"about":[{"href":"https:\/\/www.focus.cat\/wp-json\/wp\/v2\/types\/post"}],"author":[{"embeddable":true,"href":"https:\/\/www.focus.cat\/wp-json\/wp\/v2\/users\/16"}],"replies":[{"embeddable":true,"href":"https:\/\/www.focus.cat\/wp-json\/wp\/v2\/comments?post=17281"}],"version-history":[{"count":0,"href":"https:\/\/www.focus.cat\/wp-json\/wp\/v2\/posts\/17281\/revisions"}],"wp:featuredmedia":[{"embeddable":true,"href":"https:\/\/www.focus.cat\/wp-json\/wp\/v2\/media\/17273"}],"wp:attachment":[{"href":"https:\/\/www.focus.cat\/wp-json\/wp\/v2\/media?parent=17281"}],"wp:term":[{"taxonomy":"category","embeddable":true,"href":"https:\/\/www.focus.cat\/wp-json\/wp\/v2\/categories?post=17281"}],"curies":[{"name":"wp","href":"https:\/\/api.w.org\/{rel}","templated":true}]}}