{"id":17359,"date":"2024-04-16T15:11:56","date_gmt":"2024-04-16T15:11:56","guid":{"rendered":"https:\/\/www.focus.cat\/?p=17359"},"modified":"2024-05-21T13:36:11","modified_gmt":"2024-05-21T13:36:11","slug":"focus-shows-in-madrid-theaters","status":"publish","type":"post","link":"https:\/\/www.focus.cat\/en\/focus-shows-in-madrid-theaters\/","title":{"rendered":"Focus shows in Madrid theaters"},"content":{"rendered":"<p>The presence of Focus shows in the billboards of Madrid&#8217;s most important theaters is commonplace, whether on tour or as an exhibition before reaching the stages of Barcelona. This is the case of titles such as <em><strong>El padre, La regenta, Una terapia integral <\/strong><\/em>or<em><strong> La celestina<\/strong><\/em>, productions that are part of the stage program of the season in the capital.<\/p>\n<p>Thus, after nearly 50 performances, Florian Zeller&#8217;s <strong><em>El padre<\/em><\/strong>, directed by Josep Maria Mestres and starring Josep Maria Pou, begins its last week of performances at the <strong>Teatro Bellas Artes.<\/strong><\/p>\n<p><em><strong>La regenta<\/strong> <\/em>by Eduardo Gal\u00e1n, based on the novel by Leopoldo Alas Clar\u00edn, directed by Helena Pimienta and with a cast formed by Ana Ruiz, Alex Gadea, Joaqu\u00edn Notario, Jacobo Dicenta, Pepa Pedroche, Francesc Galcer\u00e1n, Luc\u00eda Serrano and Alejandro Arestegui, has ended its stay at the <strong>Teatro Fern\u00e1n G\u00f3mez<\/strong> after a month of exhibition.<\/p>\n<p>Meanwhile, <em><strong>Una terapia integral<\/strong> <\/em>by Cristina Clemente and Marc Angelet, starring Antonio Molero, Angy Fern\u00e1ndez, Esther Ortega and C\u00e9sar Camino, will begin its second season at the <strong>Teatro F\u00edgaro.<\/strong><\/p>\n<p>Finally, Eduardo Gal\u00e1n&#8217;s adaptation of <em><strong>La celestin<\/strong><\/em>a by Fernando de Rojas, directed by Antonio C. Guijosa and with a cast led by Anabel Alonso in the role of Celestina, this April 18, at the <strong>Teatro Reina Victoria<\/strong>, where it will run until June 16.<\/p>\n<p><img decoding=\"async\" class=\"size-full wp-image-17293 aligncenter\" src=\"https:\/\/www.focus.cat\/wp-content\/uploads\/2024\/04\/image010.jpg\" alt=\"\" width=\"1124\" height=\"750\" srcset=\"https:\/\/www.focus.cat\/wp-content\/uploads\/2024\/04\/image010.jpg 1124w, https:\/\/www.focus.cat\/wp-content\/uploads\/2024\/04\/image010-300x200.jpg 300w, https:\/\/www.focus.cat\/wp-content\/uploads\/2024\/04\/image010-150x100.jpg 150w, https:\/\/www.focus.cat\/wp-content\/uploads\/2024\/04\/image010-800x534.jpg 800w\" sizes=\"(max-width: 1124px) 100vw, 1124px\" \/><\/p>\n","protected":false},"excerpt":{"rendered":"<p>The presence of Focus shows in the billboards of Madrid&#8217;s most important theaters is commonplace, whether on tour or as an exhibition before reaching the stages of Barcelona. This is the case of titles such as El padre, La regenta, Una terapia integral or La celestina, productions that are part of the stage program of<a class=\"excerpt-read-more\" href=\"https:\/\/www.focus.cat\/en\/focus-shows-in-madrid-theaters\/\" title=\"LlegeixFocus shows in Madrid theaters\"> &#8230; Llegeix m\u00e9s<\/a><\/p>\n","protected":false},"author":16,"featured_media":17296,"comment_status":"closed","ping_status":"closed","sticky":false,"template":"","format":"standard","meta":{"_acf_changed":false,"inline_featured_image":false,"footnotes":""},"categories":[3],"class_list":["post-17359","post","type-post","status-publish","format-standard","has-post-thumbnail","hentry","category-news"],"acf":[],"yoast_head":"<!-- This site is optimized with the Yoast SEO plugin v27.5 - https:\/\/yoast.com\/product\/yoast-seo-wordpress\/ -->\n<title>Focus shows in Madrid theaters - Focus<\/title>\n<meta name=\"robots\" content=\"index, follow, max-snippet:-1, max-image-preview:large, max-video-preview:-1\" \/>\n<link rel=\"canonical\" href=\"https:\/\/www.focus.cat\/focus-shows-in-madrid-theaters\/\" \/>\n<meta property=\"og:locale\" content=\"ca_ES\" \/>\n<meta property=\"og:type\" content=\"article\" \/>\n<meta property=\"og:title\" content=\"Focus shows in Madrid theaters - Focus\" \/>\n<meta property=\"og:description\" content=\"The presence of Focus shows in the billboards of Madrid&#8217;s most important theaters is commonplace, whether on tour or as an exhibition before reaching the stages of Barcelona. This is the case of titles such as El padre, La regenta, Una terapia integral or La celestina, productions that are part of the stage program of ... Llegeix m\u00e9s\" \/>\n<meta property=\"og:url\" content=\"https:\/\/www.focus.cat\/en\/focus-shows-in-madrid-theaters\/\" \/>\n<meta property=\"og:site_name\" content=\"Focus\" \/>\n<meta property=\"article:published_time\" content=\"2024-04-16T15:11:56+00:00\" \/>\n<meta property=\"article:modified_time\" content=\"2024-05-21T13:36:11+00:00\" \/>\n<meta property=\"og:image\" content=\"https:\/\/www.focus.cat\/wp-content\/uploads\/2024\/04\/image009.jpg\" \/>\n\t<meta property=\"og:image:width\" content=\"1080\" \/>\n\t<meta property=\"og:image:height\" content=\"1080\" \/>\n\t<meta property=\"og:image:type\" content=\"image\/jpeg\" \/>\n<meta name=\"author\" content=\"Brenda Becker\" \/>\n<meta name=\"twitter:card\" content=\"summary_large_image\" \/>\n<script type=\"application\/ld+json\" class=\"yoast-schema-graph\">{\"@context\":\"https:\\\/\\\/schema.org\",\"@graph\":[{\"@type\":\"Article\",\"@id\":\"https:\\\/\\\/www.focus.cat\\\/en\\\/focus-shows-in-madrid-theaters\\\/#article\",\"isPartOf\":{\"@id\":\"https:\\\/\\\/www.focus.cat\\\/en\\\/focus-shows-in-madrid-theaters\\\/\"},\"author\":{\"name\":\"Brenda Becker\",\"@id\":\"https:\\\/\\\/www.focus.cat\\\/#\\\/schema\\\/person\\\/45cbcf79c7b3047ca01818c50e607a32\"},\"headline\":\"Focus shows in Madrid theaters\",\"datePublished\":\"2024-04-16T15:11:56+00:00\",\"dateModified\":\"2024-05-21T13:36:11+00:00\",\"mainEntityOfPage\":{\"@id\":\"https:\\\/\\\/www.focus.cat\\\/en\\\/focus-shows-in-madrid-theaters\\\/\"},\"wordCount\":234,\"publisher\":{\"@id\":\"https:\\\/\\\/www.focus.cat\\\/#organization\"},\"image\":{\"@id\":\"https:\\\/\\\/www.focus.cat\\\/en\\\/focus-shows-in-madrid-theaters\\\/#primaryimage\"},\"thumbnailUrl\":\"https:\\\/\\\/www.focus.cat\\\/wp-content\\\/uploads\\\/2024\\\/04\\\/image009.jpg\",\"articleSection\":[\"News\"],\"inLanguage\":\"ca\"},{\"@type\":\"WebPage\",\"@id\":\"https:\\\/\\\/www.focus.cat\\\/en\\\/focus-shows-in-madrid-theaters\\\/\",\"url\":\"https:\\\/\\\/www.focus.cat\\\/en\\\/focus-shows-in-madrid-theaters\\\/\",\"name\":\"Focus shows in Madrid theaters - Focus\",\"isPartOf\":{\"@id\":\"https:\\\/\\\/www.focus.cat\\\/#website\"},\"primaryImageOfPage\":{\"@id\":\"https:\\\/\\\/www.focus.cat\\\/en\\\/focus-shows-in-madrid-theaters\\\/#primaryimage\"},\"image\":{\"@id\":\"https:\\\/\\\/www.focus.cat\\\/en\\\/focus-shows-in-madrid-theaters\\\/#primaryimage\"},\"thumbnailUrl\":\"https:\\\/\\\/www.focus.cat\\\/wp-content\\\/uploads\\\/2024\\\/04\\\/image009.jpg\",\"datePublished\":\"2024-04-16T15:11:56+00:00\",\"dateModified\":\"2024-05-21T13:36:11+00:00\",\"inLanguage\":\"ca\",\"potentialAction\":[{\"@type\":\"ReadAction\",\"target\":[\"https:\\\/\\\/www.focus.cat\\\/en\\\/focus-shows-in-madrid-theaters\\\/\"]}]},{\"@type\":\"ImageObject\",\"inLanguage\":\"ca\",\"@id\":\"https:\\\/\\\/www.focus.cat\\\/en\\\/focus-shows-in-madrid-theaters\\\/#primaryimage\",\"url\":\"https:\\\/\\\/www.focus.cat\\\/wp-content\\\/uploads\\\/2024\\\/04\\\/image009.jpg\",\"contentUrl\":\"https:\\\/\\\/www.focus.cat\\\/wp-content\\\/uploads\\\/2024\\\/04\\\/image009.jpg\",\"width\":1080,\"height\":1080},{\"@type\":\"WebSite\",\"@id\":\"https:\\\/\\\/www.focus.cat\\\/#website\",\"url\":\"https:\\\/\\\/www.focus.cat\\\/\",\"name\":\"Focus\",\"description\":\"\",\"publisher\":{\"@id\":\"https:\\\/\\\/www.focus.cat\\\/#organization\"},\"potentialAction\":[{\"@type\":\"SearchAction\",\"target\":{\"@type\":\"EntryPoint\",\"urlTemplate\":\"https:\\\/\\\/www.focus.cat\\\/?s={search_term_string}\"},\"query-input\":{\"@type\":\"PropertyValueSpecification\",\"valueRequired\":true,\"valueName\":\"search_term_string\"}}],\"inLanguage\":\"ca\"},{\"@type\":\"Organization\",\"@id\":\"https:\\\/\\\/www.focus.cat\\\/#organization\",\"name\":\"Focus\",\"url\":\"https:\\\/\\\/www.focus.cat\\\/\",\"logo\":{\"@type\":\"ImageObject\",\"inLanguage\":\"ca\",\"@id\":\"https:\\\/\\\/www.focus.cat\\\/#\\\/schema\\\/logo\\\/image\\\/\",\"url\":\"https:\\\/\\\/www.focus.cat\\\/wp-content\\\/uploads\\\/2022\\\/01\\\/logo-focus-any-35.svg\",\"contentUrl\":\"https:\\\/\\\/www.focus.cat\\\/wp-content\\\/uploads\\\/2022\\\/01\\\/logo-focus-any-35.svg\",\"width\":1,\"height\":1,\"caption\":\"Focus\"},\"image\":{\"@id\":\"https:\\\/\\\/www.focus.cat\\\/#\\\/schema\\\/logo\\\/image\\\/\"}},{\"@type\":\"Person\",\"@id\":\"https:\\\/\\\/www.focus.cat\\\/#\\\/schema\\\/person\\\/45cbcf79c7b3047ca01818c50e607a32\",\"name\":\"Brenda Becker\",\"image\":{\"@type\":\"ImageObject\",\"inLanguage\":\"ca\",\"@id\":\"https:\\\/\\\/secure.gravatar.com\\\/avatar\\\/bf45b1ffca36f0e2b6cbeb689cead579b5275b1489889a25ac0e66115dfb28c7?s=96&d=mm&r=g\",\"url\":\"https:\\\/\\\/secure.gravatar.com\\\/avatar\\\/bf45b1ffca36f0e2b6cbeb689cead579b5275b1489889a25ac0e66115dfb28c7?s=96&d=mm&r=g\",\"contentUrl\":\"https:\\\/\\\/secure.gravatar.com\\\/avatar\\\/bf45b1ffca36f0e2b6cbeb689cead579b5275b1489889a25ac0e66115dfb28c7?s=96&d=mm&r=g\",\"caption\":\"Brenda Becker\"},\"url\":\"https:\\\/\\\/www.focus.cat\\\/author\\\/brenda-becker\\\/\"}]}<\/script>\n<!-- \/ Yoast SEO plugin. -->","yoast_head_json":{"title":"Focus shows in Madrid theaters - Focus","robots":{"index":"index","follow":"follow","max-snippet":"max-snippet:-1","max-image-preview":"max-image-preview:large","max-video-preview":"max-video-preview:-1"},"canonical":"https:\/\/www.focus.cat\/focus-shows-in-madrid-theaters\/","og_locale":"ca_ES","og_type":"article","og_title":"Focus shows in Madrid theaters - Focus","og_description":"The presence of Focus shows in the billboards of Madrid&#8217;s most important theaters is commonplace, whether on tour or as an exhibition before reaching the stages of Barcelona. This is the case of titles such as El padre, La regenta, Una terapia integral or La celestina, productions that are part of the stage program of ... Llegeix m\u00e9s","og_url":"https:\/\/www.focus.cat\/en\/focus-shows-in-madrid-theaters\/","og_site_name":"Focus","article_published_time":"2024-04-16T15:11:56+00:00","article_modified_time":"2024-05-21T13:36:11+00:00","og_image":[{"width":1080,"height":1080,"url":"https:\/\/www.focus.cat\/wp-content\/uploads\/2024\/04\/image009.jpg","type":"image\/jpeg"}],"author":"Brenda Becker","twitter_card":"summary_large_image","schema":{"@context":"https:\/\/schema.org","@graph":[{"@type":"Article","@id":"https:\/\/www.focus.cat\/en\/focus-shows-in-madrid-theaters\/#article","isPartOf":{"@id":"https:\/\/www.focus.cat\/en\/focus-shows-in-madrid-theaters\/"},"author":{"name":"Brenda Becker","@id":"https:\/\/www.focus.cat\/#\/schema\/person\/45cbcf79c7b3047ca01818c50e607a32"},"headline":"Focus shows in Madrid theaters","datePublished":"2024-04-16T15:11:56+00:00","dateModified":"2024-05-21T13:36:11+00:00","mainEntityOfPage":{"@id":"https:\/\/www.focus.cat\/en\/focus-shows-in-madrid-theaters\/"},"wordCount":234,"publisher":{"@id":"https:\/\/www.focus.cat\/#organization"},"image":{"@id":"https:\/\/www.focus.cat\/en\/focus-shows-in-madrid-theaters\/#primaryimage"},"thumbnailUrl":"https:\/\/www.focus.cat\/wp-content\/uploads\/2024\/04\/image009.jpg","articleSection":["News"],"inLanguage":"ca"},{"@type":"WebPage","@id":"https:\/\/www.focus.cat\/en\/focus-shows-in-madrid-theaters\/","url":"https:\/\/www.focus.cat\/en\/focus-shows-in-madrid-theaters\/","name":"Focus shows in Madrid theaters - Focus","isPartOf":{"@id":"https:\/\/www.focus.cat\/#website"},"primaryImageOfPage":{"@id":"https:\/\/www.focus.cat\/en\/focus-shows-in-madrid-theaters\/#primaryimage"},"image":{"@id":"https:\/\/www.focus.cat\/en\/focus-shows-in-madrid-theaters\/#primaryimage"},"thumbnailUrl":"https:\/\/www.focus.cat\/wp-content\/uploads\/2024\/04\/image009.jpg","datePublished":"2024-04-16T15:11:56+00:00","dateModified":"2024-05-21T13:36:11+00:00","inLanguage":"ca","potentialAction":[{"@type":"ReadAction","target":["https:\/\/www.focus.cat\/en\/focus-shows-in-madrid-theaters\/"]}]},{"@type":"ImageObject","inLanguage":"ca","@id":"https:\/\/www.focus.cat\/en\/focus-shows-in-madrid-theaters\/#primaryimage","url":"https:\/\/www.focus.cat\/wp-content\/uploads\/2024\/04\/image009.jpg","contentUrl":"https:\/\/www.focus.cat\/wp-content\/uploads\/2024\/04\/image009.jpg","width":1080,"height":1080},{"@type":"WebSite","@id":"https:\/\/www.focus.cat\/#website","url":"https:\/\/www.focus.cat\/","name":"Focus","description":"","publisher":{"@id":"https:\/\/www.focus.cat\/#organization"},"potentialAction":[{"@type":"SearchAction","target":{"@type":"EntryPoint","urlTemplate":"https:\/\/www.focus.cat\/?s={search_term_string}"},"query-input":{"@type":"PropertyValueSpecification","valueRequired":true,"valueName":"search_term_string"}}],"inLanguage":"ca"},{"@type":"Organization","@id":"https:\/\/www.focus.cat\/#organization","name":"Focus","url":"https:\/\/www.focus.cat\/","logo":{"@type":"ImageObject","inLanguage":"ca","@id":"https:\/\/www.focus.cat\/#\/schema\/logo\/image\/","url":"https:\/\/www.focus.cat\/wp-content\/uploads\/2022\/01\/logo-focus-any-35.svg","contentUrl":"https:\/\/www.focus.cat\/wp-content\/uploads\/2022\/01\/logo-focus-any-35.svg","width":1,"height":1,"caption":"Focus"},"image":{"@id":"https:\/\/www.focus.cat\/#\/schema\/logo\/image\/"}},{"@type":"Person","@id":"https:\/\/www.focus.cat\/#\/schema\/person\/45cbcf79c7b3047ca01818c50e607a32","name":"Brenda Becker","image":{"@type":"ImageObject","inLanguage":"ca","@id":"https:\/\/secure.gravatar.com\/avatar\/bf45b1ffca36f0e2b6cbeb689cead579b5275b1489889a25ac0e66115dfb28c7?s=96&d=mm&r=g","url":"https:\/\/secure.gravatar.com\/avatar\/bf45b1ffca36f0e2b6cbeb689cead579b5275b1489889a25ac0e66115dfb28c7?s=96&d=mm&r=g","contentUrl":"https:\/\/secure.gravatar.com\/avatar\/bf45b1ffca36f0e2b6cbeb689cead579b5275b1489889a25ac0e66115dfb28c7?s=96&d=mm&r=g","caption":"Brenda Becker"},"url":"https:\/\/www.focus.cat\/author\/brenda-becker\/"}]}},"_links":{"self":[{"href":"https:\/\/www.focus.cat\/wp-json\/wp\/v2\/posts\/17359","targetHints":{"allow":["GET"]}}],"collection":[{"href":"https:\/\/www.focus.cat\/wp-json\/wp\/v2\/posts"}],"about":[{"href":"https:\/\/www.focus.cat\/wp-json\/wp\/v2\/types\/post"}],"author":[{"embeddable":true,"href":"https:\/\/www.focus.cat\/wp-json\/wp\/v2\/users\/16"}],"replies":[{"embeddable":true,"href":"https:\/\/www.focus.cat\/wp-json\/wp\/v2\/comments?post=17359"}],"version-history":[{"count":0,"href":"https:\/\/www.focus.cat\/wp-json\/wp\/v2\/posts\/17359\/revisions"}],"wp:featuredmedia":[{"embeddable":true,"href":"https:\/\/www.focus.cat\/wp-json\/wp\/v2\/media\/17296"}],"wp:attachment":[{"href":"https:\/\/www.focus.cat\/wp-json\/wp\/v2\/media?parent=17359"}],"wp:term":[{"taxonomy":"category","embeddable":true,"href":"https:\/\/www.focus.cat\/wp-json\/wp\/v2\/categories?post=17359"}],"curies":[{"name":"wp","href":"https:\/\/api.w.org\/{rel}","templated":true}]}}