{"id":17658,"date":"2024-05-21T13:23:05","date_gmt":"2024-05-21T13:23:05","guid":{"rendered":"https:\/\/www.focus.cat\/?p=17658"},"modified":"2024-05-21T13:23:05","modified_gmt":"2024-05-21T13:23:05","slug":"alegria-says-goodbye-to-barcelona","status":"publish","type":"post","link":"https:\/\/www.focus.cat\/en\/alegria-says-goodbye-to-barcelona\/","title":{"rendered":"Alegr\u00eda says goodbye to Barcelona"},"content":{"rendered":"<p><em>Alegr\u00eda<\/em>, the iconic Cirque du Soleil show, comes to an end in Barcelona. Since the date of its premiere, last March 20, and from the Big Top installed in the Cultural District of L&#8217;Hospitalet, <em>Alegr\u00eda<\/em> has won the hearts of fans of the training and the show.<\/p>\n<p>Under the name of <em>Alegr\u00eda<\/em>. Bajo una nueva luz and with new circus numbers, and with an updated staging but which maintains the essence that made the production one of the most relevant and influential circus shows of all time, the Canadian line-up has transported us from new to the kingdom where <em>Alegr\u00eda<\/em> witnesses the conflict between the old order and the new movement that seeks hope and renewal.<\/p>\n<p>Now <em>Alegr\u00eda<\/em> will continue its journey through the rest of the state, where it will stay in Malaga, Alicante, Seville before ending its national tour in Madrid.<\/p>\n<p><img decoding=\"async\" class=\"size-full wp-image-17653 aligncenter\" src=\"https:\/\/www.focus.cat\/wp-content\/uploads\/2024\/05\/A-Banners-Nativo-Fotos-1067x600-1.jpg\" alt=\"\" width=\"1067\" height=\"600\" srcset=\"https:\/\/www.focus.cat\/wp-content\/uploads\/2024\/05\/A-Banners-Nativo-Fotos-1067x600-1.jpg 1067w, https:\/\/www.focus.cat\/wp-content\/uploads\/2024\/05\/A-Banners-Nativo-Fotos-1067x600-1-300x169.jpg 300w, https:\/\/www.focus.cat\/wp-content\/uploads\/2024\/05\/A-Banners-Nativo-Fotos-1067x600-1-150x84.jpg 150w, https:\/\/www.focus.cat\/wp-content\/uploads\/2024\/05\/A-Banners-Nativo-Fotos-1067x600-1-800x450.jpg 800w\" sizes=\"(max-width: 1067px) 100vw, 1067px\" \/><\/p>\n","protected":false},"excerpt":{"rendered":"<p>Alegr\u00eda, the iconic Cirque du Soleil show, comes to an end in Barcelona. Since the date of its premiere, last March 20, and from the Big Top installed in the Cultural District of L&#8217;Hospitalet, Alegr\u00eda has won the hearts of fans of the training and the show. Under the name of Alegr\u00eda. Bajo una nueva<a class=\"excerpt-read-more\" href=\"https:\/\/www.focus.cat\/en\/alegria-says-goodbye-to-barcelona\/\" title=\"LlegeixAlegr\u00eda says goodbye to Barcelona\"> &#8230; Llegeix m\u00e9s<\/a><\/p>\n","protected":false},"author":16,"featured_media":17653,"comment_status":"closed","ping_status":"closed","sticky":false,"template":"","format":"standard","meta":{"_acf_changed":false,"inline_featured_image":false,"footnotes":""},"categories":[3],"class_list":["post-17658","post","type-post","status-publish","format-standard","has-post-thumbnail","hentry","category-news"],"acf":[],"yoast_head":"<!-- This site is optimized with the Yoast SEO plugin v27.5 - https:\/\/yoast.com\/product\/yoast-seo-wordpress\/ -->\n<title>Alegr\u00eda says goodbye to Barcelona - Focus<\/title>\n<meta name=\"robots\" content=\"index, follow, max-snippet:-1, max-image-preview:large, max-video-preview:-1\" \/>\n<link rel=\"canonical\" href=\"https:\/\/www.focus.cat\/alegria-says-goodbye-to-barcelona\/\" \/>\n<meta property=\"og:locale\" content=\"ca_ES\" \/>\n<meta property=\"og:type\" content=\"article\" \/>\n<meta property=\"og:title\" content=\"Alegr\u00eda says goodbye to Barcelona - Focus\" \/>\n<meta property=\"og:description\" content=\"Alegr\u00eda, the iconic Cirque du Soleil show, comes to an end in Barcelona. Since the date of its premiere, last March 20, and from the Big Top installed in the Cultural District of L&#8217;Hospitalet, Alegr\u00eda has won the hearts of fans of the training and the show. Under the name of Alegr\u00eda. Bajo una nueva ... Llegeix m\u00e9s\" \/>\n<meta property=\"og:url\" content=\"https:\/\/www.focus.cat\/en\/alegria-says-goodbye-to-barcelona\/\" \/>\n<meta property=\"og:site_name\" content=\"Focus\" \/>\n<meta property=\"article:published_time\" content=\"2024-05-21T13:23:05+00:00\" \/>\n<meta property=\"og:image\" content=\"https:\/\/www.focus.cat\/wp-content\/uploads\/2024\/05\/A-Banners-Nativo-Fotos-1067x600-1.jpg\" \/>\n\t<meta property=\"og:image:width\" content=\"1067\" \/>\n\t<meta property=\"og:image:height\" content=\"600\" \/>\n\t<meta property=\"og:image:type\" content=\"image\/jpeg\" \/>\n<meta name=\"author\" content=\"Brenda Becker\" \/>\n<meta name=\"twitter:card\" content=\"summary_large_image\" \/>\n<script type=\"application\/ld+json\" class=\"yoast-schema-graph\">{\"@context\":\"https:\\\/\\\/schema.org\",\"@graph\":[{\"@type\":\"Article\",\"@id\":\"https:\\\/\\\/www.focus.cat\\\/en\\\/alegria-says-goodbye-to-barcelona\\\/#article\",\"isPartOf\":{\"@id\":\"https:\\\/\\\/www.focus.cat\\\/en\\\/alegria-says-goodbye-to-barcelona\\\/\"},\"author\":{\"name\":\"Brenda Becker\",\"@id\":\"https:\\\/\\\/www.focus.cat\\\/#\\\/schema\\\/person\\\/45cbcf79c7b3047ca01818c50e607a32\"},\"headline\":\"Alegr\u00eda says goodbye to Barcelona\",\"datePublished\":\"2024-05-21T13:23:05+00:00\",\"mainEntityOfPage\":{\"@id\":\"https:\\\/\\\/www.focus.cat\\\/en\\\/alegria-says-goodbye-to-barcelona\\\/\"},\"wordCount\":154,\"publisher\":{\"@id\":\"https:\\\/\\\/www.focus.cat\\\/#organization\"},\"image\":{\"@id\":\"https:\\\/\\\/www.focus.cat\\\/en\\\/alegria-says-goodbye-to-barcelona\\\/#primaryimage\"},\"thumbnailUrl\":\"https:\\\/\\\/www.focus.cat\\\/wp-content\\\/uploads\\\/2024\\\/05\\\/A-Banners-Nativo-Fotos-1067x600-1.jpg\",\"articleSection\":[\"News\"],\"inLanguage\":\"ca\"},{\"@type\":\"WebPage\",\"@id\":\"https:\\\/\\\/www.focus.cat\\\/en\\\/alegria-says-goodbye-to-barcelona\\\/\",\"url\":\"https:\\\/\\\/www.focus.cat\\\/en\\\/alegria-says-goodbye-to-barcelona\\\/\",\"name\":\"Alegr\u00eda says goodbye to Barcelona - Focus\",\"isPartOf\":{\"@id\":\"https:\\\/\\\/www.focus.cat\\\/#website\"},\"primaryImageOfPage\":{\"@id\":\"https:\\\/\\\/www.focus.cat\\\/en\\\/alegria-says-goodbye-to-barcelona\\\/#primaryimage\"},\"image\":{\"@id\":\"https:\\\/\\\/www.focus.cat\\\/en\\\/alegria-says-goodbye-to-barcelona\\\/#primaryimage\"},\"thumbnailUrl\":\"https:\\\/\\\/www.focus.cat\\\/wp-content\\\/uploads\\\/2024\\\/05\\\/A-Banners-Nativo-Fotos-1067x600-1.jpg\",\"datePublished\":\"2024-05-21T13:23:05+00:00\",\"inLanguage\":\"ca\",\"potentialAction\":[{\"@type\":\"ReadAction\",\"target\":[\"https:\\\/\\\/www.focus.cat\\\/en\\\/alegria-says-goodbye-to-barcelona\\\/\"]}]},{\"@type\":\"ImageObject\",\"inLanguage\":\"ca\",\"@id\":\"https:\\\/\\\/www.focus.cat\\\/en\\\/alegria-says-goodbye-to-barcelona\\\/#primaryimage\",\"url\":\"https:\\\/\\\/www.focus.cat\\\/wp-content\\\/uploads\\\/2024\\\/05\\\/A-Banners-Nativo-Fotos-1067x600-1.jpg\",\"contentUrl\":\"https:\\\/\\\/www.focus.cat\\\/wp-content\\\/uploads\\\/2024\\\/05\\\/A-Banners-Nativo-Fotos-1067x600-1.jpg\",\"width\":1067,\"height\":600},{\"@type\":\"WebSite\",\"@id\":\"https:\\\/\\\/www.focus.cat\\\/#website\",\"url\":\"https:\\\/\\\/www.focus.cat\\\/\",\"name\":\"Focus\",\"description\":\"\",\"publisher\":{\"@id\":\"https:\\\/\\\/www.focus.cat\\\/#organization\"},\"potentialAction\":[{\"@type\":\"SearchAction\",\"target\":{\"@type\":\"EntryPoint\",\"urlTemplate\":\"https:\\\/\\\/www.focus.cat\\\/?s={search_term_string}\"},\"query-input\":{\"@type\":\"PropertyValueSpecification\",\"valueRequired\":true,\"valueName\":\"search_term_string\"}}],\"inLanguage\":\"ca\"},{\"@type\":\"Organization\",\"@id\":\"https:\\\/\\\/www.focus.cat\\\/#organization\",\"name\":\"Focus\",\"url\":\"https:\\\/\\\/www.focus.cat\\\/\",\"logo\":{\"@type\":\"ImageObject\",\"inLanguage\":\"ca\",\"@id\":\"https:\\\/\\\/www.focus.cat\\\/#\\\/schema\\\/logo\\\/image\\\/\",\"url\":\"https:\\\/\\\/www.focus.cat\\\/wp-content\\\/uploads\\\/2022\\\/01\\\/logo-focus-any-35.svg\",\"contentUrl\":\"https:\\\/\\\/www.focus.cat\\\/wp-content\\\/uploads\\\/2022\\\/01\\\/logo-focus-any-35.svg\",\"width\":1,\"height\":1,\"caption\":\"Focus\"},\"image\":{\"@id\":\"https:\\\/\\\/www.focus.cat\\\/#\\\/schema\\\/logo\\\/image\\\/\"}},{\"@type\":\"Person\",\"@id\":\"https:\\\/\\\/www.focus.cat\\\/#\\\/schema\\\/person\\\/45cbcf79c7b3047ca01818c50e607a32\",\"name\":\"Brenda Becker\",\"image\":{\"@type\":\"ImageObject\",\"inLanguage\":\"ca\",\"@id\":\"https:\\\/\\\/secure.gravatar.com\\\/avatar\\\/bf45b1ffca36f0e2b6cbeb689cead579b5275b1489889a25ac0e66115dfb28c7?s=96&d=mm&r=g\",\"url\":\"https:\\\/\\\/secure.gravatar.com\\\/avatar\\\/bf45b1ffca36f0e2b6cbeb689cead579b5275b1489889a25ac0e66115dfb28c7?s=96&d=mm&r=g\",\"contentUrl\":\"https:\\\/\\\/secure.gravatar.com\\\/avatar\\\/bf45b1ffca36f0e2b6cbeb689cead579b5275b1489889a25ac0e66115dfb28c7?s=96&d=mm&r=g\",\"caption\":\"Brenda Becker\"},\"url\":\"https:\\\/\\\/www.focus.cat\\\/author\\\/brenda-becker\\\/\"}]}<\/script>\n<!-- \/ Yoast SEO plugin. -->","yoast_head_json":{"title":"Alegr\u00eda says goodbye to Barcelona - Focus","robots":{"index":"index","follow":"follow","max-snippet":"max-snippet:-1","max-image-preview":"max-image-preview:large","max-video-preview":"max-video-preview:-1"},"canonical":"https:\/\/www.focus.cat\/alegria-says-goodbye-to-barcelona\/","og_locale":"ca_ES","og_type":"article","og_title":"Alegr\u00eda says goodbye to Barcelona - Focus","og_description":"Alegr\u00eda, the iconic Cirque du Soleil show, comes to an end in Barcelona. Since the date of its premiere, last March 20, and from the Big Top installed in the Cultural District of L&#8217;Hospitalet, Alegr\u00eda has won the hearts of fans of the training and the show. Under the name of Alegr\u00eda. Bajo una nueva ... Llegeix m\u00e9s","og_url":"https:\/\/www.focus.cat\/en\/alegria-says-goodbye-to-barcelona\/","og_site_name":"Focus","article_published_time":"2024-05-21T13:23:05+00:00","og_image":[{"width":1067,"height":600,"url":"https:\/\/www.focus.cat\/wp-content\/uploads\/2024\/05\/A-Banners-Nativo-Fotos-1067x600-1.jpg","type":"image\/jpeg"}],"author":"Brenda Becker","twitter_card":"summary_large_image","schema":{"@context":"https:\/\/schema.org","@graph":[{"@type":"Article","@id":"https:\/\/www.focus.cat\/en\/alegria-says-goodbye-to-barcelona\/#article","isPartOf":{"@id":"https:\/\/www.focus.cat\/en\/alegria-says-goodbye-to-barcelona\/"},"author":{"name":"Brenda Becker","@id":"https:\/\/www.focus.cat\/#\/schema\/person\/45cbcf79c7b3047ca01818c50e607a32"},"headline":"Alegr\u00eda says goodbye to Barcelona","datePublished":"2024-05-21T13:23:05+00:00","mainEntityOfPage":{"@id":"https:\/\/www.focus.cat\/en\/alegria-says-goodbye-to-barcelona\/"},"wordCount":154,"publisher":{"@id":"https:\/\/www.focus.cat\/#organization"},"image":{"@id":"https:\/\/www.focus.cat\/en\/alegria-says-goodbye-to-barcelona\/#primaryimage"},"thumbnailUrl":"https:\/\/www.focus.cat\/wp-content\/uploads\/2024\/05\/A-Banners-Nativo-Fotos-1067x600-1.jpg","articleSection":["News"],"inLanguage":"ca"},{"@type":"WebPage","@id":"https:\/\/www.focus.cat\/en\/alegria-says-goodbye-to-barcelona\/","url":"https:\/\/www.focus.cat\/en\/alegria-says-goodbye-to-barcelona\/","name":"Alegr\u00eda says goodbye to Barcelona - Focus","isPartOf":{"@id":"https:\/\/www.focus.cat\/#website"},"primaryImageOfPage":{"@id":"https:\/\/www.focus.cat\/en\/alegria-says-goodbye-to-barcelona\/#primaryimage"},"image":{"@id":"https:\/\/www.focus.cat\/en\/alegria-says-goodbye-to-barcelona\/#primaryimage"},"thumbnailUrl":"https:\/\/www.focus.cat\/wp-content\/uploads\/2024\/05\/A-Banners-Nativo-Fotos-1067x600-1.jpg","datePublished":"2024-05-21T13:23:05+00:00","inLanguage":"ca","potentialAction":[{"@type":"ReadAction","target":["https:\/\/www.focus.cat\/en\/alegria-says-goodbye-to-barcelona\/"]}]},{"@type":"ImageObject","inLanguage":"ca","@id":"https:\/\/www.focus.cat\/en\/alegria-says-goodbye-to-barcelona\/#primaryimage","url":"https:\/\/www.focus.cat\/wp-content\/uploads\/2024\/05\/A-Banners-Nativo-Fotos-1067x600-1.jpg","contentUrl":"https:\/\/www.focus.cat\/wp-content\/uploads\/2024\/05\/A-Banners-Nativo-Fotos-1067x600-1.jpg","width":1067,"height":600},{"@type":"WebSite","@id":"https:\/\/www.focus.cat\/#website","url":"https:\/\/www.focus.cat\/","name":"Focus","description":"","publisher":{"@id":"https:\/\/www.focus.cat\/#organization"},"potentialAction":[{"@type":"SearchAction","target":{"@type":"EntryPoint","urlTemplate":"https:\/\/www.focus.cat\/?s={search_term_string}"},"query-input":{"@type":"PropertyValueSpecification","valueRequired":true,"valueName":"search_term_string"}}],"inLanguage":"ca"},{"@type":"Organization","@id":"https:\/\/www.focus.cat\/#organization","name":"Focus","url":"https:\/\/www.focus.cat\/","logo":{"@type":"ImageObject","inLanguage":"ca","@id":"https:\/\/www.focus.cat\/#\/schema\/logo\/image\/","url":"https:\/\/www.focus.cat\/wp-content\/uploads\/2022\/01\/logo-focus-any-35.svg","contentUrl":"https:\/\/www.focus.cat\/wp-content\/uploads\/2022\/01\/logo-focus-any-35.svg","width":1,"height":1,"caption":"Focus"},"image":{"@id":"https:\/\/www.focus.cat\/#\/schema\/logo\/image\/"}},{"@type":"Person","@id":"https:\/\/www.focus.cat\/#\/schema\/person\/45cbcf79c7b3047ca01818c50e607a32","name":"Brenda Becker","image":{"@type":"ImageObject","inLanguage":"ca","@id":"https:\/\/secure.gravatar.com\/avatar\/bf45b1ffca36f0e2b6cbeb689cead579b5275b1489889a25ac0e66115dfb28c7?s=96&d=mm&r=g","url":"https:\/\/secure.gravatar.com\/avatar\/bf45b1ffca36f0e2b6cbeb689cead579b5275b1489889a25ac0e66115dfb28c7?s=96&d=mm&r=g","contentUrl":"https:\/\/secure.gravatar.com\/avatar\/bf45b1ffca36f0e2b6cbeb689cead579b5275b1489889a25ac0e66115dfb28c7?s=96&d=mm&r=g","caption":"Brenda Becker"},"url":"https:\/\/www.focus.cat\/author\/brenda-becker\/"}]}},"_links":{"self":[{"href":"https:\/\/www.focus.cat\/wp-json\/wp\/v2\/posts\/17658","targetHints":{"allow":["GET"]}}],"collection":[{"href":"https:\/\/www.focus.cat\/wp-json\/wp\/v2\/posts"}],"about":[{"href":"https:\/\/www.focus.cat\/wp-json\/wp\/v2\/types\/post"}],"author":[{"embeddable":true,"href":"https:\/\/www.focus.cat\/wp-json\/wp\/v2\/users\/16"}],"replies":[{"embeddable":true,"href":"https:\/\/www.focus.cat\/wp-json\/wp\/v2\/comments?post=17658"}],"version-history":[{"count":0,"href":"https:\/\/www.focus.cat\/wp-json\/wp\/v2\/posts\/17658\/revisions"}],"wp:featuredmedia":[{"embeddable":true,"href":"https:\/\/www.focus.cat\/wp-json\/wp\/v2\/media\/17653"}],"wp:attachment":[{"href":"https:\/\/www.focus.cat\/wp-json\/wp\/v2\/media?parent=17658"}],"wp:term":[{"taxonomy":"category","embeddable":true,"href":"https:\/\/www.focus.cat\/wp-json\/wp\/v2\/categories?post=17658"}],"curies":[{"name":"wp","href":"https:\/\/api.w.org\/{rel}","templated":true}]}}