{"id":20903,"date":"2024-12-20T10:15:42","date_gmt":"2024-12-20T10:15:42","guid":{"rendered":"https:\/\/www.focus.cat\/?p=20903"},"modified":"2024-12-20T10:18:13","modified_gmt":"2024-12-20T10:18:13","slug":"la-presencia-arrives-at-la-villarroel","status":"publish","type":"post","link":"https:\/\/www.focus.cat\/en\/la-presencia-arrives-at-la-villarroel\/","title":{"rendered":"La pres\u00e8ncia Arrives at La Villarroel"},"content":{"rendered":"<p>The new production by Sixto Paz, written by Carmen Marf\u00e0 and Yago Alonso, creators of hits like Ovelles and <em>La pell fina<\/em>, and directed by Pau Carri\u00f3 (<em>Cost de vida, Elling<\/em>), arrives at La Villarroel.<\/p>\n<p>The play, which takes place on a stormy night filled with adrenaline and comedy where the ghosts of a family come to light, stars Anna Sahun, Pau Roca, Marc Rodr\u00edguez, and Nausicaa Bonn\u00edn.<\/p>\n<p>In <em>La pres\u00e8ncia<\/em>, we meet Ernest and Sandra, who are at their father\u2019s farmhouse to accompany him during his final hours. Miki, Sandra\u2019s partner, is also there to support them. While the siblings, who don\u2019t have much of a relationship, catch up, the doctor from the local clinic arrives to check on him. Just minutes later, Climent dies. What none of them expects is for the bell he used to call them to ring again. If their father is dead, who rang it?<\/p>\n<p>A series of confessions and hidden truths begin to surface\u2014among the siblings, within the couple, and even involving the doctor, who reveals a side of Climent\u2019s past none of them knew about.<\/p>\n","protected":false},"excerpt":{"rendered":"<p>The new production by Sixto Paz, written by Carmen Marf\u00e0 and Yago Alonso, creators of hits like Ovelles and La pell fina, and directed by Pau Carri\u00f3 (Cost de vida, Elling), arrives at La Villarroel. The play, which takes place on a stormy night filled with adrenaline and comedy where the ghosts of a family<a class=\"excerpt-read-more\" href=\"https:\/\/www.focus.cat\/en\/la-presencia-arrives-at-la-villarroel\/\" title=\"LlegeixLa pres\u00e8ncia Arrives at La Villarroel\"> &#8230; Llegeix m\u00e9s<\/a><\/p>\n","protected":false},"author":16,"featured_media":20896,"comment_status":"closed","ping_status":"closed","sticky":false,"template":"","format":"standard","meta":{"_acf_changed":false,"inline_featured_image":false,"footnotes":""},"categories":[3],"class_list":["post-20903","post","type-post","status-publish","format-standard","has-post-thumbnail","hentry","category-news"],"acf":[],"yoast_head":"<!-- This site is optimized with the Yoast SEO plugin v27.4 - https:\/\/yoast.com\/product\/yoast-seo-wordpress\/ -->\n<title>La pres\u00e8ncia Arrives at La Villarroel - Focus<\/title>\n<meta name=\"robots\" content=\"index, follow, max-snippet:-1, max-image-preview:large, max-video-preview:-1\" \/>\n<link rel=\"canonical\" href=\"https:\/\/www.focus.cat\/la-presencia-arrives-at-la-villarroel\/\" \/>\n<meta property=\"og:locale\" content=\"ca_ES\" \/>\n<meta property=\"og:type\" content=\"article\" \/>\n<meta property=\"og:title\" content=\"La pres\u00e8ncia Arrives at La Villarroel - Focus\" \/>\n<meta property=\"og:description\" content=\"The new production by Sixto Paz, written by Carmen Marf\u00e0 and Yago Alonso, creators of hits like Ovelles and La pell fina, and directed by Pau Carri\u00f3 (Cost de vida, Elling), arrives at La Villarroel. The play, which takes place on a stormy night filled with adrenaline and comedy where the ghosts of a family ... Llegeix m\u00e9s\" \/>\n<meta property=\"og:url\" content=\"https:\/\/www.focus.cat\/en\/la-presencia-arrives-at-la-villarroel\/\" \/>\n<meta property=\"og:site_name\" content=\"Focus\" \/>\n<meta property=\"article:published_time\" content=\"2024-12-20T10:15:42+00:00\" \/>\n<meta property=\"article:modified_time\" content=\"2024-12-20T10:18:13+00:00\" \/>\n<meta property=\"og:image\" content=\"https:\/\/www.focus.cat\/wp-content\/uploads\/2024\/12\/Quadrat-la-presencia-villarroel-1.jpg\" \/>\n\t<meta property=\"og:image:width\" content=\"1080\" \/>\n\t<meta property=\"og:image:height\" content=\"1080\" \/>\n\t<meta property=\"og:image:type\" content=\"image\/jpeg\" \/>\n<meta name=\"author\" content=\"Brenda Becker\" \/>\n<meta name=\"twitter:card\" content=\"summary_large_image\" \/>\n<script type=\"application\/ld+json\" class=\"yoast-schema-graph\">{\"@context\":\"https:\\\/\\\/schema.org\",\"@graph\":[{\"@type\":\"Article\",\"@id\":\"https:\\\/\\\/www.focus.cat\\\/en\\\/la-presencia-arrives-at-la-villarroel\\\/#article\",\"isPartOf\":{\"@id\":\"https:\\\/\\\/www.focus.cat\\\/en\\\/la-presencia-arrives-at-la-villarroel\\\/\"},\"author\":{\"name\":\"Brenda Becker\",\"@id\":\"https:\\\/\\\/www.focus.cat\\\/#\\\/schema\\\/person\\\/45cbcf79c7b3047ca01818c50e607a32\"},\"headline\":\"La pres\u00e8ncia Arrives at La Villarroel\",\"datePublished\":\"2024-12-20T10:15:42+00:00\",\"dateModified\":\"2024-12-20T10:18:13+00:00\",\"mainEntityOfPage\":{\"@id\":\"https:\\\/\\\/www.focus.cat\\\/en\\\/la-presencia-arrives-at-la-villarroel\\\/\"},\"wordCount\":198,\"publisher\":{\"@id\":\"https:\\\/\\\/www.focus.cat\\\/#organization\"},\"image\":{\"@id\":\"https:\\\/\\\/www.focus.cat\\\/en\\\/la-presencia-arrives-at-la-villarroel\\\/#primaryimage\"},\"thumbnailUrl\":\"https:\\\/\\\/www.focus.cat\\\/wp-content\\\/uploads\\\/2024\\\/12\\\/Quadrat-la-presencia-villarroel-1.jpg\",\"articleSection\":[\"News\"],\"inLanguage\":\"ca\"},{\"@type\":\"WebPage\",\"@id\":\"https:\\\/\\\/www.focus.cat\\\/en\\\/la-presencia-arrives-at-la-villarroel\\\/\",\"url\":\"https:\\\/\\\/www.focus.cat\\\/en\\\/la-presencia-arrives-at-la-villarroel\\\/\",\"name\":\"La pres\u00e8ncia Arrives at La Villarroel - Focus\",\"isPartOf\":{\"@id\":\"https:\\\/\\\/www.focus.cat\\\/#website\"},\"primaryImageOfPage\":{\"@id\":\"https:\\\/\\\/www.focus.cat\\\/en\\\/la-presencia-arrives-at-la-villarroel\\\/#primaryimage\"},\"image\":{\"@id\":\"https:\\\/\\\/www.focus.cat\\\/en\\\/la-presencia-arrives-at-la-villarroel\\\/#primaryimage\"},\"thumbnailUrl\":\"https:\\\/\\\/www.focus.cat\\\/wp-content\\\/uploads\\\/2024\\\/12\\\/Quadrat-la-presencia-villarroel-1.jpg\",\"datePublished\":\"2024-12-20T10:15:42+00:00\",\"dateModified\":\"2024-12-20T10:18:13+00:00\",\"inLanguage\":\"ca\",\"potentialAction\":[{\"@type\":\"ReadAction\",\"target\":[\"https:\\\/\\\/www.focus.cat\\\/en\\\/la-presencia-arrives-at-la-villarroel\\\/\"]}]},{\"@type\":\"ImageObject\",\"inLanguage\":\"ca\",\"@id\":\"https:\\\/\\\/www.focus.cat\\\/en\\\/la-presencia-arrives-at-la-villarroel\\\/#primaryimage\",\"url\":\"https:\\\/\\\/www.focus.cat\\\/wp-content\\\/uploads\\\/2024\\\/12\\\/Quadrat-la-presencia-villarroel-1.jpg\",\"contentUrl\":\"https:\\\/\\\/www.focus.cat\\\/wp-content\\\/uploads\\\/2024\\\/12\\\/Quadrat-la-presencia-villarroel-1.jpg\",\"width\":1080,\"height\":1080},{\"@type\":\"WebSite\",\"@id\":\"https:\\\/\\\/www.focus.cat\\\/#website\",\"url\":\"https:\\\/\\\/www.focus.cat\\\/\",\"name\":\"Focus\",\"description\":\"\",\"publisher\":{\"@id\":\"https:\\\/\\\/www.focus.cat\\\/#organization\"},\"potentialAction\":[{\"@type\":\"SearchAction\",\"target\":{\"@type\":\"EntryPoint\",\"urlTemplate\":\"https:\\\/\\\/www.focus.cat\\\/?s={search_term_string}\"},\"query-input\":{\"@type\":\"PropertyValueSpecification\",\"valueRequired\":true,\"valueName\":\"search_term_string\"}}],\"inLanguage\":\"ca\"},{\"@type\":\"Organization\",\"@id\":\"https:\\\/\\\/www.focus.cat\\\/#organization\",\"name\":\"Focus\",\"url\":\"https:\\\/\\\/www.focus.cat\\\/\",\"logo\":{\"@type\":\"ImageObject\",\"inLanguage\":\"ca\",\"@id\":\"https:\\\/\\\/www.focus.cat\\\/#\\\/schema\\\/logo\\\/image\\\/\",\"url\":\"https:\\\/\\\/www.focus.cat\\\/wp-content\\\/uploads\\\/2022\\\/01\\\/logo-focus-any-35.svg\",\"contentUrl\":\"https:\\\/\\\/www.focus.cat\\\/wp-content\\\/uploads\\\/2022\\\/01\\\/logo-focus-any-35.svg\",\"width\":1,\"height\":1,\"caption\":\"Focus\"},\"image\":{\"@id\":\"https:\\\/\\\/www.focus.cat\\\/#\\\/schema\\\/logo\\\/image\\\/\"}},{\"@type\":\"Person\",\"@id\":\"https:\\\/\\\/www.focus.cat\\\/#\\\/schema\\\/person\\\/45cbcf79c7b3047ca01818c50e607a32\",\"name\":\"Brenda Becker\",\"image\":{\"@type\":\"ImageObject\",\"inLanguage\":\"ca\",\"@id\":\"https:\\\/\\\/secure.gravatar.com\\\/avatar\\\/bf45b1ffca36f0e2b6cbeb689cead579b5275b1489889a25ac0e66115dfb28c7?s=96&d=mm&r=g\",\"url\":\"https:\\\/\\\/secure.gravatar.com\\\/avatar\\\/bf45b1ffca36f0e2b6cbeb689cead579b5275b1489889a25ac0e66115dfb28c7?s=96&d=mm&r=g\",\"contentUrl\":\"https:\\\/\\\/secure.gravatar.com\\\/avatar\\\/bf45b1ffca36f0e2b6cbeb689cead579b5275b1489889a25ac0e66115dfb28c7?s=96&d=mm&r=g\",\"caption\":\"Brenda Becker\"},\"url\":\"https:\\\/\\\/www.focus.cat\\\/author\\\/brenda-becker\\\/\"}]}<\/script>\n<!-- \/ Yoast SEO plugin. -->","yoast_head_json":{"title":"La pres\u00e8ncia Arrives at La Villarroel - Focus","robots":{"index":"index","follow":"follow","max-snippet":"max-snippet:-1","max-image-preview":"max-image-preview:large","max-video-preview":"max-video-preview:-1"},"canonical":"https:\/\/www.focus.cat\/la-presencia-arrives-at-la-villarroel\/","og_locale":"ca_ES","og_type":"article","og_title":"La pres\u00e8ncia Arrives at La Villarroel - Focus","og_description":"The new production by Sixto Paz, written by Carmen Marf\u00e0 and Yago Alonso, creators of hits like Ovelles and La pell fina, and directed by Pau Carri\u00f3 (Cost de vida, Elling), arrives at La Villarroel. The play, which takes place on a stormy night filled with adrenaline and comedy where the ghosts of a family ... Llegeix m\u00e9s","og_url":"https:\/\/www.focus.cat\/en\/la-presencia-arrives-at-la-villarroel\/","og_site_name":"Focus","article_published_time":"2024-12-20T10:15:42+00:00","article_modified_time":"2024-12-20T10:18:13+00:00","og_image":[{"width":1080,"height":1080,"url":"https:\/\/www.focus.cat\/wp-content\/uploads\/2024\/12\/Quadrat-la-presencia-villarroel-1.jpg","type":"image\/jpeg"}],"author":"Brenda Becker","twitter_card":"summary_large_image","schema":{"@context":"https:\/\/schema.org","@graph":[{"@type":"Article","@id":"https:\/\/www.focus.cat\/en\/la-presencia-arrives-at-la-villarroel\/#article","isPartOf":{"@id":"https:\/\/www.focus.cat\/en\/la-presencia-arrives-at-la-villarroel\/"},"author":{"name":"Brenda Becker","@id":"https:\/\/www.focus.cat\/#\/schema\/person\/45cbcf79c7b3047ca01818c50e607a32"},"headline":"La pres\u00e8ncia Arrives at La Villarroel","datePublished":"2024-12-20T10:15:42+00:00","dateModified":"2024-12-20T10:18:13+00:00","mainEntityOfPage":{"@id":"https:\/\/www.focus.cat\/en\/la-presencia-arrives-at-la-villarroel\/"},"wordCount":198,"publisher":{"@id":"https:\/\/www.focus.cat\/#organization"},"image":{"@id":"https:\/\/www.focus.cat\/en\/la-presencia-arrives-at-la-villarroel\/#primaryimage"},"thumbnailUrl":"https:\/\/www.focus.cat\/wp-content\/uploads\/2024\/12\/Quadrat-la-presencia-villarroel-1.jpg","articleSection":["News"],"inLanguage":"ca"},{"@type":"WebPage","@id":"https:\/\/www.focus.cat\/en\/la-presencia-arrives-at-la-villarroel\/","url":"https:\/\/www.focus.cat\/en\/la-presencia-arrives-at-la-villarroel\/","name":"La pres\u00e8ncia Arrives at La Villarroel - Focus","isPartOf":{"@id":"https:\/\/www.focus.cat\/#website"},"primaryImageOfPage":{"@id":"https:\/\/www.focus.cat\/en\/la-presencia-arrives-at-la-villarroel\/#primaryimage"},"image":{"@id":"https:\/\/www.focus.cat\/en\/la-presencia-arrives-at-la-villarroel\/#primaryimage"},"thumbnailUrl":"https:\/\/www.focus.cat\/wp-content\/uploads\/2024\/12\/Quadrat-la-presencia-villarroel-1.jpg","datePublished":"2024-12-20T10:15:42+00:00","dateModified":"2024-12-20T10:18:13+00:00","inLanguage":"ca","potentialAction":[{"@type":"ReadAction","target":["https:\/\/www.focus.cat\/en\/la-presencia-arrives-at-la-villarroel\/"]}]},{"@type":"ImageObject","inLanguage":"ca","@id":"https:\/\/www.focus.cat\/en\/la-presencia-arrives-at-la-villarroel\/#primaryimage","url":"https:\/\/www.focus.cat\/wp-content\/uploads\/2024\/12\/Quadrat-la-presencia-villarroel-1.jpg","contentUrl":"https:\/\/www.focus.cat\/wp-content\/uploads\/2024\/12\/Quadrat-la-presencia-villarroel-1.jpg","width":1080,"height":1080},{"@type":"WebSite","@id":"https:\/\/www.focus.cat\/#website","url":"https:\/\/www.focus.cat\/","name":"Focus","description":"","publisher":{"@id":"https:\/\/www.focus.cat\/#organization"},"potentialAction":[{"@type":"SearchAction","target":{"@type":"EntryPoint","urlTemplate":"https:\/\/www.focus.cat\/?s={search_term_string}"},"query-input":{"@type":"PropertyValueSpecification","valueRequired":true,"valueName":"search_term_string"}}],"inLanguage":"ca"},{"@type":"Organization","@id":"https:\/\/www.focus.cat\/#organization","name":"Focus","url":"https:\/\/www.focus.cat\/","logo":{"@type":"ImageObject","inLanguage":"ca","@id":"https:\/\/www.focus.cat\/#\/schema\/logo\/image\/","url":"https:\/\/www.focus.cat\/wp-content\/uploads\/2022\/01\/logo-focus-any-35.svg","contentUrl":"https:\/\/www.focus.cat\/wp-content\/uploads\/2022\/01\/logo-focus-any-35.svg","width":1,"height":1,"caption":"Focus"},"image":{"@id":"https:\/\/www.focus.cat\/#\/schema\/logo\/image\/"}},{"@type":"Person","@id":"https:\/\/www.focus.cat\/#\/schema\/person\/45cbcf79c7b3047ca01818c50e607a32","name":"Brenda Becker","image":{"@type":"ImageObject","inLanguage":"ca","@id":"https:\/\/secure.gravatar.com\/avatar\/bf45b1ffca36f0e2b6cbeb689cead579b5275b1489889a25ac0e66115dfb28c7?s=96&d=mm&r=g","url":"https:\/\/secure.gravatar.com\/avatar\/bf45b1ffca36f0e2b6cbeb689cead579b5275b1489889a25ac0e66115dfb28c7?s=96&d=mm&r=g","contentUrl":"https:\/\/secure.gravatar.com\/avatar\/bf45b1ffca36f0e2b6cbeb689cead579b5275b1489889a25ac0e66115dfb28c7?s=96&d=mm&r=g","caption":"Brenda Becker"},"url":"https:\/\/www.focus.cat\/author\/brenda-becker\/"}]}},"_links":{"self":[{"href":"https:\/\/www.focus.cat\/wp-json\/wp\/v2\/posts\/20903","targetHints":{"allow":["GET"]}}],"collection":[{"href":"https:\/\/www.focus.cat\/wp-json\/wp\/v2\/posts"}],"about":[{"href":"https:\/\/www.focus.cat\/wp-json\/wp\/v2\/types\/post"}],"author":[{"embeddable":true,"href":"https:\/\/www.focus.cat\/wp-json\/wp\/v2\/users\/16"}],"replies":[{"embeddable":true,"href":"https:\/\/www.focus.cat\/wp-json\/wp\/v2\/comments?post=20903"}],"version-history":[{"count":0,"href":"https:\/\/www.focus.cat\/wp-json\/wp\/v2\/posts\/20903\/revisions"}],"wp:featuredmedia":[{"embeddable":true,"href":"https:\/\/www.focus.cat\/wp-json\/wp\/v2\/media\/20896"}],"wp:attachment":[{"href":"https:\/\/www.focus.cat\/wp-json\/wp\/v2\/media?parent=20903"}],"wp:term":[{"taxonomy":"category","embeddable":true,"href":"https:\/\/www.focus.cat\/wp-json\/wp\/v2\/categories?post=20903"}],"curies":[{"name":"wp","href":"https:\/\/api.w.org\/{rel}","templated":true}]}}