{"id":21215,"date":"2025-01-15T09:18:08","date_gmt":"2025-01-15T09:18:08","guid":{"rendered":"https:\/\/www.focus.cat\/?p=21215"},"modified":"2025-01-15T09:18:08","modified_gmt":"2025-01-15T09:18:08","slug":"gold-medal-of-the-academia-de-las-artes-escenicas-for-the-teatre-romea","status":"publish","type":"post","link":"https:\/\/www.focus.cat\/en\/gold-medal-of-the-academia-de-las-artes-escenicas-for-the-teatre-romea\/","title":{"rendered":"Gold Medal of the Academia de las Artes Esc\u00e9nicas for the Teatre Romea"},"content":{"rendered":"<p>The Teatre Romea has been awarded the Gold Medal of the Academia de las Artes Esc\u00e9nicas de Espa\u00f1a, a prize that recognizes initiatives striving for excellence and dignity in all performing arts professions.<\/p>\n<p>The awards ceremony took place on Monday, January 13, at the Teatro Calder\u00f3n in Valladolid, after the institution decided to postpone it last November in solidarity with those affected by the DANA tragedy.<\/p>\n<p>Alongside the Teatre Romea in Barcelona, the award was also given to the Teatro Palacio Vald\u00e9s in Avil\u00e9s, the Teatro del Soho CaixaBank in M\u00e1laga, the Palacio de Bellas Artes in Mexico City, the Andalusian company La Zaranda, and the Ibero-American Festival of the Golden Age of the Community of Madrid, Cl\u00e1sicos en Alcal\u00e1.<\/p>\n<p>Academy members Manuela Velasco and Paco Mir hosted the event from the stage of the Teatro Calder\u00f3n in Valladolid, accompanied by the institution\u2019s president, Cayetana Guill\u00e9n-Cuervo.<\/p>\n<p><img decoding=\"async\" class=\"size-large wp-image-21210 aligncenter\" src=\"https:\/\/www.focus.cat\/wp-content\/uploads\/2025\/01\/HORITZONTAL-WEB-FOCUS-10-1124x632.jpg\" alt=\"\" width=\"1024\" height=\"576\" srcset=\"https:\/\/www.focus.cat\/wp-content\/uploads\/2025\/01\/HORITZONTAL-WEB-FOCUS-10-1124x632.jpg 1124w, https:\/\/www.focus.cat\/wp-content\/uploads\/2025\/01\/HORITZONTAL-WEB-FOCUS-10-300x169.jpg 300w, https:\/\/www.focus.cat\/wp-content\/uploads\/2025\/01\/HORITZONTAL-WEB-FOCUS-10-150x84.jpg 150w, https:\/\/www.focus.cat\/wp-content\/uploads\/2025\/01\/HORITZONTAL-WEB-FOCUS-10-800x450.jpg 800w, https:\/\/www.focus.cat\/wp-content\/uploads\/2025\/01\/HORITZONTAL-WEB-FOCUS-10-1536x864.jpg 1536w, https:\/\/www.focus.cat\/wp-content\/uploads\/2025\/01\/HORITZONTAL-WEB-FOCUS-10-2048x1152.jpg 2048w, https:\/\/www.focus.cat\/wp-content\/uploads\/2025\/01\/HORITZONTAL-WEB-FOCUS-10-1500x844.jpg 1500w\" sizes=\"(max-width: 1024px) 100vw, 1024px\" \/><\/p>\n","protected":false},"excerpt":{"rendered":"<p>The Teatre Romea has been awarded the Gold Medal of the Academia de las Artes Esc\u00e9nicas de Espa\u00f1a, a prize that recognizes initiatives striving for excellence and dignity in all performing arts professions. The awards ceremony took place on Monday, January 13, at the Teatro Calder\u00f3n in Valladolid, after the institution decided to postpone it<a class=\"excerpt-read-more\" href=\"https:\/\/www.focus.cat\/en\/gold-medal-of-the-academia-de-las-artes-escenicas-for-the-teatre-romea\/\" title=\"LlegeixGold Medal of the Academia de las Artes Esc\u00e9nicas for the Teatre Romea\"> &#8230; Llegeix m\u00e9s<\/a><\/p>\n","protected":false},"author":16,"featured_media":21207,"comment_status":"closed","ping_status":"closed","sticky":false,"template":"","format":"standard","meta":{"_acf_changed":false,"inline_featured_image":false,"footnotes":""},"categories":[3],"class_list":["post-21215","post","type-post","status-publish","format-standard","has-post-thumbnail","hentry","category-news"],"acf":[],"yoast_head":"<!-- This site is optimized with the Yoast SEO plugin v27.4 - https:\/\/yoast.com\/product\/yoast-seo-wordpress\/ -->\n<title>Gold Medal of the Academia de las Artes Esc\u00e9nicas for the Teatre Romea - Focus<\/title>\n<meta name=\"robots\" content=\"index, follow, max-snippet:-1, max-image-preview:large, max-video-preview:-1\" \/>\n<link rel=\"canonical\" href=\"https:\/\/www.focus.cat\/gold-medal-of-the-academia-de-las-artes-escenicas-for-the-teatre-romea\/\" \/>\n<meta property=\"og:locale\" content=\"ca_ES\" \/>\n<meta property=\"og:type\" content=\"article\" \/>\n<meta property=\"og:title\" content=\"Gold Medal of the Academia de las Artes Esc\u00e9nicas for the Teatre Romea - Focus\" \/>\n<meta property=\"og:description\" content=\"The Teatre Romea has been awarded the Gold Medal of the Academia de las Artes Esc\u00e9nicas de Espa\u00f1a, a prize that recognizes initiatives striving for excellence and dignity in all performing arts professions. The awards ceremony took place on Monday, January 13, at the Teatro Calder\u00f3n in Valladolid, after the institution decided to postpone it ... Llegeix m\u00e9s\" \/>\n<meta property=\"og:url\" content=\"https:\/\/www.focus.cat\/en\/gold-medal-of-the-academia-de-las-artes-escenicas-for-the-teatre-romea\/\" \/>\n<meta property=\"og:site_name\" content=\"Focus\" \/>\n<meta property=\"article:published_time\" content=\"2025-01-15T09:18:08+00:00\" \/>\n<meta property=\"og:image\" content=\"https:\/\/www.focus.cat\/wp-content\/uploads\/2025\/01\/QUADRAT-WEB-FOCUS-19-scaled.jpg\" \/>\n\t<meta property=\"og:image:width\" content=\"2560\" \/>\n\t<meta property=\"og:image:height\" content=\"2560\" \/>\n\t<meta property=\"og:image:type\" content=\"image\/jpeg\" \/>\n<meta name=\"author\" content=\"Brenda Becker\" \/>\n<meta name=\"twitter:card\" content=\"summary_large_image\" \/>\n<script type=\"application\/ld+json\" class=\"yoast-schema-graph\">{\"@context\":\"https:\\\/\\\/schema.org\",\"@graph\":[{\"@type\":\"Article\",\"@id\":\"https:\\\/\\\/www.focus.cat\\\/en\\\/gold-medal-of-the-academia-de-las-artes-escenicas-for-the-teatre-romea\\\/#article\",\"isPartOf\":{\"@id\":\"https:\\\/\\\/www.focus.cat\\\/en\\\/gold-medal-of-the-academia-de-las-artes-escenicas-for-the-teatre-romea\\\/\"},\"author\":{\"name\":\"Brenda Becker\",\"@id\":\"https:\\\/\\\/www.focus.cat\\\/#\\\/schema\\\/person\\\/45cbcf79c7b3047ca01818c50e607a32\"},\"headline\":\"Gold Medal of the Academia de las Artes Esc\u00e9nicas for the Teatre Romea\",\"datePublished\":\"2025-01-15T09:18:08+00:00\",\"mainEntityOfPage\":{\"@id\":\"https:\\\/\\\/www.focus.cat\\\/en\\\/gold-medal-of-the-academia-de-las-artes-escenicas-for-the-teatre-romea\\\/\"},\"wordCount\":169,\"publisher\":{\"@id\":\"https:\\\/\\\/www.focus.cat\\\/#organization\"},\"image\":{\"@id\":\"https:\\\/\\\/www.focus.cat\\\/en\\\/gold-medal-of-the-academia-de-las-artes-escenicas-for-the-teatre-romea\\\/#primaryimage\"},\"thumbnailUrl\":\"https:\\\/\\\/www.focus.cat\\\/wp-content\\\/uploads\\\/2025\\\/01\\\/QUADRAT-WEB-FOCUS-19-scaled.jpg\",\"articleSection\":[\"News\"],\"inLanguage\":\"ca\"},{\"@type\":\"WebPage\",\"@id\":\"https:\\\/\\\/www.focus.cat\\\/en\\\/gold-medal-of-the-academia-de-las-artes-escenicas-for-the-teatre-romea\\\/\",\"url\":\"https:\\\/\\\/www.focus.cat\\\/en\\\/gold-medal-of-the-academia-de-las-artes-escenicas-for-the-teatre-romea\\\/\",\"name\":\"Gold Medal of the Academia de las Artes Esc\u00e9nicas for the Teatre Romea - Focus\",\"isPartOf\":{\"@id\":\"https:\\\/\\\/www.focus.cat\\\/#website\"},\"primaryImageOfPage\":{\"@id\":\"https:\\\/\\\/www.focus.cat\\\/en\\\/gold-medal-of-the-academia-de-las-artes-escenicas-for-the-teatre-romea\\\/#primaryimage\"},\"image\":{\"@id\":\"https:\\\/\\\/www.focus.cat\\\/en\\\/gold-medal-of-the-academia-de-las-artes-escenicas-for-the-teatre-romea\\\/#primaryimage\"},\"thumbnailUrl\":\"https:\\\/\\\/www.focus.cat\\\/wp-content\\\/uploads\\\/2025\\\/01\\\/QUADRAT-WEB-FOCUS-19-scaled.jpg\",\"datePublished\":\"2025-01-15T09:18:08+00:00\",\"inLanguage\":\"ca\",\"potentialAction\":[{\"@type\":\"ReadAction\",\"target\":[\"https:\\\/\\\/www.focus.cat\\\/en\\\/gold-medal-of-the-academia-de-las-artes-escenicas-for-the-teatre-romea\\\/\"]}]},{\"@type\":\"ImageObject\",\"inLanguage\":\"ca\",\"@id\":\"https:\\\/\\\/www.focus.cat\\\/en\\\/gold-medal-of-the-academia-de-las-artes-escenicas-for-the-teatre-romea\\\/#primaryimage\",\"url\":\"https:\\\/\\\/www.focus.cat\\\/wp-content\\\/uploads\\\/2025\\\/01\\\/QUADRAT-WEB-FOCUS-19-scaled.jpg\",\"contentUrl\":\"https:\\\/\\\/www.focus.cat\\\/wp-content\\\/uploads\\\/2025\\\/01\\\/QUADRAT-WEB-FOCUS-19-scaled.jpg\",\"width\":2560,\"height\":2560},{\"@type\":\"WebSite\",\"@id\":\"https:\\\/\\\/www.focus.cat\\\/#website\",\"url\":\"https:\\\/\\\/www.focus.cat\\\/\",\"name\":\"Focus\",\"description\":\"\",\"publisher\":{\"@id\":\"https:\\\/\\\/www.focus.cat\\\/#organization\"},\"potentialAction\":[{\"@type\":\"SearchAction\",\"target\":{\"@type\":\"EntryPoint\",\"urlTemplate\":\"https:\\\/\\\/www.focus.cat\\\/?s={search_term_string}\"},\"query-input\":{\"@type\":\"PropertyValueSpecification\",\"valueRequired\":true,\"valueName\":\"search_term_string\"}}],\"inLanguage\":\"ca\"},{\"@type\":\"Organization\",\"@id\":\"https:\\\/\\\/www.focus.cat\\\/#organization\",\"name\":\"Focus\",\"url\":\"https:\\\/\\\/www.focus.cat\\\/\",\"logo\":{\"@type\":\"ImageObject\",\"inLanguage\":\"ca\",\"@id\":\"https:\\\/\\\/www.focus.cat\\\/#\\\/schema\\\/logo\\\/image\\\/\",\"url\":\"https:\\\/\\\/www.focus.cat\\\/wp-content\\\/uploads\\\/2022\\\/01\\\/logo-focus-any-35.svg\",\"contentUrl\":\"https:\\\/\\\/www.focus.cat\\\/wp-content\\\/uploads\\\/2022\\\/01\\\/logo-focus-any-35.svg\",\"width\":1,\"height\":1,\"caption\":\"Focus\"},\"image\":{\"@id\":\"https:\\\/\\\/www.focus.cat\\\/#\\\/schema\\\/logo\\\/image\\\/\"}},{\"@type\":\"Person\",\"@id\":\"https:\\\/\\\/www.focus.cat\\\/#\\\/schema\\\/person\\\/45cbcf79c7b3047ca01818c50e607a32\",\"name\":\"Brenda Becker\",\"image\":{\"@type\":\"ImageObject\",\"inLanguage\":\"ca\",\"@id\":\"https:\\\/\\\/secure.gravatar.com\\\/avatar\\\/bf45b1ffca36f0e2b6cbeb689cead579b5275b1489889a25ac0e66115dfb28c7?s=96&d=mm&r=g\",\"url\":\"https:\\\/\\\/secure.gravatar.com\\\/avatar\\\/bf45b1ffca36f0e2b6cbeb689cead579b5275b1489889a25ac0e66115dfb28c7?s=96&d=mm&r=g\",\"contentUrl\":\"https:\\\/\\\/secure.gravatar.com\\\/avatar\\\/bf45b1ffca36f0e2b6cbeb689cead579b5275b1489889a25ac0e66115dfb28c7?s=96&d=mm&r=g\",\"caption\":\"Brenda Becker\"},\"url\":\"https:\\\/\\\/www.focus.cat\\\/author\\\/brenda-becker\\\/\"}]}<\/script>\n<!-- \/ Yoast SEO plugin. -->","yoast_head_json":{"title":"Gold Medal of the Academia de las Artes Esc\u00e9nicas for the Teatre Romea - Focus","robots":{"index":"index","follow":"follow","max-snippet":"max-snippet:-1","max-image-preview":"max-image-preview:large","max-video-preview":"max-video-preview:-1"},"canonical":"https:\/\/www.focus.cat\/gold-medal-of-the-academia-de-las-artes-escenicas-for-the-teatre-romea\/","og_locale":"ca_ES","og_type":"article","og_title":"Gold Medal of the Academia de las Artes Esc\u00e9nicas for the Teatre Romea - Focus","og_description":"The Teatre Romea has been awarded the Gold Medal of the Academia de las Artes Esc\u00e9nicas de Espa\u00f1a, a prize that recognizes initiatives striving for excellence and dignity in all performing arts professions. The awards ceremony took place on Monday, January 13, at the Teatro Calder\u00f3n in Valladolid, after the institution decided to postpone it ... Llegeix m\u00e9s","og_url":"https:\/\/www.focus.cat\/en\/gold-medal-of-the-academia-de-las-artes-escenicas-for-the-teatre-romea\/","og_site_name":"Focus","article_published_time":"2025-01-15T09:18:08+00:00","og_image":[{"width":2560,"height":2560,"url":"https:\/\/www.focus.cat\/wp-content\/uploads\/2025\/01\/QUADRAT-WEB-FOCUS-19-scaled.jpg","type":"image\/jpeg"}],"author":"Brenda Becker","twitter_card":"summary_large_image","schema":{"@context":"https:\/\/schema.org","@graph":[{"@type":"Article","@id":"https:\/\/www.focus.cat\/en\/gold-medal-of-the-academia-de-las-artes-escenicas-for-the-teatre-romea\/#article","isPartOf":{"@id":"https:\/\/www.focus.cat\/en\/gold-medal-of-the-academia-de-las-artes-escenicas-for-the-teatre-romea\/"},"author":{"name":"Brenda Becker","@id":"https:\/\/www.focus.cat\/#\/schema\/person\/45cbcf79c7b3047ca01818c50e607a32"},"headline":"Gold Medal of the Academia de las Artes Esc\u00e9nicas for the Teatre Romea","datePublished":"2025-01-15T09:18:08+00:00","mainEntityOfPage":{"@id":"https:\/\/www.focus.cat\/en\/gold-medal-of-the-academia-de-las-artes-escenicas-for-the-teatre-romea\/"},"wordCount":169,"publisher":{"@id":"https:\/\/www.focus.cat\/#organization"},"image":{"@id":"https:\/\/www.focus.cat\/en\/gold-medal-of-the-academia-de-las-artes-escenicas-for-the-teatre-romea\/#primaryimage"},"thumbnailUrl":"https:\/\/www.focus.cat\/wp-content\/uploads\/2025\/01\/QUADRAT-WEB-FOCUS-19-scaled.jpg","articleSection":["News"],"inLanguage":"ca"},{"@type":"WebPage","@id":"https:\/\/www.focus.cat\/en\/gold-medal-of-the-academia-de-las-artes-escenicas-for-the-teatre-romea\/","url":"https:\/\/www.focus.cat\/en\/gold-medal-of-the-academia-de-las-artes-escenicas-for-the-teatre-romea\/","name":"Gold Medal of the Academia de las Artes Esc\u00e9nicas for the Teatre Romea - Focus","isPartOf":{"@id":"https:\/\/www.focus.cat\/#website"},"primaryImageOfPage":{"@id":"https:\/\/www.focus.cat\/en\/gold-medal-of-the-academia-de-las-artes-escenicas-for-the-teatre-romea\/#primaryimage"},"image":{"@id":"https:\/\/www.focus.cat\/en\/gold-medal-of-the-academia-de-las-artes-escenicas-for-the-teatre-romea\/#primaryimage"},"thumbnailUrl":"https:\/\/www.focus.cat\/wp-content\/uploads\/2025\/01\/QUADRAT-WEB-FOCUS-19-scaled.jpg","datePublished":"2025-01-15T09:18:08+00:00","inLanguage":"ca","potentialAction":[{"@type":"ReadAction","target":["https:\/\/www.focus.cat\/en\/gold-medal-of-the-academia-de-las-artes-escenicas-for-the-teatre-romea\/"]}]},{"@type":"ImageObject","inLanguage":"ca","@id":"https:\/\/www.focus.cat\/en\/gold-medal-of-the-academia-de-las-artes-escenicas-for-the-teatre-romea\/#primaryimage","url":"https:\/\/www.focus.cat\/wp-content\/uploads\/2025\/01\/QUADRAT-WEB-FOCUS-19-scaled.jpg","contentUrl":"https:\/\/www.focus.cat\/wp-content\/uploads\/2025\/01\/QUADRAT-WEB-FOCUS-19-scaled.jpg","width":2560,"height":2560},{"@type":"WebSite","@id":"https:\/\/www.focus.cat\/#website","url":"https:\/\/www.focus.cat\/","name":"Focus","description":"","publisher":{"@id":"https:\/\/www.focus.cat\/#organization"},"potentialAction":[{"@type":"SearchAction","target":{"@type":"EntryPoint","urlTemplate":"https:\/\/www.focus.cat\/?s={search_term_string}"},"query-input":{"@type":"PropertyValueSpecification","valueRequired":true,"valueName":"search_term_string"}}],"inLanguage":"ca"},{"@type":"Organization","@id":"https:\/\/www.focus.cat\/#organization","name":"Focus","url":"https:\/\/www.focus.cat\/","logo":{"@type":"ImageObject","inLanguage":"ca","@id":"https:\/\/www.focus.cat\/#\/schema\/logo\/image\/","url":"https:\/\/www.focus.cat\/wp-content\/uploads\/2022\/01\/logo-focus-any-35.svg","contentUrl":"https:\/\/www.focus.cat\/wp-content\/uploads\/2022\/01\/logo-focus-any-35.svg","width":1,"height":1,"caption":"Focus"},"image":{"@id":"https:\/\/www.focus.cat\/#\/schema\/logo\/image\/"}},{"@type":"Person","@id":"https:\/\/www.focus.cat\/#\/schema\/person\/45cbcf79c7b3047ca01818c50e607a32","name":"Brenda Becker","image":{"@type":"ImageObject","inLanguage":"ca","@id":"https:\/\/secure.gravatar.com\/avatar\/bf45b1ffca36f0e2b6cbeb689cead579b5275b1489889a25ac0e66115dfb28c7?s=96&d=mm&r=g","url":"https:\/\/secure.gravatar.com\/avatar\/bf45b1ffca36f0e2b6cbeb689cead579b5275b1489889a25ac0e66115dfb28c7?s=96&d=mm&r=g","contentUrl":"https:\/\/secure.gravatar.com\/avatar\/bf45b1ffca36f0e2b6cbeb689cead579b5275b1489889a25ac0e66115dfb28c7?s=96&d=mm&r=g","caption":"Brenda Becker"},"url":"https:\/\/www.focus.cat\/author\/brenda-becker\/"}]}},"_links":{"self":[{"href":"https:\/\/www.focus.cat\/wp-json\/wp\/v2\/posts\/21215","targetHints":{"allow":["GET"]}}],"collection":[{"href":"https:\/\/www.focus.cat\/wp-json\/wp\/v2\/posts"}],"about":[{"href":"https:\/\/www.focus.cat\/wp-json\/wp\/v2\/types\/post"}],"author":[{"embeddable":true,"href":"https:\/\/www.focus.cat\/wp-json\/wp\/v2\/users\/16"}],"replies":[{"embeddable":true,"href":"https:\/\/www.focus.cat\/wp-json\/wp\/v2\/comments?post=21215"}],"version-history":[{"count":0,"href":"https:\/\/www.focus.cat\/wp-json\/wp\/v2\/posts\/21215\/revisions"}],"wp:featuredmedia":[{"embeddable":true,"href":"https:\/\/www.focus.cat\/wp-json\/wp\/v2\/media\/21207"}],"wp:attachment":[{"href":"https:\/\/www.focus.cat\/wp-json\/wp\/v2\/media?parent=21215"}],"wp:term":[{"taxonomy":"category","embeddable":true,"href":"https:\/\/www.focus.cat\/wp-json\/wp\/v2\/categories?post=21215"}],"curies":[{"name":"wp","href":"https:\/\/api.w.org\/{rel}","templated":true}]}}