{"id":21350,"date":"2025-01-23T10:45:04","date_gmt":"2025-01-23T10:45:04","guid":{"rendered":"https:\/\/www.focus.cat\/?p=21350"},"modified":"2025-01-23T10:45:04","modified_gmt":"2025-01-23T10:45:04","slug":"focus-hosts-the-17th-edition-of-the-catalan-film-academys-gaudi-awards","status":"publish","type":"post","link":"https:\/\/www.focus.cat\/en\/focus-hosts-the-17th-edition-of-the-catalan-film-academys-gaudi-awards\/","title":{"rendered":"Focus hosts the 17th edition of the Catalan Film Academy&#8217;s Gaud\u00ed Awards"},"content":{"rendered":"<p>Focus&#8217;s Events Department has been responsible for the production and realization of the 17th edition of the Gaud\u00ed Awards, consolidating itself as a benchmark in the creation and execution of high-impact events. Year after year, this gala becomes one of the most eagerly awaited moments of Catalan cinema, and this year we have worked for months to offer a unique show, full of art and music in this celebration of the cinematographic talent of our country.<br \/>\nUnder the idea and direction of Daniel Angl\u00e8s, Roger Juli\u00e0 as assistant director, and the script by Carmen Marf\u00e0, the gala had a set designed by Sebasti\u00e0 Brosa and spectacular lighting by Xavi and Paula Costas. The evening was hosted by Paula Malia, Marc Clotet, Pep Ambr\u00f2s and Marta Torn\u00e9, with special interventions by Judit Martin.<br \/>\nOne of the key elements of this edition has been its artistic and musical commitment. The live performances of Ginest\u00e0, Figa Flawas and Grupis &amp; Killin&#8217; Cactuz have given the gala a vibrant and exciting rhythm, adding a distinctive touch to such a special night for Catalan cinema.<br \/>\nAt Focus, we are proud to have fully produced a gala of this magnitude, ensuring that every detail meets the expectations of a sector in constant evolution.<br \/>\nWith this new edition of the Gaud\u00ed Awards, we reaffirm our commitment to innovation and excellence in the production of events, making shows that shine as much as the cinema we celebrate a reality.<\/p>\n<p><img decoding=\"async\" class=\"size-large wp-image-21342 aligncenter\" src=\"https:\/\/www.focus.cat\/wp-content\/uploads\/2025\/01\/1-1-1124x749.jpg\" alt=\"\" width=\"1024\" height=\"682\" srcset=\"https:\/\/www.focus.cat\/wp-content\/uploads\/2025\/01\/1-1-1124x749.jpg 1124w, https:\/\/www.focus.cat\/wp-content\/uploads\/2025\/01\/1-1-300x200.jpg 300w, https:\/\/www.focus.cat\/wp-content\/uploads\/2025\/01\/1-1-150x100.jpg 150w, https:\/\/www.focus.cat\/wp-content\/uploads\/2025\/01\/1-1-800x533.jpg 800w, https:\/\/www.focus.cat\/wp-content\/uploads\/2025\/01\/1-1-1536x1024.jpg 1536w, https:\/\/www.focus.cat\/wp-content\/uploads\/2025\/01\/1-1-2048x1366.jpg 2048w, https:\/\/www.focus.cat\/wp-content\/uploads\/2025\/01\/1-1-1500x1000.jpg 1500w\" sizes=\"(max-width: 1024px) 100vw, 1024px\" \/><\/p>\n","protected":false},"excerpt":{"rendered":"<p>Focus&#8217;s Events Department has been responsible for the production and realization of the 17th edition of the Gaud\u00ed Awards, consolidating itself as a benchmark in the creation and execution of high-impact events. Year after year, this gala becomes one of the most eagerly awaited moments of Catalan cinema, and this year we have worked for<a class=\"excerpt-read-more\" href=\"https:\/\/www.focus.cat\/en\/focus-hosts-the-17th-edition-of-the-catalan-film-academys-gaudi-awards\/\" title=\"LlegeixFocus hosts the 17th edition of the Catalan Film Academy&#8217;s Gaud\u00ed Awards\"> &#8230; Llegeix m\u00e9s<\/a><\/p>\n","protected":false},"author":16,"featured_media":21342,"comment_status":"closed","ping_status":"closed","sticky":false,"template":"","format":"standard","meta":{"_acf_changed":false,"inline_featured_image":false,"footnotes":""},"categories":[35,3,33],"class_list":["post-21350","post","type-post","status-publish","format-standard","has-post-thumbnail","hentry","category-events","category-news","category-activities"],"acf":[],"yoast_head":"<!-- This site is optimized with the Yoast SEO plugin v27.4 - https:\/\/yoast.com\/product\/yoast-seo-wordpress\/ -->\n<title>Focus hosts the 17th edition of the Catalan Film Academy&#039;s Gaud\u00ed Awards - Focus<\/title>\n<meta name=\"robots\" content=\"index, follow, max-snippet:-1, max-image-preview:large, max-video-preview:-1\" \/>\n<link rel=\"canonical\" href=\"https:\/\/www.focus.cat\/focus-hosts-the-17th-edition-of-the-catalan-film-academys-gaudi-awards\/\" \/>\n<meta property=\"og:locale\" content=\"ca_ES\" \/>\n<meta property=\"og:type\" content=\"article\" \/>\n<meta property=\"og:title\" content=\"Focus hosts the 17th edition of the Catalan Film Academy&#039;s Gaud\u00ed Awards - Focus\" \/>\n<meta property=\"og:description\" content=\"Focus&#8217;s Events Department has been responsible for the production and realization of the 17th edition of the Gaud\u00ed Awards, consolidating itself as a benchmark in the creation and execution of high-impact events. Year after year, this gala becomes one of the most eagerly awaited moments of Catalan cinema, and this year we have worked for ... Llegeix m\u00e9s\" \/>\n<meta property=\"og:url\" content=\"https:\/\/www.focus.cat\/en\/focus-hosts-the-17th-edition-of-the-catalan-film-academys-gaudi-awards\/\" \/>\n<meta property=\"og:site_name\" content=\"Focus\" \/>\n<meta property=\"article:published_time\" content=\"2025-01-23T10:45:04+00:00\" \/>\n<meta property=\"og:image\" content=\"https:\/\/www.focus.cat\/wp-content\/uploads\/2025\/01\/1-1-scaled.jpg\" \/>\n\t<meta property=\"og:image:width\" content=\"2560\" \/>\n\t<meta property=\"og:image:height\" content=\"1707\" \/>\n\t<meta property=\"og:image:type\" content=\"image\/jpeg\" \/>\n<meta name=\"author\" content=\"Brenda Becker\" \/>\n<meta name=\"twitter:card\" content=\"summary_large_image\" \/>\n<script type=\"application\/ld+json\" class=\"yoast-schema-graph\">{\"@context\":\"https:\\\/\\\/schema.org\",\"@graph\":[{\"@type\":\"Article\",\"@id\":\"https:\\\/\\\/www.focus.cat\\\/en\\\/focus-hosts-the-17th-edition-of-the-catalan-film-academys-gaudi-awards\\\/#article\",\"isPartOf\":{\"@id\":\"https:\\\/\\\/www.focus.cat\\\/en\\\/focus-hosts-the-17th-edition-of-the-catalan-film-academys-gaudi-awards\\\/\"},\"author\":{\"name\":\"Brenda Becker\",\"@id\":\"https:\\\/\\\/www.focus.cat\\\/#\\\/schema\\\/person\\\/45cbcf79c7b3047ca01818c50e607a32\"},\"headline\":\"Focus hosts the 17th edition of the Catalan Film Academy&#8217;s Gaud\u00ed Awards\",\"datePublished\":\"2025-01-23T10:45:04+00:00\",\"mainEntityOfPage\":{\"@id\":\"https:\\\/\\\/www.focus.cat\\\/en\\\/focus-hosts-the-17th-edition-of-the-catalan-film-academys-gaudi-awards\\\/\"},\"wordCount\":257,\"publisher\":{\"@id\":\"https:\\\/\\\/www.focus.cat\\\/#organization\"},\"image\":{\"@id\":\"https:\\\/\\\/www.focus.cat\\\/en\\\/focus-hosts-the-17th-edition-of-the-catalan-film-academys-gaudi-awards\\\/#primaryimage\"},\"thumbnailUrl\":\"https:\\\/\\\/www.focus.cat\\\/wp-content\\\/uploads\\\/2025\\\/01\\\/1-1-scaled.jpg\",\"articleSection\":[\"Events\",\"News\",\"Activities\"],\"inLanguage\":\"ca\"},{\"@type\":\"WebPage\",\"@id\":\"https:\\\/\\\/www.focus.cat\\\/en\\\/focus-hosts-the-17th-edition-of-the-catalan-film-academys-gaudi-awards\\\/\",\"url\":\"https:\\\/\\\/www.focus.cat\\\/en\\\/focus-hosts-the-17th-edition-of-the-catalan-film-academys-gaudi-awards\\\/\",\"name\":\"Focus hosts the 17th edition of the Catalan Film Academy's Gaud\u00ed Awards - Focus\",\"isPartOf\":{\"@id\":\"https:\\\/\\\/www.focus.cat\\\/#website\"},\"primaryImageOfPage\":{\"@id\":\"https:\\\/\\\/www.focus.cat\\\/en\\\/focus-hosts-the-17th-edition-of-the-catalan-film-academys-gaudi-awards\\\/#primaryimage\"},\"image\":{\"@id\":\"https:\\\/\\\/www.focus.cat\\\/en\\\/focus-hosts-the-17th-edition-of-the-catalan-film-academys-gaudi-awards\\\/#primaryimage\"},\"thumbnailUrl\":\"https:\\\/\\\/www.focus.cat\\\/wp-content\\\/uploads\\\/2025\\\/01\\\/1-1-scaled.jpg\",\"datePublished\":\"2025-01-23T10:45:04+00:00\",\"inLanguage\":\"ca\",\"potentialAction\":[{\"@type\":\"ReadAction\",\"target\":[\"https:\\\/\\\/www.focus.cat\\\/en\\\/focus-hosts-the-17th-edition-of-the-catalan-film-academys-gaudi-awards\\\/\"]}]},{\"@type\":\"ImageObject\",\"inLanguage\":\"ca\",\"@id\":\"https:\\\/\\\/www.focus.cat\\\/en\\\/focus-hosts-the-17th-edition-of-the-catalan-film-academys-gaudi-awards\\\/#primaryimage\",\"url\":\"https:\\\/\\\/www.focus.cat\\\/wp-content\\\/uploads\\\/2025\\\/01\\\/1-1-scaled.jpg\",\"contentUrl\":\"https:\\\/\\\/www.focus.cat\\\/wp-content\\\/uploads\\\/2025\\\/01\\\/1-1-scaled.jpg\",\"width\":2560,\"height\":1707},{\"@type\":\"WebSite\",\"@id\":\"https:\\\/\\\/www.focus.cat\\\/#website\",\"url\":\"https:\\\/\\\/www.focus.cat\\\/\",\"name\":\"Focus\",\"description\":\"\",\"publisher\":{\"@id\":\"https:\\\/\\\/www.focus.cat\\\/#organization\"},\"potentialAction\":[{\"@type\":\"SearchAction\",\"target\":{\"@type\":\"EntryPoint\",\"urlTemplate\":\"https:\\\/\\\/www.focus.cat\\\/?s={search_term_string}\"},\"query-input\":{\"@type\":\"PropertyValueSpecification\",\"valueRequired\":true,\"valueName\":\"search_term_string\"}}],\"inLanguage\":\"ca\"},{\"@type\":\"Organization\",\"@id\":\"https:\\\/\\\/www.focus.cat\\\/#organization\",\"name\":\"Focus\",\"url\":\"https:\\\/\\\/www.focus.cat\\\/\",\"logo\":{\"@type\":\"ImageObject\",\"inLanguage\":\"ca\",\"@id\":\"https:\\\/\\\/www.focus.cat\\\/#\\\/schema\\\/logo\\\/image\\\/\",\"url\":\"https:\\\/\\\/www.focus.cat\\\/wp-content\\\/uploads\\\/2022\\\/01\\\/logo-focus-any-35.svg\",\"contentUrl\":\"https:\\\/\\\/www.focus.cat\\\/wp-content\\\/uploads\\\/2022\\\/01\\\/logo-focus-any-35.svg\",\"width\":1,\"height\":1,\"caption\":\"Focus\"},\"image\":{\"@id\":\"https:\\\/\\\/www.focus.cat\\\/#\\\/schema\\\/logo\\\/image\\\/\"}},{\"@type\":\"Person\",\"@id\":\"https:\\\/\\\/www.focus.cat\\\/#\\\/schema\\\/person\\\/45cbcf79c7b3047ca01818c50e607a32\",\"name\":\"Brenda Becker\",\"image\":{\"@type\":\"ImageObject\",\"inLanguage\":\"ca\",\"@id\":\"https:\\\/\\\/secure.gravatar.com\\\/avatar\\\/bf45b1ffca36f0e2b6cbeb689cead579b5275b1489889a25ac0e66115dfb28c7?s=96&d=mm&r=g\",\"url\":\"https:\\\/\\\/secure.gravatar.com\\\/avatar\\\/bf45b1ffca36f0e2b6cbeb689cead579b5275b1489889a25ac0e66115dfb28c7?s=96&d=mm&r=g\",\"contentUrl\":\"https:\\\/\\\/secure.gravatar.com\\\/avatar\\\/bf45b1ffca36f0e2b6cbeb689cead579b5275b1489889a25ac0e66115dfb28c7?s=96&d=mm&r=g\",\"caption\":\"Brenda Becker\"},\"url\":\"https:\\\/\\\/www.focus.cat\\\/author\\\/brenda-becker\\\/\"}]}<\/script>\n<!-- \/ Yoast SEO plugin. -->","yoast_head_json":{"title":"Focus hosts the 17th edition of the Catalan Film Academy's Gaud\u00ed Awards - Focus","robots":{"index":"index","follow":"follow","max-snippet":"max-snippet:-1","max-image-preview":"max-image-preview:large","max-video-preview":"max-video-preview:-1"},"canonical":"https:\/\/www.focus.cat\/focus-hosts-the-17th-edition-of-the-catalan-film-academys-gaudi-awards\/","og_locale":"ca_ES","og_type":"article","og_title":"Focus hosts the 17th edition of the Catalan Film Academy's Gaud\u00ed Awards - Focus","og_description":"Focus&#8217;s Events Department has been responsible for the production and realization of the 17th edition of the Gaud\u00ed Awards, consolidating itself as a benchmark in the creation and execution of high-impact events. Year after year, this gala becomes one of the most eagerly awaited moments of Catalan cinema, and this year we have worked for ... Llegeix m\u00e9s","og_url":"https:\/\/www.focus.cat\/en\/focus-hosts-the-17th-edition-of-the-catalan-film-academys-gaudi-awards\/","og_site_name":"Focus","article_published_time":"2025-01-23T10:45:04+00:00","og_image":[{"width":2560,"height":1707,"url":"https:\/\/www.focus.cat\/wp-content\/uploads\/2025\/01\/1-1-scaled.jpg","type":"image\/jpeg"}],"author":"Brenda Becker","twitter_card":"summary_large_image","schema":{"@context":"https:\/\/schema.org","@graph":[{"@type":"Article","@id":"https:\/\/www.focus.cat\/en\/focus-hosts-the-17th-edition-of-the-catalan-film-academys-gaudi-awards\/#article","isPartOf":{"@id":"https:\/\/www.focus.cat\/en\/focus-hosts-the-17th-edition-of-the-catalan-film-academys-gaudi-awards\/"},"author":{"name":"Brenda Becker","@id":"https:\/\/www.focus.cat\/#\/schema\/person\/45cbcf79c7b3047ca01818c50e607a32"},"headline":"Focus hosts the 17th edition of the Catalan Film Academy&#8217;s Gaud\u00ed Awards","datePublished":"2025-01-23T10:45:04+00:00","mainEntityOfPage":{"@id":"https:\/\/www.focus.cat\/en\/focus-hosts-the-17th-edition-of-the-catalan-film-academys-gaudi-awards\/"},"wordCount":257,"publisher":{"@id":"https:\/\/www.focus.cat\/#organization"},"image":{"@id":"https:\/\/www.focus.cat\/en\/focus-hosts-the-17th-edition-of-the-catalan-film-academys-gaudi-awards\/#primaryimage"},"thumbnailUrl":"https:\/\/www.focus.cat\/wp-content\/uploads\/2025\/01\/1-1-scaled.jpg","articleSection":["Events","News","Activities"],"inLanguage":"ca"},{"@type":"WebPage","@id":"https:\/\/www.focus.cat\/en\/focus-hosts-the-17th-edition-of-the-catalan-film-academys-gaudi-awards\/","url":"https:\/\/www.focus.cat\/en\/focus-hosts-the-17th-edition-of-the-catalan-film-academys-gaudi-awards\/","name":"Focus hosts the 17th edition of the Catalan Film Academy's Gaud\u00ed Awards - Focus","isPartOf":{"@id":"https:\/\/www.focus.cat\/#website"},"primaryImageOfPage":{"@id":"https:\/\/www.focus.cat\/en\/focus-hosts-the-17th-edition-of-the-catalan-film-academys-gaudi-awards\/#primaryimage"},"image":{"@id":"https:\/\/www.focus.cat\/en\/focus-hosts-the-17th-edition-of-the-catalan-film-academys-gaudi-awards\/#primaryimage"},"thumbnailUrl":"https:\/\/www.focus.cat\/wp-content\/uploads\/2025\/01\/1-1-scaled.jpg","datePublished":"2025-01-23T10:45:04+00:00","inLanguage":"ca","potentialAction":[{"@type":"ReadAction","target":["https:\/\/www.focus.cat\/en\/focus-hosts-the-17th-edition-of-the-catalan-film-academys-gaudi-awards\/"]}]},{"@type":"ImageObject","inLanguage":"ca","@id":"https:\/\/www.focus.cat\/en\/focus-hosts-the-17th-edition-of-the-catalan-film-academys-gaudi-awards\/#primaryimage","url":"https:\/\/www.focus.cat\/wp-content\/uploads\/2025\/01\/1-1-scaled.jpg","contentUrl":"https:\/\/www.focus.cat\/wp-content\/uploads\/2025\/01\/1-1-scaled.jpg","width":2560,"height":1707},{"@type":"WebSite","@id":"https:\/\/www.focus.cat\/#website","url":"https:\/\/www.focus.cat\/","name":"Focus","description":"","publisher":{"@id":"https:\/\/www.focus.cat\/#organization"},"potentialAction":[{"@type":"SearchAction","target":{"@type":"EntryPoint","urlTemplate":"https:\/\/www.focus.cat\/?s={search_term_string}"},"query-input":{"@type":"PropertyValueSpecification","valueRequired":true,"valueName":"search_term_string"}}],"inLanguage":"ca"},{"@type":"Organization","@id":"https:\/\/www.focus.cat\/#organization","name":"Focus","url":"https:\/\/www.focus.cat\/","logo":{"@type":"ImageObject","inLanguage":"ca","@id":"https:\/\/www.focus.cat\/#\/schema\/logo\/image\/","url":"https:\/\/www.focus.cat\/wp-content\/uploads\/2022\/01\/logo-focus-any-35.svg","contentUrl":"https:\/\/www.focus.cat\/wp-content\/uploads\/2022\/01\/logo-focus-any-35.svg","width":1,"height":1,"caption":"Focus"},"image":{"@id":"https:\/\/www.focus.cat\/#\/schema\/logo\/image\/"}},{"@type":"Person","@id":"https:\/\/www.focus.cat\/#\/schema\/person\/45cbcf79c7b3047ca01818c50e607a32","name":"Brenda Becker","image":{"@type":"ImageObject","inLanguage":"ca","@id":"https:\/\/secure.gravatar.com\/avatar\/bf45b1ffca36f0e2b6cbeb689cead579b5275b1489889a25ac0e66115dfb28c7?s=96&d=mm&r=g","url":"https:\/\/secure.gravatar.com\/avatar\/bf45b1ffca36f0e2b6cbeb689cead579b5275b1489889a25ac0e66115dfb28c7?s=96&d=mm&r=g","contentUrl":"https:\/\/secure.gravatar.com\/avatar\/bf45b1ffca36f0e2b6cbeb689cead579b5275b1489889a25ac0e66115dfb28c7?s=96&d=mm&r=g","caption":"Brenda Becker"},"url":"https:\/\/www.focus.cat\/author\/brenda-becker\/"}]}},"_links":{"self":[{"href":"https:\/\/www.focus.cat\/wp-json\/wp\/v2\/posts\/21350","targetHints":{"allow":["GET"]}}],"collection":[{"href":"https:\/\/www.focus.cat\/wp-json\/wp\/v2\/posts"}],"about":[{"href":"https:\/\/www.focus.cat\/wp-json\/wp\/v2\/types\/post"}],"author":[{"embeddable":true,"href":"https:\/\/www.focus.cat\/wp-json\/wp\/v2\/users\/16"}],"replies":[{"embeddable":true,"href":"https:\/\/www.focus.cat\/wp-json\/wp\/v2\/comments?post=21350"}],"version-history":[{"count":0,"href":"https:\/\/www.focus.cat\/wp-json\/wp\/v2\/posts\/21350\/revisions"}],"wp:featuredmedia":[{"embeddable":true,"href":"https:\/\/www.focus.cat\/wp-json\/wp\/v2\/media\/21342"}],"wp:attachment":[{"href":"https:\/\/www.focus.cat\/wp-json\/wp\/v2\/media?parent=21350"}],"wp:term":[{"taxonomy":"category","embeddable":true,"href":"https:\/\/www.focus.cat\/wp-json\/wp\/v2\/categories?post=21350"}],"curies":[{"name":"wp","href":"https:\/\/api.w.org\/{rel}","templated":true}]}}