{"id":22105,"date":"2025-03-25T15:42:45","date_gmt":"2025-03-25T15:42:45","guid":{"rendered":"https:\/\/www.focus.cat\/?p=22105"},"modified":"2025-03-25T15:42:45","modified_gmt":"2025-03-25T15:42:45","slug":"the-tour-of-el-cuarto-de-atras-continues","status":"publish","type":"post","link":"https:\/\/www.focus.cat\/en\/the-tour-of-el-cuarto-de-atras-continues\/","title":{"rendered":"The tour of El cuarto de atr\u00e1s continues."},"content":{"rendered":"<p>Following the critical and audiences success at Madrid&#8217;s Teatro de la Abad\u00eda, where it sold out all the tickets, <em>El cuarto de atr\u00e1s<\/em> continues its national tour, finally arriving in Catalonia. Sant Cugat del Vall\u00e8s (April 11) and Roses (May 10) will be the first Catalan cities to host this show, which has already been seen by audiences in Salamanca, Zamora, Granada, and Bilbao, among other cities.<\/p>\n<p><em>El cuarto de atr\u00e1s<\/em> is directed by Rakel Camacho, who transforms Carmen Mart\u00edn Gaite&#8217;s novel into a sensorial experience. Live music, a lighting design that creates an unreal atmosphere, and excellent performances by Emma Su\u00e1rez, Alberto Iglesias, and Nora Hern\u00e1ndez make <em>El cuarto de atr\u00e1s<\/em> one of the season&#8217;s biggest hits. A success that will come to Barcelona next summer.<\/p>\n<p><img decoding=\"async\" class=\"size-large wp-image-22100 aligncenter\" src=\"https:\/\/www.focus.cat\/wp-content\/uploads\/2025\/03\/Hasta-el-35-1-1124x1124.jpg\" alt=\"\" width=\"1024\" height=\"1024\" srcset=\"https:\/\/www.focus.cat\/wp-content\/uploads\/2025\/03\/Hasta-el-35-1-1124x1124.jpg 1124w, https:\/\/www.focus.cat\/wp-content\/uploads\/2025\/03\/Hasta-el-35-1-300x300.jpg 300w, https:\/\/www.focus.cat\/wp-content\/uploads\/2025\/03\/Hasta-el-35-1-150x150.jpg 150w, https:\/\/www.focus.cat\/wp-content\/uploads\/2025\/03\/Hasta-el-35-1-800x800.jpg 800w, https:\/\/www.focus.cat\/wp-content\/uploads\/2025\/03\/Hasta-el-35-1-125x125.jpg 125w, https:\/\/www.focus.cat\/wp-content\/uploads\/2025\/03\/Hasta-el-35-1.jpg 1485w\" sizes=\"(max-width: 1024px) 100vw, 1024px\" \/><\/p>\n","protected":false},"excerpt":{"rendered":"<p>Following the critical and audiences success at Madrid&#8217;s Teatro de la Abad\u00eda, where it sold out all the tickets, El cuarto de atr\u00e1s continues its national tour, finally arriving in Catalonia. Sant Cugat del Vall\u00e8s (April 11) and Roses (May 10) will be the first Catalan cities to host this show, which has already been<a class=\"excerpt-read-more\" href=\"https:\/\/www.focus.cat\/en\/the-tour-of-el-cuarto-de-atras-continues\/\" title=\"LlegeixThe tour of El cuarto de atr\u00e1s continues.\"> &#8230; Llegeix m\u00e9s<\/a><\/p>\n","protected":false},"author":16,"featured_media":22100,"comment_status":"closed","ping_status":"closed","sticky":false,"template":"","format":"standard","meta":{"_acf_changed":false,"inline_featured_image":false,"footnotes":""},"categories":[3],"class_list":["post-22105","post","type-post","status-publish","format-standard","has-post-thumbnail","hentry","category-news"],"acf":[],"yoast_head":"<!-- This site is optimized with the Yoast SEO plugin v27.4 - https:\/\/yoast.com\/product\/yoast-seo-wordpress\/ -->\n<title>The tour of El cuarto de atr\u00e1s continues. - Focus<\/title>\n<meta name=\"robots\" content=\"index, follow, max-snippet:-1, max-image-preview:large, max-video-preview:-1\" \/>\n<link rel=\"canonical\" href=\"https:\/\/www.focus.cat\/the-tour-of-el-cuarto-de-atras-continues\/\" \/>\n<meta property=\"og:locale\" content=\"ca_ES\" \/>\n<meta property=\"og:type\" content=\"article\" \/>\n<meta property=\"og:title\" content=\"The tour of El cuarto de atr\u00e1s continues. - Focus\" \/>\n<meta property=\"og:description\" content=\"Following the critical and audiences success at Madrid&#8217;s Teatro de la Abad\u00eda, where it sold out all the tickets, El cuarto de atr\u00e1s continues its national tour, finally arriving in Catalonia. Sant Cugat del Vall\u00e8s (April 11) and Roses (May 10) will be the first Catalan cities to host this show, which has already been ... Llegeix m\u00e9s\" \/>\n<meta property=\"og:url\" content=\"https:\/\/www.focus.cat\/en\/the-tour-of-el-cuarto-de-atras-continues\/\" \/>\n<meta property=\"og:site_name\" content=\"Focus\" \/>\n<meta property=\"article:published_time\" content=\"2025-03-25T15:42:45+00:00\" \/>\n<meta property=\"og:image\" content=\"https:\/\/www.focus.cat\/wp-content\/uploads\/2025\/03\/Hasta-el-35-1.jpg\" \/>\n\t<meta property=\"og:image:width\" content=\"1485\" \/>\n\t<meta property=\"og:image:height\" content=\"1485\" \/>\n\t<meta property=\"og:image:type\" content=\"image\/jpeg\" \/>\n<meta name=\"author\" content=\"Brenda Becker\" \/>\n<meta name=\"twitter:card\" content=\"summary_large_image\" \/>\n<script type=\"application\/ld+json\" class=\"yoast-schema-graph\">{\"@context\":\"https:\\\/\\\/schema.org\",\"@graph\":[{\"@type\":\"Article\",\"@id\":\"https:\\\/\\\/www.focus.cat\\\/en\\\/the-tour-of-el-cuarto-de-atras-continues\\\/#article\",\"isPartOf\":{\"@id\":\"https:\\\/\\\/www.focus.cat\\\/en\\\/the-tour-of-el-cuarto-de-atras-continues\\\/\"},\"author\":{\"name\":\"Brenda Becker\",\"@id\":\"https:\\\/\\\/www.focus.cat\\\/#\\\/schema\\\/person\\\/45cbcf79c7b3047ca01818c50e607a32\"},\"headline\":\"The tour of El cuarto de atr\u00e1s continues.\",\"datePublished\":\"2025-03-25T15:42:45+00:00\",\"mainEntityOfPage\":{\"@id\":\"https:\\\/\\\/www.focus.cat\\\/en\\\/the-tour-of-el-cuarto-de-atras-continues\\\/\"},\"wordCount\":145,\"publisher\":{\"@id\":\"https:\\\/\\\/www.focus.cat\\\/#organization\"},\"image\":{\"@id\":\"https:\\\/\\\/www.focus.cat\\\/en\\\/the-tour-of-el-cuarto-de-atras-continues\\\/#primaryimage\"},\"thumbnailUrl\":\"https:\\\/\\\/www.focus.cat\\\/wp-content\\\/uploads\\\/2025\\\/03\\\/Hasta-el-35-1.jpg\",\"articleSection\":[\"News\"],\"inLanguage\":\"ca\"},{\"@type\":\"WebPage\",\"@id\":\"https:\\\/\\\/www.focus.cat\\\/en\\\/the-tour-of-el-cuarto-de-atras-continues\\\/\",\"url\":\"https:\\\/\\\/www.focus.cat\\\/en\\\/the-tour-of-el-cuarto-de-atras-continues\\\/\",\"name\":\"The tour of El cuarto de atr\u00e1s continues. - Focus\",\"isPartOf\":{\"@id\":\"https:\\\/\\\/www.focus.cat\\\/#website\"},\"primaryImageOfPage\":{\"@id\":\"https:\\\/\\\/www.focus.cat\\\/en\\\/the-tour-of-el-cuarto-de-atras-continues\\\/#primaryimage\"},\"image\":{\"@id\":\"https:\\\/\\\/www.focus.cat\\\/en\\\/the-tour-of-el-cuarto-de-atras-continues\\\/#primaryimage\"},\"thumbnailUrl\":\"https:\\\/\\\/www.focus.cat\\\/wp-content\\\/uploads\\\/2025\\\/03\\\/Hasta-el-35-1.jpg\",\"datePublished\":\"2025-03-25T15:42:45+00:00\",\"inLanguage\":\"ca\",\"potentialAction\":[{\"@type\":\"ReadAction\",\"target\":[\"https:\\\/\\\/www.focus.cat\\\/en\\\/the-tour-of-el-cuarto-de-atras-continues\\\/\"]}]},{\"@type\":\"ImageObject\",\"inLanguage\":\"ca\",\"@id\":\"https:\\\/\\\/www.focus.cat\\\/en\\\/the-tour-of-el-cuarto-de-atras-continues\\\/#primaryimage\",\"url\":\"https:\\\/\\\/www.focus.cat\\\/wp-content\\\/uploads\\\/2025\\\/03\\\/Hasta-el-35-1.jpg\",\"contentUrl\":\"https:\\\/\\\/www.focus.cat\\\/wp-content\\\/uploads\\\/2025\\\/03\\\/Hasta-el-35-1.jpg\",\"width\":1485,\"height\":1485},{\"@type\":\"WebSite\",\"@id\":\"https:\\\/\\\/www.focus.cat\\\/#website\",\"url\":\"https:\\\/\\\/www.focus.cat\\\/\",\"name\":\"Focus\",\"description\":\"\",\"publisher\":{\"@id\":\"https:\\\/\\\/www.focus.cat\\\/#organization\"},\"potentialAction\":[{\"@type\":\"SearchAction\",\"target\":{\"@type\":\"EntryPoint\",\"urlTemplate\":\"https:\\\/\\\/www.focus.cat\\\/?s={search_term_string}\"},\"query-input\":{\"@type\":\"PropertyValueSpecification\",\"valueRequired\":true,\"valueName\":\"search_term_string\"}}],\"inLanguage\":\"ca\"},{\"@type\":\"Organization\",\"@id\":\"https:\\\/\\\/www.focus.cat\\\/#organization\",\"name\":\"Focus\",\"url\":\"https:\\\/\\\/www.focus.cat\\\/\",\"logo\":{\"@type\":\"ImageObject\",\"inLanguage\":\"ca\",\"@id\":\"https:\\\/\\\/www.focus.cat\\\/#\\\/schema\\\/logo\\\/image\\\/\",\"url\":\"https:\\\/\\\/www.focus.cat\\\/wp-content\\\/uploads\\\/2022\\\/01\\\/logo-focus-any-35.svg\",\"contentUrl\":\"https:\\\/\\\/www.focus.cat\\\/wp-content\\\/uploads\\\/2022\\\/01\\\/logo-focus-any-35.svg\",\"width\":1,\"height\":1,\"caption\":\"Focus\"},\"image\":{\"@id\":\"https:\\\/\\\/www.focus.cat\\\/#\\\/schema\\\/logo\\\/image\\\/\"}},{\"@type\":\"Person\",\"@id\":\"https:\\\/\\\/www.focus.cat\\\/#\\\/schema\\\/person\\\/45cbcf79c7b3047ca01818c50e607a32\",\"name\":\"Brenda Becker\",\"image\":{\"@type\":\"ImageObject\",\"inLanguage\":\"ca\",\"@id\":\"https:\\\/\\\/secure.gravatar.com\\\/avatar\\\/bf45b1ffca36f0e2b6cbeb689cead579b5275b1489889a25ac0e66115dfb28c7?s=96&d=mm&r=g\",\"url\":\"https:\\\/\\\/secure.gravatar.com\\\/avatar\\\/bf45b1ffca36f0e2b6cbeb689cead579b5275b1489889a25ac0e66115dfb28c7?s=96&d=mm&r=g\",\"contentUrl\":\"https:\\\/\\\/secure.gravatar.com\\\/avatar\\\/bf45b1ffca36f0e2b6cbeb689cead579b5275b1489889a25ac0e66115dfb28c7?s=96&d=mm&r=g\",\"caption\":\"Brenda Becker\"},\"url\":\"https:\\\/\\\/www.focus.cat\\\/author\\\/brenda-becker\\\/\"}]}<\/script>\n<!-- \/ Yoast SEO plugin. -->","yoast_head_json":{"title":"The tour of El cuarto de atr\u00e1s continues. - Focus","robots":{"index":"index","follow":"follow","max-snippet":"max-snippet:-1","max-image-preview":"max-image-preview:large","max-video-preview":"max-video-preview:-1"},"canonical":"https:\/\/www.focus.cat\/the-tour-of-el-cuarto-de-atras-continues\/","og_locale":"ca_ES","og_type":"article","og_title":"The tour of El cuarto de atr\u00e1s continues. - Focus","og_description":"Following the critical and audiences success at Madrid&#8217;s Teatro de la Abad\u00eda, where it sold out all the tickets, El cuarto de atr\u00e1s continues its national tour, finally arriving in Catalonia. Sant Cugat del Vall\u00e8s (April 11) and Roses (May 10) will be the first Catalan cities to host this show, which has already been ... Llegeix m\u00e9s","og_url":"https:\/\/www.focus.cat\/en\/the-tour-of-el-cuarto-de-atras-continues\/","og_site_name":"Focus","article_published_time":"2025-03-25T15:42:45+00:00","og_image":[{"width":1485,"height":1485,"url":"https:\/\/www.focus.cat\/wp-content\/uploads\/2025\/03\/Hasta-el-35-1.jpg","type":"image\/jpeg"}],"author":"Brenda Becker","twitter_card":"summary_large_image","schema":{"@context":"https:\/\/schema.org","@graph":[{"@type":"Article","@id":"https:\/\/www.focus.cat\/en\/the-tour-of-el-cuarto-de-atras-continues\/#article","isPartOf":{"@id":"https:\/\/www.focus.cat\/en\/the-tour-of-el-cuarto-de-atras-continues\/"},"author":{"name":"Brenda Becker","@id":"https:\/\/www.focus.cat\/#\/schema\/person\/45cbcf79c7b3047ca01818c50e607a32"},"headline":"The tour of El cuarto de atr\u00e1s continues.","datePublished":"2025-03-25T15:42:45+00:00","mainEntityOfPage":{"@id":"https:\/\/www.focus.cat\/en\/the-tour-of-el-cuarto-de-atras-continues\/"},"wordCount":145,"publisher":{"@id":"https:\/\/www.focus.cat\/#organization"},"image":{"@id":"https:\/\/www.focus.cat\/en\/the-tour-of-el-cuarto-de-atras-continues\/#primaryimage"},"thumbnailUrl":"https:\/\/www.focus.cat\/wp-content\/uploads\/2025\/03\/Hasta-el-35-1.jpg","articleSection":["News"],"inLanguage":"ca"},{"@type":"WebPage","@id":"https:\/\/www.focus.cat\/en\/the-tour-of-el-cuarto-de-atras-continues\/","url":"https:\/\/www.focus.cat\/en\/the-tour-of-el-cuarto-de-atras-continues\/","name":"The tour of El cuarto de atr\u00e1s continues. - Focus","isPartOf":{"@id":"https:\/\/www.focus.cat\/#website"},"primaryImageOfPage":{"@id":"https:\/\/www.focus.cat\/en\/the-tour-of-el-cuarto-de-atras-continues\/#primaryimage"},"image":{"@id":"https:\/\/www.focus.cat\/en\/the-tour-of-el-cuarto-de-atras-continues\/#primaryimage"},"thumbnailUrl":"https:\/\/www.focus.cat\/wp-content\/uploads\/2025\/03\/Hasta-el-35-1.jpg","datePublished":"2025-03-25T15:42:45+00:00","inLanguage":"ca","potentialAction":[{"@type":"ReadAction","target":["https:\/\/www.focus.cat\/en\/the-tour-of-el-cuarto-de-atras-continues\/"]}]},{"@type":"ImageObject","inLanguage":"ca","@id":"https:\/\/www.focus.cat\/en\/the-tour-of-el-cuarto-de-atras-continues\/#primaryimage","url":"https:\/\/www.focus.cat\/wp-content\/uploads\/2025\/03\/Hasta-el-35-1.jpg","contentUrl":"https:\/\/www.focus.cat\/wp-content\/uploads\/2025\/03\/Hasta-el-35-1.jpg","width":1485,"height":1485},{"@type":"WebSite","@id":"https:\/\/www.focus.cat\/#website","url":"https:\/\/www.focus.cat\/","name":"Focus","description":"","publisher":{"@id":"https:\/\/www.focus.cat\/#organization"},"potentialAction":[{"@type":"SearchAction","target":{"@type":"EntryPoint","urlTemplate":"https:\/\/www.focus.cat\/?s={search_term_string}"},"query-input":{"@type":"PropertyValueSpecification","valueRequired":true,"valueName":"search_term_string"}}],"inLanguage":"ca"},{"@type":"Organization","@id":"https:\/\/www.focus.cat\/#organization","name":"Focus","url":"https:\/\/www.focus.cat\/","logo":{"@type":"ImageObject","inLanguage":"ca","@id":"https:\/\/www.focus.cat\/#\/schema\/logo\/image\/","url":"https:\/\/www.focus.cat\/wp-content\/uploads\/2022\/01\/logo-focus-any-35.svg","contentUrl":"https:\/\/www.focus.cat\/wp-content\/uploads\/2022\/01\/logo-focus-any-35.svg","width":1,"height":1,"caption":"Focus"},"image":{"@id":"https:\/\/www.focus.cat\/#\/schema\/logo\/image\/"}},{"@type":"Person","@id":"https:\/\/www.focus.cat\/#\/schema\/person\/45cbcf79c7b3047ca01818c50e607a32","name":"Brenda Becker","image":{"@type":"ImageObject","inLanguage":"ca","@id":"https:\/\/secure.gravatar.com\/avatar\/bf45b1ffca36f0e2b6cbeb689cead579b5275b1489889a25ac0e66115dfb28c7?s=96&d=mm&r=g","url":"https:\/\/secure.gravatar.com\/avatar\/bf45b1ffca36f0e2b6cbeb689cead579b5275b1489889a25ac0e66115dfb28c7?s=96&d=mm&r=g","contentUrl":"https:\/\/secure.gravatar.com\/avatar\/bf45b1ffca36f0e2b6cbeb689cead579b5275b1489889a25ac0e66115dfb28c7?s=96&d=mm&r=g","caption":"Brenda Becker"},"url":"https:\/\/www.focus.cat\/author\/brenda-becker\/"}]}},"_links":{"self":[{"href":"https:\/\/www.focus.cat\/wp-json\/wp\/v2\/posts\/22105","targetHints":{"allow":["GET"]}}],"collection":[{"href":"https:\/\/www.focus.cat\/wp-json\/wp\/v2\/posts"}],"about":[{"href":"https:\/\/www.focus.cat\/wp-json\/wp\/v2\/types\/post"}],"author":[{"embeddable":true,"href":"https:\/\/www.focus.cat\/wp-json\/wp\/v2\/users\/16"}],"replies":[{"embeddable":true,"href":"https:\/\/www.focus.cat\/wp-json\/wp\/v2\/comments?post=22105"}],"version-history":[{"count":0,"href":"https:\/\/www.focus.cat\/wp-json\/wp\/v2\/posts\/22105\/revisions"}],"wp:featuredmedia":[{"embeddable":true,"href":"https:\/\/www.focus.cat\/wp-json\/wp\/v2\/media\/22100"}],"wp:attachment":[{"href":"https:\/\/www.focus.cat\/wp-json\/wp\/v2\/media?parent=22105"}],"wp:term":[{"taxonomy":"category","embeddable":true,"href":"https:\/\/www.focus.cat\/wp-json\/wp\/v2\/categories?post=22105"}],"curies":[{"name":"wp","href":"https:\/\/api.w.org\/{rel}","templated":true}]}}