{"id":23359,"date":"2025-06-17T10:41:14","date_gmt":"2025-06-17T10:41:14","guid":{"rendered":"https:\/\/www.focus.cat\/?p=23359"},"modified":"2025-06-17T10:41:14","modified_gmt":"2025-06-17T10:41:14","slug":"germans-de-sang-reveals-its-cast","status":"publish","type":"post","link":"https:\/\/www.focus.cat\/en\/germans-de-sang-reveals-its-cast\/","title":{"rendered":"Germans de sang reveals its cast"},"content":{"rendered":"<p>In an event held at Casa SEAT, the cast of the major musical of the upcoming season, Germans de sang, was presented. The show will be staged starting this December at the Teatre Condal.<\/p>\n<p>Germans de sang is a Focus production written by Willy Russell, directed by Daniel Angl\u00e8s, with choreography by Ariadna Peya and musical direction by Andreu Gall\u00e9n.<\/p>\n<p>Germans de sang is undoubtedly the major musical of the 2025-26 theatre season, and such a legendary show deserved a cast that lives up to it.<\/p>\n<p>And choosing that cast was no easy task.<\/p>\n<p>The casting announcement drew an overwhelming response. Over 1,000 applications were received, from which 130 individuals were auditioned in tests that demanded a very high level of dancing, singing, and acting&#8230; All of this to arrive at the 19 performers who make up this outstanding ensemble.<\/p>\n<p>The cast that was presented includes both well-established and acclaimed artists, as well as promising young talents making strong impressions on our stages, with the goal of offering audiences a modern and up-to-date version of this contemporary classic.<\/p>\n<p>The cast is led by Mariona Castillo as Mrs. Johnstone, Triquell as the Narrator, Albert Salazar as Mickey, Roc Bernad\u00ed as Eddie, and Tai Fati as Linda.<\/p>\n<p>Other key roles will be played by Luc\u00eda Torres as Mrs. Lyons, Toni Vinyals as Mr. Lyons, and Cisco Cruz as Sammy. Xavi Navarro will serve as the alternate Narrator.<\/p>\n<p>The ensemble will be composed of a young and talented group of performers: Aleix Colomer, Elena Escorcia, Joan Mas, Carla Piz\u00e1n, Guillem Ripoll, Pol Rosell\u00f3, J\u00falia Sanz, Ferran Soler, Meritxell Val\u00e8ncia, and Aran V\u00e1zquez.<\/p>\n<p>Germans de sang will be performed at the Teatre Condal starting on December 13, 2025.<\/p>\n<p><img decoding=\"async\" class=\"alignnone  wp-image-23258\" src=\"https:\/\/www.focus.cat\/wp-content\/uploads\/2025\/06\/061_Presentacio-Germans-de-Sang_250611-10176w-1124x748.jpg\" alt=\"\" width=\"642\" height=\"427\" srcset=\"https:\/\/www.focus.cat\/wp-content\/uploads\/2025\/06\/061_Presentacio-Germans-de-Sang_250611-10176w-1124x748.jpg 1124w, https:\/\/www.focus.cat\/wp-content\/uploads\/2025\/06\/061_Presentacio-Germans-de-Sang_250611-10176w-300x200.jpg 300w, https:\/\/www.focus.cat\/wp-content\/uploads\/2025\/06\/061_Presentacio-Germans-de-Sang_250611-10176w-150x100.jpg 150w, https:\/\/www.focus.cat\/wp-content\/uploads\/2025\/06\/061_Presentacio-Germans-de-Sang_250611-10176w-800x532.jpg 800w, https:\/\/www.focus.cat\/wp-content\/uploads\/2025\/06\/061_Presentacio-Germans-de-Sang_250611-10176w-1536x1022.jpg 1536w, https:\/\/www.focus.cat\/wp-content\/uploads\/2025\/06\/061_Presentacio-Germans-de-Sang_250611-10176w-1500x998.jpg 1500w, https:\/\/www.focus.cat\/wp-content\/uploads\/2025\/06\/061_Presentacio-Germans-de-Sang_250611-10176w.jpg 2048w\" sizes=\"(max-width: 642px) 100vw, 642px\" \/><\/p>\n","protected":false},"excerpt":{"rendered":"<p>In an event held at Casa SEAT, the cast of the major musical of the upcoming season, Germans de sang, was presented. The show will be staged starting this December at the Teatre Condal. Germans de sang is a Focus production written by Willy Russell, directed by Daniel Angl\u00e8s, with choreography by Ariadna Peya and<a class=\"excerpt-read-more\" href=\"https:\/\/www.focus.cat\/en\/germans-de-sang-reveals-its-cast\/\" title=\"LlegeixGermans de sang reveals its cast\"> &#8230; Llegeix m\u00e9s<\/a><\/p>\n","protected":false},"author":15,"featured_media":23354,"comment_status":"closed","ping_status":"closed","sticky":false,"template":"","format":"standard","meta":{"_acf_changed":false,"inline_featured_image":false,"footnotes":""},"categories":[3],"class_list":["post-23359","post","type-post","status-publish","format-standard","has-post-thumbnail","hentry","category-news"],"acf":[],"yoast_head":"<!-- This site is optimized with the Yoast SEO plugin v27.5 - https:\/\/yoast.com\/product\/yoast-seo-wordpress\/ -->\n<title>Germans de sang reveals its cast - Focus<\/title>\n<meta name=\"robots\" content=\"index, follow, max-snippet:-1, max-image-preview:large, max-video-preview:-1\" \/>\n<link rel=\"canonical\" href=\"https:\/\/www.focus.cat\/germans-de-sang-reveals-its-cast\/\" \/>\n<meta property=\"og:locale\" content=\"ca_ES\" \/>\n<meta property=\"og:type\" content=\"article\" \/>\n<meta property=\"og:title\" content=\"Germans de sang reveals its cast - Focus\" \/>\n<meta property=\"og:description\" content=\"In an event held at Casa SEAT, the cast of the major musical of the upcoming season, Germans de sang, was presented. The show will be staged starting this December at the Teatre Condal. Germans de sang is a Focus production written by Willy Russell, directed by Daniel Angl\u00e8s, with choreography by Ariadna Peya and ... Llegeix m\u00e9s\" \/>\n<meta property=\"og:url\" content=\"https:\/\/www.focus.cat\/en\/germans-de-sang-reveals-its-cast\/\" \/>\n<meta property=\"og:site_name\" content=\"Focus\" \/>\n<meta property=\"article:published_time\" content=\"2025-06-17T10:41:14+00:00\" \/>\n<meta property=\"og:image\" content=\"https:\/\/www.focus.cat\/wp-content\/uploads\/2025\/06\/QUADRAT-WEB-FOCUS-1.png\" \/>\n\t<meta property=\"og:image:width\" content=\"1080\" \/>\n\t<meta property=\"og:image:height\" content=\"1080\" \/>\n\t<meta property=\"og:image:type\" content=\"image\/png\" \/>\n<meta name=\"author\" content=\"Suport Digital\" \/>\n<meta name=\"twitter:card\" content=\"summary_large_image\" \/>\n<script type=\"application\/ld+json\" class=\"yoast-schema-graph\">{\"@context\":\"https:\\\/\\\/schema.org\",\"@graph\":[{\"@type\":\"Article\",\"@id\":\"https:\\\/\\\/www.focus.cat\\\/en\\\/germans-de-sang-reveals-its-cast\\\/#article\",\"isPartOf\":{\"@id\":\"https:\\\/\\\/www.focus.cat\\\/en\\\/germans-de-sang-reveals-its-cast\\\/\"},\"author\":{\"name\":\"Suport Digital\",\"@id\":\"https:\\\/\\\/www.focus.cat\\\/#\\\/schema\\\/person\\\/caae89e91020f6f4091f528af5ee5e71\"},\"headline\":\"Germans de sang reveals its cast\",\"datePublished\":\"2025-06-17T10:41:14+00:00\",\"mainEntityOfPage\":{\"@id\":\"https:\\\/\\\/www.focus.cat\\\/en\\\/germans-de-sang-reveals-its-cast\\\/\"},\"wordCount\":292,\"publisher\":{\"@id\":\"https:\\\/\\\/www.focus.cat\\\/#organization\"},\"image\":{\"@id\":\"https:\\\/\\\/www.focus.cat\\\/en\\\/germans-de-sang-reveals-its-cast\\\/#primaryimage\"},\"thumbnailUrl\":\"https:\\\/\\\/www.focus.cat\\\/wp-content\\\/uploads\\\/2025\\\/06\\\/QUADRAT-WEB-FOCUS-1.png\",\"articleSection\":[\"News\"],\"inLanguage\":\"ca\"},{\"@type\":\"WebPage\",\"@id\":\"https:\\\/\\\/www.focus.cat\\\/en\\\/germans-de-sang-reveals-its-cast\\\/\",\"url\":\"https:\\\/\\\/www.focus.cat\\\/en\\\/germans-de-sang-reveals-its-cast\\\/\",\"name\":\"Germans de sang reveals its cast - Focus\",\"isPartOf\":{\"@id\":\"https:\\\/\\\/www.focus.cat\\\/#website\"},\"primaryImageOfPage\":{\"@id\":\"https:\\\/\\\/www.focus.cat\\\/en\\\/germans-de-sang-reveals-its-cast\\\/#primaryimage\"},\"image\":{\"@id\":\"https:\\\/\\\/www.focus.cat\\\/en\\\/germans-de-sang-reveals-its-cast\\\/#primaryimage\"},\"thumbnailUrl\":\"https:\\\/\\\/www.focus.cat\\\/wp-content\\\/uploads\\\/2025\\\/06\\\/QUADRAT-WEB-FOCUS-1.png\",\"datePublished\":\"2025-06-17T10:41:14+00:00\",\"inLanguage\":\"ca\",\"potentialAction\":[{\"@type\":\"ReadAction\",\"target\":[\"https:\\\/\\\/www.focus.cat\\\/en\\\/germans-de-sang-reveals-its-cast\\\/\"]}]},{\"@type\":\"ImageObject\",\"inLanguage\":\"ca\",\"@id\":\"https:\\\/\\\/www.focus.cat\\\/en\\\/germans-de-sang-reveals-its-cast\\\/#primaryimage\",\"url\":\"https:\\\/\\\/www.focus.cat\\\/wp-content\\\/uploads\\\/2025\\\/06\\\/QUADRAT-WEB-FOCUS-1.png\",\"contentUrl\":\"https:\\\/\\\/www.focus.cat\\\/wp-content\\\/uploads\\\/2025\\\/06\\\/QUADRAT-WEB-FOCUS-1.png\",\"width\":1080,\"height\":1080},{\"@type\":\"WebSite\",\"@id\":\"https:\\\/\\\/www.focus.cat\\\/#website\",\"url\":\"https:\\\/\\\/www.focus.cat\\\/\",\"name\":\"Focus\",\"description\":\"\",\"publisher\":{\"@id\":\"https:\\\/\\\/www.focus.cat\\\/#organization\"},\"potentialAction\":[{\"@type\":\"SearchAction\",\"target\":{\"@type\":\"EntryPoint\",\"urlTemplate\":\"https:\\\/\\\/www.focus.cat\\\/?s={search_term_string}\"},\"query-input\":{\"@type\":\"PropertyValueSpecification\",\"valueRequired\":true,\"valueName\":\"search_term_string\"}}],\"inLanguage\":\"ca\"},{\"@type\":\"Organization\",\"@id\":\"https:\\\/\\\/www.focus.cat\\\/#organization\",\"name\":\"Focus\",\"url\":\"https:\\\/\\\/www.focus.cat\\\/\",\"logo\":{\"@type\":\"ImageObject\",\"inLanguage\":\"ca\",\"@id\":\"https:\\\/\\\/www.focus.cat\\\/#\\\/schema\\\/logo\\\/image\\\/\",\"url\":\"https:\\\/\\\/www.focus.cat\\\/wp-content\\\/uploads\\\/2022\\\/01\\\/logo-focus-any-35.svg\",\"contentUrl\":\"https:\\\/\\\/www.focus.cat\\\/wp-content\\\/uploads\\\/2022\\\/01\\\/logo-focus-any-35.svg\",\"width\":1,\"height\":1,\"caption\":\"Focus\"},\"image\":{\"@id\":\"https:\\\/\\\/www.focus.cat\\\/#\\\/schema\\\/logo\\\/image\\\/\"}},{\"@type\":\"Person\",\"@id\":\"https:\\\/\\\/www.focus.cat\\\/#\\\/schema\\\/person\\\/caae89e91020f6f4091f528af5ee5e71\",\"name\":\"Suport Digital\",\"image\":{\"@type\":\"ImageObject\",\"inLanguage\":\"ca\",\"@id\":\"https:\\\/\\\/secure.gravatar.com\\\/avatar\\\/dd41dbc903aea1c8ca8c21ad68c0e0693be9f8c724f44cf11598395a9d1a039e?s=96&d=mm&r=g\",\"url\":\"https:\\\/\\\/secure.gravatar.com\\\/avatar\\\/dd41dbc903aea1c8ca8c21ad68c0e0693be9f8c724f44cf11598395a9d1a039e?s=96&d=mm&r=g\",\"contentUrl\":\"https:\\\/\\\/secure.gravatar.com\\\/avatar\\\/dd41dbc903aea1c8ca8c21ad68c0e0693be9f8c724f44cf11598395a9d1a039e?s=96&d=mm&r=g\",\"caption\":\"Suport Digital\"},\"url\":\"https:\\\/\\\/www.focus.cat\\\/author\\\/suport-digital\\\/\"}]}<\/script>\n<!-- \/ Yoast SEO plugin. -->","yoast_head_json":{"title":"Germans de sang reveals its cast - Focus","robots":{"index":"index","follow":"follow","max-snippet":"max-snippet:-1","max-image-preview":"max-image-preview:large","max-video-preview":"max-video-preview:-1"},"canonical":"https:\/\/www.focus.cat\/germans-de-sang-reveals-its-cast\/","og_locale":"ca_ES","og_type":"article","og_title":"Germans de sang reveals its cast - Focus","og_description":"In an event held at Casa SEAT, the cast of the major musical of the upcoming season, Germans de sang, was presented. The show will be staged starting this December at the Teatre Condal. Germans de sang is a Focus production written by Willy Russell, directed by Daniel Angl\u00e8s, with choreography by Ariadna Peya and ... Llegeix m\u00e9s","og_url":"https:\/\/www.focus.cat\/en\/germans-de-sang-reveals-its-cast\/","og_site_name":"Focus","article_published_time":"2025-06-17T10:41:14+00:00","og_image":[{"width":1080,"height":1080,"url":"https:\/\/www.focus.cat\/wp-content\/uploads\/2025\/06\/QUADRAT-WEB-FOCUS-1.png","type":"image\/png"}],"author":"Suport Digital","twitter_card":"summary_large_image","schema":{"@context":"https:\/\/schema.org","@graph":[{"@type":"Article","@id":"https:\/\/www.focus.cat\/en\/germans-de-sang-reveals-its-cast\/#article","isPartOf":{"@id":"https:\/\/www.focus.cat\/en\/germans-de-sang-reveals-its-cast\/"},"author":{"name":"Suport Digital","@id":"https:\/\/www.focus.cat\/#\/schema\/person\/caae89e91020f6f4091f528af5ee5e71"},"headline":"Germans de sang reveals its cast","datePublished":"2025-06-17T10:41:14+00:00","mainEntityOfPage":{"@id":"https:\/\/www.focus.cat\/en\/germans-de-sang-reveals-its-cast\/"},"wordCount":292,"publisher":{"@id":"https:\/\/www.focus.cat\/#organization"},"image":{"@id":"https:\/\/www.focus.cat\/en\/germans-de-sang-reveals-its-cast\/#primaryimage"},"thumbnailUrl":"https:\/\/www.focus.cat\/wp-content\/uploads\/2025\/06\/QUADRAT-WEB-FOCUS-1.png","articleSection":["News"],"inLanguage":"ca"},{"@type":"WebPage","@id":"https:\/\/www.focus.cat\/en\/germans-de-sang-reveals-its-cast\/","url":"https:\/\/www.focus.cat\/en\/germans-de-sang-reveals-its-cast\/","name":"Germans de sang reveals its cast - Focus","isPartOf":{"@id":"https:\/\/www.focus.cat\/#website"},"primaryImageOfPage":{"@id":"https:\/\/www.focus.cat\/en\/germans-de-sang-reveals-its-cast\/#primaryimage"},"image":{"@id":"https:\/\/www.focus.cat\/en\/germans-de-sang-reveals-its-cast\/#primaryimage"},"thumbnailUrl":"https:\/\/www.focus.cat\/wp-content\/uploads\/2025\/06\/QUADRAT-WEB-FOCUS-1.png","datePublished":"2025-06-17T10:41:14+00:00","inLanguage":"ca","potentialAction":[{"@type":"ReadAction","target":["https:\/\/www.focus.cat\/en\/germans-de-sang-reveals-its-cast\/"]}]},{"@type":"ImageObject","inLanguage":"ca","@id":"https:\/\/www.focus.cat\/en\/germans-de-sang-reveals-its-cast\/#primaryimage","url":"https:\/\/www.focus.cat\/wp-content\/uploads\/2025\/06\/QUADRAT-WEB-FOCUS-1.png","contentUrl":"https:\/\/www.focus.cat\/wp-content\/uploads\/2025\/06\/QUADRAT-WEB-FOCUS-1.png","width":1080,"height":1080},{"@type":"WebSite","@id":"https:\/\/www.focus.cat\/#website","url":"https:\/\/www.focus.cat\/","name":"Focus","description":"","publisher":{"@id":"https:\/\/www.focus.cat\/#organization"},"potentialAction":[{"@type":"SearchAction","target":{"@type":"EntryPoint","urlTemplate":"https:\/\/www.focus.cat\/?s={search_term_string}"},"query-input":{"@type":"PropertyValueSpecification","valueRequired":true,"valueName":"search_term_string"}}],"inLanguage":"ca"},{"@type":"Organization","@id":"https:\/\/www.focus.cat\/#organization","name":"Focus","url":"https:\/\/www.focus.cat\/","logo":{"@type":"ImageObject","inLanguage":"ca","@id":"https:\/\/www.focus.cat\/#\/schema\/logo\/image\/","url":"https:\/\/www.focus.cat\/wp-content\/uploads\/2022\/01\/logo-focus-any-35.svg","contentUrl":"https:\/\/www.focus.cat\/wp-content\/uploads\/2022\/01\/logo-focus-any-35.svg","width":1,"height":1,"caption":"Focus"},"image":{"@id":"https:\/\/www.focus.cat\/#\/schema\/logo\/image\/"}},{"@type":"Person","@id":"https:\/\/www.focus.cat\/#\/schema\/person\/caae89e91020f6f4091f528af5ee5e71","name":"Suport Digital","image":{"@type":"ImageObject","inLanguage":"ca","@id":"https:\/\/secure.gravatar.com\/avatar\/dd41dbc903aea1c8ca8c21ad68c0e0693be9f8c724f44cf11598395a9d1a039e?s=96&d=mm&r=g","url":"https:\/\/secure.gravatar.com\/avatar\/dd41dbc903aea1c8ca8c21ad68c0e0693be9f8c724f44cf11598395a9d1a039e?s=96&d=mm&r=g","contentUrl":"https:\/\/secure.gravatar.com\/avatar\/dd41dbc903aea1c8ca8c21ad68c0e0693be9f8c724f44cf11598395a9d1a039e?s=96&d=mm&r=g","caption":"Suport Digital"},"url":"https:\/\/www.focus.cat\/author\/suport-digital\/"}]}},"_links":{"self":[{"href":"https:\/\/www.focus.cat\/wp-json\/wp\/v2\/posts\/23359","targetHints":{"allow":["GET"]}}],"collection":[{"href":"https:\/\/www.focus.cat\/wp-json\/wp\/v2\/posts"}],"about":[{"href":"https:\/\/www.focus.cat\/wp-json\/wp\/v2\/types\/post"}],"author":[{"embeddable":true,"href":"https:\/\/www.focus.cat\/wp-json\/wp\/v2\/users\/15"}],"replies":[{"embeddable":true,"href":"https:\/\/www.focus.cat\/wp-json\/wp\/v2\/comments?post=23359"}],"version-history":[{"count":0,"href":"https:\/\/www.focus.cat\/wp-json\/wp\/v2\/posts\/23359\/revisions"}],"wp:featuredmedia":[{"embeddable":true,"href":"https:\/\/www.focus.cat\/wp-json\/wp\/v2\/media\/23354"}],"wp:attachment":[{"href":"https:\/\/www.focus.cat\/wp-json\/wp\/v2\/media?parent=23359"}],"wp:term":[{"taxonomy":"category","embeddable":true,"href":"https:\/\/www.focus.cat\/wp-json\/wp\/v2\/categories?post=23359"}],"curies":[{"name":"wp","href":"https:\/\/api.w.org\/{rel}","templated":true}]}}