{"id":23941,"date":"2025-07-16T10:07:20","date_gmt":"2025-07-16T10:07:20","guid":{"rendered":"https:\/\/www.focus.cat\/?p=23941"},"modified":"2025-08-04T11:15:32","modified_gmt":"2025-08-04T11:15:32","slug":"tickets-now-on-sale-for-memorias-de-adriano-the-intimate-account-of-a-man-in-dialogue-with-his-own-history","status":"publish","type":"post","link":"https:\/\/www.focus.cat\/en\/tickets-now-on-sale-for-memorias-de-adriano-the-intimate-account-of-a-man-in-dialogue-with-his-own-history\/","title":{"rendered":"Tickets now on sale for Memorias de Adriano, the intimate account of a man in dialogue with his own history"},"content":{"rendered":"<p>This co-production by Teatre Romea and the Festival Internacional de Teatro Cl\u00e1sico de M\u00e9rida premieres this Wednesday, August 6, as part of the <a href=\"https:\/\/www.festivaldemerida.es\/programacion\/memorias-de-adriano\/\">Festival de Teatro Cl\u00e1sico<\/a>, where it will run until Sunday, August 10. Afterwards, it will be staged at the <a href=\"https:\/\/www.grupomarquina.es\/espectaculos\/memorias-adriano-teatro-madrid\">Teatro Marquina<\/a> from September 19 to October 12.<\/p>\n<p>The work by Marguerite Yourcenar, one of the most renowned and acclaimed historical texts of the 20th century, comes to the stage under the direction of Beatriz Ja\u00e9n and starring Llu\u00eds Homar.<\/p>\n<p>Tickets to see Memorias de Adriano at Teatro Marquina in Madrid, from September 19 to October 12, 2025, are now on sale. This co-production by Teatre Romea and the M\u00e9rida International Classical Theatre Festival will arrive in Madrid after its premiere from August 6 to 10, as part of the summer theatre festival.<\/p>\n<p>The play by Marguerite Yourcenar, one of the most celebrated historical texts of the 20th century, comes to life on stage starring Llu\u00eds Homar and directed by Beatriz Ja\u00e9n. Memorias de Adriano is a production based on the novel of the same name by Marguerite Yourcenar, with a stage adaptation by Brenda Escobedo based on the translation by Julio Cort\u00e1zar. Joining Homar\u2014who gives voice to the solitude of Emperor Hadrian\u2014are Clara Mingueza, \u00c1lvar Nahuel, Marc Domingo, Xavi Casan, and Ricard Boyle.<\/p>\n<p><img decoding=\"async\" class=\" wp-image-23935 aligncenter\" src=\"https:\/\/www.focus.cat\/wp-content\/uploads\/2025\/07\/8-Videos-HD-YT-1124x632.jpg\" alt=\"\" width=\"759\" height=\"427\" srcset=\"https:\/\/www.focus.cat\/wp-content\/uploads\/2025\/07\/8-Videos-HD-YT-1124x632.jpg 1124w, https:\/\/www.focus.cat\/wp-content\/uploads\/2025\/07\/8-Videos-HD-YT-300x169.jpg 300w, https:\/\/www.focus.cat\/wp-content\/uploads\/2025\/07\/8-Videos-HD-YT-150x84.jpg 150w, https:\/\/www.focus.cat\/wp-content\/uploads\/2025\/07\/8-Videos-HD-YT-800x450.jpg 800w, https:\/\/www.focus.cat\/wp-content\/uploads\/2025\/07\/8-Videos-HD-YT-1536x864.jpg 1536w, https:\/\/www.focus.cat\/wp-content\/uploads\/2025\/07\/8-Videos-HD-YT-1500x844.jpg 1500w, https:\/\/www.focus.cat\/wp-content\/uploads\/2025\/07\/8-Videos-HD-YT.jpg 1920w\" sizes=\"(max-width: 759px) 100vw, 759px\" \/><\/p>\n","protected":false},"excerpt":{"rendered":"<p>This co-production by Teatre Romea and the Festival Internacional de Teatro Cl\u00e1sico de M\u00e9rida premieres this Wednesday, August 6, as part of the Festival de Teatro Cl\u00e1sico, where it will run until Sunday, August 10. Afterwards, it will be staged at the Teatro Marquina from September 19 to October 12. The work by Marguerite Yourcenar,<a class=\"excerpt-read-more\" href=\"https:\/\/www.focus.cat\/en\/tickets-now-on-sale-for-memorias-de-adriano-the-intimate-account-of-a-man-in-dialogue-with-his-own-history\/\" title=\"LlegeixTickets now on sale for Memorias de Adriano, the intimate account of a man in dialogue with his own history\"> &#8230; Llegeix m\u00e9s<\/a><\/p>\n","protected":false},"author":15,"featured_media":23932,"comment_status":"closed","ping_status":"closed","sticky":false,"template":"","format":"standard","meta":{"_acf_changed":false,"inline_featured_image":false,"footnotes":""},"categories":[3],"class_list":["post-23941","post","type-post","status-publish","format-standard","has-post-thumbnail","hentry","category-news"],"acf":[],"yoast_head":"<!-- This site is optimized with the Yoast SEO plugin v27.5 - https:\/\/yoast.com\/product\/yoast-seo-wordpress\/ -->\n<title>Tickets now on sale for Memorias de Adriano, the intimate account of a man in dialogue with his own history - Focus<\/title>\n<meta name=\"robots\" content=\"index, follow, max-snippet:-1, max-image-preview:large, max-video-preview:-1\" \/>\n<link rel=\"canonical\" href=\"https:\/\/www.focus.cat\/tickets-now-on-sale-for-memorias-de-adriano-the-intimate-account-of-a-man-in-dialogue-with-his-own-history\/\" \/>\n<meta property=\"og:locale\" content=\"ca_ES\" \/>\n<meta property=\"og:type\" content=\"article\" \/>\n<meta property=\"og:title\" content=\"Tickets now on sale for Memorias de Adriano, the intimate account of a man in dialogue with his own history - Focus\" \/>\n<meta property=\"og:description\" content=\"This co-production by Teatre Romea and the Festival Internacional de Teatro Cl\u00e1sico de M\u00e9rida premieres this Wednesday, August 6, as part of the Festival de Teatro Cl\u00e1sico, where it will run until Sunday, August 10. Afterwards, it will be staged at the Teatro Marquina from September 19 to October 12. The work by Marguerite Yourcenar, ... Llegeix m\u00e9s\" \/>\n<meta property=\"og:url\" content=\"https:\/\/www.focus.cat\/en\/tickets-now-on-sale-for-memorias-de-adriano-the-intimate-account-of-a-man-in-dialogue-with-his-own-history\/\" \/>\n<meta property=\"og:site_name\" content=\"Focus\" \/>\n<meta property=\"article:published_time\" content=\"2025-07-16T10:07:20+00:00\" \/>\n<meta property=\"article:modified_time\" content=\"2025-08-04T11:15:32+00:00\" \/>\n<meta property=\"og:image\" content=\"https:\/\/www.focus.cat\/wp-content\/uploads\/2025\/07\/QUADRAT-WEB-FOCUS-7.png\" \/>\n\t<meta property=\"og:image:width\" content=\"1080\" \/>\n\t<meta property=\"og:image:height\" content=\"1080\" \/>\n\t<meta property=\"og:image:type\" content=\"image\/png\" \/>\n<meta name=\"author\" content=\"Suport Digital\" \/>\n<meta name=\"twitter:card\" content=\"summary_large_image\" \/>\n<script type=\"application\/ld+json\" class=\"yoast-schema-graph\">{\"@context\":\"https:\\\/\\\/schema.org\",\"@graph\":[{\"@type\":\"Article\",\"@id\":\"https:\\\/\\\/www.focus.cat\\\/en\\\/tickets-now-on-sale-for-memorias-de-adriano-the-intimate-account-of-a-man-in-dialogue-with-his-own-history\\\/#article\",\"isPartOf\":{\"@id\":\"https:\\\/\\\/www.focus.cat\\\/en\\\/tickets-now-on-sale-for-memorias-de-adriano-the-intimate-account-of-a-man-in-dialogue-with-his-own-history\\\/\"},\"author\":{\"name\":\"Suport Digital\",\"@id\":\"https:\\\/\\\/www.focus.cat\\\/#\\\/schema\\\/person\\\/caae89e91020f6f4091f528af5ee5e71\"},\"headline\":\"Tickets now on sale for Memorias de Adriano, the intimate account of a man in dialogue with his own history\",\"datePublished\":\"2025-07-16T10:07:20+00:00\",\"dateModified\":\"2025-08-04T11:15:32+00:00\",\"mainEntityOfPage\":{\"@id\":\"https:\\\/\\\/www.focus.cat\\\/en\\\/tickets-now-on-sale-for-memorias-de-adriano-the-intimate-account-of-a-man-in-dialogue-with-his-own-history\\\/\"},\"wordCount\":238,\"publisher\":{\"@id\":\"https:\\\/\\\/www.focus.cat\\\/#organization\"},\"image\":{\"@id\":\"https:\\\/\\\/www.focus.cat\\\/en\\\/tickets-now-on-sale-for-memorias-de-adriano-the-intimate-account-of-a-man-in-dialogue-with-his-own-history\\\/#primaryimage\"},\"thumbnailUrl\":\"https:\\\/\\\/www.focus.cat\\\/wp-content\\\/uploads\\\/2025\\\/07\\\/QUADRAT-WEB-FOCUS-7.png\",\"articleSection\":[\"News\"],\"inLanguage\":\"ca\"},{\"@type\":\"WebPage\",\"@id\":\"https:\\\/\\\/www.focus.cat\\\/en\\\/tickets-now-on-sale-for-memorias-de-adriano-the-intimate-account-of-a-man-in-dialogue-with-his-own-history\\\/\",\"url\":\"https:\\\/\\\/www.focus.cat\\\/en\\\/tickets-now-on-sale-for-memorias-de-adriano-the-intimate-account-of-a-man-in-dialogue-with-his-own-history\\\/\",\"name\":\"Tickets now on sale for Memorias de Adriano, the intimate account of a man in dialogue with his own history - Focus\",\"isPartOf\":{\"@id\":\"https:\\\/\\\/www.focus.cat\\\/#website\"},\"primaryImageOfPage\":{\"@id\":\"https:\\\/\\\/www.focus.cat\\\/en\\\/tickets-now-on-sale-for-memorias-de-adriano-the-intimate-account-of-a-man-in-dialogue-with-his-own-history\\\/#primaryimage\"},\"image\":{\"@id\":\"https:\\\/\\\/www.focus.cat\\\/en\\\/tickets-now-on-sale-for-memorias-de-adriano-the-intimate-account-of-a-man-in-dialogue-with-his-own-history\\\/#primaryimage\"},\"thumbnailUrl\":\"https:\\\/\\\/www.focus.cat\\\/wp-content\\\/uploads\\\/2025\\\/07\\\/QUADRAT-WEB-FOCUS-7.png\",\"datePublished\":\"2025-07-16T10:07:20+00:00\",\"dateModified\":\"2025-08-04T11:15:32+00:00\",\"inLanguage\":\"ca\",\"potentialAction\":[{\"@type\":\"ReadAction\",\"target\":[\"https:\\\/\\\/www.focus.cat\\\/en\\\/tickets-now-on-sale-for-memorias-de-adriano-the-intimate-account-of-a-man-in-dialogue-with-his-own-history\\\/\"]}]},{\"@type\":\"ImageObject\",\"inLanguage\":\"ca\",\"@id\":\"https:\\\/\\\/www.focus.cat\\\/en\\\/tickets-now-on-sale-for-memorias-de-adriano-the-intimate-account-of-a-man-in-dialogue-with-his-own-history\\\/#primaryimage\",\"url\":\"https:\\\/\\\/www.focus.cat\\\/wp-content\\\/uploads\\\/2025\\\/07\\\/QUADRAT-WEB-FOCUS-7.png\",\"contentUrl\":\"https:\\\/\\\/www.focus.cat\\\/wp-content\\\/uploads\\\/2025\\\/07\\\/QUADRAT-WEB-FOCUS-7.png\",\"width\":1080,\"height\":1080},{\"@type\":\"WebSite\",\"@id\":\"https:\\\/\\\/www.focus.cat\\\/#website\",\"url\":\"https:\\\/\\\/www.focus.cat\\\/\",\"name\":\"Focus\",\"description\":\"\",\"publisher\":{\"@id\":\"https:\\\/\\\/www.focus.cat\\\/#organization\"},\"potentialAction\":[{\"@type\":\"SearchAction\",\"target\":{\"@type\":\"EntryPoint\",\"urlTemplate\":\"https:\\\/\\\/www.focus.cat\\\/?s={search_term_string}\"},\"query-input\":{\"@type\":\"PropertyValueSpecification\",\"valueRequired\":true,\"valueName\":\"search_term_string\"}}],\"inLanguage\":\"ca\"},{\"@type\":\"Organization\",\"@id\":\"https:\\\/\\\/www.focus.cat\\\/#organization\",\"name\":\"Focus\",\"url\":\"https:\\\/\\\/www.focus.cat\\\/\",\"logo\":{\"@type\":\"ImageObject\",\"inLanguage\":\"ca\",\"@id\":\"https:\\\/\\\/www.focus.cat\\\/#\\\/schema\\\/logo\\\/image\\\/\",\"url\":\"https:\\\/\\\/www.focus.cat\\\/wp-content\\\/uploads\\\/2022\\\/01\\\/logo-focus-any-35.svg\",\"contentUrl\":\"https:\\\/\\\/www.focus.cat\\\/wp-content\\\/uploads\\\/2022\\\/01\\\/logo-focus-any-35.svg\",\"width\":1,\"height\":1,\"caption\":\"Focus\"},\"image\":{\"@id\":\"https:\\\/\\\/www.focus.cat\\\/#\\\/schema\\\/logo\\\/image\\\/\"}},{\"@type\":\"Person\",\"@id\":\"https:\\\/\\\/www.focus.cat\\\/#\\\/schema\\\/person\\\/caae89e91020f6f4091f528af5ee5e71\",\"name\":\"Suport Digital\",\"image\":{\"@type\":\"ImageObject\",\"inLanguage\":\"ca\",\"@id\":\"https:\\\/\\\/secure.gravatar.com\\\/avatar\\\/dd41dbc903aea1c8ca8c21ad68c0e0693be9f8c724f44cf11598395a9d1a039e?s=96&d=mm&r=g\",\"url\":\"https:\\\/\\\/secure.gravatar.com\\\/avatar\\\/dd41dbc903aea1c8ca8c21ad68c0e0693be9f8c724f44cf11598395a9d1a039e?s=96&d=mm&r=g\",\"contentUrl\":\"https:\\\/\\\/secure.gravatar.com\\\/avatar\\\/dd41dbc903aea1c8ca8c21ad68c0e0693be9f8c724f44cf11598395a9d1a039e?s=96&d=mm&r=g\",\"caption\":\"Suport Digital\"},\"url\":\"https:\\\/\\\/www.focus.cat\\\/author\\\/suport-digital\\\/\"}]}<\/script>\n<!-- \/ Yoast SEO plugin. -->","yoast_head_json":{"title":"Tickets now on sale for Memorias de Adriano, the intimate account of a man in dialogue with his own history - Focus","robots":{"index":"index","follow":"follow","max-snippet":"max-snippet:-1","max-image-preview":"max-image-preview:large","max-video-preview":"max-video-preview:-1"},"canonical":"https:\/\/www.focus.cat\/tickets-now-on-sale-for-memorias-de-adriano-the-intimate-account-of-a-man-in-dialogue-with-his-own-history\/","og_locale":"ca_ES","og_type":"article","og_title":"Tickets now on sale for Memorias de Adriano, the intimate account of a man in dialogue with his own history - Focus","og_description":"This co-production by Teatre Romea and the Festival Internacional de Teatro Cl\u00e1sico de M\u00e9rida premieres this Wednesday, August 6, as part of the Festival de Teatro Cl\u00e1sico, where it will run until Sunday, August 10. Afterwards, it will be staged at the Teatro Marquina from September 19 to October 12. The work by Marguerite Yourcenar, ... Llegeix m\u00e9s","og_url":"https:\/\/www.focus.cat\/en\/tickets-now-on-sale-for-memorias-de-adriano-the-intimate-account-of-a-man-in-dialogue-with-his-own-history\/","og_site_name":"Focus","article_published_time":"2025-07-16T10:07:20+00:00","article_modified_time":"2025-08-04T11:15:32+00:00","og_image":[{"width":1080,"height":1080,"url":"https:\/\/www.focus.cat\/wp-content\/uploads\/2025\/07\/QUADRAT-WEB-FOCUS-7.png","type":"image\/png"}],"author":"Suport Digital","twitter_card":"summary_large_image","schema":{"@context":"https:\/\/schema.org","@graph":[{"@type":"Article","@id":"https:\/\/www.focus.cat\/en\/tickets-now-on-sale-for-memorias-de-adriano-the-intimate-account-of-a-man-in-dialogue-with-his-own-history\/#article","isPartOf":{"@id":"https:\/\/www.focus.cat\/en\/tickets-now-on-sale-for-memorias-de-adriano-the-intimate-account-of-a-man-in-dialogue-with-his-own-history\/"},"author":{"name":"Suport Digital","@id":"https:\/\/www.focus.cat\/#\/schema\/person\/caae89e91020f6f4091f528af5ee5e71"},"headline":"Tickets now on sale for Memorias de Adriano, the intimate account of a man in dialogue with his own history","datePublished":"2025-07-16T10:07:20+00:00","dateModified":"2025-08-04T11:15:32+00:00","mainEntityOfPage":{"@id":"https:\/\/www.focus.cat\/en\/tickets-now-on-sale-for-memorias-de-adriano-the-intimate-account-of-a-man-in-dialogue-with-his-own-history\/"},"wordCount":238,"publisher":{"@id":"https:\/\/www.focus.cat\/#organization"},"image":{"@id":"https:\/\/www.focus.cat\/en\/tickets-now-on-sale-for-memorias-de-adriano-the-intimate-account-of-a-man-in-dialogue-with-his-own-history\/#primaryimage"},"thumbnailUrl":"https:\/\/www.focus.cat\/wp-content\/uploads\/2025\/07\/QUADRAT-WEB-FOCUS-7.png","articleSection":["News"],"inLanguage":"ca"},{"@type":"WebPage","@id":"https:\/\/www.focus.cat\/en\/tickets-now-on-sale-for-memorias-de-adriano-the-intimate-account-of-a-man-in-dialogue-with-his-own-history\/","url":"https:\/\/www.focus.cat\/en\/tickets-now-on-sale-for-memorias-de-adriano-the-intimate-account-of-a-man-in-dialogue-with-his-own-history\/","name":"Tickets now on sale for Memorias de Adriano, the intimate account of a man in dialogue with his own history - Focus","isPartOf":{"@id":"https:\/\/www.focus.cat\/#website"},"primaryImageOfPage":{"@id":"https:\/\/www.focus.cat\/en\/tickets-now-on-sale-for-memorias-de-adriano-the-intimate-account-of-a-man-in-dialogue-with-his-own-history\/#primaryimage"},"image":{"@id":"https:\/\/www.focus.cat\/en\/tickets-now-on-sale-for-memorias-de-adriano-the-intimate-account-of-a-man-in-dialogue-with-his-own-history\/#primaryimage"},"thumbnailUrl":"https:\/\/www.focus.cat\/wp-content\/uploads\/2025\/07\/QUADRAT-WEB-FOCUS-7.png","datePublished":"2025-07-16T10:07:20+00:00","dateModified":"2025-08-04T11:15:32+00:00","inLanguage":"ca","potentialAction":[{"@type":"ReadAction","target":["https:\/\/www.focus.cat\/en\/tickets-now-on-sale-for-memorias-de-adriano-the-intimate-account-of-a-man-in-dialogue-with-his-own-history\/"]}]},{"@type":"ImageObject","inLanguage":"ca","@id":"https:\/\/www.focus.cat\/en\/tickets-now-on-sale-for-memorias-de-adriano-the-intimate-account-of-a-man-in-dialogue-with-his-own-history\/#primaryimage","url":"https:\/\/www.focus.cat\/wp-content\/uploads\/2025\/07\/QUADRAT-WEB-FOCUS-7.png","contentUrl":"https:\/\/www.focus.cat\/wp-content\/uploads\/2025\/07\/QUADRAT-WEB-FOCUS-7.png","width":1080,"height":1080},{"@type":"WebSite","@id":"https:\/\/www.focus.cat\/#website","url":"https:\/\/www.focus.cat\/","name":"Focus","description":"","publisher":{"@id":"https:\/\/www.focus.cat\/#organization"},"potentialAction":[{"@type":"SearchAction","target":{"@type":"EntryPoint","urlTemplate":"https:\/\/www.focus.cat\/?s={search_term_string}"},"query-input":{"@type":"PropertyValueSpecification","valueRequired":true,"valueName":"search_term_string"}}],"inLanguage":"ca"},{"@type":"Organization","@id":"https:\/\/www.focus.cat\/#organization","name":"Focus","url":"https:\/\/www.focus.cat\/","logo":{"@type":"ImageObject","inLanguage":"ca","@id":"https:\/\/www.focus.cat\/#\/schema\/logo\/image\/","url":"https:\/\/www.focus.cat\/wp-content\/uploads\/2022\/01\/logo-focus-any-35.svg","contentUrl":"https:\/\/www.focus.cat\/wp-content\/uploads\/2022\/01\/logo-focus-any-35.svg","width":1,"height":1,"caption":"Focus"},"image":{"@id":"https:\/\/www.focus.cat\/#\/schema\/logo\/image\/"}},{"@type":"Person","@id":"https:\/\/www.focus.cat\/#\/schema\/person\/caae89e91020f6f4091f528af5ee5e71","name":"Suport Digital","image":{"@type":"ImageObject","inLanguage":"ca","@id":"https:\/\/secure.gravatar.com\/avatar\/dd41dbc903aea1c8ca8c21ad68c0e0693be9f8c724f44cf11598395a9d1a039e?s=96&d=mm&r=g","url":"https:\/\/secure.gravatar.com\/avatar\/dd41dbc903aea1c8ca8c21ad68c0e0693be9f8c724f44cf11598395a9d1a039e?s=96&d=mm&r=g","contentUrl":"https:\/\/secure.gravatar.com\/avatar\/dd41dbc903aea1c8ca8c21ad68c0e0693be9f8c724f44cf11598395a9d1a039e?s=96&d=mm&r=g","caption":"Suport Digital"},"url":"https:\/\/www.focus.cat\/author\/suport-digital\/"}]}},"_links":{"self":[{"href":"https:\/\/www.focus.cat\/wp-json\/wp\/v2\/posts\/23941","targetHints":{"allow":["GET"]}}],"collection":[{"href":"https:\/\/www.focus.cat\/wp-json\/wp\/v2\/posts"}],"about":[{"href":"https:\/\/www.focus.cat\/wp-json\/wp\/v2\/types\/post"}],"author":[{"embeddable":true,"href":"https:\/\/www.focus.cat\/wp-json\/wp\/v2\/users\/15"}],"replies":[{"embeddable":true,"href":"https:\/\/www.focus.cat\/wp-json\/wp\/v2\/comments?post=23941"}],"version-history":[{"count":0,"href":"https:\/\/www.focus.cat\/wp-json\/wp\/v2\/posts\/23941\/revisions"}],"wp:featuredmedia":[{"embeddable":true,"href":"https:\/\/www.focus.cat\/wp-json\/wp\/v2\/media\/23932"}],"wp:attachment":[{"href":"https:\/\/www.focus.cat\/wp-json\/wp\/v2\/media?parent=23941"}],"wp:term":[{"taxonomy":"category","embeddable":true,"href":"https:\/\/www.focus.cat\/wp-json\/wp\/v2\/categories?post=23941"}],"curies":[{"name":"wp","href":"https:\/\/api.w.org\/{rel}","templated":true}]}}