{"id":24955,"date":"2025-10-28T16:31:24","date_gmt":"2025-10-28T16:31:24","guid":{"rendered":"https:\/\/www.focus.cat\/?p=24955"},"modified":"2025-10-28T16:31:36","modified_gmt":"2025-10-28T16:31:36","slug":"el-hilo-invisible-arrives-in-madrid","status":"publish","type":"post","link":"https:\/\/www.focus.cat\/en\/el-hilo-invisible-arrives-in-madrid\/","title":{"rendered":"\u2018El hilo invisible\u2019 arrives in Madrid"},"content":{"rendered":"<p>El hilo invisible, el musical will be performed from November 1st at Teatro Alc\u00e1zar in Madrid. The show, based on the story El fil invisible by M\u00edriam Tirado, published by B de Blok (Penguin Random House Grupo Editorial), is directed by Al\u00edcia Serrat, with musical direction by V\u00edctor Arbelo, and produced by Viu el Teatre and Focus. The singer Nerea stars in the musical.<\/p>\n<p>The show premiered last year at Teatre Goya, becoming a true theatrical phenomenon with over 26,000 spectators and winning the hearts of audiences of all ages\u2014both for the excellent stage adaptation of M\u00edriam Tirado\u2019s story and for the originality of its musical score, which shares with the audience a tender tale about grief and the ability to cope with loss and the distance of loved ones.<\/p>\n<p><img decoding=\"async\" class=\"size-large wp-image-24948 aligncenter\" src=\"https:\/\/www.focus.cat\/wp-content\/uploads\/2025\/10\/MEDITERRANEA-FOTO-HORITZONTAL-2-1124x632.png\" alt=\"\" width=\"1024\" height=\"576\" srcset=\"https:\/\/www.focus.cat\/wp-content\/uploads\/2025\/10\/MEDITERRANEA-FOTO-HORITZONTAL-2-1124x632.png 1124w, https:\/\/www.focus.cat\/wp-content\/uploads\/2025\/10\/MEDITERRANEA-FOTO-HORITZONTAL-2-300x169.png 300w, https:\/\/www.focus.cat\/wp-content\/uploads\/2025\/10\/MEDITERRANEA-FOTO-HORITZONTAL-2-150x84.png 150w, https:\/\/www.focus.cat\/wp-content\/uploads\/2025\/10\/MEDITERRANEA-FOTO-HORITZONTAL-2-800x450.png 800w, https:\/\/www.focus.cat\/wp-content\/uploads\/2025\/10\/MEDITERRANEA-FOTO-HORITZONTAL-2-1536x864.png 1536w, https:\/\/www.focus.cat\/wp-content\/uploads\/2025\/10\/MEDITERRANEA-FOTO-HORITZONTAL-2-1500x844.png 1500w, https:\/\/www.focus.cat\/wp-content\/uploads\/2025\/10\/MEDITERRANEA-FOTO-HORITZONTAL-2.png 1600w\" sizes=\"(max-width: 1024px) 100vw, 1024px\" \/><\/p>\n","protected":false},"excerpt":{"rendered":"<p>El hilo invisible, el musical will be performed from November 1st at Teatro Alc\u00e1zar in Madrid. The show, based on the story El fil invisible by M\u00edriam Tirado, published by B de Blok (Penguin Random House Grupo Editorial), is directed by Al\u00edcia Serrat, with musical direction by V\u00edctor Arbelo, and produced by Viu el Teatre<a class=\"excerpt-read-more\" href=\"https:\/\/www.focus.cat\/en\/el-hilo-invisible-arrives-in-madrid\/\" title=\"Llegeix\u2018El hilo invisible\u2019 arrives in Madrid\"> &#8230; Llegeix m\u00e9s<\/a><\/p>\n","protected":false},"author":20,"featured_media":24948,"comment_status":"closed","ping_status":"closed","sticky":false,"template":"","format":"standard","meta":{"_acf_changed":false,"inline_featured_image":false,"footnotes":""},"categories":[3],"class_list":["post-24955","post","type-post","status-publish","format-standard","has-post-thumbnail","hentry","category-news"],"acf":[],"yoast_head":"<!-- This site is optimized with the Yoast SEO plugin v27.5 - https:\/\/yoast.com\/product\/yoast-seo-wordpress\/ -->\n<title>\u2018El hilo invisible\u2019 arrives in Madrid - Focus<\/title>\n<meta name=\"robots\" content=\"index, follow, max-snippet:-1, max-image-preview:large, max-video-preview:-1\" \/>\n<link rel=\"canonical\" href=\"https:\/\/www.focus.cat\/el-hilo-invisible-arrives-in-madrid\/\" \/>\n<meta property=\"og:locale\" content=\"ca_ES\" \/>\n<meta property=\"og:type\" content=\"article\" \/>\n<meta property=\"og:title\" content=\"\u2018El hilo invisible\u2019 arrives in Madrid - Focus\" \/>\n<meta property=\"og:description\" content=\"El hilo invisible, el musical will be performed from November 1st at Teatro Alc\u00e1zar in Madrid. The show, based on the story El fil invisible by M\u00edriam Tirado, published by B de Blok (Penguin Random House Grupo Editorial), is directed by Al\u00edcia Serrat, with musical direction by V\u00edctor Arbelo, and produced by Viu el Teatre ... Llegeix m\u00e9s\" \/>\n<meta property=\"og:url\" content=\"https:\/\/www.focus.cat\/en\/el-hilo-invisible-arrives-in-madrid\/\" \/>\n<meta property=\"og:site_name\" content=\"Focus\" \/>\n<meta property=\"article:published_time\" content=\"2025-10-28T16:31:24+00:00\" \/>\n<meta property=\"article:modified_time\" content=\"2025-10-28T16:31:36+00:00\" \/>\n<meta property=\"og:image\" content=\"https:\/\/www.focus.cat\/wp-content\/uploads\/2025\/10\/MEDITERRANEA-FOTO-HORITZONTAL-2.png\" \/>\n\t<meta property=\"og:image:width\" content=\"1600\" \/>\n\t<meta property=\"og:image:height\" content=\"900\" \/>\n\t<meta property=\"og:image:type\" content=\"image\/png\" \/>\n<meta name=\"author\" content=\"Anna P\u00e9rez\" \/>\n<meta name=\"twitter:card\" content=\"summary_large_image\" \/>\n<script type=\"application\/ld+json\" class=\"yoast-schema-graph\">{\"@context\":\"https:\\\/\\\/schema.org\",\"@graph\":[{\"@type\":\"Article\",\"@id\":\"https:\\\/\\\/www.focus.cat\\\/en\\\/el-hilo-invisible-arrives-in-madrid\\\/#article\",\"isPartOf\":{\"@id\":\"https:\\\/\\\/www.focus.cat\\\/en\\\/el-hilo-invisible-arrives-in-madrid\\\/\"},\"author\":{\"name\":\"Anna P\u00e9rez\",\"@id\":\"https:\\\/\\\/www.focus.cat\\\/#\\\/schema\\\/person\\\/9e66abd668dd0c1279ae3914c3d74f90\"},\"headline\":\"\u2018El hilo invisible\u2019 arrives in Madrid\",\"datePublished\":\"2025-10-28T16:31:24+00:00\",\"dateModified\":\"2025-10-28T16:31:36+00:00\",\"mainEntityOfPage\":{\"@id\":\"https:\\\/\\\/www.focus.cat\\\/en\\\/el-hilo-invisible-arrives-in-madrid\\\/\"},\"wordCount\":142,\"publisher\":{\"@id\":\"https:\\\/\\\/www.focus.cat\\\/#organization\"},\"image\":{\"@id\":\"https:\\\/\\\/www.focus.cat\\\/en\\\/el-hilo-invisible-arrives-in-madrid\\\/#primaryimage\"},\"thumbnailUrl\":\"https:\\\/\\\/www.focus.cat\\\/wp-content\\\/uploads\\\/2025\\\/10\\\/MEDITERRANEA-FOTO-HORITZONTAL-2.png\",\"articleSection\":[\"News\"],\"inLanguage\":\"ca\"},{\"@type\":\"WebPage\",\"@id\":\"https:\\\/\\\/www.focus.cat\\\/en\\\/el-hilo-invisible-arrives-in-madrid\\\/\",\"url\":\"https:\\\/\\\/www.focus.cat\\\/en\\\/el-hilo-invisible-arrives-in-madrid\\\/\",\"name\":\"\u2018El hilo invisible\u2019 arrives in Madrid - Focus\",\"isPartOf\":{\"@id\":\"https:\\\/\\\/www.focus.cat\\\/#website\"},\"primaryImageOfPage\":{\"@id\":\"https:\\\/\\\/www.focus.cat\\\/en\\\/el-hilo-invisible-arrives-in-madrid\\\/#primaryimage\"},\"image\":{\"@id\":\"https:\\\/\\\/www.focus.cat\\\/en\\\/el-hilo-invisible-arrives-in-madrid\\\/#primaryimage\"},\"thumbnailUrl\":\"https:\\\/\\\/www.focus.cat\\\/wp-content\\\/uploads\\\/2025\\\/10\\\/MEDITERRANEA-FOTO-HORITZONTAL-2.png\",\"datePublished\":\"2025-10-28T16:31:24+00:00\",\"dateModified\":\"2025-10-28T16:31:36+00:00\",\"inLanguage\":\"ca\",\"potentialAction\":[{\"@type\":\"ReadAction\",\"target\":[\"https:\\\/\\\/www.focus.cat\\\/en\\\/el-hilo-invisible-arrives-in-madrid\\\/\"]}]},{\"@type\":\"ImageObject\",\"inLanguage\":\"ca\",\"@id\":\"https:\\\/\\\/www.focus.cat\\\/en\\\/el-hilo-invisible-arrives-in-madrid\\\/#primaryimage\",\"url\":\"https:\\\/\\\/www.focus.cat\\\/wp-content\\\/uploads\\\/2025\\\/10\\\/MEDITERRANEA-FOTO-HORITZONTAL-2.png\",\"contentUrl\":\"https:\\\/\\\/www.focus.cat\\\/wp-content\\\/uploads\\\/2025\\\/10\\\/MEDITERRANEA-FOTO-HORITZONTAL-2.png\",\"width\":1600,\"height\":900},{\"@type\":\"WebSite\",\"@id\":\"https:\\\/\\\/www.focus.cat\\\/#website\",\"url\":\"https:\\\/\\\/www.focus.cat\\\/\",\"name\":\"Focus\",\"description\":\"\",\"publisher\":{\"@id\":\"https:\\\/\\\/www.focus.cat\\\/#organization\"},\"potentialAction\":[{\"@type\":\"SearchAction\",\"target\":{\"@type\":\"EntryPoint\",\"urlTemplate\":\"https:\\\/\\\/www.focus.cat\\\/?s={search_term_string}\"},\"query-input\":{\"@type\":\"PropertyValueSpecification\",\"valueRequired\":true,\"valueName\":\"search_term_string\"}}],\"inLanguage\":\"ca\"},{\"@type\":\"Organization\",\"@id\":\"https:\\\/\\\/www.focus.cat\\\/#organization\",\"name\":\"Focus\",\"url\":\"https:\\\/\\\/www.focus.cat\\\/\",\"logo\":{\"@type\":\"ImageObject\",\"inLanguage\":\"ca\",\"@id\":\"https:\\\/\\\/www.focus.cat\\\/#\\\/schema\\\/logo\\\/image\\\/\",\"url\":\"https:\\\/\\\/www.focus.cat\\\/wp-content\\\/uploads\\\/2022\\\/01\\\/logo-focus-any-35.svg\",\"contentUrl\":\"https:\\\/\\\/www.focus.cat\\\/wp-content\\\/uploads\\\/2022\\\/01\\\/logo-focus-any-35.svg\",\"width\":1,\"height\":1,\"caption\":\"Focus\"},\"image\":{\"@id\":\"https:\\\/\\\/www.focus.cat\\\/#\\\/schema\\\/logo\\\/image\\\/\"}},{\"@type\":\"Person\",\"@id\":\"https:\\\/\\\/www.focus.cat\\\/#\\\/schema\\\/person\\\/9e66abd668dd0c1279ae3914c3d74f90\",\"name\":\"Anna P\u00e9rez\",\"image\":{\"@type\":\"ImageObject\",\"inLanguage\":\"ca\",\"@id\":\"https:\\\/\\\/secure.gravatar.com\\\/avatar\\\/5dbe7a45b452a34f066c1aff3317898a63481e4439c4015a48149f6288b5280d?s=96&d=mm&r=g\",\"url\":\"https:\\\/\\\/secure.gravatar.com\\\/avatar\\\/5dbe7a45b452a34f066c1aff3317898a63481e4439c4015a48149f6288b5280d?s=96&d=mm&r=g\",\"contentUrl\":\"https:\\\/\\\/secure.gravatar.com\\\/avatar\\\/5dbe7a45b452a34f066c1aff3317898a63481e4439c4015a48149f6288b5280d?s=96&d=mm&r=g\",\"caption\":\"Anna P\u00e9rez\"},\"url\":\"https:\\\/\\\/www.focus.cat\\\/author\\\/anna-perez\\\/\"}]}<\/script>\n<!-- \/ Yoast SEO plugin. -->","yoast_head_json":{"title":"\u2018El hilo invisible\u2019 arrives in Madrid - Focus","robots":{"index":"index","follow":"follow","max-snippet":"max-snippet:-1","max-image-preview":"max-image-preview:large","max-video-preview":"max-video-preview:-1"},"canonical":"https:\/\/www.focus.cat\/el-hilo-invisible-arrives-in-madrid\/","og_locale":"ca_ES","og_type":"article","og_title":"\u2018El hilo invisible\u2019 arrives in Madrid - Focus","og_description":"El hilo invisible, el musical will be performed from November 1st at Teatro Alc\u00e1zar in Madrid. The show, based on the story El fil invisible by M\u00edriam Tirado, published by B de Blok (Penguin Random House Grupo Editorial), is directed by Al\u00edcia Serrat, with musical direction by V\u00edctor Arbelo, and produced by Viu el Teatre ... Llegeix m\u00e9s","og_url":"https:\/\/www.focus.cat\/en\/el-hilo-invisible-arrives-in-madrid\/","og_site_name":"Focus","article_published_time":"2025-10-28T16:31:24+00:00","article_modified_time":"2025-10-28T16:31:36+00:00","og_image":[{"width":1600,"height":900,"url":"https:\/\/www.focus.cat\/wp-content\/uploads\/2025\/10\/MEDITERRANEA-FOTO-HORITZONTAL-2.png","type":"image\/png"}],"author":"Anna P\u00e9rez","twitter_card":"summary_large_image","schema":{"@context":"https:\/\/schema.org","@graph":[{"@type":"Article","@id":"https:\/\/www.focus.cat\/en\/el-hilo-invisible-arrives-in-madrid\/#article","isPartOf":{"@id":"https:\/\/www.focus.cat\/en\/el-hilo-invisible-arrives-in-madrid\/"},"author":{"name":"Anna P\u00e9rez","@id":"https:\/\/www.focus.cat\/#\/schema\/person\/9e66abd668dd0c1279ae3914c3d74f90"},"headline":"\u2018El hilo invisible\u2019 arrives in Madrid","datePublished":"2025-10-28T16:31:24+00:00","dateModified":"2025-10-28T16:31:36+00:00","mainEntityOfPage":{"@id":"https:\/\/www.focus.cat\/en\/el-hilo-invisible-arrives-in-madrid\/"},"wordCount":142,"publisher":{"@id":"https:\/\/www.focus.cat\/#organization"},"image":{"@id":"https:\/\/www.focus.cat\/en\/el-hilo-invisible-arrives-in-madrid\/#primaryimage"},"thumbnailUrl":"https:\/\/www.focus.cat\/wp-content\/uploads\/2025\/10\/MEDITERRANEA-FOTO-HORITZONTAL-2.png","articleSection":["News"],"inLanguage":"ca"},{"@type":"WebPage","@id":"https:\/\/www.focus.cat\/en\/el-hilo-invisible-arrives-in-madrid\/","url":"https:\/\/www.focus.cat\/en\/el-hilo-invisible-arrives-in-madrid\/","name":"\u2018El hilo invisible\u2019 arrives in Madrid - Focus","isPartOf":{"@id":"https:\/\/www.focus.cat\/#website"},"primaryImageOfPage":{"@id":"https:\/\/www.focus.cat\/en\/el-hilo-invisible-arrives-in-madrid\/#primaryimage"},"image":{"@id":"https:\/\/www.focus.cat\/en\/el-hilo-invisible-arrives-in-madrid\/#primaryimage"},"thumbnailUrl":"https:\/\/www.focus.cat\/wp-content\/uploads\/2025\/10\/MEDITERRANEA-FOTO-HORITZONTAL-2.png","datePublished":"2025-10-28T16:31:24+00:00","dateModified":"2025-10-28T16:31:36+00:00","inLanguage":"ca","potentialAction":[{"@type":"ReadAction","target":["https:\/\/www.focus.cat\/en\/el-hilo-invisible-arrives-in-madrid\/"]}]},{"@type":"ImageObject","inLanguage":"ca","@id":"https:\/\/www.focus.cat\/en\/el-hilo-invisible-arrives-in-madrid\/#primaryimage","url":"https:\/\/www.focus.cat\/wp-content\/uploads\/2025\/10\/MEDITERRANEA-FOTO-HORITZONTAL-2.png","contentUrl":"https:\/\/www.focus.cat\/wp-content\/uploads\/2025\/10\/MEDITERRANEA-FOTO-HORITZONTAL-2.png","width":1600,"height":900},{"@type":"WebSite","@id":"https:\/\/www.focus.cat\/#website","url":"https:\/\/www.focus.cat\/","name":"Focus","description":"","publisher":{"@id":"https:\/\/www.focus.cat\/#organization"},"potentialAction":[{"@type":"SearchAction","target":{"@type":"EntryPoint","urlTemplate":"https:\/\/www.focus.cat\/?s={search_term_string}"},"query-input":{"@type":"PropertyValueSpecification","valueRequired":true,"valueName":"search_term_string"}}],"inLanguage":"ca"},{"@type":"Organization","@id":"https:\/\/www.focus.cat\/#organization","name":"Focus","url":"https:\/\/www.focus.cat\/","logo":{"@type":"ImageObject","inLanguage":"ca","@id":"https:\/\/www.focus.cat\/#\/schema\/logo\/image\/","url":"https:\/\/www.focus.cat\/wp-content\/uploads\/2022\/01\/logo-focus-any-35.svg","contentUrl":"https:\/\/www.focus.cat\/wp-content\/uploads\/2022\/01\/logo-focus-any-35.svg","width":1,"height":1,"caption":"Focus"},"image":{"@id":"https:\/\/www.focus.cat\/#\/schema\/logo\/image\/"}},{"@type":"Person","@id":"https:\/\/www.focus.cat\/#\/schema\/person\/9e66abd668dd0c1279ae3914c3d74f90","name":"Anna P\u00e9rez","image":{"@type":"ImageObject","inLanguage":"ca","@id":"https:\/\/secure.gravatar.com\/avatar\/5dbe7a45b452a34f066c1aff3317898a63481e4439c4015a48149f6288b5280d?s=96&d=mm&r=g","url":"https:\/\/secure.gravatar.com\/avatar\/5dbe7a45b452a34f066c1aff3317898a63481e4439c4015a48149f6288b5280d?s=96&d=mm&r=g","contentUrl":"https:\/\/secure.gravatar.com\/avatar\/5dbe7a45b452a34f066c1aff3317898a63481e4439c4015a48149f6288b5280d?s=96&d=mm&r=g","caption":"Anna P\u00e9rez"},"url":"https:\/\/www.focus.cat\/author\/anna-perez\/"}]}},"_links":{"self":[{"href":"https:\/\/www.focus.cat\/wp-json\/wp\/v2\/posts\/24955","targetHints":{"allow":["GET"]}}],"collection":[{"href":"https:\/\/www.focus.cat\/wp-json\/wp\/v2\/posts"}],"about":[{"href":"https:\/\/www.focus.cat\/wp-json\/wp\/v2\/types\/post"}],"author":[{"embeddable":true,"href":"https:\/\/www.focus.cat\/wp-json\/wp\/v2\/users\/20"}],"replies":[{"embeddable":true,"href":"https:\/\/www.focus.cat\/wp-json\/wp\/v2\/comments?post=24955"}],"version-history":[{"count":0,"href":"https:\/\/www.focus.cat\/wp-json\/wp\/v2\/posts\/24955\/revisions"}],"wp:featuredmedia":[{"embeddable":true,"href":"https:\/\/www.focus.cat\/wp-json\/wp\/v2\/media\/24948"}],"wp:attachment":[{"href":"https:\/\/www.focus.cat\/wp-json\/wp\/v2\/media?parent=24955"}],"wp:term":[{"taxonomy":"category","embeddable":true,"href":"https:\/\/www.focus.cat\/wp-json\/wp\/v2\/categories?post=24955"}],"curies":[{"name":"wp","href":"https:\/\/api.w.org\/{rel}","templated":true}]}}