{"id":25412,"date":"2025-12-03T17:06:04","date_gmt":"2025-12-03T17:06:04","guid":{"rendered":"https:\/\/www.focus.cat\/?p=25412"},"modified":"2025-12-03T17:06:04","modified_gmt":"2025-12-03T17:06:04","slug":"terra-alta-the-new-series-coproduced-by-focus-studios","status":"publish","type":"post","link":"https:\/\/www.focus.cat\/en\/terra-alta-the-new-series-coproduced-by-focus-studios\/","title":{"rendered":"TERRA ALTA &#8211; The new series coproduced by Focus Studios"},"content":{"rendered":"<p>The series <em><strong>Terra Alta<\/strong><\/em>, an adaptation of the novel of the same name by Javier Cercas, winner of the 2019 Premio Planeta, will premiere this coming Thursday, December 4, on <strong>Movistar Plus+<\/strong>.<\/p>\n<p><strong><em>Terra Alta<\/em><\/strong>, coproduced by Focus Studios and Secuoya, is a six-episode crime thriller whose starting point is the murder of two prominent businessmen in Catalonia, and in which a police officer with a hidden past takes charge of investigating these crimes.<\/p>\n<p><em><strong>Terra Alta<\/strong><\/em> features a carefully selected artistic cast. The ensemble is led by Miguel Bernardeau, who plays Melchor Mar\u00edn. He is joined by Iv\u00e1n Massagu\u00e9, Marta Etura, Bea Segura, Goya Toledo, Pere Ponce, Pablo Derqui, Manel Barcel\u00f3, Jordi Mart\u00ednez, and a special collaboration by Francesc Orella, among others.<\/p>\n<p>The series is created by Eligio R. Montero (<em>Bu\u00f1uel en el laberinto de las tortugas<\/em>), directed by Eduard Cort\u00e9s (<em>Dime qui\u00e9n soy<\/em>), and written by Eligio R. Montero and Carmen L\u00f3pez-Area (<em>La chica invisible<\/em>).<\/p>\n","protected":false},"excerpt":{"rendered":"<p>The series Terra Alta, an adaptation of the novel of the same name by Javier Cercas, winner of the 2019 Premio Planeta, will premiere this coming Thursday, December 4, on Movistar Plus+. Terra Alta, coproduced by Focus Studios and Secuoya, is a six-episode crime thriller whose starting point is the murder of two prominent businessmen<a class=\"excerpt-read-more\" href=\"https:\/\/www.focus.cat\/en\/terra-alta-the-new-series-coproduced-by-focus-studios\/\" title=\"LlegeixTERRA ALTA &#8211; The new series coproduced by Focus Studios\"> &#8230; Llegeix m\u00e9s<\/a><\/p>\n","protected":false},"author":17,"featured_media":25407,"comment_status":"closed","ping_status":"closed","sticky":false,"template":"","format":"standard","meta":{"_acf_changed":false,"inline_featured_image":false,"footnotes":""},"categories":[3],"class_list":["post-25412","post","type-post","status-publish","format-standard","has-post-thumbnail","hentry","category-news"],"acf":[],"yoast_head":"<!-- This site is optimized with the Yoast SEO plugin v27.4 - https:\/\/yoast.com\/product\/yoast-seo-wordpress\/ -->\n<title>TERRA ALTA - The new series coproduced by Focus Studios - Focus<\/title>\n<meta name=\"robots\" content=\"index, follow, max-snippet:-1, max-image-preview:large, max-video-preview:-1\" \/>\n<link rel=\"canonical\" href=\"https:\/\/www.focus.cat\/terra-alta-the-new-series-coproduced-by-focus-studios\/\" \/>\n<meta property=\"og:locale\" content=\"ca_ES\" \/>\n<meta property=\"og:type\" content=\"article\" \/>\n<meta property=\"og:title\" content=\"TERRA ALTA - The new series coproduced by Focus Studios - Focus\" \/>\n<meta property=\"og:description\" content=\"The series Terra Alta, an adaptation of the novel of the same name by Javier Cercas, winner of the 2019 Premio Planeta, will premiere this coming Thursday, December 4, on Movistar Plus+. Terra Alta, coproduced by Focus Studios and Secuoya, is a six-episode crime thriller whose starting point is the murder of two prominent businessmen ... Llegeix m\u00e9s\" \/>\n<meta property=\"og:url\" content=\"https:\/\/www.focus.cat\/en\/terra-alta-the-new-series-coproduced-by-focus-studios\/\" \/>\n<meta property=\"og:site_name\" content=\"Focus\" \/>\n<meta property=\"article:published_time\" content=\"2025-12-03T17:06:04+00:00\" \/>\n<meta property=\"og:image\" content=\"https:\/\/www.focus.cat\/wp-content\/uploads\/2025\/12\/QUADRAT-WEB-FOCUS-20.png\" \/>\n\t<meta property=\"og:image:width\" content=\"1080\" \/>\n\t<meta property=\"og:image:height\" content=\"1080\" \/>\n\t<meta property=\"og:image:type\" content=\"image\/png\" \/>\n<meta name=\"author\" content=\"Lorena Gomez\" \/>\n<meta name=\"twitter:card\" content=\"summary_large_image\" \/>\n<script type=\"application\/ld+json\" class=\"yoast-schema-graph\">{\"@context\":\"https:\\\/\\\/schema.org\",\"@graph\":[{\"@type\":\"Article\",\"@id\":\"https:\\\/\\\/www.focus.cat\\\/en\\\/terra-alta-the-new-series-coproduced-by-focus-studios\\\/#article\",\"isPartOf\":{\"@id\":\"https:\\\/\\\/www.focus.cat\\\/en\\\/terra-alta-the-new-series-coproduced-by-focus-studios\\\/\"},\"author\":{\"name\":\"Lorena Gomez\",\"@id\":\"https:\\\/\\\/www.focus.cat\\\/#\\\/schema\\\/person\\\/25787cd8a9f611233a591129d4409df2\"},\"headline\":\"TERRA ALTA &#8211; The new series coproduced by Focus Studios\",\"datePublished\":\"2025-12-03T17:06:04+00:00\",\"mainEntityOfPage\":{\"@id\":\"https:\\\/\\\/www.focus.cat\\\/en\\\/terra-alta-the-new-series-coproduced-by-focus-studios\\\/\"},\"wordCount\":170,\"publisher\":{\"@id\":\"https:\\\/\\\/www.focus.cat\\\/#organization\"},\"image\":{\"@id\":\"https:\\\/\\\/www.focus.cat\\\/en\\\/terra-alta-the-new-series-coproduced-by-focus-studios\\\/#primaryimage\"},\"thumbnailUrl\":\"https:\\\/\\\/www.focus.cat\\\/wp-content\\\/uploads\\\/2025\\\/12\\\/QUADRAT-WEB-FOCUS-20.png\",\"articleSection\":[\"News\"],\"inLanguage\":\"ca\"},{\"@type\":\"WebPage\",\"@id\":\"https:\\\/\\\/www.focus.cat\\\/en\\\/terra-alta-the-new-series-coproduced-by-focus-studios\\\/\",\"url\":\"https:\\\/\\\/www.focus.cat\\\/en\\\/terra-alta-the-new-series-coproduced-by-focus-studios\\\/\",\"name\":\"TERRA ALTA - The new series coproduced by Focus Studios - Focus\",\"isPartOf\":{\"@id\":\"https:\\\/\\\/www.focus.cat\\\/#website\"},\"primaryImageOfPage\":{\"@id\":\"https:\\\/\\\/www.focus.cat\\\/en\\\/terra-alta-the-new-series-coproduced-by-focus-studios\\\/#primaryimage\"},\"image\":{\"@id\":\"https:\\\/\\\/www.focus.cat\\\/en\\\/terra-alta-the-new-series-coproduced-by-focus-studios\\\/#primaryimage\"},\"thumbnailUrl\":\"https:\\\/\\\/www.focus.cat\\\/wp-content\\\/uploads\\\/2025\\\/12\\\/QUADRAT-WEB-FOCUS-20.png\",\"datePublished\":\"2025-12-03T17:06:04+00:00\",\"inLanguage\":\"ca\",\"potentialAction\":[{\"@type\":\"ReadAction\",\"target\":[\"https:\\\/\\\/www.focus.cat\\\/en\\\/terra-alta-the-new-series-coproduced-by-focus-studios\\\/\"]}]},{\"@type\":\"ImageObject\",\"inLanguage\":\"ca\",\"@id\":\"https:\\\/\\\/www.focus.cat\\\/en\\\/terra-alta-the-new-series-coproduced-by-focus-studios\\\/#primaryimage\",\"url\":\"https:\\\/\\\/www.focus.cat\\\/wp-content\\\/uploads\\\/2025\\\/12\\\/QUADRAT-WEB-FOCUS-20.png\",\"contentUrl\":\"https:\\\/\\\/www.focus.cat\\\/wp-content\\\/uploads\\\/2025\\\/12\\\/QUADRAT-WEB-FOCUS-20.png\",\"width\":1080,\"height\":1080},{\"@type\":\"WebSite\",\"@id\":\"https:\\\/\\\/www.focus.cat\\\/#website\",\"url\":\"https:\\\/\\\/www.focus.cat\\\/\",\"name\":\"Focus\",\"description\":\"\",\"publisher\":{\"@id\":\"https:\\\/\\\/www.focus.cat\\\/#organization\"},\"potentialAction\":[{\"@type\":\"SearchAction\",\"target\":{\"@type\":\"EntryPoint\",\"urlTemplate\":\"https:\\\/\\\/www.focus.cat\\\/?s={search_term_string}\"},\"query-input\":{\"@type\":\"PropertyValueSpecification\",\"valueRequired\":true,\"valueName\":\"search_term_string\"}}],\"inLanguage\":\"ca\"},{\"@type\":\"Organization\",\"@id\":\"https:\\\/\\\/www.focus.cat\\\/#organization\",\"name\":\"Focus\",\"url\":\"https:\\\/\\\/www.focus.cat\\\/\",\"logo\":{\"@type\":\"ImageObject\",\"inLanguage\":\"ca\",\"@id\":\"https:\\\/\\\/www.focus.cat\\\/#\\\/schema\\\/logo\\\/image\\\/\",\"url\":\"https:\\\/\\\/www.focus.cat\\\/wp-content\\\/uploads\\\/2022\\\/01\\\/logo-focus-any-35.svg\",\"contentUrl\":\"https:\\\/\\\/www.focus.cat\\\/wp-content\\\/uploads\\\/2022\\\/01\\\/logo-focus-any-35.svg\",\"width\":1,\"height\":1,\"caption\":\"Focus\"},\"image\":{\"@id\":\"https:\\\/\\\/www.focus.cat\\\/#\\\/schema\\\/logo\\\/image\\\/\"}},{\"@type\":\"Person\",\"@id\":\"https:\\\/\\\/www.focus.cat\\\/#\\\/schema\\\/person\\\/25787cd8a9f611233a591129d4409df2\",\"name\":\"Lorena Gomez\",\"image\":{\"@type\":\"ImageObject\",\"inLanguage\":\"ca\",\"@id\":\"https:\\\/\\\/secure.gravatar.com\\\/avatar\\\/64d3b83ff659cc3326ce4fabf922d4944da28e324609edbde48590616e9b3a66?s=96&d=mm&r=g\",\"url\":\"https:\\\/\\\/secure.gravatar.com\\\/avatar\\\/64d3b83ff659cc3326ce4fabf922d4944da28e324609edbde48590616e9b3a66?s=96&d=mm&r=g\",\"contentUrl\":\"https:\\\/\\\/secure.gravatar.com\\\/avatar\\\/64d3b83ff659cc3326ce4fabf922d4944da28e324609edbde48590616e9b3a66?s=96&d=mm&r=g\",\"caption\":\"Lorena Gomez\"},\"url\":\"https:\\\/\\\/www.focus.cat\\\/author\\\/lorena-gomez\\\/\"}]}<\/script>\n<!-- \/ Yoast SEO plugin. -->","yoast_head_json":{"title":"TERRA ALTA - The new series coproduced by Focus Studios - Focus","robots":{"index":"index","follow":"follow","max-snippet":"max-snippet:-1","max-image-preview":"max-image-preview:large","max-video-preview":"max-video-preview:-1"},"canonical":"https:\/\/www.focus.cat\/terra-alta-the-new-series-coproduced-by-focus-studios\/","og_locale":"ca_ES","og_type":"article","og_title":"TERRA ALTA - The new series coproduced by Focus Studios - Focus","og_description":"The series Terra Alta, an adaptation of the novel of the same name by Javier Cercas, winner of the 2019 Premio Planeta, will premiere this coming Thursday, December 4, on Movistar Plus+. Terra Alta, coproduced by Focus Studios and Secuoya, is a six-episode crime thriller whose starting point is the murder of two prominent businessmen ... Llegeix m\u00e9s","og_url":"https:\/\/www.focus.cat\/en\/terra-alta-the-new-series-coproduced-by-focus-studios\/","og_site_name":"Focus","article_published_time":"2025-12-03T17:06:04+00:00","og_image":[{"width":1080,"height":1080,"url":"https:\/\/www.focus.cat\/wp-content\/uploads\/2025\/12\/QUADRAT-WEB-FOCUS-20.png","type":"image\/png"}],"author":"Lorena Gomez","twitter_card":"summary_large_image","schema":{"@context":"https:\/\/schema.org","@graph":[{"@type":"Article","@id":"https:\/\/www.focus.cat\/en\/terra-alta-the-new-series-coproduced-by-focus-studios\/#article","isPartOf":{"@id":"https:\/\/www.focus.cat\/en\/terra-alta-the-new-series-coproduced-by-focus-studios\/"},"author":{"name":"Lorena Gomez","@id":"https:\/\/www.focus.cat\/#\/schema\/person\/25787cd8a9f611233a591129d4409df2"},"headline":"TERRA ALTA &#8211; The new series coproduced by Focus Studios","datePublished":"2025-12-03T17:06:04+00:00","mainEntityOfPage":{"@id":"https:\/\/www.focus.cat\/en\/terra-alta-the-new-series-coproduced-by-focus-studios\/"},"wordCount":170,"publisher":{"@id":"https:\/\/www.focus.cat\/#organization"},"image":{"@id":"https:\/\/www.focus.cat\/en\/terra-alta-the-new-series-coproduced-by-focus-studios\/#primaryimage"},"thumbnailUrl":"https:\/\/www.focus.cat\/wp-content\/uploads\/2025\/12\/QUADRAT-WEB-FOCUS-20.png","articleSection":["News"],"inLanguage":"ca"},{"@type":"WebPage","@id":"https:\/\/www.focus.cat\/en\/terra-alta-the-new-series-coproduced-by-focus-studios\/","url":"https:\/\/www.focus.cat\/en\/terra-alta-the-new-series-coproduced-by-focus-studios\/","name":"TERRA ALTA - The new series coproduced by Focus Studios - Focus","isPartOf":{"@id":"https:\/\/www.focus.cat\/#website"},"primaryImageOfPage":{"@id":"https:\/\/www.focus.cat\/en\/terra-alta-the-new-series-coproduced-by-focus-studios\/#primaryimage"},"image":{"@id":"https:\/\/www.focus.cat\/en\/terra-alta-the-new-series-coproduced-by-focus-studios\/#primaryimage"},"thumbnailUrl":"https:\/\/www.focus.cat\/wp-content\/uploads\/2025\/12\/QUADRAT-WEB-FOCUS-20.png","datePublished":"2025-12-03T17:06:04+00:00","inLanguage":"ca","potentialAction":[{"@type":"ReadAction","target":["https:\/\/www.focus.cat\/en\/terra-alta-the-new-series-coproduced-by-focus-studios\/"]}]},{"@type":"ImageObject","inLanguage":"ca","@id":"https:\/\/www.focus.cat\/en\/terra-alta-the-new-series-coproduced-by-focus-studios\/#primaryimage","url":"https:\/\/www.focus.cat\/wp-content\/uploads\/2025\/12\/QUADRAT-WEB-FOCUS-20.png","contentUrl":"https:\/\/www.focus.cat\/wp-content\/uploads\/2025\/12\/QUADRAT-WEB-FOCUS-20.png","width":1080,"height":1080},{"@type":"WebSite","@id":"https:\/\/www.focus.cat\/#website","url":"https:\/\/www.focus.cat\/","name":"Focus","description":"","publisher":{"@id":"https:\/\/www.focus.cat\/#organization"},"potentialAction":[{"@type":"SearchAction","target":{"@type":"EntryPoint","urlTemplate":"https:\/\/www.focus.cat\/?s={search_term_string}"},"query-input":{"@type":"PropertyValueSpecification","valueRequired":true,"valueName":"search_term_string"}}],"inLanguage":"ca"},{"@type":"Organization","@id":"https:\/\/www.focus.cat\/#organization","name":"Focus","url":"https:\/\/www.focus.cat\/","logo":{"@type":"ImageObject","inLanguage":"ca","@id":"https:\/\/www.focus.cat\/#\/schema\/logo\/image\/","url":"https:\/\/www.focus.cat\/wp-content\/uploads\/2022\/01\/logo-focus-any-35.svg","contentUrl":"https:\/\/www.focus.cat\/wp-content\/uploads\/2022\/01\/logo-focus-any-35.svg","width":1,"height":1,"caption":"Focus"},"image":{"@id":"https:\/\/www.focus.cat\/#\/schema\/logo\/image\/"}},{"@type":"Person","@id":"https:\/\/www.focus.cat\/#\/schema\/person\/25787cd8a9f611233a591129d4409df2","name":"Lorena Gomez","image":{"@type":"ImageObject","inLanguage":"ca","@id":"https:\/\/secure.gravatar.com\/avatar\/64d3b83ff659cc3326ce4fabf922d4944da28e324609edbde48590616e9b3a66?s=96&d=mm&r=g","url":"https:\/\/secure.gravatar.com\/avatar\/64d3b83ff659cc3326ce4fabf922d4944da28e324609edbde48590616e9b3a66?s=96&d=mm&r=g","contentUrl":"https:\/\/secure.gravatar.com\/avatar\/64d3b83ff659cc3326ce4fabf922d4944da28e324609edbde48590616e9b3a66?s=96&d=mm&r=g","caption":"Lorena Gomez"},"url":"https:\/\/www.focus.cat\/author\/lorena-gomez\/"}]}},"_links":{"self":[{"href":"https:\/\/www.focus.cat\/wp-json\/wp\/v2\/posts\/25412","targetHints":{"allow":["GET"]}}],"collection":[{"href":"https:\/\/www.focus.cat\/wp-json\/wp\/v2\/posts"}],"about":[{"href":"https:\/\/www.focus.cat\/wp-json\/wp\/v2\/types\/post"}],"author":[{"embeddable":true,"href":"https:\/\/www.focus.cat\/wp-json\/wp\/v2\/users\/17"}],"replies":[{"embeddable":true,"href":"https:\/\/www.focus.cat\/wp-json\/wp\/v2\/comments?post=25412"}],"version-history":[{"count":0,"href":"https:\/\/www.focus.cat\/wp-json\/wp\/v2\/posts\/25412\/revisions"}],"wp:featuredmedia":[{"embeddable":true,"href":"https:\/\/www.focus.cat\/wp-json\/wp\/v2\/media\/25407"}],"wp:attachment":[{"href":"https:\/\/www.focus.cat\/wp-json\/wp\/v2\/media?parent=25412"}],"wp:term":[{"taxonomy":"category","embeddable":true,"href":"https:\/\/www.focus.cat\/wp-json\/wp\/v2\/categories?post=25412"}],"curies":[{"name":"wp","href":"https:\/\/api.w.org\/{rel}","templated":true}]}}