{"id":26855,"date":"2026-03-18T16:41:24","date_gmt":"2026-03-18T16:41:24","guid":{"rendered":"https:\/\/www.focus.cat\/?p=26855"},"modified":"2026-03-18T16:41:24","modified_gmt":"2026-03-18T16:41:24","slug":"passeig-de-gracia-the-santa-eulalia-prize-winning-novel-is-already-a-bestseller","status":"publish","type":"post","link":"https:\/\/www.focus.cat\/en\/passeig-de-gracia-the-santa-eulalia-prize-winning-novel-is-already-a-bestseller\/","title":{"rendered":"PASSEIG DE GR\u00c0CIA, THE SANTA EUL\u00c0LIA PRIZE-WINNING NOVEL, IS ALREADY A BESTSELLER"},"content":{"rendered":"<p><a href=\"https:\/\/comanegra.com\/ca\/barcelona\/890-passeig-de-gracia-roger-bastida-premi-santa-eulalia-2026.html?srsltid=AfmBOoo-8goZYnRXeY_GDLpf37FHpB9Bvzw0_0zajwxt0gs9KHj-AW-k\"><em><strong>Passeig de Gr\u00e0cia<\/strong><\/em><\/a>, the novel that won the fourth edition of the <strong>Premi Santa Eul\u00e0lia de Novel\u00b7la de Barcelona<\/strong>\u2014organized by <strong>Comanegra and \u00c0fora Focus Edicions<\/strong>\u2014written by <strong>Roger Bastida<\/strong> and presented on March 3 at Ona Bookstore in Barcelona, is already a major sales success.<\/p>\n<p>During its first week on sale, <em>Passeig de Gr\u00e0cia<\/em> debuted in third place among Catalan-language fiction books on the official bestseller list published by the Booksellers Guild, and has remained in the top five ever since.<\/p>\n<p>A major success that establishes it as one of the standout choices for the upcoming <strong>Sant Jordi celebration<\/strong>.<\/p>\n<p><em>Passeig de Gr\u00e0cia<\/em> is a novel that tells the story of three Catalan lineages\u2014nobility, bourgeoisie and working class\u2014whose destinies intertwine in an exceptional historical tableau shaped by power, luxury and discord.<\/p>\n<p><img decoding=\"async\" class=\"wp-image-26715 aligncenter\" src=\"https:\/\/www.focus.cat\/wp-content\/uploads\/2026\/03\/QUADRAT-WEB-FOCUS-3.png\" alt=\"\" width=\"592\" height=\"592\" srcset=\"https:\/\/www.focus.cat\/wp-content\/uploads\/2026\/03\/QUADRAT-WEB-FOCUS-3.png 1080w, https:\/\/www.focus.cat\/wp-content\/uploads\/2026\/03\/QUADRAT-WEB-FOCUS-3-300x300.png 300w, https:\/\/www.focus.cat\/wp-content\/uploads\/2026\/03\/QUADRAT-WEB-FOCUS-3-150x150.png 150w, https:\/\/www.focus.cat\/wp-content\/uploads\/2026\/03\/QUADRAT-WEB-FOCUS-3-800x800.png 800w, https:\/\/www.focus.cat\/wp-content\/uploads\/2026\/03\/QUADRAT-WEB-FOCUS-3-125x125.png 125w\" sizes=\"(max-width: 592px) 100vw, 592px\" \/><\/p>\n","protected":false},"excerpt":{"rendered":"<p>Passeig de Gr\u00e0cia, the novel that won the fourth edition of the Premi Santa Eul\u00e0lia de Novel\u00b7la de Barcelona\u2014organized by Comanegra and \u00c0fora Focus Edicions\u2014written by Roger Bastida and presented on March 3 at Ona Bookstore in Barcelona, is already a major sales success. During its first week on sale, Passeig de Gr\u00e0cia debuted in<a class=\"excerpt-read-more\" href=\"https:\/\/www.focus.cat\/en\/passeig-de-gracia-the-santa-eulalia-prize-winning-novel-is-already-a-bestseller\/\" title=\"LlegeixPASSEIG DE GR\u00c0CIA, THE SANTA EUL\u00c0LIA PRIZE-WINNING NOVEL, IS ALREADY A BESTSELLER\"> &#8230; Llegeix m\u00e9s<\/a><\/p>\n","protected":false},"author":19,"featured_media":26715,"comment_status":"closed","ping_status":"closed","sticky":false,"template":"","format":"standard","meta":{"_acf_changed":false,"inline_featured_image":false,"footnotes":""},"categories":[3,34,50],"class_list":["post-26855","post","type-post","status-publish","format-standard","has-post-thumbnail","hentry","category-news","category-editions","category-afora-editions"],"acf":[],"yoast_head":"<!-- This site is optimized with the Yoast SEO plugin v27.5 - https:\/\/yoast.com\/product\/yoast-seo-wordpress\/ -->\n<title>PASSEIG DE GR\u00c0CIA, THE SANTA EUL\u00c0LIA PRIZE-WINNING NOVEL, IS ALREADY A BESTSELLER - Focus<\/title>\n<meta name=\"robots\" content=\"index, follow, max-snippet:-1, max-image-preview:large, max-video-preview:-1\" \/>\n<link rel=\"canonical\" href=\"https:\/\/www.focus.cat\/passeig-de-gracia-the-santa-eulalia-prize-winning-novel-is-already-a-bestseller\/\" \/>\n<meta property=\"og:locale\" content=\"ca_ES\" \/>\n<meta property=\"og:type\" content=\"article\" \/>\n<meta property=\"og:title\" content=\"PASSEIG DE GR\u00c0CIA, THE SANTA EUL\u00c0LIA PRIZE-WINNING NOVEL, IS ALREADY A BESTSELLER - Focus\" \/>\n<meta property=\"og:description\" content=\"Passeig de Gr\u00e0cia, the novel that won the fourth edition of the Premi Santa Eul\u00e0lia de Novel\u00b7la de Barcelona\u2014organized by Comanegra and \u00c0fora Focus Edicions\u2014written by Roger Bastida and presented on March 3 at Ona Bookstore in Barcelona, is already a major sales success. During its first week on sale, Passeig de Gr\u00e0cia debuted in ... Llegeix m\u00e9s\" \/>\n<meta property=\"og:url\" content=\"https:\/\/www.focus.cat\/en\/passeig-de-gracia-the-santa-eulalia-prize-winning-novel-is-already-a-bestseller\/\" \/>\n<meta property=\"og:site_name\" content=\"Focus\" \/>\n<meta property=\"article:published_time\" content=\"2026-03-18T16:41:24+00:00\" \/>\n<meta property=\"og:image\" content=\"https:\/\/www.focus.cat\/wp-content\/uploads\/2026\/03\/QUADRAT-WEB-FOCUS-3.png\" \/>\n\t<meta property=\"og:image:width\" content=\"1080\" \/>\n\t<meta property=\"og:image:height\" content=\"1080\" \/>\n\t<meta property=\"og:image:type\" content=\"image\/png\" \/>\n<meta name=\"author\" content=\"Ariadna Salt\u00f3 Mestre\" \/>\n<meta name=\"twitter:card\" content=\"summary_large_image\" \/>\n<script type=\"application\/ld+json\" class=\"yoast-schema-graph\">{\"@context\":\"https:\\\/\\\/schema.org\",\"@graph\":[{\"@type\":\"Article\",\"@id\":\"https:\\\/\\\/www.focus.cat\\\/en\\\/passeig-de-gracia-the-santa-eulalia-prize-winning-novel-is-already-a-bestseller\\\/#article\",\"isPartOf\":{\"@id\":\"https:\\\/\\\/www.focus.cat\\\/en\\\/passeig-de-gracia-the-santa-eulalia-prize-winning-novel-is-already-a-bestseller\\\/\"},\"author\":{\"name\":\"Ariadna Salt\u00f3 Mestre\",\"@id\":\"https:\\\/\\\/www.focus.cat\\\/#\\\/schema\\\/person\\\/7737ab3698e7e9fca218d954ca8cb594\"},\"headline\":\"PASSEIG DE GR\u00c0CIA, THE SANTA EUL\u00c0LIA PRIZE-WINNING NOVEL, IS ALREADY A BESTSELLER\",\"datePublished\":\"2026-03-18T16:41:24+00:00\",\"mainEntityOfPage\":{\"@id\":\"https:\\\/\\\/www.focus.cat\\\/en\\\/passeig-de-gracia-the-santa-eulalia-prize-winning-novel-is-already-a-bestseller\\\/\"},\"wordCount\":151,\"publisher\":{\"@id\":\"https:\\\/\\\/www.focus.cat\\\/#organization\"},\"image\":{\"@id\":\"https:\\\/\\\/www.focus.cat\\\/en\\\/passeig-de-gracia-the-santa-eulalia-prize-winning-novel-is-already-a-bestseller\\\/#primaryimage\"},\"thumbnailUrl\":\"https:\\\/\\\/www.focus.cat\\\/wp-content\\\/uploads\\\/2026\\\/03\\\/QUADRAT-WEB-FOCUS-3.png\",\"articleSection\":[\"News\",\"Editions\",\"Afora Editions\"],\"inLanguage\":\"ca\"},{\"@type\":\"WebPage\",\"@id\":\"https:\\\/\\\/www.focus.cat\\\/en\\\/passeig-de-gracia-the-santa-eulalia-prize-winning-novel-is-already-a-bestseller\\\/\",\"url\":\"https:\\\/\\\/www.focus.cat\\\/en\\\/passeig-de-gracia-the-santa-eulalia-prize-winning-novel-is-already-a-bestseller\\\/\",\"name\":\"PASSEIG DE GR\u00c0CIA, THE SANTA EUL\u00c0LIA PRIZE-WINNING NOVEL, IS ALREADY A BESTSELLER - Focus\",\"isPartOf\":{\"@id\":\"https:\\\/\\\/www.focus.cat\\\/#website\"},\"primaryImageOfPage\":{\"@id\":\"https:\\\/\\\/www.focus.cat\\\/en\\\/passeig-de-gracia-the-santa-eulalia-prize-winning-novel-is-already-a-bestseller\\\/#primaryimage\"},\"image\":{\"@id\":\"https:\\\/\\\/www.focus.cat\\\/en\\\/passeig-de-gracia-the-santa-eulalia-prize-winning-novel-is-already-a-bestseller\\\/#primaryimage\"},\"thumbnailUrl\":\"https:\\\/\\\/www.focus.cat\\\/wp-content\\\/uploads\\\/2026\\\/03\\\/QUADRAT-WEB-FOCUS-3.png\",\"datePublished\":\"2026-03-18T16:41:24+00:00\",\"inLanguage\":\"ca\",\"potentialAction\":[{\"@type\":\"ReadAction\",\"target\":[\"https:\\\/\\\/www.focus.cat\\\/en\\\/passeig-de-gracia-the-santa-eulalia-prize-winning-novel-is-already-a-bestseller\\\/\"]}]},{\"@type\":\"ImageObject\",\"inLanguage\":\"ca\",\"@id\":\"https:\\\/\\\/www.focus.cat\\\/en\\\/passeig-de-gracia-the-santa-eulalia-prize-winning-novel-is-already-a-bestseller\\\/#primaryimage\",\"url\":\"https:\\\/\\\/www.focus.cat\\\/wp-content\\\/uploads\\\/2026\\\/03\\\/QUADRAT-WEB-FOCUS-3.png\",\"contentUrl\":\"https:\\\/\\\/www.focus.cat\\\/wp-content\\\/uploads\\\/2026\\\/03\\\/QUADRAT-WEB-FOCUS-3.png\",\"width\":1080,\"height\":1080},{\"@type\":\"WebSite\",\"@id\":\"https:\\\/\\\/www.focus.cat\\\/#website\",\"url\":\"https:\\\/\\\/www.focus.cat\\\/\",\"name\":\"Focus\",\"description\":\"\",\"publisher\":{\"@id\":\"https:\\\/\\\/www.focus.cat\\\/#organization\"},\"potentialAction\":[{\"@type\":\"SearchAction\",\"target\":{\"@type\":\"EntryPoint\",\"urlTemplate\":\"https:\\\/\\\/www.focus.cat\\\/?s={search_term_string}\"},\"query-input\":{\"@type\":\"PropertyValueSpecification\",\"valueRequired\":true,\"valueName\":\"search_term_string\"}}],\"inLanguage\":\"ca\"},{\"@type\":\"Organization\",\"@id\":\"https:\\\/\\\/www.focus.cat\\\/#organization\",\"name\":\"Focus\",\"url\":\"https:\\\/\\\/www.focus.cat\\\/\",\"logo\":{\"@type\":\"ImageObject\",\"inLanguage\":\"ca\",\"@id\":\"https:\\\/\\\/www.focus.cat\\\/#\\\/schema\\\/logo\\\/image\\\/\",\"url\":\"https:\\\/\\\/www.focus.cat\\\/wp-content\\\/uploads\\\/2022\\\/01\\\/logo-focus-any-35.svg\",\"contentUrl\":\"https:\\\/\\\/www.focus.cat\\\/wp-content\\\/uploads\\\/2022\\\/01\\\/logo-focus-any-35.svg\",\"width\":1,\"height\":1,\"caption\":\"Focus\"},\"image\":{\"@id\":\"https:\\\/\\\/www.focus.cat\\\/#\\\/schema\\\/logo\\\/image\\\/\"}},{\"@type\":\"Person\",\"@id\":\"https:\\\/\\\/www.focus.cat\\\/#\\\/schema\\\/person\\\/7737ab3698e7e9fca218d954ca8cb594\",\"name\":\"Ariadna Salt\u00f3 Mestre\",\"image\":{\"@type\":\"ImageObject\",\"inLanguage\":\"ca\",\"@id\":\"https:\\\/\\\/secure.gravatar.com\\\/avatar\\\/8afaaec7ec449dd5ea0afea1c7be560946d894693567ef25f2212a5648d545f4?s=96&d=mm&r=g\",\"url\":\"https:\\\/\\\/secure.gravatar.com\\\/avatar\\\/8afaaec7ec449dd5ea0afea1c7be560946d894693567ef25f2212a5648d545f4?s=96&d=mm&r=g\",\"contentUrl\":\"https:\\\/\\\/secure.gravatar.com\\\/avatar\\\/8afaaec7ec449dd5ea0afea1c7be560946d894693567ef25f2212a5648d545f4?s=96&d=mm&r=g\",\"caption\":\"Ariadna Salt\u00f3 Mestre\"},\"url\":\"https:\\\/\\\/www.focus.cat\\\/author\\\/ariadna-salto-mestre\\\/\"}]}<\/script>\n<!-- \/ Yoast SEO plugin. -->","yoast_head_json":{"title":"PASSEIG DE GR\u00c0CIA, THE SANTA EUL\u00c0LIA PRIZE-WINNING NOVEL, IS ALREADY A BESTSELLER - Focus","robots":{"index":"index","follow":"follow","max-snippet":"max-snippet:-1","max-image-preview":"max-image-preview:large","max-video-preview":"max-video-preview:-1"},"canonical":"https:\/\/www.focus.cat\/passeig-de-gracia-the-santa-eulalia-prize-winning-novel-is-already-a-bestseller\/","og_locale":"ca_ES","og_type":"article","og_title":"PASSEIG DE GR\u00c0CIA, THE SANTA EUL\u00c0LIA PRIZE-WINNING NOVEL, IS ALREADY A BESTSELLER - Focus","og_description":"Passeig de Gr\u00e0cia, the novel that won the fourth edition of the Premi Santa Eul\u00e0lia de Novel\u00b7la de Barcelona\u2014organized by Comanegra and \u00c0fora Focus Edicions\u2014written by Roger Bastida and presented on March 3 at Ona Bookstore in Barcelona, is already a major sales success. During its first week on sale, Passeig de Gr\u00e0cia debuted in ... Llegeix m\u00e9s","og_url":"https:\/\/www.focus.cat\/en\/passeig-de-gracia-the-santa-eulalia-prize-winning-novel-is-already-a-bestseller\/","og_site_name":"Focus","article_published_time":"2026-03-18T16:41:24+00:00","og_image":[{"width":1080,"height":1080,"url":"https:\/\/www.focus.cat\/wp-content\/uploads\/2026\/03\/QUADRAT-WEB-FOCUS-3.png","type":"image\/png"}],"author":"Ariadna Salt\u00f3 Mestre","twitter_card":"summary_large_image","schema":{"@context":"https:\/\/schema.org","@graph":[{"@type":"Article","@id":"https:\/\/www.focus.cat\/en\/passeig-de-gracia-the-santa-eulalia-prize-winning-novel-is-already-a-bestseller\/#article","isPartOf":{"@id":"https:\/\/www.focus.cat\/en\/passeig-de-gracia-the-santa-eulalia-prize-winning-novel-is-already-a-bestseller\/"},"author":{"name":"Ariadna Salt\u00f3 Mestre","@id":"https:\/\/www.focus.cat\/#\/schema\/person\/7737ab3698e7e9fca218d954ca8cb594"},"headline":"PASSEIG DE GR\u00c0CIA, THE SANTA EUL\u00c0LIA PRIZE-WINNING NOVEL, IS ALREADY A BESTSELLER","datePublished":"2026-03-18T16:41:24+00:00","mainEntityOfPage":{"@id":"https:\/\/www.focus.cat\/en\/passeig-de-gracia-the-santa-eulalia-prize-winning-novel-is-already-a-bestseller\/"},"wordCount":151,"publisher":{"@id":"https:\/\/www.focus.cat\/#organization"},"image":{"@id":"https:\/\/www.focus.cat\/en\/passeig-de-gracia-the-santa-eulalia-prize-winning-novel-is-already-a-bestseller\/#primaryimage"},"thumbnailUrl":"https:\/\/www.focus.cat\/wp-content\/uploads\/2026\/03\/QUADRAT-WEB-FOCUS-3.png","articleSection":["News","Editions","Afora Editions"],"inLanguage":"ca"},{"@type":"WebPage","@id":"https:\/\/www.focus.cat\/en\/passeig-de-gracia-the-santa-eulalia-prize-winning-novel-is-already-a-bestseller\/","url":"https:\/\/www.focus.cat\/en\/passeig-de-gracia-the-santa-eulalia-prize-winning-novel-is-already-a-bestseller\/","name":"PASSEIG DE GR\u00c0CIA, THE SANTA EUL\u00c0LIA PRIZE-WINNING NOVEL, IS ALREADY A BESTSELLER - Focus","isPartOf":{"@id":"https:\/\/www.focus.cat\/#website"},"primaryImageOfPage":{"@id":"https:\/\/www.focus.cat\/en\/passeig-de-gracia-the-santa-eulalia-prize-winning-novel-is-already-a-bestseller\/#primaryimage"},"image":{"@id":"https:\/\/www.focus.cat\/en\/passeig-de-gracia-the-santa-eulalia-prize-winning-novel-is-already-a-bestseller\/#primaryimage"},"thumbnailUrl":"https:\/\/www.focus.cat\/wp-content\/uploads\/2026\/03\/QUADRAT-WEB-FOCUS-3.png","datePublished":"2026-03-18T16:41:24+00:00","inLanguage":"ca","potentialAction":[{"@type":"ReadAction","target":["https:\/\/www.focus.cat\/en\/passeig-de-gracia-the-santa-eulalia-prize-winning-novel-is-already-a-bestseller\/"]}]},{"@type":"ImageObject","inLanguage":"ca","@id":"https:\/\/www.focus.cat\/en\/passeig-de-gracia-the-santa-eulalia-prize-winning-novel-is-already-a-bestseller\/#primaryimage","url":"https:\/\/www.focus.cat\/wp-content\/uploads\/2026\/03\/QUADRAT-WEB-FOCUS-3.png","contentUrl":"https:\/\/www.focus.cat\/wp-content\/uploads\/2026\/03\/QUADRAT-WEB-FOCUS-3.png","width":1080,"height":1080},{"@type":"WebSite","@id":"https:\/\/www.focus.cat\/#website","url":"https:\/\/www.focus.cat\/","name":"Focus","description":"","publisher":{"@id":"https:\/\/www.focus.cat\/#organization"},"potentialAction":[{"@type":"SearchAction","target":{"@type":"EntryPoint","urlTemplate":"https:\/\/www.focus.cat\/?s={search_term_string}"},"query-input":{"@type":"PropertyValueSpecification","valueRequired":true,"valueName":"search_term_string"}}],"inLanguage":"ca"},{"@type":"Organization","@id":"https:\/\/www.focus.cat\/#organization","name":"Focus","url":"https:\/\/www.focus.cat\/","logo":{"@type":"ImageObject","inLanguage":"ca","@id":"https:\/\/www.focus.cat\/#\/schema\/logo\/image\/","url":"https:\/\/www.focus.cat\/wp-content\/uploads\/2022\/01\/logo-focus-any-35.svg","contentUrl":"https:\/\/www.focus.cat\/wp-content\/uploads\/2022\/01\/logo-focus-any-35.svg","width":1,"height":1,"caption":"Focus"},"image":{"@id":"https:\/\/www.focus.cat\/#\/schema\/logo\/image\/"}},{"@type":"Person","@id":"https:\/\/www.focus.cat\/#\/schema\/person\/7737ab3698e7e9fca218d954ca8cb594","name":"Ariadna Salt\u00f3 Mestre","image":{"@type":"ImageObject","inLanguage":"ca","@id":"https:\/\/secure.gravatar.com\/avatar\/8afaaec7ec449dd5ea0afea1c7be560946d894693567ef25f2212a5648d545f4?s=96&d=mm&r=g","url":"https:\/\/secure.gravatar.com\/avatar\/8afaaec7ec449dd5ea0afea1c7be560946d894693567ef25f2212a5648d545f4?s=96&d=mm&r=g","contentUrl":"https:\/\/secure.gravatar.com\/avatar\/8afaaec7ec449dd5ea0afea1c7be560946d894693567ef25f2212a5648d545f4?s=96&d=mm&r=g","caption":"Ariadna Salt\u00f3 Mestre"},"url":"https:\/\/www.focus.cat\/author\/ariadna-salto-mestre\/"}]}},"_links":{"self":[{"href":"https:\/\/www.focus.cat\/wp-json\/wp\/v2\/posts\/26855","targetHints":{"allow":["GET"]}}],"collection":[{"href":"https:\/\/www.focus.cat\/wp-json\/wp\/v2\/posts"}],"about":[{"href":"https:\/\/www.focus.cat\/wp-json\/wp\/v2\/types\/post"}],"author":[{"embeddable":true,"href":"https:\/\/www.focus.cat\/wp-json\/wp\/v2\/users\/19"}],"replies":[{"embeddable":true,"href":"https:\/\/www.focus.cat\/wp-json\/wp\/v2\/comments?post=26855"}],"version-history":[{"count":0,"href":"https:\/\/www.focus.cat\/wp-json\/wp\/v2\/posts\/26855\/revisions"}],"wp:featuredmedia":[{"embeddable":true,"href":"https:\/\/www.focus.cat\/wp-json\/wp\/v2\/media\/26715"}],"wp:attachment":[{"href":"https:\/\/www.focus.cat\/wp-json\/wp\/v2\/media?parent=26855"}],"wp:term":[{"taxonomy":"category","embeddable":true,"href":"https:\/\/www.focus.cat\/wp-json\/wp\/v2\/categories?post=26855"}],"curies":[{"name":"wp","href":"https:\/\/api.w.org\/{rel}","templated":true}]}}