{"id":10097,"date":"2022-09-13T14:48:37","date_gmt":"2022-09-13T14:48:37","guid":{"rendered":"https:\/\/www.focus.cat\/?p=10097"},"modified":"2022-10-05T11:16:12","modified_gmt":"2022-10-05T11:16:12","slug":"presentem-la-temporada-22-23-dels-nostres-teatres","status":"publish","type":"post","link":"https:\/\/www.focus.cat\/es\/presentem-la-temporada-22-23-dels-nostres-teatres\/","title":{"rendered":"Presentamos la Temporada 22-23 de nuestros teatros"},"content":{"rendered":"<p>El Presidente del Grup Focus, Daniel Mart\u00ednez de Obreg\u00f3n, acompa\u00f1ado de los responsables de la programaci\u00f3n de los 4 teatros que el grupo gestiona en Barcelona; present\u00f3 el d\u00eda 2 de septiembre en el teatro Condal la temporada 2022-2023 de los teatros Goya, Romea, Condal y La Villarroel.<\/p>\n<p>Los 4 directores de contenidos presentaron, acompa\u00f1ados en el escenario de los espectadores m\u00e1s asiduos en sus teatros, para este nuevo curso teatral, m\u00e1s de 60 espect\u00e1culos \u2013 de los que 14 son producciones propias y 6 son coproducciones, con un presupuesto para el actividad teatral de 14 millones de euros, para mantener el alto nivel de riesgo art\u00edstico y de inversi\u00f3n econ\u00f3mica exigido, y aspirar a metas de crecimiento de actividad y espectadores por encima de las obtenidas la temporada anterior.<\/p>\n<p><img decoding=\"async\" class=\"alignnone size-large wp-image-10002\" src=\"https:\/\/www.focus.cat\/wp-content\/uploads\/2022\/09\/ALTA-WRZ_8948-1124x735.jpg\" alt=\"\" width=\"1024\" height=\"670\" srcset=\"https:\/\/www.focus.cat\/wp-content\/uploads\/2022\/09\/ALTA-WRZ_8948-1124x735.jpg 1124w, https:\/\/www.focus.cat\/wp-content\/uploads\/2022\/09\/ALTA-WRZ_8948-300x196.jpg 300w, https:\/\/www.focus.cat\/wp-content\/uploads\/2022\/09\/ALTA-WRZ_8948-150x98.jpg 150w, https:\/\/www.focus.cat\/wp-content\/uploads\/2022\/09\/ALTA-WRZ_8948-800x523.jpg 800w, https:\/\/www.focus.cat\/wp-content\/uploads\/2022\/09\/ALTA-WRZ_8948-1536x1004.jpg 1536w, https:\/\/www.focus.cat\/wp-content\/uploads\/2022\/09\/ALTA-WRZ_8948-2048x1339.jpg 2048w, https:\/\/www.focus.cat\/wp-content\/uploads\/2022\/09\/ALTA-WRZ_8948-1500x980.jpg 1500w\" sizes=\"(max-width: 1024px) 100vw, 1024px\" \/><\/p>\n<p>Puedes ver la gala completa <a href=\"https:\/\/youtu.be\/iy3bJCBdf7M\">aqu\u00ed<\/a><\/p>\n","protected":false},"excerpt":{"rendered":"<p>El Presidente del Grup Focus, Daniel Mart\u00ednez de Obreg\u00f3n, acompa\u00f1ado de los responsables de la programaci\u00f3n de los 4 teatros que el grupo gestiona en Barcelona; present\u00f3 el d\u00eda 2 de septiembre en el teatro Condal la temporada 2022-2023 de los teatros Goya, Romea, Condal y La Villarroel. Los 4 directores de contenidos presentaron, acompa\u00f1ados<a class=\"excerpt-read-more\" href=\"https:\/\/www.focus.cat\/es\/presentem-la-temporada-22-23-dels-nostres-teatres\/\" title=\"LlegeixPresentamos la Temporada 22-23 de nuestros teatros\"> &#8230; Llegeix m\u00e9s<\/a><\/p>\n","protected":false},"author":16,"featured_media":10002,"comment_status":"closed","ping_status":"closed","sticky":false,"template":"","format":"standard","meta":{"_acf_changed":false,"inline_featured_image":false,"footnotes":""},"categories":[4],"class_list":["post-10097","post","type-post","status-publish","format-standard","has-post-thumbnail","hentry","category-noticias"],"acf":[],"yoast_head":"<!-- This site is optimized with the Yoast SEO plugin v27.4 - https:\/\/yoast.com\/product\/yoast-seo-wordpress\/ -->\n<title>Presentamos la Temporada 22-23 de nuestros teatros - Focus<\/title>\n<meta name=\"robots\" content=\"index, follow, max-snippet:-1, max-image-preview:large, max-video-preview:-1\" \/>\n<link rel=\"canonical\" href=\"https:\/\/www.focus.cat\/presentem-la-temporada-22-23-dels-nostres-teatres\/\" \/>\n<meta property=\"og:locale\" content=\"ca_ES\" \/>\n<meta property=\"og:type\" content=\"article\" \/>\n<meta property=\"og:title\" content=\"Presentamos la Temporada 22-23 de nuestros teatros - Focus\" \/>\n<meta property=\"og:description\" content=\"El Presidente del Grup Focus, Daniel Mart\u00ednez de Obreg\u00f3n, acompa\u00f1ado de los responsables de la programaci\u00f3n de los 4 teatros que el grupo gestiona en Barcelona; present\u00f3 el d\u00eda 2 de septiembre en el teatro Condal la temporada 2022-2023 de los teatros Goya, Romea, Condal y La Villarroel. Los 4 directores de contenidos presentaron, acompa\u00f1ados ... Llegeix m\u00e9s\" \/>\n<meta property=\"og:url\" content=\"https:\/\/www.focus.cat\/es\/presentem-la-temporada-22-23-dels-nostres-teatres\/\" \/>\n<meta property=\"og:site_name\" content=\"Focus\" \/>\n<meta property=\"article:published_time\" content=\"2022-09-13T14:48:37+00:00\" \/>\n<meta property=\"article:modified_time\" content=\"2022-10-05T11:16:12+00:00\" \/>\n<meta property=\"og:image\" content=\"https:\/\/www.focus.cat\/wp-content\/uploads\/2022\/09\/ALTA-WRZ_8948-scaled.jpg\" \/>\n\t<meta property=\"og:image:width\" content=\"2560\" \/>\n\t<meta property=\"og:image:height\" content=\"1673\" \/>\n\t<meta property=\"og:image:type\" content=\"image\/jpeg\" \/>\n<meta name=\"author\" content=\"Brenda Becker\" \/>\n<meta name=\"twitter:card\" content=\"summary_large_image\" \/>\n<script type=\"application\/ld+json\" class=\"yoast-schema-graph\">{\"@context\":\"https:\\\/\\\/schema.org\",\"@graph\":[{\"@type\":\"Article\",\"@id\":\"https:\\\/\\\/www.focus.cat\\\/es\\\/presentem-la-temporada-22-23-dels-nostres-teatres\\\/#article\",\"isPartOf\":{\"@id\":\"https:\\\/\\\/www.focus.cat\\\/es\\\/presentem-la-temporada-22-23-dels-nostres-teatres\\\/\"},\"author\":{\"name\":\"Brenda Becker\",\"@id\":\"https:\\\/\\\/www.focus.cat\\\/#\\\/schema\\\/person\\\/45cbcf79c7b3047ca01818c50e607a32\"},\"headline\":\"Presentamos la Temporada 22-23 de nuestros teatros\",\"datePublished\":\"2022-09-13T14:48:37+00:00\",\"dateModified\":\"2022-10-05T11:16:12+00:00\",\"mainEntityOfPage\":{\"@id\":\"https:\\\/\\\/www.focus.cat\\\/es\\\/presentem-la-temporada-22-23-dels-nostres-teatres\\\/\"},\"wordCount\":147,\"publisher\":{\"@id\":\"https:\\\/\\\/www.focus.cat\\\/#organization\"},\"image\":{\"@id\":\"https:\\\/\\\/www.focus.cat\\\/es\\\/presentem-la-temporada-22-23-dels-nostres-teatres\\\/#primaryimage\"},\"thumbnailUrl\":\"https:\\\/\\\/www.focus.cat\\\/wp-content\\\/uploads\\\/2022\\\/09\\\/ALTA-WRZ_8948-scaled.jpg\",\"articleSection\":[\"Noticias\"],\"inLanguage\":\"ca\"},{\"@type\":\"WebPage\",\"@id\":\"https:\\\/\\\/www.focus.cat\\\/es\\\/presentem-la-temporada-22-23-dels-nostres-teatres\\\/\",\"url\":\"https:\\\/\\\/www.focus.cat\\\/es\\\/presentem-la-temporada-22-23-dels-nostres-teatres\\\/\",\"name\":\"Presentamos la Temporada 22-23 de nuestros teatros - Focus\",\"isPartOf\":{\"@id\":\"https:\\\/\\\/www.focus.cat\\\/#website\"},\"primaryImageOfPage\":{\"@id\":\"https:\\\/\\\/www.focus.cat\\\/es\\\/presentem-la-temporada-22-23-dels-nostres-teatres\\\/#primaryimage\"},\"image\":{\"@id\":\"https:\\\/\\\/www.focus.cat\\\/es\\\/presentem-la-temporada-22-23-dels-nostres-teatres\\\/#primaryimage\"},\"thumbnailUrl\":\"https:\\\/\\\/www.focus.cat\\\/wp-content\\\/uploads\\\/2022\\\/09\\\/ALTA-WRZ_8948-scaled.jpg\",\"datePublished\":\"2022-09-13T14:48:37+00:00\",\"dateModified\":\"2022-10-05T11:16:12+00:00\",\"inLanguage\":\"ca\",\"potentialAction\":[{\"@type\":\"ReadAction\",\"target\":[\"https:\\\/\\\/www.focus.cat\\\/es\\\/presentem-la-temporada-22-23-dels-nostres-teatres\\\/\"]}]},{\"@type\":\"ImageObject\",\"inLanguage\":\"ca\",\"@id\":\"https:\\\/\\\/www.focus.cat\\\/es\\\/presentem-la-temporada-22-23-dels-nostres-teatres\\\/#primaryimage\",\"url\":\"https:\\\/\\\/www.focus.cat\\\/wp-content\\\/uploads\\\/2022\\\/09\\\/ALTA-WRZ_8948-scaled.jpg\",\"contentUrl\":\"https:\\\/\\\/www.focus.cat\\\/wp-content\\\/uploads\\\/2022\\\/09\\\/ALTA-WRZ_8948-scaled.jpg\",\"width\":2560,\"height\":1673},{\"@type\":\"WebSite\",\"@id\":\"https:\\\/\\\/www.focus.cat\\\/#website\",\"url\":\"https:\\\/\\\/www.focus.cat\\\/\",\"name\":\"Focus\",\"description\":\"\",\"publisher\":{\"@id\":\"https:\\\/\\\/www.focus.cat\\\/#organization\"},\"potentialAction\":[{\"@type\":\"SearchAction\",\"target\":{\"@type\":\"EntryPoint\",\"urlTemplate\":\"https:\\\/\\\/www.focus.cat\\\/?s={search_term_string}\"},\"query-input\":{\"@type\":\"PropertyValueSpecification\",\"valueRequired\":true,\"valueName\":\"search_term_string\"}}],\"inLanguage\":\"ca\"},{\"@type\":\"Organization\",\"@id\":\"https:\\\/\\\/www.focus.cat\\\/#organization\",\"name\":\"Focus\",\"url\":\"https:\\\/\\\/www.focus.cat\\\/\",\"logo\":{\"@type\":\"ImageObject\",\"inLanguage\":\"ca\",\"@id\":\"https:\\\/\\\/www.focus.cat\\\/#\\\/schema\\\/logo\\\/image\\\/\",\"url\":\"https:\\\/\\\/www.focus.cat\\\/wp-content\\\/uploads\\\/2022\\\/01\\\/logo-focus-any-35.svg\",\"contentUrl\":\"https:\\\/\\\/www.focus.cat\\\/wp-content\\\/uploads\\\/2022\\\/01\\\/logo-focus-any-35.svg\",\"width\":1,\"height\":1,\"caption\":\"Focus\"},\"image\":{\"@id\":\"https:\\\/\\\/www.focus.cat\\\/#\\\/schema\\\/logo\\\/image\\\/\"}},{\"@type\":\"Person\",\"@id\":\"https:\\\/\\\/www.focus.cat\\\/#\\\/schema\\\/person\\\/45cbcf79c7b3047ca01818c50e607a32\",\"name\":\"Brenda Becker\",\"image\":{\"@type\":\"ImageObject\",\"inLanguage\":\"ca\",\"@id\":\"https:\\\/\\\/secure.gravatar.com\\\/avatar\\\/bf45b1ffca36f0e2b6cbeb689cead579b5275b1489889a25ac0e66115dfb28c7?s=96&d=mm&r=g\",\"url\":\"https:\\\/\\\/secure.gravatar.com\\\/avatar\\\/bf45b1ffca36f0e2b6cbeb689cead579b5275b1489889a25ac0e66115dfb28c7?s=96&d=mm&r=g\",\"contentUrl\":\"https:\\\/\\\/secure.gravatar.com\\\/avatar\\\/bf45b1ffca36f0e2b6cbeb689cead579b5275b1489889a25ac0e66115dfb28c7?s=96&d=mm&r=g\",\"caption\":\"Brenda Becker\"},\"url\":\"https:\\\/\\\/www.focus.cat\\\/author\\\/brenda-becker\\\/\"}]}<\/script>\n<!-- \/ Yoast SEO plugin. -->","yoast_head_json":{"title":"Presentamos la Temporada 22-23 de nuestros teatros - Focus","robots":{"index":"index","follow":"follow","max-snippet":"max-snippet:-1","max-image-preview":"max-image-preview:large","max-video-preview":"max-video-preview:-1"},"canonical":"https:\/\/www.focus.cat\/presentem-la-temporada-22-23-dels-nostres-teatres\/","og_locale":"ca_ES","og_type":"article","og_title":"Presentamos la Temporada 22-23 de nuestros teatros - Focus","og_description":"El Presidente del Grup Focus, Daniel Mart\u00ednez de Obreg\u00f3n, acompa\u00f1ado de los responsables de la programaci\u00f3n de los 4 teatros que el grupo gestiona en Barcelona; present\u00f3 el d\u00eda 2 de septiembre en el teatro Condal la temporada 2022-2023 de los teatros Goya, Romea, Condal y La Villarroel. Los 4 directores de contenidos presentaron, acompa\u00f1ados ... Llegeix m\u00e9s","og_url":"https:\/\/www.focus.cat\/es\/presentem-la-temporada-22-23-dels-nostres-teatres\/","og_site_name":"Focus","article_published_time":"2022-09-13T14:48:37+00:00","article_modified_time":"2022-10-05T11:16:12+00:00","og_image":[{"width":2560,"height":1673,"url":"https:\/\/www.focus.cat\/wp-content\/uploads\/2022\/09\/ALTA-WRZ_8948-scaled.jpg","type":"image\/jpeg"}],"author":"Brenda Becker","twitter_card":"summary_large_image","schema":{"@context":"https:\/\/schema.org","@graph":[{"@type":"Article","@id":"https:\/\/www.focus.cat\/es\/presentem-la-temporada-22-23-dels-nostres-teatres\/#article","isPartOf":{"@id":"https:\/\/www.focus.cat\/es\/presentem-la-temporada-22-23-dels-nostres-teatres\/"},"author":{"name":"Brenda Becker","@id":"https:\/\/www.focus.cat\/#\/schema\/person\/45cbcf79c7b3047ca01818c50e607a32"},"headline":"Presentamos la Temporada 22-23 de nuestros teatros","datePublished":"2022-09-13T14:48:37+00:00","dateModified":"2022-10-05T11:16:12+00:00","mainEntityOfPage":{"@id":"https:\/\/www.focus.cat\/es\/presentem-la-temporada-22-23-dels-nostres-teatres\/"},"wordCount":147,"publisher":{"@id":"https:\/\/www.focus.cat\/#organization"},"image":{"@id":"https:\/\/www.focus.cat\/es\/presentem-la-temporada-22-23-dels-nostres-teatres\/#primaryimage"},"thumbnailUrl":"https:\/\/www.focus.cat\/wp-content\/uploads\/2022\/09\/ALTA-WRZ_8948-scaled.jpg","articleSection":["Noticias"],"inLanguage":"ca"},{"@type":"WebPage","@id":"https:\/\/www.focus.cat\/es\/presentem-la-temporada-22-23-dels-nostres-teatres\/","url":"https:\/\/www.focus.cat\/es\/presentem-la-temporada-22-23-dels-nostres-teatres\/","name":"Presentamos la Temporada 22-23 de nuestros teatros - Focus","isPartOf":{"@id":"https:\/\/www.focus.cat\/#website"},"primaryImageOfPage":{"@id":"https:\/\/www.focus.cat\/es\/presentem-la-temporada-22-23-dels-nostres-teatres\/#primaryimage"},"image":{"@id":"https:\/\/www.focus.cat\/es\/presentem-la-temporada-22-23-dels-nostres-teatres\/#primaryimage"},"thumbnailUrl":"https:\/\/www.focus.cat\/wp-content\/uploads\/2022\/09\/ALTA-WRZ_8948-scaled.jpg","datePublished":"2022-09-13T14:48:37+00:00","dateModified":"2022-10-05T11:16:12+00:00","inLanguage":"ca","potentialAction":[{"@type":"ReadAction","target":["https:\/\/www.focus.cat\/es\/presentem-la-temporada-22-23-dels-nostres-teatres\/"]}]},{"@type":"ImageObject","inLanguage":"ca","@id":"https:\/\/www.focus.cat\/es\/presentem-la-temporada-22-23-dels-nostres-teatres\/#primaryimage","url":"https:\/\/www.focus.cat\/wp-content\/uploads\/2022\/09\/ALTA-WRZ_8948-scaled.jpg","contentUrl":"https:\/\/www.focus.cat\/wp-content\/uploads\/2022\/09\/ALTA-WRZ_8948-scaled.jpg","width":2560,"height":1673},{"@type":"WebSite","@id":"https:\/\/www.focus.cat\/#website","url":"https:\/\/www.focus.cat\/","name":"Focus","description":"","publisher":{"@id":"https:\/\/www.focus.cat\/#organization"},"potentialAction":[{"@type":"SearchAction","target":{"@type":"EntryPoint","urlTemplate":"https:\/\/www.focus.cat\/?s={search_term_string}"},"query-input":{"@type":"PropertyValueSpecification","valueRequired":true,"valueName":"search_term_string"}}],"inLanguage":"ca"},{"@type":"Organization","@id":"https:\/\/www.focus.cat\/#organization","name":"Focus","url":"https:\/\/www.focus.cat\/","logo":{"@type":"ImageObject","inLanguage":"ca","@id":"https:\/\/www.focus.cat\/#\/schema\/logo\/image\/","url":"https:\/\/www.focus.cat\/wp-content\/uploads\/2022\/01\/logo-focus-any-35.svg","contentUrl":"https:\/\/www.focus.cat\/wp-content\/uploads\/2022\/01\/logo-focus-any-35.svg","width":1,"height":1,"caption":"Focus"},"image":{"@id":"https:\/\/www.focus.cat\/#\/schema\/logo\/image\/"}},{"@type":"Person","@id":"https:\/\/www.focus.cat\/#\/schema\/person\/45cbcf79c7b3047ca01818c50e607a32","name":"Brenda Becker","image":{"@type":"ImageObject","inLanguage":"ca","@id":"https:\/\/secure.gravatar.com\/avatar\/bf45b1ffca36f0e2b6cbeb689cead579b5275b1489889a25ac0e66115dfb28c7?s=96&d=mm&r=g","url":"https:\/\/secure.gravatar.com\/avatar\/bf45b1ffca36f0e2b6cbeb689cead579b5275b1489889a25ac0e66115dfb28c7?s=96&d=mm&r=g","contentUrl":"https:\/\/secure.gravatar.com\/avatar\/bf45b1ffca36f0e2b6cbeb689cead579b5275b1489889a25ac0e66115dfb28c7?s=96&d=mm&r=g","caption":"Brenda Becker"},"url":"https:\/\/www.focus.cat\/author\/brenda-becker\/"}]}},"_links":{"self":[{"href":"https:\/\/www.focus.cat\/wp-json\/wp\/v2\/posts\/10097","targetHints":{"allow":["GET"]}}],"collection":[{"href":"https:\/\/www.focus.cat\/wp-json\/wp\/v2\/posts"}],"about":[{"href":"https:\/\/www.focus.cat\/wp-json\/wp\/v2\/types\/post"}],"author":[{"embeddable":true,"href":"https:\/\/www.focus.cat\/wp-json\/wp\/v2\/users\/16"}],"replies":[{"embeddable":true,"href":"https:\/\/www.focus.cat\/wp-json\/wp\/v2\/comments?post=10097"}],"version-history":[{"count":0,"href":"https:\/\/www.focus.cat\/wp-json\/wp\/v2\/posts\/10097\/revisions"}],"wp:featuredmedia":[{"embeddable":true,"href":"https:\/\/www.focus.cat\/wp-json\/wp\/v2\/media\/10002"}],"wp:attachment":[{"href":"https:\/\/www.focus.cat\/wp-json\/wp\/v2\/media?parent=10097"}],"wp:term":[{"taxonomy":"category","embeddable":true,"href":"https:\/\/www.focus.cat\/wp-json\/wp\/v2\/categories?post=10097"}],"curies":[{"name":"wp","href":"https:\/\/api.w.org\/{rel}","templated":true}]}}