{"id":11380,"date":"2023-02-21T14:46:21","date_gmt":"2023-02-21T14:46:21","guid":{"rendered":"https:\/\/www.focus.cat\/?p=11380"},"modified":"2023-02-21T14:48:54","modified_gmt":"2023-02-21T14:48:54","slug":"sigue-el-exito-de-junior-en-el-teatro-condal","status":"publish","type":"post","link":"https:\/\/www.focus.cat\/es\/sigue-el-exito-de-junior-en-el-teatro-condal\/","title":{"rendered":"Sigue el \u00e9xito de J\u00fanior en el Teatro Condal"},"content":{"rendered":"<p><img decoding=\"async\" class=\"alignnone size-large wp-image-11384\" src=\"https:\/\/www.focus.cat\/wp-content\/uploads\/2023\/02\/Portada-0-junior-teatre-condal-1124x562.jpg\" alt=\"\" width=\"1024\" height=\"512\" srcset=\"https:\/\/www.focus.cat\/wp-content\/uploads\/2023\/02\/Portada-0-junior-teatre-condal-1124x562.jpg 1124w, https:\/\/www.focus.cat\/wp-content\/uploads\/2023\/02\/Portada-0-junior-teatre-condal-300x150.jpg 300w, https:\/\/www.focus.cat\/wp-content\/uploads\/2023\/02\/Portada-0-junior-teatre-condal-150x75.jpg 150w, https:\/\/www.focus.cat\/wp-content\/uploads\/2023\/02\/Portada-0-junior-teatre-condal-800x400.jpg 800w, https:\/\/www.focus.cat\/wp-content\/uploads\/2023\/02\/Portada-0-junior-teatre-condal.jpg 1160w\" sizes=\"(max-width: 1024px) 100vw, 1024px\" \/><\/p>\n<p><em>J\u00fanior<\/em>, la nueva comedia de Joel Joan y H\u00e9ctor Claramunt, y protagonizada por Joan Pera, ya es uno de los grandes \u00e9xitos de la temporada con 20.000 entradas vendidas en un solo mes.<\/p>\n<p>La comedia, dirigida por Joel Joan, y protagonizada por Joan Pera, Fina Rius, Paula Vives, Oriol Casals, Francesc Cu\u00e9llar, Marta Codina y Clara Giralt, est\u00e1 teniendo un gran \u00e9xito entre cr\u00edtica y p\u00fablico y promete una larga estancia en el teatro del Paralelo barcelon\u00e9s.<\/p>\n<p>El t\u00e1ndem formado por Joan Pera y Joel Joan, tras el \u00e9xito de El pare de la n\u00favia, han vuelto a hacer diana con J\u00fanior, una comedia en la que conoceremos a Mag\u00ed Folgueroles, un expresidente de la Generalitat de Catalunya, que, despu\u00e9s de un pacto con la Muerte, descubre c\u00f3mo su sue\u00f1o de volver a ser joven acabar\u00e1 convirti\u00e9ndose en su peor pesadilla.<\/p>\n<p>En cartel desde el pasado 20 de enero, Joan Pera, acompa\u00f1ado de un reparto de lujo, vuelve a hacer re\u00edr a peque\u00f1os y mayores en una nueva exhibici\u00f3n de su vis c\u00f3mica.<\/p>\n<p><img decoding=\"async\" class=\"alignnone size-large wp-image-11381\" src=\"https:\/\/www.focus.cat\/wp-content\/uploads\/2023\/02\/T23-Junior-005-1124x750.jpg\" alt=\"\" width=\"1024\" height=\"683\" srcset=\"https:\/\/www.focus.cat\/wp-content\/uploads\/2023\/02\/T23-Junior-005-1124x750.jpg 1124w, https:\/\/www.focus.cat\/wp-content\/uploads\/2023\/02\/T23-Junior-005-300x200.jpg 300w, https:\/\/www.focus.cat\/wp-content\/uploads\/2023\/02\/T23-Junior-005-150x100.jpg 150w, https:\/\/www.focus.cat\/wp-content\/uploads\/2023\/02\/T23-Junior-005-800x534.jpg 800w, https:\/\/www.focus.cat\/wp-content\/uploads\/2023\/02\/T23-Junior-005-1536x1024.jpg 1536w, https:\/\/www.focus.cat\/wp-content\/uploads\/2023\/02\/T23-Junior-005-2048x1366.jpg 2048w, https:\/\/www.focus.cat\/wp-content\/uploads\/2023\/02\/T23-Junior-005-1500x1000.jpg 1500w\" sizes=\"(max-width: 1024px) 100vw, 1024px\" \/><\/p>\n","protected":false},"excerpt":{"rendered":"<p>J\u00fanior, la nueva comedia de Joel Joan y H\u00e9ctor Claramunt, y protagonizada por Joan Pera, ya es uno de los grandes \u00e9xitos de la temporada con 20.000 entradas vendidas en un solo mes. La comedia, dirigida por Joel Joan, y protagonizada por Joan Pera, Fina Rius, Paula Vives, Oriol Casals, Francesc Cu\u00e9llar, Marta Codina y<a class=\"excerpt-read-more\" href=\"https:\/\/www.focus.cat\/es\/sigue-el-exito-de-junior-en-el-teatro-condal\/\" title=\"LlegeixSigue el \u00e9xito de J\u00fanior en el Teatro Condal\"> &#8230; Llegeix m\u00e9s<\/a><\/p>\n","protected":false},"author":16,"featured_media":11384,"comment_status":"closed","ping_status":"closed","sticky":false,"template":"","format":"standard","meta":{"_acf_changed":false,"inline_featured_image":false,"footnotes":""},"categories":[4],"class_list":["post-11380","post","type-post","status-publish","format-standard","has-post-thumbnail","hentry","category-noticias"],"acf":[],"yoast_head":"<!-- This site is optimized with the Yoast SEO plugin v27.5 - https:\/\/yoast.com\/product\/yoast-seo-wordpress\/ -->\n<title>Sigue el \u00e9xito de J\u00fanior en el Teatro Condal - Focus<\/title>\n<meta name=\"robots\" content=\"index, follow, max-snippet:-1, max-image-preview:large, max-video-preview:-1\" \/>\n<link rel=\"canonical\" href=\"https:\/\/www.focus.cat\/sigue-el-exito-de-junior-en-el-teatro-condal\/\" \/>\n<meta property=\"og:locale\" content=\"ca_ES\" \/>\n<meta property=\"og:type\" content=\"article\" \/>\n<meta property=\"og:title\" content=\"Sigue el \u00e9xito de J\u00fanior en el Teatro Condal - Focus\" \/>\n<meta property=\"og:description\" content=\"J\u00fanior, la nueva comedia de Joel Joan y H\u00e9ctor Claramunt, y protagonizada por Joan Pera, ya es uno de los grandes \u00e9xitos de la temporada con 20.000 entradas vendidas en un solo mes. La comedia, dirigida por Joel Joan, y protagonizada por Joan Pera, Fina Rius, Paula Vives, Oriol Casals, Francesc Cu\u00e9llar, Marta Codina y ... Llegeix m\u00e9s\" \/>\n<meta property=\"og:url\" content=\"https:\/\/www.focus.cat\/es\/sigue-el-exito-de-junior-en-el-teatro-condal\/\" \/>\n<meta property=\"og:site_name\" content=\"Focus\" \/>\n<meta property=\"article:published_time\" content=\"2023-02-21T14:46:21+00:00\" \/>\n<meta property=\"article:modified_time\" content=\"2023-02-21T14:48:54+00:00\" \/>\n<meta property=\"og:image\" content=\"https:\/\/www.focus.cat\/wp-content\/uploads\/2023\/02\/Portada-0-junior-teatre-condal.jpg\" \/>\n\t<meta property=\"og:image:width\" content=\"1160\" \/>\n\t<meta property=\"og:image:height\" content=\"580\" \/>\n\t<meta property=\"og:image:type\" content=\"image\/jpeg\" \/>\n<meta name=\"author\" content=\"Brenda Becker\" \/>\n<meta name=\"twitter:card\" content=\"summary_large_image\" \/>\n<script type=\"application\/ld+json\" class=\"yoast-schema-graph\">{\"@context\":\"https:\\\/\\\/schema.org\",\"@graph\":[{\"@type\":\"Article\",\"@id\":\"https:\\\/\\\/www.focus.cat\\\/es\\\/sigue-el-exito-de-junior-en-el-teatro-condal\\\/#article\",\"isPartOf\":{\"@id\":\"https:\\\/\\\/www.focus.cat\\\/es\\\/sigue-el-exito-de-junior-en-el-teatro-condal\\\/\"},\"author\":{\"name\":\"Brenda Becker\",\"@id\":\"https:\\\/\\\/www.focus.cat\\\/#\\\/schema\\\/person\\\/45cbcf79c7b3047ca01818c50e607a32\"},\"headline\":\"Sigue el \u00e9xito de J\u00fanior en el Teatro Condal\",\"datePublished\":\"2023-02-21T14:46:21+00:00\",\"dateModified\":\"2023-02-21T14:48:54+00:00\",\"mainEntityOfPage\":{\"@id\":\"https:\\\/\\\/www.focus.cat\\\/es\\\/sigue-el-exito-de-junior-en-el-teatro-condal\\\/\"},\"wordCount\":199,\"publisher\":{\"@id\":\"https:\\\/\\\/www.focus.cat\\\/#organization\"},\"image\":{\"@id\":\"https:\\\/\\\/www.focus.cat\\\/es\\\/sigue-el-exito-de-junior-en-el-teatro-condal\\\/#primaryimage\"},\"thumbnailUrl\":\"https:\\\/\\\/www.focus.cat\\\/wp-content\\\/uploads\\\/2023\\\/02\\\/Portada-0-junior-teatre-condal.jpg\",\"articleSection\":[\"Noticias\"],\"inLanguage\":\"ca\"},{\"@type\":\"WebPage\",\"@id\":\"https:\\\/\\\/www.focus.cat\\\/es\\\/sigue-el-exito-de-junior-en-el-teatro-condal\\\/\",\"url\":\"https:\\\/\\\/www.focus.cat\\\/es\\\/sigue-el-exito-de-junior-en-el-teatro-condal\\\/\",\"name\":\"Sigue el \u00e9xito de J\u00fanior en el Teatro Condal - Focus\",\"isPartOf\":{\"@id\":\"https:\\\/\\\/www.focus.cat\\\/#website\"},\"primaryImageOfPage\":{\"@id\":\"https:\\\/\\\/www.focus.cat\\\/es\\\/sigue-el-exito-de-junior-en-el-teatro-condal\\\/#primaryimage\"},\"image\":{\"@id\":\"https:\\\/\\\/www.focus.cat\\\/es\\\/sigue-el-exito-de-junior-en-el-teatro-condal\\\/#primaryimage\"},\"thumbnailUrl\":\"https:\\\/\\\/www.focus.cat\\\/wp-content\\\/uploads\\\/2023\\\/02\\\/Portada-0-junior-teatre-condal.jpg\",\"datePublished\":\"2023-02-21T14:46:21+00:00\",\"dateModified\":\"2023-02-21T14:48:54+00:00\",\"inLanguage\":\"ca\",\"potentialAction\":[{\"@type\":\"ReadAction\",\"target\":[\"https:\\\/\\\/www.focus.cat\\\/es\\\/sigue-el-exito-de-junior-en-el-teatro-condal\\\/\"]}]},{\"@type\":\"ImageObject\",\"inLanguage\":\"ca\",\"@id\":\"https:\\\/\\\/www.focus.cat\\\/es\\\/sigue-el-exito-de-junior-en-el-teatro-condal\\\/#primaryimage\",\"url\":\"https:\\\/\\\/www.focus.cat\\\/wp-content\\\/uploads\\\/2023\\\/02\\\/Portada-0-junior-teatre-condal.jpg\",\"contentUrl\":\"https:\\\/\\\/www.focus.cat\\\/wp-content\\\/uploads\\\/2023\\\/02\\\/Portada-0-junior-teatre-condal.jpg\",\"width\":1160,\"height\":580},{\"@type\":\"WebSite\",\"@id\":\"https:\\\/\\\/www.focus.cat\\\/#website\",\"url\":\"https:\\\/\\\/www.focus.cat\\\/\",\"name\":\"Focus\",\"description\":\"\",\"publisher\":{\"@id\":\"https:\\\/\\\/www.focus.cat\\\/#organization\"},\"potentialAction\":[{\"@type\":\"SearchAction\",\"target\":{\"@type\":\"EntryPoint\",\"urlTemplate\":\"https:\\\/\\\/www.focus.cat\\\/?s={search_term_string}\"},\"query-input\":{\"@type\":\"PropertyValueSpecification\",\"valueRequired\":true,\"valueName\":\"search_term_string\"}}],\"inLanguage\":\"ca\"},{\"@type\":\"Organization\",\"@id\":\"https:\\\/\\\/www.focus.cat\\\/#organization\",\"name\":\"Focus\",\"url\":\"https:\\\/\\\/www.focus.cat\\\/\",\"logo\":{\"@type\":\"ImageObject\",\"inLanguage\":\"ca\",\"@id\":\"https:\\\/\\\/www.focus.cat\\\/#\\\/schema\\\/logo\\\/image\\\/\",\"url\":\"https:\\\/\\\/www.focus.cat\\\/wp-content\\\/uploads\\\/2022\\\/01\\\/logo-focus-any-35.svg\",\"contentUrl\":\"https:\\\/\\\/www.focus.cat\\\/wp-content\\\/uploads\\\/2022\\\/01\\\/logo-focus-any-35.svg\",\"width\":1,\"height\":1,\"caption\":\"Focus\"},\"image\":{\"@id\":\"https:\\\/\\\/www.focus.cat\\\/#\\\/schema\\\/logo\\\/image\\\/\"}},{\"@type\":\"Person\",\"@id\":\"https:\\\/\\\/www.focus.cat\\\/#\\\/schema\\\/person\\\/45cbcf79c7b3047ca01818c50e607a32\",\"name\":\"Brenda Becker\",\"image\":{\"@type\":\"ImageObject\",\"inLanguage\":\"ca\",\"@id\":\"https:\\\/\\\/secure.gravatar.com\\\/avatar\\\/bf45b1ffca36f0e2b6cbeb689cead579b5275b1489889a25ac0e66115dfb28c7?s=96&d=mm&r=g\",\"url\":\"https:\\\/\\\/secure.gravatar.com\\\/avatar\\\/bf45b1ffca36f0e2b6cbeb689cead579b5275b1489889a25ac0e66115dfb28c7?s=96&d=mm&r=g\",\"contentUrl\":\"https:\\\/\\\/secure.gravatar.com\\\/avatar\\\/bf45b1ffca36f0e2b6cbeb689cead579b5275b1489889a25ac0e66115dfb28c7?s=96&d=mm&r=g\",\"caption\":\"Brenda Becker\"},\"url\":\"https:\\\/\\\/www.focus.cat\\\/author\\\/brenda-becker\\\/\"}]}<\/script>\n<!-- \/ Yoast SEO plugin. -->","yoast_head_json":{"title":"Sigue el \u00e9xito de J\u00fanior en el Teatro Condal - Focus","robots":{"index":"index","follow":"follow","max-snippet":"max-snippet:-1","max-image-preview":"max-image-preview:large","max-video-preview":"max-video-preview:-1"},"canonical":"https:\/\/www.focus.cat\/sigue-el-exito-de-junior-en-el-teatro-condal\/","og_locale":"ca_ES","og_type":"article","og_title":"Sigue el \u00e9xito de J\u00fanior en el Teatro Condal - Focus","og_description":"J\u00fanior, la nueva comedia de Joel Joan y H\u00e9ctor Claramunt, y protagonizada por Joan Pera, ya es uno de los grandes \u00e9xitos de la temporada con 20.000 entradas vendidas en un solo mes. La comedia, dirigida por Joel Joan, y protagonizada por Joan Pera, Fina Rius, Paula Vives, Oriol Casals, Francesc Cu\u00e9llar, Marta Codina y ... Llegeix m\u00e9s","og_url":"https:\/\/www.focus.cat\/es\/sigue-el-exito-de-junior-en-el-teatro-condal\/","og_site_name":"Focus","article_published_time":"2023-02-21T14:46:21+00:00","article_modified_time":"2023-02-21T14:48:54+00:00","og_image":[{"width":1160,"height":580,"url":"https:\/\/www.focus.cat\/wp-content\/uploads\/2023\/02\/Portada-0-junior-teatre-condal.jpg","type":"image\/jpeg"}],"author":"Brenda Becker","twitter_card":"summary_large_image","schema":{"@context":"https:\/\/schema.org","@graph":[{"@type":"Article","@id":"https:\/\/www.focus.cat\/es\/sigue-el-exito-de-junior-en-el-teatro-condal\/#article","isPartOf":{"@id":"https:\/\/www.focus.cat\/es\/sigue-el-exito-de-junior-en-el-teatro-condal\/"},"author":{"name":"Brenda Becker","@id":"https:\/\/www.focus.cat\/#\/schema\/person\/45cbcf79c7b3047ca01818c50e607a32"},"headline":"Sigue el \u00e9xito de J\u00fanior en el Teatro Condal","datePublished":"2023-02-21T14:46:21+00:00","dateModified":"2023-02-21T14:48:54+00:00","mainEntityOfPage":{"@id":"https:\/\/www.focus.cat\/es\/sigue-el-exito-de-junior-en-el-teatro-condal\/"},"wordCount":199,"publisher":{"@id":"https:\/\/www.focus.cat\/#organization"},"image":{"@id":"https:\/\/www.focus.cat\/es\/sigue-el-exito-de-junior-en-el-teatro-condal\/#primaryimage"},"thumbnailUrl":"https:\/\/www.focus.cat\/wp-content\/uploads\/2023\/02\/Portada-0-junior-teatre-condal.jpg","articleSection":["Noticias"],"inLanguage":"ca"},{"@type":"WebPage","@id":"https:\/\/www.focus.cat\/es\/sigue-el-exito-de-junior-en-el-teatro-condal\/","url":"https:\/\/www.focus.cat\/es\/sigue-el-exito-de-junior-en-el-teatro-condal\/","name":"Sigue el \u00e9xito de J\u00fanior en el Teatro Condal - Focus","isPartOf":{"@id":"https:\/\/www.focus.cat\/#website"},"primaryImageOfPage":{"@id":"https:\/\/www.focus.cat\/es\/sigue-el-exito-de-junior-en-el-teatro-condal\/#primaryimage"},"image":{"@id":"https:\/\/www.focus.cat\/es\/sigue-el-exito-de-junior-en-el-teatro-condal\/#primaryimage"},"thumbnailUrl":"https:\/\/www.focus.cat\/wp-content\/uploads\/2023\/02\/Portada-0-junior-teatre-condal.jpg","datePublished":"2023-02-21T14:46:21+00:00","dateModified":"2023-02-21T14:48:54+00:00","inLanguage":"ca","potentialAction":[{"@type":"ReadAction","target":["https:\/\/www.focus.cat\/es\/sigue-el-exito-de-junior-en-el-teatro-condal\/"]}]},{"@type":"ImageObject","inLanguage":"ca","@id":"https:\/\/www.focus.cat\/es\/sigue-el-exito-de-junior-en-el-teatro-condal\/#primaryimage","url":"https:\/\/www.focus.cat\/wp-content\/uploads\/2023\/02\/Portada-0-junior-teatre-condal.jpg","contentUrl":"https:\/\/www.focus.cat\/wp-content\/uploads\/2023\/02\/Portada-0-junior-teatre-condal.jpg","width":1160,"height":580},{"@type":"WebSite","@id":"https:\/\/www.focus.cat\/#website","url":"https:\/\/www.focus.cat\/","name":"Focus","description":"","publisher":{"@id":"https:\/\/www.focus.cat\/#organization"},"potentialAction":[{"@type":"SearchAction","target":{"@type":"EntryPoint","urlTemplate":"https:\/\/www.focus.cat\/?s={search_term_string}"},"query-input":{"@type":"PropertyValueSpecification","valueRequired":true,"valueName":"search_term_string"}}],"inLanguage":"ca"},{"@type":"Organization","@id":"https:\/\/www.focus.cat\/#organization","name":"Focus","url":"https:\/\/www.focus.cat\/","logo":{"@type":"ImageObject","inLanguage":"ca","@id":"https:\/\/www.focus.cat\/#\/schema\/logo\/image\/","url":"https:\/\/www.focus.cat\/wp-content\/uploads\/2022\/01\/logo-focus-any-35.svg","contentUrl":"https:\/\/www.focus.cat\/wp-content\/uploads\/2022\/01\/logo-focus-any-35.svg","width":1,"height":1,"caption":"Focus"},"image":{"@id":"https:\/\/www.focus.cat\/#\/schema\/logo\/image\/"}},{"@type":"Person","@id":"https:\/\/www.focus.cat\/#\/schema\/person\/45cbcf79c7b3047ca01818c50e607a32","name":"Brenda Becker","image":{"@type":"ImageObject","inLanguage":"ca","@id":"https:\/\/secure.gravatar.com\/avatar\/bf45b1ffca36f0e2b6cbeb689cead579b5275b1489889a25ac0e66115dfb28c7?s=96&d=mm&r=g","url":"https:\/\/secure.gravatar.com\/avatar\/bf45b1ffca36f0e2b6cbeb689cead579b5275b1489889a25ac0e66115dfb28c7?s=96&d=mm&r=g","contentUrl":"https:\/\/secure.gravatar.com\/avatar\/bf45b1ffca36f0e2b6cbeb689cead579b5275b1489889a25ac0e66115dfb28c7?s=96&d=mm&r=g","caption":"Brenda Becker"},"url":"https:\/\/www.focus.cat\/author\/brenda-becker\/"}]}},"_links":{"self":[{"href":"https:\/\/www.focus.cat\/wp-json\/wp\/v2\/posts\/11380","targetHints":{"allow":["GET"]}}],"collection":[{"href":"https:\/\/www.focus.cat\/wp-json\/wp\/v2\/posts"}],"about":[{"href":"https:\/\/www.focus.cat\/wp-json\/wp\/v2\/types\/post"}],"author":[{"embeddable":true,"href":"https:\/\/www.focus.cat\/wp-json\/wp\/v2\/users\/16"}],"replies":[{"embeddable":true,"href":"https:\/\/www.focus.cat\/wp-json\/wp\/v2\/comments?post=11380"}],"version-history":[{"count":0,"href":"https:\/\/www.focus.cat\/wp-json\/wp\/v2\/posts\/11380\/revisions"}],"wp:featuredmedia":[{"embeddable":true,"href":"https:\/\/www.focus.cat\/wp-json\/wp\/v2\/media\/11384"}],"wp:attachment":[{"href":"https:\/\/www.focus.cat\/wp-json\/wp\/v2\/media?parent=11380"}],"wp:term":[{"taxonomy":"category","embeddable":true,"href":"https:\/\/www.focus.cat\/wp-json\/wp\/v2\/categories?post=11380"}],"curies":[{"name":"wp","href":"https:\/\/api.w.org\/{rel}","templated":true}]}}