{"id":11398,"date":"2023-02-21T14:54:23","date_gmt":"2023-02-21T14:54:23","guid":{"rendered":"https:\/\/www.focus.cat\/?p=11398"},"modified":"2023-04-17T13:33:44","modified_gmt":"2023-04-17T13:33:44","slug":"nuria-espert-llega-al-teatro-romea-con-la-isla-del-aire","status":"publish","type":"post","link":"https:\/\/www.focus.cat\/es\/nuria-espert-llega-al-teatro-romea-con-la-isla-del-aire\/","title":{"rendered":"Nuria Espert llega al Teatro Romea con La isla del aire"},"content":{"rendered":"<p><img decoding=\"async\" class=\"alignnone size-large wp-image-11395\" src=\"https:\/\/www.focus.cat\/wp-content\/uploads\/2023\/02\/Portada-0-la-isla-del-aire-teatre-romea-1124x562.jpg\" alt=\"\" width=\"1024\" height=\"512\" srcset=\"https:\/\/www.focus.cat\/wp-content\/uploads\/2023\/02\/Portada-0-la-isla-del-aire-teatre-romea-1124x562.jpg 1124w, https:\/\/www.focus.cat\/wp-content\/uploads\/2023\/02\/Portada-0-la-isla-del-aire-teatre-romea-300x150.jpg 300w, https:\/\/www.focus.cat\/wp-content\/uploads\/2023\/02\/Portada-0-la-isla-del-aire-teatre-romea-150x75.jpg 150w, https:\/\/www.focus.cat\/wp-content\/uploads\/2023\/02\/Portada-0-la-isla-del-aire-teatre-romea-800x400.jpg 800w, https:\/\/www.focus.cat\/wp-content\/uploads\/2023\/02\/Portada-0-la-isla-del-aire-teatre-romea.jpg 1160w\" sizes=\"(max-width: 1024px) 100vw, 1024px\" \/><\/p>\n<p><em>La isla del aire<\/em> es la nueva producci\u00f3n del Teatro Romea protagonizada por N\u00faria Espert. La obra, escrita por Alejandro Palomas, y dirigida por Mario Gas, har\u00e1 temporada en el Teatro Romea del 25 de marzo al 14 de mayo y promete ser uno de los \u00e9xitos de la temporada.<\/p>\n<p>Protagonizada por N\u00faria Espert, Vicky Pe\u00f1a, Teresa Vallicrosa, Miranda Gas y Candela Serrat, La isla del aire nos traslada a Menorca, donde una familia de cinco mujeres, guiadas por la vieja Menc\u00eda (la matriarca de la familia), se adentran en un viaje en barca a la Isla del Aire. La muerte de Helena, la nieta mayor de Menc\u00eda est\u00e1 muy presente en la mente de la familia y, durante esta excursi\u00f3n, Menc\u00eda obligar\u00e1 a sus hijas y nietas a enfrentarse a la verdad y a los secretos que ocultan.<\/p>\n<p><em>La isla del aire<\/em>, escrita por el aclamado autor Alejandro Palomas, es una nueva oportunidad para volver a ver en escena uno de los grandes mitos del teatro contempor\u00e1neo, N\u00faria Espert, quien regresa al Teatro Romea, el lugar que la vio debutar con s\u00f3lo trece a\u00f1os.<\/p>\n<p>&nbsp;<\/p>\n","protected":false},"excerpt":{"rendered":"<p>La isla del aire es la nueva producci\u00f3n del Teatro Romea protagonizada por N\u00faria Espert. La obra, escrita por Alejandro Palomas, y dirigida por Mario Gas, har\u00e1 temporada en el Teatro Romea del 25 de marzo al 14 de mayo y promete ser uno de los \u00e9xitos de la temporada. Protagonizada por N\u00faria Espert, Vicky<a class=\"excerpt-read-more\" href=\"https:\/\/www.focus.cat\/es\/nuria-espert-llega-al-teatro-romea-con-la-isla-del-aire\/\" title=\"LlegeixNuria Espert llega al Teatro Romea con La isla del aire\"> &#8230; Llegeix m\u00e9s<\/a><\/p>\n","protected":false},"author":16,"featured_media":11395,"comment_status":"closed","ping_status":"closed","sticky":false,"template":"","format":"standard","meta":{"_acf_changed":false,"inline_featured_image":false,"footnotes":""},"categories":[4],"class_list":["post-11398","post","type-post","status-publish","format-standard","has-post-thumbnail","hentry","category-noticias"],"acf":[],"yoast_head":"<!-- This site is optimized with the Yoast SEO plugin v27.4 - https:\/\/yoast.com\/product\/yoast-seo-wordpress\/ -->\n<title>Nuria Espert llega al Teatro Romea con La isla del aire - Focus<\/title>\n<meta name=\"robots\" content=\"index, follow, max-snippet:-1, max-image-preview:large, max-video-preview:-1\" \/>\n<link rel=\"canonical\" href=\"https:\/\/www.focus.cat\/nuria-espert-llega-al-teatro-romea-con-la-isla-del-aire\/\" \/>\n<meta property=\"og:locale\" content=\"ca_ES\" \/>\n<meta property=\"og:type\" content=\"article\" \/>\n<meta property=\"og:title\" content=\"Nuria Espert llega al Teatro Romea con La isla del aire - Focus\" \/>\n<meta property=\"og:description\" content=\"La isla del aire es la nueva producci\u00f3n del Teatro Romea protagonizada por N\u00faria Espert. La obra, escrita por Alejandro Palomas, y dirigida por Mario Gas, har\u00e1 temporada en el Teatro Romea del 25 de marzo al 14 de mayo y promete ser uno de los \u00e9xitos de la temporada. Protagonizada por N\u00faria Espert, Vicky ... Llegeix m\u00e9s\" \/>\n<meta property=\"og:url\" content=\"https:\/\/www.focus.cat\/es\/nuria-espert-llega-al-teatro-romea-con-la-isla-del-aire\/\" \/>\n<meta property=\"og:site_name\" content=\"Focus\" \/>\n<meta property=\"article:published_time\" content=\"2023-02-21T14:54:23+00:00\" \/>\n<meta property=\"article:modified_time\" content=\"2023-04-17T13:33:44+00:00\" \/>\n<meta property=\"og:image\" content=\"https:\/\/www.focus.cat\/wp-content\/uploads\/2023\/02\/Portada-0-la-isla-del-aire-teatre-romea.jpg\" \/>\n\t<meta property=\"og:image:width\" content=\"1160\" \/>\n\t<meta property=\"og:image:height\" content=\"580\" \/>\n\t<meta property=\"og:image:type\" content=\"image\/jpeg\" \/>\n<meta name=\"author\" content=\"Brenda Becker\" \/>\n<meta name=\"twitter:card\" content=\"summary_large_image\" \/>\n<script type=\"application\/ld+json\" class=\"yoast-schema-graph\">{\"@context\":\"https:\\\/\\\/schema.org\",\"@graph\":[{\"@type\":\"Article\",\"@id\":\"https:\\\/\\\/www.focus.cat\\\/es\\\/nuria-espert-llega-al-teatro-romea-con-la-isla-del-aire\\\/#article\",\"isPartOf\":{\"@id\":\"https:\\\/\\\/www.focus.cat\\\/es\\\/nuria-espert-llega-al-teatro-romea-con-la-isla-del-aire\\\/\"},\"author\":{\"name\":\"Brenda Becker\",\"@id\":\"https:\\\/\\\/www.focus.cat\\\/#\\\/schema\\\/person\\\/45cbcf79c7b3047ca01818c50e607a32\"},\"headline\":\"Nuria Espert llega al Teatro Romea con La isla del aire\",\"datePublished\":\"2023-02-21T14:54:23+00:00\",\"dateModified\":\"2023-04-17T13:33:44+00:00\",\"mainEntityOfPage\":{\"@id\":\"https:\\\/\\\/www.focus.cat\\\/es\\\/nuria-espert-llega-al-teatro-romea-con-la-isla-del-aire\\\/\"},\"wordCount\":207,\"publisher\":{\"@id\":\"https:\\\/\\\/www.focus.cat\\\/#organization\"},\"image\":{\"@id\":\"https:\\\/\\\/www.focus.cat\\\/es\\\/nuria-espert-llega-al-teatro-romea-con-la-isla-del-aire\\\/#primaryimage\"},\"thumbnailUrl\":\"https:\\\/\\\/www.focus.cat\\\/wp-content\\\/uploads\\\/2023\\\/02\\\/Portada-0-la-isla-del-aire-teatre-romea.jpg\",\"articleSection\":[\"Noticias\"],\"inLanguage\":\"ca\"},{\"@type\":\"WebPage\",\"@id\":\"https:\\\/\\\/www.focus.cat\\\/es\\\/nuria-espert-llega-al-teatro-romea-con-la-isla-del-aire\\\/\",\"url\":\"https:\\\/\\\/www.focus.cat\\\/es\\\/nuria-espert-llega-al-teatro-romea-con-la-isla-del-aire\\\/\",\"name\":\"Nuria Espert llega al Teatro Romea con La isla del aire - Focus\",\"isPartOf\":{\"@id\":\"https:\\\/\\\/www.focus.cat\\\/#website\"},\"primaryImageOfPage\":{\"@id\":\"https:\\\/\\\/www.focus.cat\\\/es\\\/nuria-espert-llega-al-teatro-romea-con-la-isla-del-aire\\\/#primaryimage\"},\"image\":{\"@id\":\"https:\\\/\\\/www.focus.cat\\\/es\\\/nuria-espert-llega-al-teatro-romea-con-la-isla-del-aire\\\/#primaryimage\"},\"thumbnailUrl\":\"https:\\\/\\\/www.focus.cat\\\/wp-content\\\/uploads\\\/2023\\\/02\\\/Portada-0-la-isla-del-aire-teatre-romea.jpg\",\"datePublished\":\"2023-02-21T14:54:23+00:00\",\"dateModified\":\"2023-04-17T13:33:44+00:00\",\"inLanguage\":\"ca\",\"potentialAction\":[{\"@type\":\"ReadAction\",\"target\":[\"https:\\\/\\\/www.focus.cat\\\/es\\\/nuria-espert-llega-al-teatro-romea-con-la-isla-del-aire\\\/\"]}]},{\"@type\":\"ImageObject\",\"inLanguage\":\"ca\",\"@id\":\"https:\\\/\\\/www.focus.cat\\\/es\\\/nuria-espert-llega-al-teatro-romea-con-la-isla-del-aire\\\/#primaryimage\",\"url\":\"https:\\\/\\\/www.focus.cat\\\/wp-content\\\/uploads\\\/2023\\\/02\\\/Portada-0-la-isla-del-aire-teatre-romea.jpg\",\"contentUrl\":\"https:\\\/\\\/www.focus.cat\\\/wp-content\\\/uploads\\\/2023\\\/02\\\/Portada-0-la-isla-del-aire-teatre-romea.jpg\",\"width\":1160,\"height\":580},{\"@type\":\"WebSite\",\"@id\":\"https:\\\/\\\/www.focus.cat\\\/#website\",\"url\":\"https:\\\/\\\/www.focus.cat\\\/\",\"name\":\"Focus\",\"description\":\"\",\"publisher\":{\"@id\":\"https:\\\/\\\/www.focus.cat\\\/#organization\"},\"potentialAction\":[{\"@type\":\"SearchAction\",\"target\":{\"@type\":\"EntryPoint\",\"urlTemplate\":\"https:\\\/\\\/www.focus.cat\\\/?s={search_term_string}\"},\"query-input\":{\"@type\":\"PropertyValueSpecification\",\"valueRequired\":true,\"valueName\":\"search_term_string\"}}],\"inLanguage\":\"ca\"},{\"@type\":\"Organization\",\"@id\":\"https:\\\/\\\/www.focus.cat\\\/#organization\",\"name\":\"Focus\",\"url\":\"https:\\\/\\\/www.focus.cat\\\/\",\"logo\":{\"@type\":\"ImageObject\",\"inLanguage\":\"ca\",\"@id\":\"https:\\\/\\\/www.focus.cat\\\/#\\\/schema\\\/logo\\\/image\\\/\",\"url\":\"https:\\\/\\\/www.focus.cat\\\/wp-content\\\/uploads\\\/2022\\\/01\\\/logo-focus-any-35.svg\",\"contentUrl\":\"https:\\\/\\\/www.focus.cat\\\/wp-content\\\/uploads\\\/2022\\\/01\\\/logo-focus-any-35.svg\",\"width\":1,\"height\":1,\"caption\":\"Focus\"},\"image\":{\"@id\":\"https:\\\/\\\/www.focus.cat\\\/#\\\/schema\\\/logo\\\/image\\\/\"}},{\"@type\":\"Person\",\"@id\":\"https:\\\/\\\/www.focus.cat\\\/#\\\/schema\\\/person\\\/45cbcf79c7b3047ca01818c50e607a32\",\"name\":\"Brenda Becker\",\"image\":{\"@type\":\"ImageObject\",\"inLanguage\":\"ca\",\"@id\":\"https:\\\/\\\/secure.gravatar.com\\\/avatar\\\/bf45b1ffca36f0e2b6cbeb689cead579b5275b1489889a25ac0e66115dfb28c7?s=96&d=mm&r=g\",\"url\":\"https:\\\/\\\/secure.gravatar.com\\\/avatar\\\/bf45b1ffca36f0e2b6cbeb689cead579b5275b1489889a25ac0e66115dfb28c7?s=96&d=mm&r=g\",\"contentUrl\":\"https:\\\/\\\/secure.gravatar.com\\\/avatar\\\/bf45b1ffca36f0e2b6cbeb689cead579b5275b1489889a25ac0e66115dfb28c7?s=96&d=mm&r=g\",\"caption\":\"Brenda Becker\"},\"url\":\"https:\\\/\\\/www.focus.cat\\\/author\\\/brenda-becker\\\/\"}]}<\/script>\n<!-- \/ Yoast SEO plugin. -->","yoast_head_json":{"title":"Nuria Espert llega al Teatro Romea con La isla del aire - Focus","robots":{"index":"index","follow":"follow","max-snippet":"max-snippet:-1","max-image-preview":"max-image-preview:large","max-video-preview":"max-video-preview:-1"},"canonical":"https:\/\/www.focus.cat\/nuria-espert-llega-al-teatro-romea-con-la-isla-del-aire\/","og_locale":"ca_ES","og_type":"article","og_title":"Nuria Espert llega al Teatro Romea con La isla del aire - Focus","og_description":"La isla del aire es la nueva producci\u00f3n del Teatro Romea protagonizada por N\u00faria Espert. La obra, escrita por Alejandro Palomas, y dirigida por Mario Gas, har\u00e1 temporada en el Teatro Romea del 25 de marzo al 14 de mayo y promete ser uno de los \u00e9xitos de la temporada. Protagonizada por N\u00faria Espert, Vicky ... Llegeix m\u00e9s","og_url":"https:\/\/www.focus.cat\/es\/nuria-espert-llega-al-teatro-romea-con-la-isla-del-aire\/","og_site_name":"Focus","article_published_time":"2023-02-21T14:54:23+00:00","article_modified_time":"2023-04-17T13:33:44+00:00","og_image":[{"width":1160,"height":580,"url":"https:\/\/www.focus.cat\/wp-content\/uploads\/2023\/02\/Portada-0-la-isla-del-aire-teatre-romea.jpg","type":"image\/jpeg"}],"author":"Brenda Becker","twitter_card":"summary_large_image","schema":{"@context":"https:\/\/schema.org","@graph":[{"@type":"Article","@id":"https:\/\/www.focus.cat\/es\/nuria-espert-llega-al-teatro-romea-con-la-isla-del-aire\/#article","isPartOf":{"@id":"https:\/\/www.focus.cat\/es\/nuria-espert-llega-al-teatro-romea-con-la-isla-del-aire\/"},"author":{"name":"Brenda Becker","@id":"https:\/\/www.focus.cat\/#\/schema\/person\/45cbcf79c7b3047ca01818c50e607a32"},"headline":"Nuria Espert llega al Teatro Romea con La isla del aire","datePublished":"2023-02-21T14:54:23+00:00","dateModified":"2023-04-17T13:33:44+00:00","mainEntityOfPage":{"@id":"https:\/\/www.focus.cat\/es\/nuria-espert-llega-al-teatro-romea-con-la-isla-del-aire\/"},"wordCount":207,"publisher":{"@id":"https:\/\/www.focus.cat\/#organization"},"image":{"@id":"https:\/\/www.focus.cat\/es\/nuria-espert-llega-al-teatro-romea-con-la-isla-del-aire\/#primaryimage"},"thumbnailUrl":"https:\/\/www.focus.cat\/wp-content\/uploads\/2023\/02\/Portada-0-la-isla-del-aire-teatre-romea.jpg","articleSection":["Noticias"],"inLanguage":"ca"},{"@type":"WebPage","@id":"https:\/\/www.focus.cat\/es\/nuria-espert-llega-al-teatro-romea-con-la-isla-del-aire\/","url":"https:\/\/www.focus.cat\/es\/nuria-espert-llega-al-teatro-romea-con-la-isla-del-aire\/","name":"Nuria Espert llega al Teatro Romea con La isla del aire - Focus","isPartOf":{"@id":"https:\/\/www.focus.cat\/#website"},"primaryImageOfPage":{"@id":"https:\/\/www.focus.cat\/es\/nuria-espert-llega-al-teatro-romea-con-la-isla-del-aire\/#primaryimage"},"image":{"@id":"https:\/\/www.focus.cat\/es\/nuria-espert-llega-al-teatro-romea-con-la-isla-del-aire\/#primaryimage"},"thumbnailUrl":"https:\/\/www.focus.cat\/wp-content\/uploads\/2023\/02\/Portada-0-la-isla-del-aire-teatre-romea.jpg","datePublished":"2023-02-21T14:54:23+00:00","dateModified":"2023-04-17T13:33:44+00:00","inLanguage":"ca","potentialAction":[{"@type":"ReadAction","target":["https:\/\/www.focus.cat\/es\/nuria-espert-llega-al-teatro-romea-con-la-isla-del-aire\/"]}]},{"@type":"ImageObject","inLanguage":"ca","@id":"https:\/\/www.focus.cat\/es\/nuria-espert-llega-al-teatro-romea-con-la-isla-del-aire\/#primaryimage","url":"https:\/\/www.focus.cat\/wp-content\/uploads\/2023\/02\/Portada-0-la-isla-del-aire-teatre-romea.jpg","contentUrl":"https:\/\/www.focus.cat\/wp-content\/uploads\/2023\/02\/Portada-0-la-isla-del-aire-teatre-romea.jpg","width":1160,"height":580},{"@type":"WebSite","@id":"https:\/\/www.focus.cat\/#website","url":"https:\/\/www.focus.cat\/","name":"Focus","description":"","publisher":{"@id":"https:\/\/www.focus.cat\/#organization"},"potentialAction":[{"@type":"SearchAction","target":{"@type":"EntryPoint","urlTemplate":"https:\/\/www.focus.cat\/?s={search_term_string}"},"query-input":{"@type":"PropertyValueSpecification","valueRequired":true,"valueName":"search_term_string"}}],"inLanguage":"ca"},{"@type":"Organization","@id":"https:\/\/www.focus.cat\/#organization","name":"Focus","url":"https:\/\/www.focus.cat\/","logo":{"@type":"ImageObject","inLanguage":"ca","@id":"https:\/\/www.focus.cat\/#\/schema\/logo\/image\/","url":"https:\/\/www.focus.cat\/wp-content\/uploads\/2022\/01\/logo-focus-any-35.svg","contentUrl":"https:\/\/www.focus.cat\/wp-content\/uploads\/2022\/01\/logo-focus-any-35.svg","width":1,"height":1,"caption":"Focus"},"image":{"@id":"https:\/\/www.focus.cat\/#\/schema\/logo\/image\/"}},{"@type":"Person","@id":"https:\/\/www.focus.cat\/#\/schema\/person\/45cbcf79c7b3047ca01818c50e607a32","name":"Brenda Becker","image":{"@type":"ImageObject","inLanguage":"ca","@id":"https:\/\/secure.gravatar.com\/avatar\/bf45b1ffca36f0e2b6cbeb689cead579b5275b1489889a25ac0e66115dfb28c7?s=96&d=mm&r=g","url":"https:\/\/secure.gravatar.com\/avatar\/bf45b1ffca36f0e2b6cbeb689cead579b5275b1489889a25ac0e66115dfb28c7?s=96&d=mm&r=g","contentUrl":"https:\/\/secure.gravatar.com\/avatar\/bf45b1ffca36f0e2b6cbeb689cead579b5275b1489889a25ac0e66115dfb28c7?s=96&d=mm&r=g","caption":"Brenda Becker"},"url":"https:\/\/www.focus.cat\/author\/brenda-becker\/"}]}},"_links":{"self":[{"href":"https:\/\/www.focus.cat\/wp-json\/wp\/v2\/posts\/11398","targetHints":{"allow":["GET"]}}],"collection":[{"href":"https:\/\/www.focus.cat\/wp-json\/wp\/v2\/posts"}],"about":[{"href":"https:\/\/www.focus.cat\/wp-json\/wp\/v2\/types\/post"}],"author":[{"embeddable":true,"href":"https:\/\/www.focus.cat\/wp-json\/wp\/v2\/users\/16"}],"replies":[{"embeddable":true,"href":"https:\/\/www.focus.cat\/wp-json\/wp\/v2\/comments?post=11398"}],"version-history":[{"count":0,"href":"https:\/\/www.focus.cat\/wp-json\/wp\/v2\/posts\/11398\/revisions"}],"wp:featuredmedia":[{"embeddable":true,"href":"https:\/\/www.focus.cat\/wp-json\/wp\/v2\/media\/11395"}],"wp:attachment":[{"href":"https:\/\/www.focus.cat\/wp-json\/wp\/v2\/media?parent=11398"}],"wp:term":[{"taxonomy":"category","embeddable":true,"href":"https:\/\/www.focus.cat\/wp-json\/wp\/v2\/categories?post=11398"}],"curies":[{"name":"wp","href":"https:\/\/api.w.org\/{rel}","templated":true}]}}