{"id":11418,"date":"2023-02-21T15:17:55","date_gmt":"2023-02-21T15:17:55","guid":{"rendered":"https:\/\/www.focus.cat\/?p=11418"},"modified":"2023-02-21T15:28:11","modified_gmt":"2023-02-21T15:28:11","slug":"focus-ha-gestionat-la-campanya-de-marqueting-de-company-el-musical","status":"publish","type":"post","link":"https:\/\/www.focus.cat\/es\/focus-ha-gestionat-la-campanya-de-marqueting-de-company-el-musical\/","title":{"rendered":"Focus ha gestionado la campa\u00f1a de marketing de Company El Musical"},"content":{"rendered":"<p><img decoding=\"async\" class=\"alignnone size-large wp-image-11431\" src=\"https:\/\/www.focus.cat\/wp-content\/uploads\/2023\/02\/C-FB-Evento-1200x628-2-1-1124x588.jpg\" alt=\"\" width=\"1024\" height=\"536\" srcset=\"https:\/\/www.focus.cat\/wp-content\/uploads\/2023\/02\/C-FB-Evento-1200x628-2-1-1124x588.jpg 1124w, https:\/\/www.focus.cat\/wp-content\/uploads\/2023\/02\/C-FB-Evento-1200x628-2-1-300x157.jpg 300w, https:\/\/www.focus.cat\/wp-content\/uploads\/2023\/02\/C-FB-Evento-1200x628-2-1-150x79.jpg 150w, https:\/\/www.focus.cat\/wp-content\/uploads\/2023\/02\/C-FB-Evento-1200x628-2-1-800x419.jpg 800w, https:\/\/www.focus.cat\/wp-content\/uploads\/2023\/02\/C-FB-Evento-1200x628-2-1.jpg 1200w\" sizes=\"(max-width: 1024px) 100vw, 1024px\" \/><\/p>\n<p>Gran \u00e9xito de p\u00fablico asistente a <em>Company El Musical<\/em> durante su estancia en Madrid. Focus ha sido la encargada de crear, dise\u00f1ar y planificar la campa\u00f1a de marketing, direcci\u00f3n de ventas, \u00a0gesti\u00f3n de p\u00fablicos y tiqueting del musical.<\/p>\n<p>Company se estren\u00f3 el 17 de noviembre sobre el escenario del reci\u00e9n inaugurado Umusic Hotel Teatro Alb\u00e9niz que, tras permanecer cerrado durante varios a\u00f1os, volvi\u00f3 a abrir sus puertas.<\/p>\n<p>Ha estado en cartel hasta el 14 febrero de 2023 y ha alcanzado cifras espectaculares, m\u00e1s de 60.000 espectadores en tan solo 3 meses. El p\u00fablico ha podido disfrutar de este cl\u00e1sico de la comedia musical que dirige y protagoniza Antonio Banderas y produce Teatro del Soho CaixaBank.<\/p>\n<p><img decoding=\"async\" class=\"alignnone size-large wp-image-11419\" src=\"https:\/\/www.focus.cat\/wp-content\/uploads\/2023\/02\/C-FB-Evento-1200x628-3-1124x588.jpg\" alt=\"\" width=\"1024\" height=\"536\" srcset=\"https:\/\/www.focus.cat\/wp-content\/uploads\/2023\/02\/C-FB-Evento-1200x628-3-1124x588.jpg 1124w, https:\/\/www.focus.cat\/wp-content\/uploads\/2023\/02\/C-FB-Evento-1200x628-3-300x157.jpg 300w, https:\/\/www.focus.cat\/wp-content\/uploads\/2023\/02\/C-FB-Evento-1200x628-3-150x79.jpg 150w, https:\/\/www.focus.cat\/wp-content\/uploads\/2023\/02\/C-FB-Evento-1200x628-3-800x419.jpg 800w, https:\/\/www.focus.cat\/wp-content\/uploads\/2023\/02\/C-FB-Evento-1200x628-3.jpg 1200w\" sizes=\"(max-width: 1024px) 100vw, 1024px\" \/><\/p>\n","protected":false},"excerpt":{"rendered":"<p>Gran \u00e9xito de p\u00fablico asistente a Company El Musical durante su estancia en Madrid. Focus ha sido la encargada de crear, dise\u00f1ar y planificar la campa\u00f1a de marketing, direcci\u00f3n de ventas, \u00a0gesti\u00f3n de p\u00fablicos y tiqueting del musical. Company se estren\u00f3 el 17 de noviembre sobre el escenario del reci\u00e9n inaugurado Umusic Hotel Teatro Alb\u00e9niz<a class=\"excerpt-read-more\" href=\"https:\/\/www.focus.cat\/es\/focus-ha-gestionat-la-campanya-de-marqueting-de-company-el-musical\/\" title=\"LlegeixFocus ha gestionado la campa\u00f1a de marketing de Company El Musical\"> &#8230; Llegeix m\u00e9s<\/a><\/p>\n","protected":false},"author":16,"featured_media":11422,"comment_status":"closed","ping_status":"closed","sticky":false,"template":"","format":"standard","meta":{"_acf_changed":false,"inline_featured_image":false,"footnotes":""},"categories":[4],"class_list":["post-11418","post","type-post","status-publish","format-standard","has-post-thumbnail","hentry","category-noticias"],"acf":[],"yoast_head":"<!-- This site is optimized with the Yoast SEO plugin v27.5 - https:\/\/yoast.com\/product\/yoast-seo-wordpress\/ -->\n<title>Focus ha gestionado la campa\u00f1a de marketing de Company El Musical - Focus<\/title>\n<meta name=\"robots\" content=\"index, follow, max-snippet:-1, max-image-preview:large, max-video-preview:-1\" \/>\n<link rel=\"canonical\" href=\"https:\/\/www.focus.cat\/focus-ha-gestionat-la-campanya-de-marqueting-de-company-el-musical\/\" \/>\n<meta property=\"og:locale\" content=\"ca_ES\" \/>\n<meta property=\"og:type\" content=\"article\" \/>\n<meta property=\"og:title\" content=\"Focus ha gestionado la campa\u00f1a de marketing de Company El Musical - Focus\" \/>\n<meta property=\"og:description\" content=\"Gran \u00e9xito de p\u00fablico asistente a Company El Musical durante su estancia en Madrid. Focus ha sido la encargada de crear, dise\u00f1ar y planificar la campa\u00f1a de marketing, direcci\u00f3n de ventas, \u00a0gesti\u00f3n de p\u00fablicos y tiqueting del musical. Company se estren\u00f3 el 17 de noviembre sobre el escenario del reci\u00e9n inaugurado Umusic Hotel Teatro Alb\u00e9niz ... Llegeix m\u00e9s\" \/>\n<meta property=\"og:url\" content=\"https:\/\/www.focus.cat\/es\/focus-ha-gestionat-la-campanya-de-marqueting-de-company-el-musical\/\" \/>\n<meta property=\"og:site_name\" content=\"Focus\" \/>\n<meta property=\"article:published_time\" content=\"2023-02-21T15:17:55+00:00\" \/>\n<meta property=\"article:modified_time\" content=\"2023-02-21T15:28:11+00:00\" \/>\n<meta property=\"og:image\" content=\"https:\/\/www.focus.cat\/wp-content\/uploads\/2023\/02\/C-Post-1080x1080-2.jpg\" \/>\n\t<meta property=\"og:image:width\" content=\"1080\" \/>\n\t<meta property=\"og:image:height\" content=\"1080\" \/>\n\t<meta property=\"og:image:type\" content=\"image\/jpeg\" \/>\n<meta name=\"author\" content=\"Brenda Becker\" \/>\n<meta name=\"twitter:card\" content=\"summary_large_image\" \/>\n<script type=\"application\/ld+json\" class=\"yoast-schema-graph\">{\"@context\":\"https:\\\/\\\/schema.org\",\"@graph\":[{\"@type\":\"Article\",\"@id\":\"https:\\\/\\\/www.focus.cat\\\/es\\\/focus-ha-gestionat-la-campanya-de-marqueting-de-company-el-musical\\\/#article\",\"isPartOf\":{\"@id\":\"https:\\\/\\\/www.focus.cat\\\/es\\\/focus-ha-gestionat-la-campanya-de-marqueting-de-company-el-musical\\\/\"},\"author\":{\"name\":\"Brenda Becker\",\"@id\":\"https:\\\/\\\/www.focus.cat\\\/#\\\/schema\\\/person\\\/45cbcf79c7b3047ca01818c50e607a32\"},\"headline\":\"Focus ha gestionado la campa\u00f1a de marketing de Company El Musical\",\"datePublished\":\"2023-02-21T15:17:55+00:00\",\"dateModified\":\"2023-02-21T15:28:11+00:00\",\"mainEntityOfPage\":{\"@id\":\"https:\\\/\\\/www.focus.cat\\\/es\\\/focus-ha-gestionat-la-campanya-de-marqueting-de-company-el-musical\\\/\"},\"wordCount\":134,\"publisher\":{\"@id\":\"https:\\\/\\\/www.focus.cat\\\/#organization\"},\"image\":{\"@id\":\"https:\\\/\\\/www.focus.cat\\\/es\\\/focus-ha-gestionat-la-campanya-de-marqueting-de-company-el-musical\\\/#primaryimage\"},\"thumbnailUrl\":\"https:\\\/\\\/www.focus.cat\\\/wp-content\\\/uploads\\\/2023\\\/02\\\/C-Post-1080x1080-2.jpg\",\"articleSection\":[\"Noticias\"],\"inLanguage\":\"ca\"},{\"@type\":\"WebPage\",\"@id\":\"https:\\\/\\\/www.focus.cat\\\/es\\\/focus-ha-gestionat-la-campanya-de-marqueting-de-company-el-musical\\\/\",\"url\":\"https:\\\/\\\/www.focus.cat\\\/es\\\/focus-ha-gestionat-la-campanya-de-marqueting-de-company-el-musical\\\/\",\"name\":\"Focus ha gestionado la campa\u00f1a de marketing de Company El Musical - Focus\",\"isPartOf\":{\"@id\":\"https:\\\/\\\/www.focus.cat\\\/#website\"},\"primaryImageOfPage\":{\"@id\":\"https:\\\/\\\/www.focus.cat\\\/es\\\/focus-ha-gestionat-la-campanya-de-marqueting-de-company-el-musical\\\/#primaryimage\"},\"image\":{\"@id\":\"https:\\\/\\\/www.focus.cat\\\/es\\\/focus-ha-gestionat-la-campanya-de-marqueting-de-company-el-musical\\\/#primaryimage\"},\"thumbnailUrl\":\"https:\\\/\\\/www.focus.cat\\\/wp-content\\\/uploads\\\/2023\\\/02\\\/C-Post-1080x1080-2.jpg\",\"datePublished\":\"2023-02-21T15:17:55+00:00\",\"dateModified\":\"2023-02-21T15:28:11+00:00\",\"inLanguage\":\"ca\",\"potentialAction\":[{\"@type\":\"ReadAction\",\"target\":[\"https:\\\/\\\/www.focus.cat\\\/es\\\/focus-ha-gestionat-la-campanya-de-marqueting-de-company-el-musical\\\/\"]}]},{\"@type\":\"ImageObject\",\"inLanguage\":\"ca\",\"@id\":\"https:\\\/\\\/www.focus.cat\\\/es\\\/focus-ha-gestionat-la-campanya-de-marqueting-de-company-el-musical\\\/#primaryimage\",\"url\":\"https:\\\/\\\/www.focus.cat\\\/wp-content\\\/uploads\\\/2023\\\/02\\\/C-Post-1080x1080-2.jpg\",\"contentUrl\":\"https:\\\/\\\/www.focus.cat\\\/wp-content\\\/uploads\\\/2023\\\/02\\\/C-Post-1080x1080-2.jpg\",\"width\":1080,\"height\":1080},{\"@type\":\"WebSite\",\"@id\":\"https:\\\/\\\/www.focus.cat\\\/#website\",\"url\":\"https:\\\/\\\/www.focus.cat\\\/\",\"name\":\"Focus\",\"description\":\"\",\"publisher\":{\"@id\":\"https:\\\/\\\/www.focus.cat\\\/#organization\"},\"potentialAction\":[{\"@type\":\"SearchAction\",\"target\":{\"@type\":\"EntryPoint\",\"urlTemplate\":\"https:\\\/\\\/www.focus.cat\\\/?s={search_term_string}\"},\"query-input\":{\"@type\":\"PropertyValueSpecification\",\"valueRequired\":true,\"valueName\":\"search_term_string\"}}],\"inLanguage\":\"ca\"},{\"@type\":\"Organization\",\"@id\":\"https:\\\/\\\/www.focus.cat\\\/#organization\",\"name\":\"Focus\",\"url\":\"https:\\\/\\\/www.focus.cat\\\/\",\"logo\":{\"@type\":\"ImageObject\",\"inLanguage\":\"ca\",\"@id\":\"https:\\\/\\\/www.focus.cat\\\/#\\\/schema\\\/logo\\\/image\\\/\",\"url\":\"https:\\\/\\\/www.focus.cat\\\/wp-content\\\/uploads\\\/2022\\\/01\\\/logo-focus-any-35.svg\",\"contentUrl\":\"https:\\\/\\\/www.focus.cat\\\/wp-content\\\/uploads\\\/2022\\\/01\\\/logo-focus-any-35.svg\",\"width\":1,\"height\":1,\"caption\":\"Focus\"},\"image\":{\"@id\":\"https:\\\/\\\/www.focus.cat\\\/#\\\/schema\\\/logo\\\/image\\\/\"}},{\"@type\":\"Person\",\"@id\":\"https:\\\/\\\/www.focus.cat\\\/#\\\/schema\\\/person\\\/45cbcf79c7b3047ca01818c50e607a32\",\"name\":\"Brenda Becker\",\"image\":{\"@type\":\"ImageObject\",\"inLanguage\":\"ca\",\"@id\":\"https:\\\/\\\/secure.gravatar.com\\\/avatar\\\/bf45b1ffca36f0e2b6cbeb689cead579b5275b1489889a25ac0e66115dfb28c7?s=96&d=mm&r=g\",\"url\":\"https:\\\/\\\/secure.gravatar.com\\\/avatar\\\/bf45b1ffca36f0e2b6cbeb689cead579b5275b1489889a25ac0e66115dfb28c7?s=96&d=mm&r=g\",\"contentUrl\":\"https:\\\/\\\/secure.gravatar.com\\\/avatar\\\/bf45b1ffca36f0e2b6cbeb689cead579b5275b1489889a25ac0e66115dfb28c7?s=96&d=mm&r=g\",\"caption\":\"Brenda Becker\"},\"url\":\"https:\\\/\\\/www.focus.cat\\\/author\\\/brenda-becker\\\/\"}]}<\/script>\n<!-- \/ Yoast SEO plugin. -->","yoast_head_json":{"title":"Focus ha gestionado la campa\u00f1a de marketing de Company El Musical - Focus","robots":{"index":"index","follow":"follow","max-snippet":"max-snippet:-1","max-image-preview":"max-image-preview:large","max-video-preview":"max-video-preview:-1"},"canonical":"https:\/\/www.focus.cat\/focus-ha-gestionat-la-campanya-de-marqueting-de-company-el-musical\/","og_locale":"ca_ES","og_type":"article","og_title":"Focus ha gestionado la campa\u00f1a de marketing de Company El Musical - Focus","og_description":"Gran \u00e9xito de p\u00fablico asistente a Company El Musical durante su estancia en Madrid. Focus ha sido la encargada de crear, dise\u00f1ar y planificar la campa\u00f1a de marketing, direcci\u00f3n de ventas, \u00a0gesti\u00f3n de p\u00fablicos y tiqueting del musical. Company se estren\u00f3 el 17 de noviembre sobre el escenario del reci\u00e9n inaugurado Umusic Hotel Teatro Alb\u00e9niz ... Llegeix m\u00e9s","og_url":"https:\/\/www.focus.cat\/es\/focus-ha-gestionat-la-campanya-de-marqueting-de-company-el-musical\/","og_site_name":"Focus","article_published_time":"2023-02-21T15:17:55+00:00","article_modified_time":"2023-02-21T15:28:11+00:00","og_image":[{"width":1080,"height":1080,"url":"https:\/\/www.focus.cat\/wp-content\/uploads\/2023\/02\/C-Post-1080x1080-2.jpg","type":"image\/jpeg"}],"author":"Brenda Becker","twitter_card":"summary_large_image","schema":{"@context":"https:\/\/schema.org","@graph":[{"@type":"Article","@id":"https:\/\/www.focus.cat\/es\/focus-ha-gestionat-la-campanya-de-marqueting-de-company-el-musical\/#article","isPartOf":{"@id":"https:\/\/www.focus.cat\/es\/focus-ha-gestionat-la-campanya-de-marqueting-de-company-el-musical\/"},"author":{"name":"Brenda Becker","@id":"https:\/\/www.focus.cat\/#\/schema\/person\/45cbcf79c7b3047ca01818c50e607a32"},"headline":"Focus ha gestionado la campa\u00f1a de marketing de Company El Musical","datePublished":"2023-02-21T15:17:55+00:00","dateModified":"2023-02-21T15:28:11+00:00","mainEntityOfPage":{"@id":"https:\/\/www.focus.cat\/es\/focus-ha-gestionat-la-campanya-de-marqueting-de-company-el-musical\/"},"wordCount":134,"publisher":{"@id":"https:\/\/www.focus.cat\/#organization"},"image":{"@id":"https:\/\/www.focus.cat\/es\/focus-ha-gestionat-la-campanya-de-marqueting-de-company-el-musical\/#primaryimage"},"thumbnailUrl":"https:\/\/www.focus.cat\/wp-content\/uploads\/2023\/02\/C-Post-1080x1080-2.jpg","articleSection":["Noticias"],"inLanguage":"ca"},{"@type":"WebPage","@id":"https:\/\/www.focus.cat\/es\/focus-ha-gestionat-la-campanya-de-marqueting-de-company-el-musical\/","url":"https:\/\/www.focus.cat\/es\/focus-ha-gestionat-la-campanya-de-marqueting-de-company-el-musical\/","name":"Focus ha gestionado la campa\u00f1a de marketing de Company El Musical - Focus","isPartOf":{"@id":"https:\/\/www.focus.cat\/#website"},"primaryImageOfPage":{"@id":"https:\/\/www.focus.cat\/es\/focus-ha-gestionat-la-campanya-de-marqueting-de-company-el-musical\/#primaryimage"},"image":{"@id":"https:\/\/www.focus.cat\/es\/focus-ha-gestionat-la-campanya-de-marqueting-de-company-el-musical\/#primaryimage"},"thumbnailUrl":"https:\/\/www.focus.cat\/wp-content\/uploads\/2023\/02\/C-Post-1080x1080-2.jpg","datePublished":"2023-02-21T15:17:55+00:00","dateModified":"2023-02-21T15:28:11+00:00","inLanguage":"ca","potentialAction":[{"@type":"ReadAction","target":["https:\/\/www.focus.cat\/es\/focus-ha-gestionat-la-campanya-de-marqueting-de-company-el-musical\/"]}]},{"@type":"ImageObject","inLanguage":"ca","@id":"https:\/\/www.focus.cat\/es\/focus-ha-gestionat-la-campanya-de-marqueting-de-company-el-musical\/#primaryimage","url":"https:\/\/www.focus.cat\/wp-content\/uploads\/2023\/02\/C-Post-1080x1080-2.jpg","contentUrl":"https:\/\/www.focus.cat\/wp-content\/uploads\/2023\/02\/C-Post-1080x1080-2.jpg","width":1080,"height":1080},{"@type":"WebSite","@id":"https:\/\/www.focus.cat\/#website","url":"https:\/\/www.focus.cat\/","name":"Focus","description":"","publisher":{"@id":"https:\/\/www.focus.cat\/#organization"},"potentialAction":[{"@type":"SearchAction","target":{"@type":"EntryPoint","urlTemplate":"https:\/\/www.focus.cat\/?s={search_term_string}"},"query-input":{"@type":"PropertyValueSpecification","valueRequired":true,"valueName":"search_term_string"}}],"inLanguage":"ca"},{"@type":"Organization","@id":"https:\/\/www.focus.cat\/#organization","name":"Focus","url":"https:\/\/www.focus.cat\/","logo":{"@type":"ImageObject","inLanguage":"ca","@id":"https:\/\/www.focus.cat\/#\/schema\/logo\/image\/","url":"https:\/\/www.focus.cat\/wp-content\/uploads\/2022\/01\/logo-focus-any-35.svg","contentUrl":"https:\/\/www.focus.cat\/wp-content\/uploads\/2022\/01\/logo-focus-any-35.svg","width":1,"height":1,"caption":"Focus"},"image":{"@id":"https:\/\/www.focus.cat\/#\/schema\/logo\/image\/"}},{"@type":"Person","@id":"https:\/\/www.focus.cat\/#\/schema\/person\/45cbcf79c7b3047ca01818c50e607a32","name":"Brenda Becker","image":{"@type":"ImageObject","inLanguage":"ca","@id":"https:\/\/secure.gravatar.com\/avatar\/bf45b1ffca36f0e2b6cbeb689cead579b5275b1489889a25ac0e66115dfb28c7?s=96&d=mm&r=g","url":"https:\/\/secure.gravatar.com\/avatar\/bf45b1ffca36f0e2b6cbeb689cead579b5275b1489889a25ac0e66115dfb28c7?s=96&d=mm&r=g","contentUrl":"https:\/\/secure.gravatar.com\/avatar\/bf45b1ffca36f0e2b6cbeb689cead579b5275b1489889a25ac0e66115dfb28c7?s=96&d=mm&r=g","caption":"Brenda Becker"},"url":"https:\/\/www.focus.cat\/author\/brenda-becker\/"}]}},"_links":{"self":[{"href":"https:\/\/www.focus.cat\/wp-json\/wp\/v2\/posts\/11418","targetHints":{"allow":["GET"]}}],"collection":[{"href":"https:\/\/www.focus.cat\/wp-json\/wp\/v2\/posts"}],"about":[{"href":"https:\/\/www.focus.cat\/wp-json\/wp\/v2\/types\/post"}],"author":[{"embeddable":true,"href":"https:\/\/www.focus.cat\/wp-json\/wp\/v2\/users\/16"}],"replies":[{"embeddable":true,"href":"https:\/\/www.focus.cat\/wp-json\/wp\/v2\/comments?post=11418"}],"version-history":[{"count":0,"href":"https:\/\/www.focus.cat\/wp-json\/wp\/v2\/posts\/11418\/revisions"}],"wp:featuredmedia":[{"embeddable":true,"href":"https:\/\/www.focus.cat\/wp-json\/wp\/v2\/media\/11422"}],"wp:attachment":[{"href":"https:\/\/www.focus.cat\/wp-json\/wp\/v2\/media?parent=11418"}],"wp:term":[{"taxonomy":"category","embeddable":true,"href":"https:\/\/www.focus.cat\/wp-json\/wp\/v2\/categories?post=11418"}],"curies":[{"name":"wp","href":"https:\/\/api.w.org\/{rel}","templated":true}]}}