{"id":14323,"date":"2023-11-10T10:15:54","date_gmt":"2023-11-10T10:15:54","guid":{"rendered":"https:\/\/www.focus.cat\/?p=14323"},"modified":"2023-11-10T10:15:54","modified_gmt":"2023-11-10T10:15:54","slug":"finalitza-la-xa-edicion-de-mercartes","status":"publish","type":"post","link":"https:\/\/www.focus.cat\/es\/finalitza-la-xa-edicion-de-mercartes\/","title":{"rendered":"Finalitza La X\u00aa Edici\u00f3n de Mercartes"},"content":{"rendered":"<p><img decoding=\"async\" class=\"alignnone size-large wp-image-14315 aligncenter\" src=\"https:\/\/www.focus.cat\/wp-content\/uploads\/2023\/11\/MicrosoftTeams-image-90-1124x750.jpg\" alt=\"\" width=\"1024\" height=\"683\" srcset=\"https:\/\/www.focus.cat\/wp-content\/uploads\/2023\/11\/MicrosoftTeams-image-90-1124x750.jpg 1124w, https:\/\/www.focus.cat\/wp-content\/uploads\/2023\/11\/MicrosoftTeams-image-90-300x200.jpg 300w, https:\/\/www.focus.cat\/wp-content\/uploads\/2023\/11\/MicrosoftTeams-image-90-150x100.jpg 150w, https:\/\/www.focus.cat\/wp-content\/uploads\/2023\/11\/MicrosoftTeams-image-90-800x534.jpg 800w, https:\/\/www.focus.cat\/wp-content\/uploads\/2023\/11\/MicrosoftTeams-image-90-1536x1024.jpg 1536w, https:\/\/www.focus.cat\/wp-content\/uploads\/2023\/11\/MicrosoftTeams-image-90-1500x1000.jpg 1500w, https:\/\/www.focus.cat\/wp-content\/uploads\/2023\/11\/MicrosoftTeams-image-90.jpg 1600w\" sizes=\"(max-width: 1024px) 100vw, 1024px\" \/><\/p>\n<p>Ha finalizado la X\u00aa edici\u00f3n de MERCARTES, que este a\u00f1o ha transcurrido entre el 7 y el 9 de noviembre de 2023 en la Feria de Valladolid.<\/p>\n<p>En esta nueva edici\u00f3n del Mercado de las Artes Esc\u00e9nicas, FOCUS ha tenido un papel protagonista. Isabel Vidal, directora general del Grupo Focus, particip\u00f3 en la feria como una de las madrinas del evento, ofreciendo ponencias relacionadas con el teatro y la cultura.<\/p>\n<p>Pepe Zapata, director de Relaciones Corporativas, y Sergi Calleja, director de distribuci\u00f3n, entre otros, tambi\u00e9n formaron parte de los profesionales del sector que se reunieron en MERCARTES, contribuyendo as\u00ed a la creaci\u00f3n y fortalecimiento de canales de comunicaci\u00f3n e intercambios eficaces entre todos los agentes p\u00fablicos y privados que componen el sector de las artes esc\u00e9nicas.<\/p>\n<p>MERCARTES, de car\u00e1cter bienal, volver\u00e1 en 2025.<\/p>\n<p><img decoding=\"async\" class=\"size-large wp-image-14321 aligncenter\" src=\"https:\/\/www.focus.cat\/wp-content\/uploads\/2023\/11\/MicrosoftTeams-image-88-1124x749.jpg\" alt=\"\" width=\"1024\" height=\"682\" srcset=\"https:\/\/www.focus.cat\/wp-content\/uploads\/2023\/11\/MicrosoftTeams-image-88-1124x749.jpg 1124w, https:\/\/www.focus.cat\/wp-content\/uploads\/2023\/11\/MicrosoftTeams-image-88-300x200.jpg 300w, https:\/\/www.focus.cat\/wp-content\/uploads\/2023\/11\/MicrosoftTeams-image-88-150x100.jpg 150w, https:\/\/www.focus.cat\/wp-content\/uploads\/2023\/11\/MicrosoftTeams-image-88-800x533.jpg 800w, https:\/\/www.focus.cat\/wp-content\/uploads\/2023\/11\/MicrosoftTeams-image-88-1536x1023.jpg 1536w, https:\/\/www.focus.cat\/wp-content\/uploads\/2023\/11\/MicrosoftTeams-image-88-1500x999.jpg 1500w, https:\/\/www.focus.cat\/wp-content\/uploads\/2023\/11\/MicrosoftTeams-image-88.jpg 1600w\" sizes=\"(max-width: 1024px) 100vw, 1024px\" \/><\/p>\n","protected":false},"excerpt":{"rendered":"<p>Ha finalizado la X\u00aa edici\u00f3n de MERCARTES, que este a\u00f1o ha transcurrido entre el 7 y el 9 de noviembre de 2023 en la Feria de Valladolid. En esta nueva edici\u00f3n del Mercado de las Artes Esc\u00e9nicas, FOCUS ha tenido un papel protagonista. Isabel Vidal, directora general del Grupo Focus, particip\u00f3 en la feria como<a class=\"excerpt-read-more\" href=\"https:\/\/www.focus.cat\/es\/finalitza-la-xa-edicion-de-mercartes\/\" title=\"LlegeixFinalitza La X\u00aa Edici\u00f3n de Mercartes\"> &#8230; Llegeix m\u00e9s<\/a><\/p>\n","protected":false},"author":16,"featured_media":14315,"comment_status":"closed","ping_status":"closed","sticky":false,"template":"","format":"standard","meta":{"_acf_changed":false,"inline_featured_image":false,"footnotes":""},"categories":[4],"class_list":["post-14323","post","type-post","status-publish","format-standard","has-post-thumbnail","hentry","category-noticias"],"acf":[],"yoast_head":"<!-- This site is optimized with the Yoast SEO plugin v27.4 - https:\/\/yoast.com\/product\/yoast-seo-wordpress\/ -->\n<title>Finalitza La X\u00aa Edici\u00f3n de Mercartes - Focus<\/title>\n<meta name=\"robots\" content=\"index, follow, max-snippet:-1, max-image-preview:large, max-video-preview:-1\" \/>\n<link rel=\"canonical\" href=\"https:\/\/www.focus.cat\/finalitza-la-xa-edicion-de-mercartes\/\" \/>\n<meta property=\"og:locale\" content=\"ca_ES\" \/>\n<meta property=\"og:type\" content=\"article\" \/>\n<meta property=\"og:title\" content=\"Finalitza La X\u00aa Edici\u00f3n de Mercartes - Focus\" \/>\n<meta property=\"og:description\" content=\"Ha finalizado la X\u00aa edici\u00f3n de MERCARTES, que este a\u00f1o ha transcurrido entre el 7 y el 9 de noviembre de 2023 en la Feria de Valladolid. En esta nueva edici\u00f3n del Mercado de las Artes Esc\u00e9nicas, FOCUS ha tenido un papel protagonista. Isabel Vidal, directora general del Grupo Focus, particip\u00f3 en la feria como ... Llegeix m\u00e9s\" \/>\n<meta property=\"og:url\" content=\"https:\/\/www.focus.cat\/es\/finalitza-la-xa-edicion-de-mercartes\/\" \/>\n<meta property=\"og:site_name\" content=\"Focus\" \/>\n<meta property=\"article:published_time\" content=\"2023-11-10T10:15:54+00:00\" \/>\n<meta property=\"og:image\" content=\"https:\/\/www.focus.cat\/wp-content\/uploads\/2023\/11\/MicrosoftTeams-image-90.jpg\" \/>\n\t<meta property=\"og:image:width\" content=\"1600\" \/>\n\t<meta property=\"og:image:height\" content=\"1067\" \/>\n\t<meta property=\"og:image:type\" content=\"image\/jpeg\" \/>\n<meta name=\"author\" content=\"Brenda Becker\" \/>\n<meta name=\"twitter:card\" content=\"summary_large_image\" \/>\n<script type=\"application\/ld+json\" class=\"yoast-schema-graph\">{\"@context\":\"https:\\\/\\\/schema.org\",\"@graph\":[{\"@type\":\"Article\",\"@id\":\"https:\\\/\\\/www.focus.cat\\\/es\\\/finalitza-la-xa-edicion-de-mercartes\\\/#article\",\"isPartOf\":{\"@id\":\"https:\\\/\\\/www.focus.cat\\\/es\\\/finalitza-la-xa-edicion-de-mercartes\\\/\"},\"author\":{\"name\":\"Brenda Becker\",\"@id\":\"https:\\\/\\\/www.focus.cat\\\/#\\\/schema\\\/person\\\/45cbcf79c7b3047ca01818c50e607a32\"},\"headline\":\"Finalitza La X\u00aa Edici\u00f3n de Mercartes\",\"datePublished\":\"2023-11-10T10:15:54+00:00\",\"mainEntityOfPage\":{\"@id\":\"https:\\\/\\\/www.focus.cat\\\/es\\\/finalitza-la-xa-edicion-de-mercartes\\\/\"},\"wordCount\":147,\"publisher\":{\"@id\":\"https:\\\/\\\/www.focus.cat\\\/#organization\"},\"image\":{\"@id\":\"https:\\\/\\\/www.focus.cat\\\/es\\\/finalitza-la-xa-edicion-de-mercartes\\\/#primaryimage\"},\"thumbnailUrl\":\"https:\\\/\\\/www.focus.cat\\\/wp-content\\\/uploads\\\/2023\\\/11\\\/MicrosoftTeams-image-90.jpg\",\"articleSection\":[\"Noticias\"],\"inLanguage\":\"ca\"},{\"@type\":\"WebPage\",\"@id\":\"https:\\\/\\\/www.focus.cat\\\/es\\\/finalitza-la-xa-edicion-de-mercartes\\\/\",\"url\":\"https:\\\/\\\/www.focus.cat\\\/es\\\/finalitza-la-xa-edicion-de-mercartes\\\/\",\"name\":\"Finalitza La X\u00aa Edici\u00f3n de Mercartes - Focus\",\"isPartOf\":{\"@id\":\"https:\\\/\\\/www.focus.cat\\\/#website\"},\"primaryImageOfPage\":{\"@id\":\"https:\\\/\\\/www.focus.cat\\\/es\\\/finalitza-la-xa-edicion-de-mercartes\\\/#primaryimage\"},\"image\":{\"@id\":\"https:\\\/\\\/www.focus.cat\\\/es\\\/finalitza-la-xa-edicion-de-mercartes\\\/#primaryimage\"},\"thumbnailUrl\":\"https:\\\/\\\/www.focus.cat\\\/wp-content\\\/uploads\\\/2023\\\/11\\\/MicrosoftTeams-image-90.jpg\",\"datePublished\":\"2023-11-10T10:15:54+00:00\",\"inLanguage\":\"ca\",\"potentialAction\":[{\"@type\":\"ReadAction\",\"target\":[\"https:\\\/\\\/www.focus.cat\\\/es\\\/finalitza-la-xa-edicion-de-mercartes\\\/\"]}]},{\"@type\":\"ImageObject\",\"inLanguage\":\"ca\",\"@id\":\"https:\\\/\\\/www.focus.cat\\\/es\\\/finalitza-la-xa-edicion-de-mercartes\\\/#primaryimage\",\"url\":\"https:\\\/\\\/www.focus.cat\\\/wp-content\\\/uploads\\\/2023\\\/11\\\/MicrosoftTeams-image-90.jpg\",\"contentUrl\":\"https:\\\/\\\/www.focus.cat\\\/wp-content\\\/uploads\\\/2023\\\/11\\\/MicrosoftTeams-image-90.jpg\",\"width\":1600,\"height\":1067},{\"@type\":\"WebSite\",\"@id\":\"https:\\\/\\\/www.focus.cat\\\/#website\",\"url\":\"https:\\\/\\\/www.focus.cat\\\/\",\"name\":\"Focus\",\"description\":\"\",\"publisher\":{\"@id\":\"https:\\\/\\\/www.focus.cat\\\/#organization\"},\"potentialAction\":[{\"@type\":\"SearchAction\",\"target\":{\"@type\":\"EntryPoint\",\"urlTemplate\":\"https:\\\/\\\/www.focus.cat\\\/?s={search_term_string}\"},\"query-input\":{\"@type\":\"PropertyValueSpecification\",\"valueRequired\":true,\"valueName\":\"search_term_string\"}}],\"inLanguage\":\"ca\"},{\"@type\":\"Organization\",\"@id\":\"https:\\\/\\\/www.focus.cat\\\/#organization\",\"name\":\"Focus\",\"url\":\"https:\\\/\\\/www.focus.cat\\\/\",\"logo\":{\"@type\":\"ImageObject\",\"inLanguage\":\"ca\",\"@id\":\"https:\\\/\\\/www.focus.cat\\\/#\\\/schema\\\/logo\\\/image\\\/\",\"url\":\"https:\\\/\\\/www.focus.cat\\\/wp-content\\\/uploads\\\/2022\\\/01\\\/logo-focus-any-35.svg\",\"contentUrl\":\"https:\\\/\\\/www.focus.cat\\\/wp-content\\\/uploads\\\/2022\\\/01\\\/logo-focus-any-35.svg\",\"width\":1,\"height\":1,\"caption\":\"Focus\"},\"image\":{\"@id\":\"https:\\\/\\\/www.focus.cat\\\/#\\\/schema\\\/logo\\\/image\\\/\"}},{\"@type\":\"Person\",\"@id\":\"https:\\\/\\\/www.focus.cat\\\/#\\\/schema\\\/person\\\/45cbcf79c7b3047ca01818c50e607a32\",\"name\":\"Brenda Becker\",\"image\":{\"@type\":\"ImageObject\",\"inLanguage\":\"ca\",\"@id\":\"https:\\\/\\\/secure.gravatar.com\\\/avatar\\\/bf45b1ffca36f0e2b6cbeb689cead579b5275b1489889a25ac0e66115dfb28c7?s=96&d=mm&r=g\",\"url\":\"https:\\\/\\\/secure.gravatar.com\\\/avatar\\\/bf45b1ffca36f0e2b6cbeb689cead579b5275b1489889a25ac0e66115dfb28c7?s=96&d=mm&r=g\",\"contentUrl\":\"https:\\\/\\\/secure.gravatar.com\\\/avatar\\\/bf45b1ffca36f0e2b6cbeb689cead579b5275b1489889a25ac0e66115dfb28c7?s=96&d=mm&r=g\",\"caption\":\"Brenda Becker\"},\"url\":\"https:\\\/\\\/www.focus.cat\\\/author\\\/brenda-becker\\\/\"}]}<\/script>\n<!-- \/ Yoast SEO plugin. -->","yoast_head_json":{"title":"Finalitza La X\u00aa Edici\u00f3n de Mercartes - Focus","robots":{"index":"index","follow":"follow","max-snippet":"max-snippet:-1","max-image-preview":"max-image-preview:large","max-video-preview":"max-video-preview:-1"},"canonical":"https:\/\/www.focus.cat\/finalitza-la-xa-edicion-de-mercartes\/","og_locale":"ca_ES","og_type":"article","og_title":"Finalitza La X\u00aa Edici\u00f3n de Mercartes - Focus","og_description":"Ha finalizado la X\u00aa edici\u00f3n de MERCARTES, que este a\u00f1o ha transcurrido entre el 7 y el 9 de noviembre de 2023 en la Feria de Valladolid. En esta nueva edici\u00f3n del Mercado de las Artes Esc\u00e9nicas, FOCUS ha tenido un papel protagonista. Isabel Vidal, directora general del Grupo Focus, particip\u00f3 en la feria como ... Llegeix m\u00e9s","og_url":"https:\/\/www.focus.cat\/es\/finalitza-la-xa-edicion-de-mercartes\/","og_site_name":"Focus","article_published_time":"2023-11-10T10:15:54+00:00","og_image":[{"width":1600,"height":1067,"url":"https:\/\/www.focus.cat\/wp-content\/uploads\/2023\/11\/MicrosoftTeams-image-90.jpg","type":"image\/jpeg"}],"author":"Brenda Becker","twitter_card":"summary_large_image","schema":{"@context":"https:\/\/schema.org","@graph":[{"@type":"Article","@id":"https:\/\/www.focus.cat\/es\/finalitza-la-xa-edicion-de-mercartes\/#article","isPartOf":{"@id":"https:\/\/www.focus.cat\/es\/finalitza-la-xa-edicion-de-mercartes\/"},"author":{"name":"Brenda Becker","@id":"https:\/\/www.focus.cat\/#\/schema\/person\/45cbcf79c7b3047ca01818c50e607a32"},"headline":"Finalitza La X\u00aa Edici\u00f3n de Mercartes","datePublished":"2023-11-10T10:15:54+00:00","mainEntityOfPage":{"@id":"https:\/\/www.focus.cat\/es\/finalitza-la-xa-edicion-de-mercartes\/"},"wordCount":147,"publisher":{"@id":"https:\/\/www.focus.cat\/#organization"},"image":{"@id":"https:\/\/www.focus.cat\/es\/finalitza-la-xa-edicion-de-mercartes\/#primaryimage"},"thumbnailUrl":"https:\/\/www.focus.cat\/wp-content\/uploads\/2023\/11\/MicrosoftTeams-image-90.jpg","articleSection":["Noticias"],"inLanguage":"ca"},{"@type":"WebPage","@id":"https:\/\/www.focus.cat\/es\/finalitza-la-xa-edicion-de-mercartes\/","url":"https:\/\/www.focus.cat\/es\/finalitza-la-xa-edicion-de-mercartes\/","name":"Finalitza La X\u00aa Edici\u00f3n de Mercartes - Focus","isPartOf":{"@id":"https:\/\/www.focus.cat\/#website"},"primaryImageOfPage":{"@id":"https:\/\/www.focus.cat\/es\/finalitza-la-xa-edicion-de-mercartes\/#primaryimage"},"image":{"@id":"https:\/\/www.focus.cat\/es\/finalitza-la-xa-edicion-de-mercartes\/#primaryimage"},"thumbnailUrl":"https:\/\/www.focus.cat\/wp-content\/uploads\/2023\/11\/MicrosoftTeams-image-90.jpg","datePublished":"2023-11-10T10:15:54+00:00","inLanguage":"ca","potentialAction":[{"@type":"ReadAction","target":["https:\/\/www.focus.cat\/es\/finalitza-la-xa-edicion-de-mercartes\/"]}]},{"@type":"ImageObject","inLanguage":"ca","@id":"https:\/\/www.focus.cat\/es\/finalitza-la-xa-edicion-de-mercartes\/#primaryimage","url":"https:\/\/www.focus.cat\/wp-content\/uploads\/2023\/11\/MicrosoftTeams-image-90.jpg","contentUrl":"https:\/\/www.focus.cat\/wp-content\/uploads\/2023\/11\/MicrosoftTeams-image-90.jpg","width":1600,"height":1067},{"@type":"WebSite","@id":"https:\/\/www.focus.cat\/#website","url":"https:\/\/www.focus.cat\/","name":"Focus","description":"","publisher":{"@id":"https:\/\/www.focus.cat\/#organization"},"potentialAction":[{"@type":"SearchAction","target":{"@type":"EntryPoint","urlTemplate":"https:\/\/www.focus.cat\/?s={search_term_string}"},"query-input":{"@type":"PropertyValueSpecification","valueRequired":true,"valueName":"search_term_string"}}],"inLanguage":"ca"},{"@type":"Organization","@id":"https:\/\/www.focus.cat\/#organization","name":"Focus","url":"https:\/\/www.focus.cat\/","logo":{"@type":"ImageObject","inLanguage":"ca","@id":"https:\/\/www.focus.cat\/#\/schema\/logo\/image\/","url":"https:\/\/www.focus.cat\/wp-content\/uploads\/2022\/01\/logo-focus-any-35.svg","contentUrl":"https:\/\/www.focus.cat\/wp-content\/uploads\/2022\/01\/logo-focus-any-35.svg","width":1,"height":1,"caption":"Focus"},"image":{"@id":"https:\/\/www.focus.cat\/#\/schema\/logo\/image\/"}},{"@type":"Person","@id":"https:\/\/www.focus.cat\/#\/schema\/person\/45cbcf79c7b3047ca01818c50e607a32","name":"Brenda Becker","image":{"@type":"ImageObject","inLanguage":"ca","@id":"https:\/\/secure.gravatar.com\/avatar\/bf45b1ffca36f0e2b6cbeb689cead579b5275b1489889a25ac0e66115dfb28c7?s=96&d=mm&r=g","url":"https:\/\/secure.gravatar.com\/avatar\/bf45b1ffca36f0e2b6cbeb689cead579b5275b1489889a25ac0e66115dfb28c7?s=96&d=mm&r=g","contentUrl":"https:\/\/secure.gravatar.com\/avatar\/bf45b1ffca36f0e2b6cbeb689cead579b5275b1489889a25ac0e66115dfb28c7?s=96&d=mm&r=g","caption":"Brenda Becker"},"url":"https:\/\/www.focus.cat\/author\/brenda-becker\/"}]}},"_links":{"self":[{"href":"https:\/\/www.focus.cat\/wp-json\/wp\/v2\/posts\/14323","targetHints":{"allow":["GET"]}}],"collection":[{"href":"https:\/\/www.focus.cat\/wp-json\/wp\/v2\/posts"}],"about":[{"href":"https:\/\/www.focus.cat\/wp-json\/wp\/v2\/types\/post"}],"author":[{"embeddable":true,"href":"https:\/\/www.focus.cat\/wp-json\/wp\/v2\/users\/16"}],"replies":[{"embeddable":true,"href":"https:\/\/www.focus.cat\/wp-json\/wp\/v2\/comments?post=14323"}],"version-history":[{"count":0,"href":"https:\/\/www.focus.cat\/wp-json\/wp\/v2\/posts\/14323\/revisions"}],"wp:featuredmedia":[{"embeddable":true,"href":"https:\/\/www.focus.cat\/wp-json\/wp\/v2\/media\/14315"}],"wp:attachment":[{"href":"https:\/\/www.focus.cat\/wp-json\/wp\/v2\/media?parent=14323"}],"wp:term":[{"taxonomy":"category","embeddable":true,"href":"https:\/\/www.focus.cat\/wp-json\/wp\/v2\/categories?post=14323"}],"curies":[{"name":"wp","href":"https:\/\/api.w.org\/{rel}","templated":true}]}}