{"id":14348,"date":"2023-11-10T10:31:00","date_gmt":"2023-11-10T10:31:00","guid":{"rendered":"https:\/\/www.focus.cat\/?p=14348"},"modified":"2023-11-10T10:31:00","modified_gmt":"2023-11-10T10:31:00","slug":"premio-teresa-cunille-2023","status":"publish","type":"post","link":"https:\/\/www.focus.cat\/es\/premio-teresa-cunille-2023\/","title":{"rendered":"Premio Teresa Cunill\u00e9 2023"},"content":{"rendered":"<p><img decoding=\"async\" class=\"wp-image-14349 aligncenter\" src=\"https:\/\/www.focus.cat\/wp-content\/uploads\/2023\/11\/CUNILLE-2023-1-1124x1606.jpg\" alt=\"\" width=\"268\" height=\"383\" srcset=\"https:\/\/www.focus.cat\/wp-content\/uploads\/2023\/11\/CUNILLE-2023-1-1124x1606.jpg 1124w, https:\/\/www.focus.cat\/wp-content\/uploads\/2023\/11\/CUNILLE-2023-1-210x300.jpg 210w, https:\/\/www.focus.cat\/wp-content\/uploads\/2023\/11\/CUNILLE-2023-1-150x214.jpg 150w, https:\/\/www.focus.cat\/wp-content\/uploads\/2023\/11\/CUNILLE-2023-1-800x1143.jpg 800w, https:\/\/www.focus.cat\/wp-content\/uploads\/2023\/11\/CUNILLE-2023-1-1075x1536.jpg 1075w, https:\/\/www.focus.cat\/wp-content\/uploads\/2023\/11\/CUNILLE-2023-1-1433x2048.jpg 1433w, https:\/\/www.focus.cat\/wp-content\/uploads\/2023\/11\/CUNILLE-2023-1-1500x2143.jpg 1500w, https:\/\/www.focus.cat\/wp-content\/uploads\/2023\/11\/CUNILLE-2023-1-scaled.jpg 1792w\" sizes=\"(max-width: 268px) 100vw, 268px\" \/><\/p>\n<p>El pr\u00f3ximo lunes 20 de noviembre la Propiedad del Teatro Romea, con la colaboraci\u00f3n del Institut del Teatre, presenta la entrega del Premio Teresa Cunill\u00e9, a los mejores trabajos sobre la historia del teatro en catal\u00e1n. El evento tendr\u00e1 lugar en el Teatro Romea de Barcelona.<\/p>\n<p>En esta tercera edici\u00f3n, el premio ampl\u00eda su \u00e1mbito y, adem\u00e1s de la modalidad de investigaci\u00f3n al mejor trabajo de investigaci\u00f3n sobre la historia del teatro en catal\u00e1n, ofrece por primera vez la modalidad de dramaturgia al mejor proyecto de adaptaci\u00f3n de un texto ya existente o de creaci\u00f3n de un texto original in\u00e9dito vinculado al rescate del patrimonio hist\u00f3rico del teatro catal\u00e1n.<\/p>\n<p>El jurado estar\u00e1 formado por las siguientes personas: Como presidenta, Laura Cendr\u00f3s, representante de la Propiedad del Teatro Romea. Como vocales, Merc\u00e8 Amat, traductora e int\u00e9rprete; Enric Ciurans, profesor y director del departamento de historia del Arte de la Universidad de Barcelona; Narc\u00eds Comadira, escritor y traductor; Susana Egea, directora de Investigaci\u00f3n del Institut del Teatre; Francesc Foguet, profesor de Estudios Teatrales de la Universidad Aut\u00f3noma de Barcelona; Enric Gall\u00e9n, historiador y cr\u00edtico de teatro; C\u00e9sar Mart\u00ednez, Director General de Arte y Contenidos del Grup Focus; Pere Riera, profesor de dramaturgia y escenificaci\u00f3n en el Institut del Teatre, y Marta Turu, espectadora. Y como secretaria, Araceli Vilarrasa, representante de la familia Vilarrasa-Cunill\u00e9.<\/p>\n","protected":false},"excerpt":{"rendered":"<p>El pr\u00f3ximo lunes 20 de noviembre la Propiedad del Teatro Romea, con la colaboraci\u00f3n del Institut del Teatre, presenta la entrega del Premio Teresa Cunill\u00e9, a los mejores trabajos sobre la historia del teatro en catal\u00e1n. El evento tendr\u00e1 lugar en el Teatro Romea de Barcelona. En esta tercera edici\u00f3n, el premio ampl\u00eda su \u00e1mbito<a class=\"excerpt-read-more\" href=\"https:\/\/www.focus.cat\/es\/premio-teresa-cunille-2023\/\" title=\"LlegeixPremio Teresa Cunill\u00e9 2023\"> &#8230; Llegeix m\u00e9s<\/a><\/p>\n","protected":false},"author":16,"featured_media":14343,"comment_status":"closed","ping_status":"closed","sticky":false,"template":"","format":"standard","meta":{"_acf_changed":false,"inline_featured_image":false,"footnotes":""},"categories":[4],"class_list":["post-14348","post","type-post","status-publish","format-standard","has-post-thumbnail","hentry","category-noticias"],"acf":[],"yoast_head":"<!-- This site is optimized with the Yoast SEO plugin v27.4 - https:\/\/yoast.com\/product\/yoast-seo-wordpress\/ -->\n<title>Premio Teresa Cunill\u00e9 2023 - Focus<\/title>\n<meta name=\"robots\" content=\"index, follow, max-snippet:-1, max-image-preview:large, max-video-preview:-1\" \/>\n<link rel=\"canonical\" href=\"https:\/\/www.focus.cat\/premio-teresa-cunille-2023\/\" \/>\n<meta property=\"og:locale\" content=\"ca_ES\" \/>\n<meta property=\"og:type\" content=\"article\" \/>\n<meta property=\"og:title\" content=\"Premio Teresa Cunill\u00e9 2023 - Focus\" \/>\n<meta property=\"og:description\" content=\"El pr\u00f3ximo lunes 20 de noviembre la Propiedad del Teatro Romea, con la colaboraci\u00f3n del Institut del Teatre, presenta la entrega del Premio Teresa Cunill\u00e9, a los mejores trabajos sobre la historia del teatro en catal\u00e1n. El evento tendr\u00e1 lugar en el Teatro Romea de Barcelona. En esta tercera edici\u00f3n, el premio ampl\u00eda su \u00e1mbito ... Llegeix m\u00e9s\" \/>\n<meta property=\"og:url\" content=\"https:\/\/www.focus.cat\/es\/premio-teresa-cunille-2023\/\" \/>\n<meta property=\"og:site_name\" content=\"Focus\" \/>\n<meta property=\"article:published_time\" content=\"2023-11-10T10:31:00+00:00\" \/>\n<meta property=\"og:image\" content=\"https:\/\/www.focus.cat\/wp-content\/uploads\/2023\/11\/Critica-IGFB-11-scaled.jpg\" \/>\n\t<meta property=\"og:image:width\" content=\"2560\" \/>\n\t<meta property=\"og:image:height\" content=\"2560\" \/>\n\t<meta property=\"og:image:type\" content=\"image\/jpeg\" \/>\n<meta name=\"author\" content=\"Brenda Becker\" \/>\n<meta name=\"twitter:card\" content=\"summary_large_image\" \/>\n<script type=\"application\/ld+json\" class=\"yoast-schema-graph\">{\"@context\":\"https:\\\/\\\/schema.org\",\"@graph\":[{\"@type\":\"Article\",\"@id\":\"https:\\\/\\\/www.focus.cat\\\/es\\\/premio-teresa-cunille-2023\\\/#article\",\"isPartOf\":{\"@id\":\"https:\\\/\\\/www.focus.cat\\\/es\\\/premio-teresa-cunille-2023\\\/\"},\"author\":{\"name\":\"Brenda Becker\",\"@id\":\"https:\\\/\\\/www.focus.cat\\\/#\\\/schema\\\/person\\\/45cbcf79c7b3047ca01818c50e607a32\"},\"headline\":\"Premio Teresa Cunill\u00e9 2023\",\"datePublished\":\"2023-11-10T10:31:00+00:00\",\"mainEntityOfPage\":{\"@id\":\"https:\\\/\\\/www.focus.cat\\\/es\\\/premio-teresa-cunille-2023\\\/\"},\"wordCount\":247,\"publisher\":{\"@id\":\"https:\\\/\\\/www.focus.cat\\\/#organization\"},\"image\":{\"@id\":\"https:\\\/\\\/www.focus.cat\\\/es\\\/premio-teresa-cunille-2023\\\/#primaryimage\"},\"thumbnailUrl\":\"https:\\\/\\\/www.focus.cat\\\/wp-content\\\/uploads\\\/2023\\\/11\\\/Critica-IGFB-11-scaled.jpg\",\"articleSection\":[\"Noticias\"],\"inLanguage\":\"ca\"},{\"@type\":\"WebPage\",\"@id\":\"https:\\\/\\\/www.focus.cat\\\/es\\\/premio-teresa-cunille-2023\\\/\",\"url\":\"https:\\\/\\\/www.focus.cat\\\/es\\\/premio-teresa-cunille-2023\\\/\",\"name\":\"Premio Teresa Cunill\u00e9 2023 - Focus\",\"isPartOf\":{\"@id\":\"https:\\\/\\\/www.focus.cat\\\/#website\"},\"primaryImageOfPage\":{\"@id\":\"https:\\\/\\\/www.focus.cat\\\/es\\\/premio-teresa-cunille-2023\\\/#primaryimage\"},\"image\":{\"@id\":\"https:\\\/\\\/www.focus.cat\\\/es\\\/premio-teresa-cunille-2023\\\/#primaryimage\"},\"thumbnailUrl\":\"https:\\\/\\\/www.focus.cat\\\/wp-content\\\/uploads\\\/2023\\\/11\\\/Critica-IGFB-11-scaled.jpg\",\"datePublished\":\"2023-11-10T10:31:00+00:00\",\"inLanguage\":\"ca\",\"potentialAction\":[{\"@type\":\"ReadAction\",\"target\":[\"https:\\\/\\\/www.focus.cat\\\/es\\\/premio-teresa-cunille-2023\\\/\"]}]},{\"@type\":\"ImageObject\",\"inLanguage\":\"ca\",\"@id\":\"https:\\\/\\\/www.focus.cat\\\/es\\\/premio-teresa-cunille-2023\\\/#primaryimage\",\"url\":\"https:\\\/\\\/www.focus.cat\\\/wp-content\\\/uploads\\\/2023\\\/11\\\/Critica-IGFB-11-scaled.jpg\",\"contentUrl\":\"https:\\\/\\\/www.focus.cat\\\/wp-content\\\/uploads\\\/2023\\\/11\\\/Critica-IGFB-11-scaled.jpg\",\"width\":2560,\"height\":2560},{\"@type\":\"WebSite\",\"@id\":\"https:\\\/\\\/www.focus.cat\\\/#website\",\"url\":\"https:\\\/\\\/www.focus.cat\\\/\",\"name\":\"Focus\",\"description\":\"\",\"publisher\":{\"@id\":\"https:\\\/\\\/www.focus.cat\\\/#organization\"},\"potentialAction\":[{\"@type\":\"SearchAction\",\"target\":{\"@type\":\"EntryPoint\",\"urlTemplate\":\"https:\\\/\\\/www.focus.cat\\\/?s={search_term_string}\"},\"query-input\":{\"@type\":\"PropertyValueSpecification\",\"valueRequired\":true,\"valueName\":\"search_term_string\"}}],\"inLanguage\":\"ca\"},{\"@type\":\"Organization\",\"@id\":\"https:\\\/\\\/www.focus.cat\\\/#organization\",\"name\":\"Focus\",\"url\":\"https:\\\/\\\/www.focus.cat\\\/\",\"logo\":{\"@type\":\"ImageObject\",\"inLanguage\":\"ca\",\"@id\":\"https:\\\/\\\/www.focus.cat\\\/#\\\/schema\\\/logo\\\/image\\\/\",\"url\":\"https:\\\/\\\/www.focus.cat\\\/wp-content\\\/uploads\\\/2022\\\/01\\\/logo-focus-any-35.svg\",\"contentUrl\":\"https:\\\/\\\/www.focus.cat\\\/wp-content\\\/uploads\\\/2022\\\/01\\\/logo-focus-any-35.svg\",\"width\":1,\"height\":1,\"caption\":\"Focus\"},\"image\":{\"@id\":\"https:\\\/\\\/www.focus.cat\\\/#\\\/schema\\\/logo\\\/image\\\/\"}},{\"@type\":\"Person\",\"@id\":\"https:\\\/\\\/www.focus.cat\\\/#\\\/schema\\\/person\\\/45cbcf79c7b3047ca01818c50e607a32\",\"name\":\"Brenda Becker\",\"image\":{\"@type\":\"ImageObject\",\"inLanguage\":\"ca\",\"@id\":\"https:\\\/\\\/secure.gravatar.com\\\/avatar\\\/bf45b1ffca36f0e2b6cbeb689cead579b5275b1489889a25ac0e66115dfb28c7?s=96&d=mm&r=g\",\"url\":\"https:\\\/\\\/secure.gravatar.com\\\/avatar\\\/bf45b1ffca36f0e2b6cbeb689cead579b5275b1489889a25ac0e66115dfb28c7?s=96&d=mm&r=g\",\"contentUrl\":\"https:\\\/\\\/secure.gravatar.com\\\/avatar\\\/bf45b1ffca36f0e2b6cbeb689cead579b5275b1489889a25ac0e66115dfb28c7?s=96&d=mm&r=g\",\"caption\":\"Brenda Becker\"},\"url\":\"https:\\\/\\\/www.focus.cat\\\/author\\\/brenda-becker\\\/\"}]}<\/script>\n<!-- \/ Yoast SEO plugin. -->","yoast_head_json":{"title":"Premio Teresa Cunill\u00e9 2023 - Focus","robots":{"index":"index","follow":"follow","max-snippet":"max-snippet:-1","max-image-preview":"max-image-preview:large","max-video-preview":"max-video-preview:-1"},"canonical":"https:\/\/www.focus.cat\/premio-teresa-cunille-2023\/","og_locale":"ca_ES","og_type":"article","og_title":"Premio Teresa Cunill\u00e9 2023 - Focus","og_description":"El pr\u00f3ximo lunes 20 de noviembre la Propiedad del Teatro Romea, con la colaboraci\u00f3n del Institut del Teatre, presenta la entrega del Premio Teresa Cunill\u00e9, a los mejores trabajos sobre la historia del teatro en catal\u00e1n. El evento tendr\u00e1 lugar en el Teatro Romea de Barcelona. En esta tercera edici\u00f3n, el premio ampl\u00eda su \u00e1mbito ... Llegeix m\u00e9s","og_url":"https:\/\/www.focus.cat\/es\/premio-teresa-cunille-2023\/","og_site_name":"Focus","article_published_time":"2023-11-10T10:31:00+00:00","og_image":[{"width":2560,"height":2560,"url":"https:\/\/www.focus.cat\/wp-content\/uploads\/2023\/11\/Critica-IGFB-11-scaled.jpg","type":"image\/jpeg"}],"author":"Brenda Becker","twitter_card":"summary_large_image","schema":{"@context":"https:\/\/schema.org","@graph":[{"@type":"Article","@id":"https:\/\/www.focus.cat\/es\/premio-teresa-cunille-2023\/#article","isPartOf":{"@id":"https:\/\/www.focus.cat\/es\/premio-teresa-cunille-2023\/"},"author":{"name":"Brenda Becker","@id":"https:\/\/www.focus.cat\/#\/schema\/person\/45cbcf79c7b3047ca01818c50e607a32"},"headline":"Premio Teresa Cunill\u00e9 2023","datePublished":"2023-11-10T10:31:00+00:00","mainEntityOfPage":{"@id":"https:\/\/www.focus.cat\/es\/premio-teresa-cunille-2023\/"},"wordCount":247,"publisher":{"@id":"https:\/\/www.focus.cat\/#organization"},"image":{"@id":"https:\/\/www.focus.cat\/es\/premio-teresa-cunille-2023\/#primaryimage"},"thumbnailUrl":"https:\/\/www.focus.cat\/wp-content\/uploads\/2023\/11\/Critica-IGFB-11-scaled.jpg","articleSection":["Noticias"],"inLanguage":"ca"},{"@type":"WebPage","@id":"https:\/\/www.focus.cat\/es\/premio-teresa-cunille-2023\/","url":"https:\/\/www.focus.cat\/es\/premio-teresa-cunille-2023\/","name":"Premio Teresa Cunill\u00e9 2023 - Focus","isPartOf":{"@id":"https:\/\/www.focus.cat\/#website"},"primaryImageOfPage":{"@id":"https:\/\/www.focus.cat\/es\/premio-teresa-cunille-2023\/#primaryimage"},"image":{"@id":"https:\/\/www.focus.cat\/es\/premio-teresa-cunille-2023\/#primaryimage"},"thumbnailUrl":"https:\/\/www.focus.cat\/wp-content\/uploads\/2023\/11\/Critica-IGFB-11-scaled.jpg","datePublished":"2023-11-10T10:31:00+00:00","inLanguage":"ca","potentialAction":[{"@type":"ReadAction","target":["https:\/\/www.focus.cat\/es\/premio-teresa-cunille-2023\/"]}]},{"@type":"ImageObject","inLanguage":"ca","@id":"https:\/\/www.focus.cat\/es\/premio-teresa-cunille-2023\/#primaryimage","url":"https:\/\/www.focus.cat\/wp-content\/uploads\/2023\/11\/Critica-IGFB-11-scaled.jpg","contentUrl":"https:\/\/www.focus.cat\/wp-content\/uploads\/2023\/11\/Critica-IGFB-11-scaled.jpg","width":2560,"height":2560},{"@type":"WebSite","@id":"https:\/\/www.focus.cat\/#website","url":"https:\/\/www.focus.cat\/","name":"Focus","description":"","publisher":{"@id":"https:\/\/www.focus.cat\/#organization"},"potentialAction":[{"@type":"SearchAction","target":{"@type":"EntryPoint","urlTemplate":"https:\/\/www.focus.cat\/?s={search_term_string}"},"query-input":{"@type":"PropertyValueSpecification","valueRequired":true,"valueName":"search_term_string"}}],"inLanguage":"ca"},{"@type":"Organization","@id":"https:\/\/www.focus.cat\/#organization","name":"Focus","url":"https:\/\/www.focus.cat\/","logo":{"@type":"ImageObject","inLanguage":"ca","@id":"https:\/\/www.focus.cat\/#\/schema\/logo\/image\/","url":"https:\/\/www.focus.cat\/wp-content\/uploads\/2022\/01\/logo-focus-any-35.svg","contentUrl":"https:\/\/www.focus.cat\/wp-content\/uploads\/2022\/01\/logo-focus-any-35.svg","width":1,"height":1,"caption":"Focus"},"image":{"@id":"https:\/\/www.focus.cat\/#\/schema\/logo\/image\/"}},{"@type":"Person","@id":"https:\/\/www.focus.cat\/#\/schema\/person\/45cbcf79c7b3047ca01818c50e607a32","name":"Brenda Becker","image":{"@type":"ImageObject","inLanguage":"ca","@id":"https:\/\/secure.gravatar.com\/avatar\/bf45b1ffca36f0e2b6cbeb689cead579b5275b1489889a25ac0e66115dfb28c7?s=96&d=mm&r=g","url":"https:\/\/secure.gravatar.com\/avatar\/bf45b1ffca36f0e2b6cbeb689cead579b5275b1489889a25ac0e66115dfb28c7?s=96&d=mm&r=g","contentUrl":"https:\/\/secure.gravatar.com\/avatar\/bf45b1ffca36f0e2b6cbeb689cead579b5275b1489889a25ac0e66115dfb28c7?s=96&d=mm&r=g","caption":"Brenda Becker"},"url":"https:\/\/www.focus.cat\/author\/brenda-becker\/"}]}},"_links":{"self":[{"href":"https:\/\/www.focus.cat\/wp-json\/wp\/v2\/posts\/14348","targetHints":{"allow":["GET"]}}],"collection":[{"href":"https:\/\/www.focus.cat\/wp-json\/wp\/v2\/posts"}],"about":[{"href":"https:\/\/www.focus.cat\/wp-json\/wp\/v2\/types\/post"}],"author":[{"embeddable":true,"href":"https:\/\/www.focus.cat\/wp-json\/wp\/v2\/users\/16"}],"replies":[{"embeddable":true,"href":"https:\/\/www.focus.cat\/wp-json\/wp\/v2\/comments?post=14348"}],"version-history":[{"count":0,"href":"https:\/\/www.focus.cat\/wp-json\/wp\/v2\/posts\/14348\/revisions"}],"wp:featuredmedia":[{"embeddable":true,"href":"https:\/\/www.focus.cat\/wp-json\/wp\/v2\/media\/14343"}],"wp:attachment":[{"href":"https:\/\/www.focus.cat\/wp-json\/wp\/v2\/media?parent=14348"}],"wp:term":[{"taxonomy":"category","embeddable":true,"href":"https:\/\/www.focus.cat\/wp-json\/wp\/v2\/categories?post=14348"}],"curies":[{"name":"wp","href":"https:\/\/api.w.org\/{rel}","templated":true}]}}