{"id":14820,"date":"2023-12-15T11:17:27","date_gmt":"2023-12-15T11:17:27","guid":{"rendered":"https:\/\/www.focus.cat\/?p=14820"},"modified":"2023-12-15T11:17:27","modified_gmt":"2023-12-15T11:17:27","slug":"prime-video-ya-ha-desvelado-las-primeras-imagenes-de-la-anticipada-serie-original-reina-roja","status":"publish","type":"post","link":"https:\/\/www.focus.cat\/es\/prime-video-ya-ha-desvelado-las-primeras-imagenes-de-la-anticipada-serie-original-reina-roja\/","title":{"rendered":"Prime Video ya ha desvelado las primeras im\u00e1genes de la anticipada serie original\u00a0Reina Roja\u00a0"},"content":{"rendered":"<p>Prime Video ya ha desvelado las primeras im\u00e1genes de la anticipada serie original\u00a0Reina Roja\u00a0que\u00a0se estrenar\u00e1 muy pronto, el 29 de febrero de 2024.\u00a0Reina Roja\u00a0estar\u00e1 disponible en m\u00e1s de 240 pa\u00edses y territorios de todo el mundo y\u00a0est\u00e1\u00a0producida por\u00a0Focus y Dopamine.<\/p>\n<p>La adaptaci\u00f3n de la primera entrega de la exitosa trilog\u00eda de Juan G\u00f3mez-Jurado (Reina Roja, Loba Negra, Rey Blanco) cuenta con siete episodios protagonizados por\u00a0Vicky Luengo\u00a0(Antidisturbios, Historias para no dormir) y\u00a0Hovik Keuchkerian\u00a0(La casa de papel, Antidisturbios).\u00a0Koldo Serra\u00a0(Sin huellas, La casa de papel) es el director principal junto a\u00a0Julian de Tavira\u00a0(Hern\u00e1n), que firma los episodios 4 y 6.<\/p>\n<p>Completan el reparto\u00a0Andrea Trepat\u00a0(Mar de pl\u00e1stico,\u00a0El club de los incomprendidos),\u00a0Celia Freijeiro\u00a0(Amor de madre,\u00a0Vida perfecta),\u00a0Nacho Fresneda\u00a0(El Ministerio del Tiempo, Hospital Central),\u00a0\u00a0Vicenta N\u2019Dongo\u00a0(D\u00edas mejores,\u00a0En la ciudad),\u00a0Karmele Larrinaga\u00a0(Go!azen,\u00a0Ane),\u00a0Pere Bras\u00f3\u00a0(70Binladens,\u00a0Los \u00faltimos d\u00edas),\u00a0Fernando Guallar\u00a0(Luis Miguel: La serie, Tras la pared),\u00a0Eduardo Noriega\u00a0(In\u00e9s del alma m\u00eda,\u00a0Hache),\u00a0Alex Brendem\u00fchl\u00a0(El creyente, El sue\u00f1o de Gabrielle),\u00a0Urko Olaz\u00e1bal\u00a0(Maixabel, Mithyabadi),\u00a0Emma Su\u00e1rez\u00a0(Intimidad,\u00a0La consagraci\u00f3n de la primavera) y\u00a0Selam Ortega\u00a0(Madres,\u00a0Reinas sin reino).<\/p>\n<p>Con un cociente intelectual de 242, Antonia Scott es oficialmente la persona m\u00e1s inteligente de la Tierra. Su inteligencia le vali\u00f3 convertirse en la \u201cReina Roja\u201d de un proyecto policial secreto y experimental, pero lo que parec\u00eda un don se convirti\u00f3 en una maldici\u00f3n y acab\u00f3 perdi\u00e9ndolo todo. Cuando el hijo de una poderosa magnate aparece asesinado grotescamente en su mansi\u00f3n, y la hija del hombre m\u00e1s rico de Espa\u00f1a es secuestrada, la organizaci\u00f3n Reina Roja se pone en marcha. Mentor, antiguo jefe de Antonia, recurre a Jon Guti\u00e9rrez, un polic\u00eda vasco y temperamental a punto de ser expulsado del cuerpo, para reactivar a Antonia. El retorcido juego del gato y el rat\u00f3n en el que se ven envueltos Jon y Antonia durante su investigaci\u00f3n les servir\u00e1 tambi\u00e9n para descubrir que se admiran y complementan mutuamente casi tanto como se irritan. Reina Roja\u00a0es un thriller inquietante y diferente, en el que la ciudad de Madrid es una protagonista m\u00e1s, y que combina la urgencia y acci\u00f3n de la investigaci\u00f3n con la jugosa y guasona qu\u00edmica de sus dos protagonistas.<\/p>\n<p><img decoding=\"async\" class=\"alignnone size-full wp-image-14809\" src=\"https:\/\/www.focus.cat\/wp-content\/uploads\/2023\/12\/Reina-Roja-2_Credito_-Andre-Paduano.jpg\" alt=\"\" width=\"8584\" height=\"5723\" srcset=\"https:\/\/www.focus.cat\/wp-content\/uploads\/2023\/12\/Reina-Roja-2_Credito_-Andre-Paduano.jpg 8584w, https:\/\/www.focus.cat\/wp-content\/uploads\/2023\/12\/Reina-Roja-2_Credito_-Andre-Paduano-300x200.jpg 300w\" sizes=\"(max-width: 8584px) 100vw, 8584px\" \/> <img decoding=\"async\" class=\"alignnone size-large wp-image-14818\" src=\"https:\/\/www.focus.cat\/wp-content\/uploads\/2023\/12\/Reina-Roja-7_Credito_-Andre-Paduano-1124x632.jpg\" alt=\"\" width=\"1024\" height=\"576\" srcset=\"https:\/\/www.focus.cat\/wp-content\/uploads\/2023\/12\/Reina-Roja-7_Credito_-Andre-Paduano-1124x632.jpg 1124w, https:\/\/www.focus.cat\/wp-content\/uploads\/2023\/12\/Reina-Roja-7_Credito_-Andre-Paduano-300x169.jpg 300w, https:\/\/www.focus.cat\/wp-content\/uploads\/2023\/12\/Reina-Roja-7_Credito_-Andre-Paduano-150x84.jpg 150w, https:\/\/www.focus.cat\/wp-content\/uploads\/2023\/12\/Reina-Roja-7_Credito_-Andre-Paduano-800x450.jpg 800w, https:\/\/www.focus.cat\/wp-content\/uploads\/2023\/12\/Reina-Roja-7_Credito_-Andre-Paduano-1536x864.jpg 1536w, https:\/\/www.focus.cat\/wp-content\/uploads\/2023\/12\/Reina-Roja-7_Credito_-Andre-Paduano-2048x1152.jpg 2048w, https:\/\/www.focus.cat\/wp-content\/uploads\/2023\/12\/Reina-Roja-7_Credito_-Andre-Paduano-1500x844.jpg 1500w\" sizes=\"(max-width: 1024px) 100vw, 1024px\" \/> <img decoding=\"async\" class=\"alignnone size-large wp-image-14812\" src=\"https:\/\/www.focus.cat\/wp-content\/uploads\/2023\/12\/Reina-Roja-3_Credito_-Andre-Paduano-1124x632.jpg\" alt=\"\" width=\"1024\" height=\"576\" srcset=\"https:\/\/www.focus.cat\/wp-content\/uploads\/2023\/12\/Reina-Roja-3_Credito_-Andre-Paduano-1124x632.jpg 1124w, https:\/\/www.focus.cat\/wp-content\/uploads\/2023\/12\/Reina-Roja-3_Credito_-Andre-Paduano-300x169.jpg 300w, https:\/\/www.focus.cat\/wp-content\/uploads\/2023\/12\/Reina-Roja-3_Credito_-Andre-Paduano-150x84.jpg 150w, https:\/\/www.focus.cat\/wp-content\/uploads\/2023\/12\/Reina-Roja-3_Credito_-Andre-Paduano-800x450.jpg 800w, https:\/\/www.focus.cat\/wp-content\/uploads\/2023\/12\/Reina-Roja-3_Credito_-Andre-Paduano-1536x864.jpg 1536w, https:\/\/www.focus.cat\/wp-content\/uploads\/2023\/12\/Reina-Roja-3_Credito_-Andre-Paduano-2048x1152.jpg 2048w, https:\/\/www.focus.cat\/wp-content\/uploads\/2023\/12\/Reina-Roja-3_Credito_-Andre-Paduano-1500x844.jpg 1500w\" sizes=\"(max-width: 1024px) 100vw, 1024px\" \/> <img decoding=\"async\" class=\"alignnone size-large wp-image-14815\" src=\"https:\/\/www.focus.cat\/wp-content\/uploads\/2023\/12\/Reina-Roja-6_Credito_-Andre-Paduano-copia-1-1124x749.jpg\" alt=\"\" width=\"1024\" height=\"682\" srcset=\"https:\/\/www.focus.cat\/wp-content\/uploads\/2023\/12\/Reina-Roja-6_Credito_-Andre-Paduano-copia-1-1124x749.jpg 1124w, https:\/\/www.focus.cat\/wp-content\/uploads\/2023\/12\/Reina-Roja-6_Credito_-Andre-Paduano-copia-1-300x200.jpg 300w, https:\/\/www.focus.cat\/wp-content\/uploads\/2023\/12\/Reina-Roja-6_Credito_-Andre-Paduano-copia-1-150x100.jpg 150w, https:\/\/www.focus.cat\/wp-content\/uploads\/2023\/12\/Reina-Roja-6_Credito_-Andre-Paduano-copia-1-800x533.jpg 800w, https:\/\/www.focus.cat\/wp-content\/uploads\/2023\/12\/Reina-Roja-6_Credito_-Andre-Paduano-copia-1-1536x1024.jpg 1536w, https:\/\/www.focus.cat\/wp-content\/uploads\/2023\/12\/Reina-Roja-6_Credito_-Andre-Paduano-copia-1-2048x1365.jpg 2048w, https:\/\/www.focus.cat\/wp-content\/uploads\/2023\/12\/Reina-Roja-6_Credito_-Andre-Paduano-copia-1-1500x1000.jpg 1500w\" sizes=\"(max-width: 1024px) 100vw, 1024px\" \/><\/p>\n","protected":false},"excerpt":{"rendered":"<p>Prime Video ya ha desvelado las primeras im\u00e1genes de la anticipada serie original\u00a0Reina Roja\u00a0que\u00a0se estrenar\u00e1 muy pronto, el 29 de febrero de 2024.\u00a0Reina Roja\u00a0estar\u00e1 disponible en m\u00e1s de 240 pa\u00edses y territorios de todo el mundo y\u00a0est\u00e1\u00a0producida por\u00a0Focus y Dopamine. La adaptaci\u00f3n de la primera entrega de la exitosa trilog\u00eda de Juan G\u00f3mez-Jurado (Reina Roja,<a class=\"excerpt-read-more\" href=\"https:\/\/www.focus.cat\/es\/prime-video-ya-ha-desvelado-las-primeras-imagenes-de-la-anticipada-serie-original-reina-roja\/\" title=\"LlegeixPrime Video ya ha desvelado las primeras im\u00e1genes de la anticipada serie original\u00a0Reina Roja\u00a0\"> &#8230; Llegeix m\u00e9s<\/a><\/p>\n","protected":false},"author":16,"featured_media":14806,"comment_status":"closed","ping_status":"closed","sticky":false,"template":"","format":"standard","meta":{"_acf_changed":false,"inline_featured_image":false,"footnotes":""},"categories":[4],"class_list":["post-14820","post","type-post","status-publish","format-standard","has-post-thumbnail","hentry","category-noticias"],"acf":[],"yoast_head":"<!-- This site is optimized with the Yoast SEO plugin v27.4 - https:\/\/yoast.com\/product\/yoast-seo-wordpress\/ -->\n<title>Prime Video ya ha desvelado las primeras im\u00e1genes de la anticipada serie original\u00a0Reina Roja\u00a0 - Focus<\/title>\n<meta name=\"robots\" content=\"index, follow, max-snippet:-1, max-image-preview:large, max-video-preview:-1\" \/>\n<link rel=\"canonical\" href=\"https:\/\/www.focus.cat\/prime-video-ya-ha-desvelado-las-primeras-imagenes-de-la-anticipada-serie-original-reina-roja\/\" \/>\n<meta property=\"og:locale\" content=\"ca_ES\" \/>\n<meta property=\"og:type\" content=\"article\" \/>\n<meta property=\"og:title\" content=\"Prime Video ya ha desvelado las primeras im\u00e1genes de la anticipada serie original\u00a0Reina Roja\u00a0 - Focus\" \/>\n<meta property=\"og:description\" content=\"Prime Video ya ha desvelado las primeras im\u00e1genes de la anticipada serie original\u00a0Reina Roja\u00a0que\u00a0se estrenar\u00e1 muy pronto, el 29 de febrero de 2024.\u00a0Reina Roja\u00a0estar\u00e1 disponible en m\u00e1s de 240 pa\u00edses y territorios de todo el mundo y\u00a0est\u00e1\u00a0producida por\u00a0Focus y Dopamine. La adaptaci\u00f3n de la primera entrega de la exitosa trilog\u00eda de Juan G\u00f3mez-Jurado (Reina Roja, ... Llegeix m\u00e9s\" \/>\n<meta property=\"og:url\" content=\"https:\/\/www.focus.cat\/es\/prime-video-ya-ha-desvelado-las-primeras-imagenes-de-la-anticipada-serie-original-reina-roja\/\" \/>\n<meta property=\"og:site_name\" content=\"Focus\" \/>\n<meta property=\"article:published_time\" content=\"2023-12-15T11:17:27+00:00\" \/>\n<meta property=\"og:image\" content=\"https:\/\/www.focus.cat\/wp-content\/uploads\/2023\/12\/Reina-Roja-6_Credito_-Andre-Paduano-copia-scaled.jpg\" \/>\n\t<meta property=\"og:image:width\" content=\"2560\" \/>\n\t<meta property=\"og:image:height\" content=\"1707\" \/>\n\t<meta property=\"og:image:type\" content=\"image\/jpeg\" \/>\n<meta name=\"author\" content=\"Brenda Becker\" \/>\n<meta name=\"twitter:card\" content=\"summary_large_image\" \/>\n<script type=\"application\/ld+json\" class=\"yoast-schema-graph\">{\"@context\":\"https:\\\/\\\/schema.org\",\"@graph\":[{\"@type\":\"Article\",\"@id\":\"https:\\\/\\\/www.focus.cat\\\/es\\\/prime-video-ya-ha-desvelado-las-primeras-imagenes-de-la-anticipada-serie-original-reina-roja\\\/#article\",\"isPartOf\":{\"@id\":\"https:\\\/\\\/www.focus.cat\\\/es\\\/prime-video-ya-ha-desvelado-las-primeras-imagenes-de-la-anticipada-serie-original-reina-roja\\\/\"},\"author\":{\"name\":\"Brenda Becker\",\"@id\":\"https:\\\/\\\/www.focus.cat\\\/#\\\/schema\\\/person\\\/45cbcf79c7b3047ca01818c50e607a32\"},\"headline\":\"Prime Video ya ha desvelado las primeras im\u00e1genes de la anticipada serie original\u00a0Reina Roja\u00a0\",\"datePublished\":\"2023-12-15T11:17:27+00:00\",\"mainEntityOfPage\":{\"@id\":\"https:\\\/\\\/www.focus.cat\\\/es\\\/prime-video-ya-ha-desvelado-las-primeras-imagenes-de-la-anticipada-serie-original-reina-roja\\\/\"},\"wordCount\":427,\"publisher\":{\"@id\":\"https:\\\/\\\/www.focus.cat\\\/#organization\"},\"image\":{\"@id\":\"https:\\\/\\\/www.focus.cat\\\/es\\\/prime-video-ya-ha-desvelado-las-primeras-imagenes-de-la-anticipada-serie-original-reina-roja\\\/#primaryimage\"},\"thumbnailUrl\":\"https:\\\/\\\/www.focus.cat\\\/wp-content\\\/uploads\\\/2023\\\/12\\\/Reina-Roja-6_Credito_-Andre-Paduano-copia-scaled.jpg\",\"articleSection\":[\"Noticias\"],\"inLanguage\":\"ca\"},{\"@type\":\"WebPage\",\"@id\":\"https:\\\/\\\/www.focus.cat\\\/es\\\/prime-video-ya-ha-desvelado-las-primeras-imagenes-de-la-anticipada-serie-original-reina-roja\\\/\",\"url\":\"https:\\\/\\\/www.focus.cat\\\/es\\\/prime-video-ya-ha-desvelado-las-primeras-imagenes-de-la-anticipada-serie-original-reina-roja\\\/\",\"name\":\"Prime Video ya ha desvelado las primeras im\u00e1genes de la anticipada serie original\u00a0Reina Roja\u00a0 - Focus\",\"isPartOf\":{\"@id\":\"https:\\\/\\\/www.focus.cat\\\/#website\"},\"primaryImageOfPage\":{\"@id\":\"https:\\\/\\\/www.focus.cat\\\/es\\\/prime-video-ya-ha-desvelado-las-primeras-imagenes-de-la-anticipada-serie-original-reina-roja\\\/#primaryimage\"},\"image\":{\"@id\":\"https:\\\/\\\/www.focus.cat\\\/es\\\/prime-video-ya-ha-desvelado-las-primeras-imagenes-de-la-anticipada-serie-original-reina-roja\\\/#primaryimage\"},\"thumbnailUrl\":\"https:\\\/\\\/www.focus.cat\\\/wp-content\\\/uploads\\\/2023\\\/12\\\/Reina-Roja-6_Credito_-Andre-Paduano-copia-scaled.jpg\",\"datePublished\":\"2023-12-15T11:17:27+00:00\",\"inLanguage\":\"ca\",\"potentialAction\":[{\"@type\":\"ReadAction\",\"target\":[\"https:\\\/\\\/www.focus.cat\\\/es\\\/prime-video-ya-ha-desvelado-las-primeras-imagenes-de-la-anticipada-serie-original-reina-roja\\\/\"]}]},{\"@type\":\"ImageObject\",\"inLanguage\":\"ca\",\"@id\":\"https:\\\/\\\/www.focus.cat\\\/es\\\/prime-video-ya-ha-desvelado-las-primeras-imagenes-de-la-anticipada-serie-original-reina-roja\\\/#primaryimage\",\"url\":\"https:\\\/\\\/www.focus.cat\\\/wp-content\\\/uploads\\\/2023\\\/12\\\/Reina-Roja-6_Credito_-Andre-Paduano-copia-scaled.jpg\",\"contentUrl\":\"https:\\\/\\\/www.focus.cat\\\/wp-content\\\/uploads\\\/2023\\\/12\\\/Reina-Roja-6_Credito_-Andre-Paduano-copia-scaled.jpg\",\"width\":2560,\"height\":1707},{\"@type\":\"WebSite\",\"@id\":\"https:\\\/\\\/www.focus.cat\\\/#website\",\"url\":\"https:\\\/\\\/www.focus.cat\\\/\",\"name\":\"Focus\",\"description\":\"\",\"publisher\":{\"@id\":\"https:\\\/\\\/www.focus.cat\\\/#organization\"},\"potentialAction\":[{\"@type\":\"SearchAction\",\"target\":{\"@type\":\"EntryPoint\",\"urlTemplate\":\"https:\\\/\\\/www.focus.cat\\\/?s={search_term_string}\"},\"query-input\":{\"@type\":\"PropertyValueSpecification\",\"valueRequired\":true,\"valueName\":\"search_term_string\"}}],\"inLanguage\":\"ca\"},{\"@type\":\"Organization\",\"@id\":\"https:\\\/\\\/www.focus.cat\\\/#organization\",\"name\":\"Focus\",\"url\":\"https:\\\/\\\/www.focus.cat\\\/\",\"logo\":{\"@type\":\"ImageObject\",\"inLanguage\":\"ca\",\"@id\":\"https:\\\/\\\/www.focus.cat\\\/#\\\/schema\\\/logo\\\/image\\\/\",\"url\":\"https:\\\/\\\/www.focus.cat\\\/wp-content\\\/uploads\\\/2022\\\/01\\\/logo-focus-any-35.svg\",\"contentUrl\":\"https:\\\/\\\/www.focus.cat\\\/wp-content\\\/uploads\\\/2022\\\/01\\\/logo-focus-any-35.svg\",\"width\":1,\"height\":1,\"caption\":\"Focus\"},\"image\":{\"@id\":\"https:\\\/\\\/www.focus.cat\\\/#\\\/schema\\\/logo\\\/image\\\/\"}},{\"@type\":\"Person\",\"@id\":\"https:\\\/\\\/www.focus.cat\\\/#\\\/schema\\\/person\\\/45cbcf79c7b3047ca01818c50e607a32\",\"name\":\"Brenda Becker\",\"image\":{\"@type\":\"ImageObject\",\"inLanguage\":\"ca\",\"@id\":\"https:\\\/\\\/secure.gravatar.com\\\/avatar\\\/bf45b1ffca36f0e2b6cbeb689cead579b5275b1489889a25ac0e66115dfb28c7?s=96&d=mm&r=g\",\"url\":\"https:\\\/\\\/secure.gravatar.com\\\/avatar\\\/bf45b1ffca36f0e2b6cbeb689cead579b5275b1489889a25ac0e66115dfb28c7?s=96&d=mm&r=g\",\"contentUrl\":\"https:\\\/\\\/secure.gravatar.com\\\/avatar\\\/bf45b1ffca36f0e2b6cbeb689cead579b5275b1489889a25ac0e66115dfb28c7?s=96&d=mm&r=g\",\"caption\":\"Brenda Becker\"},\"url\":\"https:\\\/\\\/www.focus.cat\\\/author\\\/brenda-becker\\\/\"}]}<\/script>\n<!-- \/ Yoast SEO plugin. -->","yoast_head_json":{"title":"Prime Video ya ha desvelado las primeras im\u00e1genes de la anticipada serie original\u00a0Reina Roja\u00a0 - Focus","robots":{"index":"index","follow":"follow","max-snippet":"max-snippet:-1","max-image-preview":"max-image-preview:large","max-video-preview":"max-video-preview:-1"},"canonical":"https:\/\/www.focus.cat\/prime-video-ya-ha-desvelado-las-primeras-imagenes-de-la-anticipada-serie-original-reina-roja\/","og_locale":"ca_ES","og_type":"article","og_title":"Prime Video ya ha desvelado las primeras im\u00e1genes de la anticipada serie original\u00a0Reina Roja\u00a0 - Focus","og_description":"Prime Video ya ha desvelado las primeras im\u00e1genes de la anticipada serie original\u00a0Reina Roja\u00a0que\u00a0se estrenar\u00e1 muy pronto, el 29 de febrero de 2024.\u00a0Reina Roja\u00a0estar\u00e1 disponible en m\u00e1s de 240 pa\u00edses y territorios de todo el mundo y\u00a0est\u00e1\u00a0producida por\u00a0Focus y Dopamine. La adaptaci\u00f3n de la primera entrega de la exitosa trilog\u00eda de Juan G\u00f3mez-Jurado (Reina Roja, ... Llegeix m\u00e9s","og_url":"https:\/\/www.focus.cat\/es\/prime-video-ya-ha-desvelado-las-primeras-imagenes-de-la-anticipada-serie-original-reina-roja\/","og_site_name":"Focus","article_published_time":"2023-12-15T11:17:27+00:00","og_image":[{"width":2560,"height":1707,"url":"https:\/\/www.focus.cat\/wp-content\/uploads\/2023\/12\/Reina-Roja-6_Credito_-Andre-Paduano-copia-scaled.jpg","type":"image\/jpeg"}],"author":"Brenda Becker","twitter_card":"summary_large_image","schema":{"@context":"https:\/\/schema.org","@graph":[{"@type":"Article","@id":"https:\/\/www.focus.cat\/es\/prime-video-ya-ha-desvelado-las-primeras-imagenes-de-la-anticipada-serie-original-reina-roja\/#article","isPartOf":{"@id":"https:\/\/www.focus.cat\/es\/prime-video-ya-ha-desvelado-las-primeras-imagenes-de-la-anticipada-serie-original-reina-roja\/"},"author":{"name":"Brenda Becker","@id":"https:\/\/www.focus.cat\/#\/schema\/person\/45cbcf79c7b3047ca01818c50e607a32"},"headline":"Prime Video ya ha desvelado las primeras im\u00e1genes de la anticipada serie original\u00a0Reina Roja\u00a0","datePublished":"2023-12-15T11:17:27+00:00","mainEntityOfPage":{"@id":"https:\/\/www.focus.cat\/es\/prime-video-ya-ha-desvelado-las-primeras-imagenes-de-la-anticipada-serie-original-reina-roja\/"},"wordCount":427,"publisher":{"@id":"https:\/\/www.focus.cat\/#organization"},"image":{"@id":"https:\/\/www.focus.cat\/es\/prime-video-ya-ha-desvelado-las-primeras-imagenes-de-la-anticipada-serie-original-reina-roja\/#primaryimage"},"thumbnailUrl":"https:\/\/www.focus.cat\/wp-content\/uploads\/2023\/12\/Reina-Roja-6_Credito_-Andre-Paduano-copia-scaled.jpg","articleSection":["Noticias"],"inLanguage":"ca"},{"@type":"WebPage","@id":"https:\/\/www.focus.cat\/es\/prime-video-ya-ha-desvelado-las-primeras-imagenes-de-la-anticipada-serie-original-reina-roja\/","url":"https:\/\/www.focus.cat\/es\/prime-video-ya-ha-desvelado-las-primeras-imagenes-de-la-anticipada-serie-original-reina-roja\/","name":"Prime Video ya ha desvelado las primeras im\u00e1genes de la anticipada serie original\u00a0Reina Roja\u00a0 - Focus","isPartOf":{"@id":"https:\/\/www.focus.cat\/#website"},"primaryImageOfPage":{"@id":"https:\/\/www.focus.cat\/es\/prime-video-ya-ha-desvelado-las-primeras-imagenes-de-la-anticipada-serie-original-reina-roja\/#primaryimage"},"image":{"@id":"https:\/\/www.focus.cat\/es\/prime-video-ya-ha-desvelado-las-primeras-imagenes-de-la-anticipada-serie-original-reina-roja\/#primaryimage"},"thumbnailUrl":"https:\/\/www.focus.cat\/wp-content\/uploads\/2023\/12\/Reina-Roja-6_Credito_-Andre-Paduano-copia-scaled.jpg","datePublished":"2023-12-15T11:17:27+00:00","inLanguage":"ca","potentialAction":[{"@type":"ReadAction","target":["https:\/\/www.focus.cat\/es\/prime-video-ya-ha-desvelado-las-primeras-imagenes-de-la-anticipada-serie-original-reina-roja\/"]}]},{"@type":"ImageObject","inLanguage":"ca","@id":"https:\/\/www.focus.cat\/es\/prime-video-ya-ha-desvelado-las-primeras-imagenes-de-la-anticipada-serie-original-reina-roja\/#primaryimage","url":"https:\/\/www.focus.cat\/wp-content\/uploads\/2023\/12\/Reina-Roja-6_Credito_-Andre-Paduano-copia-scaled.jpg","contentUrl":"https:\/\/www.focus.cat\/wp-content\/uploads\/2023\/12\/Reina-Roja-6_Credito_-Andre-Paduano-copia-scaled.jpg","width":2560,"height":1707},{"@type":"WebSite","@id":"https:\/\/www.focus.cat\/#website","url":"https:\/\/www.focus.cat\/","name":"Focus","description":"","publisher":{"@id":"https:\/\/www.focus.cat\/#organization"},"potentialAction":[{"@type":"SearchAction","target":{"@type":"EntryPoint","urlTemplate":"https:\/\/www.focus.cat\/?s={search_term_string}"},"query-input":{"@type":"PropertyValueSpecification","valueRequired":true,"valueName":"search_term_string"}}],"inLanguage":"ca"},{"@type":"Organization","@id":"https:\/\/www.focus.cat\/#organization","name":"Focus","url":"https:\/\/www.focus.cat\/","logo":{"@type":"ImageObject","inLanguage":"ca","@id":"https:\/\/www.focus.cat\/#\/schema\/logo\/image\/","url":"https:\/\/www.focus.cat\/wp-content\/uploads\/2022\/01\/logo-focus-any-35.svg","contentUrl":"https:\/\/www.focus.cat\/wp-content\/uploads\/2022\/01\/logo-focus-any-35.svg","width":1,"height":1,"caption":"Focus"},"image":{"@id":"https:\/\/www.focus.cat\/#\/schema\/logo\/image\/"}},{"@type":"Person","@id":"https:\/\/www.focus.cat\/#\/schema\/person\/45cbcf79c7b3047ca01818c50e607a32","name":"Brenda Becker","image":{"@type":"ImageObject","inLanguage":"ca","@id":"https:\/\/secure.gravatar.com\/avatar\/bf45b1ffca36f0e2b6cbeb689cead579b5275b1489889a25ac0e66115dfb28c7?s=96&d=mm&r=g","url":"https:\/\/secure.gravatar.com\/avatar\/bf45b1ffca36f0e2b6cbeb689cead579b5275b1489889a25ac0e66115dfb28c7?s=96&d=mm&r=g","contentUrl":"https:\/\/secure.gravatar.com\/avatar\/bf45b1ffca36f0e2b6cbeb689cead579b5275b1489889a25ac0e66115dfb28c7?s=96&d=mm&r=g","caption":"Brenda Becker"},"url":"https:\/\/www.focus.cat\/author\/brenda-becker\/"}]}},"_links":{"self":[{"href":"https:\/\/www.focus.cat\/wp-json\/wp\/v2\/posts\/14820","targetHints":{"allow":["GET"]}}],"collection":[{"href":"https:\/\/www.focus.cat\/wp-json\/wp\/v2\/posts"}],"about":[{"href":"https:\/\/www.focus.cat\/wp-json\/wp\/v2\/types\/post"}],"author":[{"embeddable":true,"href":"https:\/\/www.focus.cat\/wp-json\/wp\/v2\/users\/16"}],"replies":[{"embeddable":true,"href":"https:\/\/www.focus.cat\/wp-json\/wp\/v2\/comments?post=14820"}],"version-history":[{"count":0,"href":"https:\/\/www.focus.cat\/wp-json\/wp\/v2\/posts\/14820\/revisions"}],"wp:featuredmedia":[{"embeddable":true,"href":"https:\/\/www.focus.cat\/wp-json\/wp\/v2\/media\/14806"}],"wp:attachment":[{"href":"https:\/\/www.focus.cat\/wp-json\/wp\/v2\/media?parent=14820"}],"wp:term":[{"taxonomy":"category","embeddable":true,"href":"https:\/\/www.focus.cat\/wp-json\/wp\/v2\/categories?post=14820"}],"curies":[{"name":"wp","href":"https:\/\/api.w.org\/{rel}","templated":true}]}}