{"id":15038,"date":"2023-12-21T14:34:45","date_gmt":"2023-12-21T14:34:45","guid":{"rendered":"https:\/\/www.focus.cat\/?p=15038"},"modified":"2023-12-21T14:35:55","modified_gmt":"2023-12-21T14:35:55","slug":"el-cerco-de-leningrado","status":"publish","type":"post","link":"https:\/\/www.focus.cat\/es\/el-cerco-de-leningrado\/","title":{"rendered":"El cerco de Leningrado"},"content":{"rendered":"<p>Una de las obras m\u00e1s representadas del autor. En ella, dos mujeres que conviven en un viejo teatro abandonado y amenazado miedo la ansia especulaci\u00f3n inmobiliaria, y se emperran en encontrar una explicaci\u00f3n a la muerte misteriosa, hace veintitr\u00e9s a\u00f1os, del que fue su amante y marido, y director de la compa\u00f1\u00eda de la que formaban parte.<br \/>\nEsta lectura forma\u00a0parte\u00a0del\u00a0Oto\u00f1o\u00a0Sanchis. Un\u00a0oto\u00f1o\u00a0de\u00a0espect\u00e1culos,\u00a0lecturas\u00a0y\u00a0actividades\u00a0sobre la figura de Jos\u00e9 Sanchis Sinisterra\u00a0y\u00a0su\u00a0influencia en el\u00a0teatro\u00a0catal\u00e1n\u00a0y\u00a0espa\u00f1ol\u00a0contempor\u00e1neos.<\/p>\n<p>Autor\u00eda:\u00a0Jos\u00e9 Sanchis Sinisterra<br \/>\nDirecci\u00f3n:\u00a0Ramon Sim\u00f3<\/p>\n<p>Reparto:\u00a0Merc\u00e8 Ar\u00e0nega y Vicky Pe\u00f1a<\/p>\n<p>Una producci\u00f3n de la\u00a0Sala\u00a0Beckett<\/p>\n","protected":false},"excerpt":{"rendered":"<p>Una de las obras m\u00e1s representadas del autor. En ella, dos mujeres que conviven en un viejo teatro abandonado y amenazado miedo la ansia especulaci\u00f3n inmobiliaria, y se emperran en encontrar una explicaci\u00f3n a la muerte misteriosa, hace veintitr\u00e9s a\u00f1os, del que fue su amante y marido, y director de la compa\u00f1\u00eda de la que<a class=\"excerpt-read-more\" href=\"https:\/\/www.focus.cat\/es\/el-cerco-de-leningrado\/\" title=\"LlegeixEl cerco de Leningrado\"> &#8230; Llegeix m\u00e9s<\/a><\/p>\n","protected":false},"author":16,"featured_media":15033,"comment_status":"closed","ping_status":"closed","sticky":false,"template":"","format":"standard","meta":{"_acf_changed":false,"inline_featured_image":false,"footnotes":""},"categories":[40],"class_list":["post-15038","post","type-post","status-publish","format-standard","has-post-thumbnail","hentry","category-fundacion-romea"],"acf":[],"yoast_head":"<!-- This site is optimized with the Yoast SEO plugin v27.5 - https:\/\/yoast.com\/product\/yoast-seo-wordpress\/ -->\n<title>El cerco de Leningrado - Focus<\/title>\n<meta name=\"robots\" content=\"index, follow, max-snippet:-1, max-image-preview:large, max-video-preview:-1\" \/>\n<link rel=\"canonical\" href=\"https:\/\/www.focus.cat\/el-cerco-de-leningrado\/\" \/>\n<meta property=\"og:locale\" content=\"ca_ES\" \/>\n<meta property=\"og:type\" content=\"article\" \/>\n<meta property=\"og:title\" content=\"El cerco de Leningrado - Focus\" \/>\n<meta property=\"og:description\" content=\"Una de las obras m\u00e1s representadas del autor. En ella, dos mujeres que conviven en un viejo teatro abandonado y amenazado miedo la ansia especulaci\u00f3n inmobiliaria, y se emperran en encontrar una explicaci\u00f3n a la muerte misteriosa, hace veintitr\u00e9s a\u00f1os, del que fue su amante y marido, y director de la compa\u00f1\u00eda de la que ... Llegeix m\u00e9s\" \/>\n<meta property=\"og:url\" content=\"https:\/\/www.focus.cat\/es\/el-cerco-de-leningrado\/\" \/>\n<meta property=\"og:site_name\" content=\"Focus\" \/>\n<meta property=\"article:published_time\" content=\"2023-12-21T14:34:45+00:00\" \/>\n<meta property=\"article:modified_time\" content=\"2023-12-21T14:35:55+00:00\" \/>\n<meta property=\"og:image\" content=\"https:\/\/www.focus.cat\/wp-content\/uploads\/2023\/12\/Captura-5.jpg\" \/>\n\t<meta property=\"og:image:width\" content=\"842\" \/>\n\t<meta property=\"og:image:height\" content=\"454\" \/>\n\t<meta property=\"og:image:type\" content=\"image\/jpeg\" \/>\n<meta name=\"author\" content=\"Brenda Becker\" \/>\n<meta name=\"twitter:card\" content=\"summary_large_image\" \/>\n<script type=\"application\/ld+json\" class=\"yoast-schema-graph\">{\"@context\":\"https:\\\/\\\/schema.org\",\"@graph\":[{\"@type\":\"Article\",\"@id\":\"https:\\\/\\\/www.focus.cat\\\/es\\\/el-cerco-de-leningrado\\\/#article\",\"isPartOf\":{\"@id\":\"https:\\\/\\\/www.focus.cat\\\/es\\\/el-cerco-de-leningrado\\\/\"},\"author\":{\"name\":\"Brenda Becker\",\"@id\":\"https:\\\/\\\/www.focus.cat\\\/#\\\/schema\\\/person\\\/45cbcf79c7b3047ca01818c50e607a32\"},\"headline\":\"El cerco de Leningrado\",\"datePublished\":\"2023-12-21T14:34:45+00:00\",\"dateModified\":\"2023-12-21T14:35:55+00:00\",\"mainEntityOfPage\":{\"@id\":\"https:\\\/\\\/www.focus.cat\\\/es\\\/el-cerco-de-leningrado\\\/\"},\"wordCount\":128,\"publisher\":{\"@id\":\"https:\\\/\\\/www.focus.cat\\\/#organization\"},\"image\":{\"@id\":\"https:\\\/\\\/www.focus.cat\\\/es\\\/el-cerco-de-leningrado\\\/#primaryimage\"},\"thumbnailUrl\":\"https:\\\/\\\/www.focus.cat\\\/wp-content\\\/uploads\\\/2023\\\/12\\\/Captura-5.jpg\",\"articleSection\":[\"Fundaci\u00f3n Romea\"],\"inLanguage\":\"ca\"},{\"@type\":\"WebPage\",\"@id\":\"https:\\\/\\\/www.focus.cat\\\/es\\\/el-cerco-de-leningrado\\\/\",\"url\":\"https:\\\/\\\/www.focus.cat\\\/es\\\/el-cerco-de-leningrado\\\/\",\"name\":\"El cerco de Leningrado - Focus\",\"isPartOf\":{\"@id\":\"https:\\\/\\\/www.focus.cat\\\/#website\"},\"primaryImageOfPage\":{\"@id\":\"https:\\\/\\\/www.focus.cat\\\/es\\\/el-cerco-de-leningrado\\\/#primaryimage\"},\"image\":{\"@id\":\"https:\\\/\\\/www.focus.cat\\\/es\\\/el-cerco-de-leningrado\\\/#primaryimage\"},\"thumbnailUrl\":\"https:\\\/\\\/www.focus.cat\\\/wp-content\\\/uploads\\\/2023\\\/12\\\/Captura-5.jpg\",\"datePublished\":\"2023-12-21T14:34:45+00:00\",\"dateModified\":\"2023-12-21T14:35:55+00:00\",\"inLanguage\":\"ca\",\"potentialAction\":[{\"@type\":\"ReadAction\",\"target\":[\"https:\\\/\\\/www.focus.cat\\\/es\\\/el-cerco-de-leningrado\\\/\"]}]},{\"@type\":\"ImageObject\",\"inLanguage\":\"ca\",\"@id\":\"https:\\\/\\\/www.focus.cat\\\/es\\\/el-cerco-de-leningrado\\\/#primaryimage\",\"url\":\"https:\\\/\\\/www.focus.cat\\\/wp-content\\\/uploads\\\/2023\\\/12\\\/Captura-5.jpg\",\"contentUrl\":\"https:\\\/\\\/www.focus.cat\\\/wp-content\\\/uploads\\\/2023\\\/12\\\/Captura-5.jpg\",\"width\":842,\"height\":454},{\"@type\":\"WebSite\",\"@id\":\"https:\\\/\\\/www.focus.cat\\\/#website\",\"url\":\"https:\\\/\\\/www.focus.cat\\\/\",\"name\":\"Focus\",\"description\":\"\",\"publisher\":{\"@id\":\"https:\\\/\\\/www.focus.cat\\\/#organization\"},\"potentialAction\":[{\"@type\":\"SearchAction\",\"target\":{\"@type\":\"EntryPoint\",\"urlTemplate\":\"https:\\\/\\\/www.focus.cat\\\/?s={search_term_string}\"},\"query-input\":{\"@type\":\"PropertyValueSpecification\",\"valueRequired\":true,\"valueName\":\"search_term_string\"}}],\"inLanguage\":\"ca\"},{\"@type\":\"Organization\",\"@id\":\"https:\\\/\\\/www.focus.cat\\\/#organization\",\"name\":\"Focus\",\"url\":\"https:\\\/\\\/www.focus.cat\\\/\",\"logo\":{\"@type\":\"ImageObject\",\"inLanguage\":\"ca\",\"@id\":\"https:\\\/\\\/www.focus.cat\\\/#\\\/schema\\\/logo\\\/image\\\/\",\"url\":\"https:\\\/\\\/www.focus.cat\\\/wp-content\\\/uploads\\\/2022\\\/01\\\/logo-focus-any-35.svg\",\"contentUrl\":\"https:\\\/\\\/www.focus.cat\\\/wp-content\\\/uploads\\\/2022\\\/01\\\/logo-focus-any-35.svg\",\"width\":1,\"height\":1,\"caption\":\"Focus\"},\"image\":{\"@id\":\"https:\\\/\\\/www.focus.cat\\\/#\\\/schema\\\/logo\\\/image\\\/\"}},{\"@type\":\"Person\",\"@id\":\"https:\\\/\\\/www.focus.cat\\\/#\\\/schema\\\/person\\\/45cbcf79c7b3047ca01818c50e607a32\",\"name\":\"Brenda Becker\",\"image\":{\"@type\":\"ImageObject\",\"inLanguage\":\"ca\",\"@id\":\"https:\\\/\\\/secure.gravatar.com\\\/avatar\\\/bf45b1ffca36f0e2b6cbeb689cead579b5275b1489889a25ac0e66115dfb28c7?s=96&d=mm&r=g\",\"url\":\"https:\\\/\\\/secure.gravatar.com\\\/avatar\\\/bf45b1ffca36f0e2b6cbeb689cead579b5275b1489889a25ac0e66115dfb28c7?s=96&d=mm&r=g\",\"contentUrl\":\"https:\\\/\\\/secure.gravatar.com\\\/avatar\\\/bf45b1ffca36f0e2b6cbeb689cead579b5275b1489889a25ac0e66115dfb28c7?s=96&d=mm&r=g\",\"caption\":\"Brenda Becker\"},\"url\":\"https:\\\/\\\/www.focus.cat\\\/author\\\/brenda-becker\\\/\"}]}<\/script>\n<!-- \/ Yoast SEO plugin. -->","yoast_head_json":{"title":"El cerco de Leningrado - Focus","robots":{"index":"index","follow":"follow","max-snippet":"max-snippet:-1","max-image-preview":"max-image-preview:large","max-video-preview":"max-video-preview:-1"},"canonical":"https:\/\/www.focus.cat\/el-cerco-de-leningrado\/","og_locale":"ca_ES","og_type":"article","og_title":"El cerco de Leningrado - Focus","og_description":"Una de las obras m\u00e1s representadas del autor. En ella, dos mujeres que conviven en un viejo teatro abandonado y amenazado miedo la ansia especulaci\u00f3n inmobiliaria, y se emperran en encontrar una explicaci\u00f3n a la muerte misteriosa, hace veintitr\u00e9s a\u00f1os, del que fue su amante y marido, y director de la compa\u00f1\u00eda de la que ... Llegeix m\u00e9s","og_url":"https:\/\/www.focus.cat\/es\/el-cerco-de-leningrado\/","og_site_name":"Focus","article_published_time":"2023-12-21T14:34:45+00:00","article_modified_time":"2023-12-21T14:35:55+00:00","og_image":[{"width":842,"height":454,"url":"https:\/\/www.focus.cat\/wp-content\/uploads\/2023\/12\/Captura-5.jpg","type":"image\/jpeg"}],"author":"Brenda Becker","twitter_card":"summary_large_image","schema":{"@context":"https:\/\/schema.org","@graph":[{"@type":"Article","@id":"https:\/\/www.focus.cat\/es\/el-cerco-de-leningrado\/#article","isPartOf":{"@id":"https:\/\/www.focus.cat\/es\/el-cerco-de-leningrado\/"},"author":{"name":"Brenda Becker","@id":"https:\/\/www.focus.cat\/#\/schema\/person\/45cbcf79c7b3047ca01818c50e607a32"},"headline":"El cerco de Leningrado","datePublished":"2023-12-21T14:34:45+00:00","dateModified":"2023-12-21T14:35:55+00:00","mainEntityOfPage":{"@id":"https:\/\/www.focus.cat\/es\/el-cerco-de-leningrado\/"},"wordCount":128,"publisher":{"@id":"https:\/\/www.focus.cat\/#organization"},"image":{"@id":"https:\/\/www.focus.cat\/es\/el-cerco-de-leningrado\/#primaryimage"},"thumbnailUrl":"https:\/\/www.focus.cat\/wp-content\/uploads\/2023\/12\/Captura-5.jpg","articleSection":["Fundaci\u00f3n Romea"],"inLanguage":"ca"},{"@type":"WebPage","@id":"https:\/\/www.focus.cat\/es\/el-cerco-de-leningrado\/","url":"https:\/\/www.focus.cat\/es\/el-cerco-de-leningrado\/","name":"El cerco de Leningrado - Focus","isPartOf":{"@id":"https:\/\/www.focus.cat\/#website"},"primaryImageOfPage":{"@id":"https:\/\/www.focus.cat\/es\/el-cerco-de-leningrado\/#primaryimage"},"image":{"@id":"https:\/\/www.focus.cat\/es\/el-cerco-de-leningrado\/#primaryimage"},"thumbnailUrl":"https:\/\/www.focus.cat\/wp-content\/uploads\/2023\/12\/Captura-5.jpg","datePublished":"2023-12-21T14:34:45+00:00","dateModified":"2023-12-21T14:35:55+00:00","inLanguage":"ca","potentialAction":[{"@type":"ReadAction","target":["https:\/\/www.focus.cat\/es\/el-cerco-de-leningrado\/"]}]},{"@type":"ImageObject","inLanguage":"ca","@id":"https:\/\/www.focus.cat\/es\/el-cerco-de-leningrado\/#primaryimage","url":"https:\/\/www.focus.cat\/wp-content\/uploads\/2023\/12\/Captura-5.jpg","contentUrl":"https:\/\/www.focus.cat\/wp-content\/uploads\/2023\/12\/Captura-5.jpg","width":842,"height":454},{"@type":"WebSite","@id":"https:\/\/www.focus.cat\/#website","url":"https:\/\/www.focus.cat\/","name":"Focus","description":"","publisher":{"@id":"https:\/\/www.focus.cat\/#organization"},"potentialAction":[{"@type":"SearchAction","target":{"@type":"EntryPoint","urlTemplate":"https:\/\/www.focus.cat\/?s={search_term_string}"},"query-input":{"@type":"PropertyValueSpecification","valueRequired":true,"valueName":"search_term_string"}}],"inLanguage":"ca"},{"@type":"Organization","@id":"https:\/\/www.focus.cat\/#organization","name":"Focus","url":"https:\/\/www.focus.cat\/","logo":{"@type":"ImageObject","inLanguage":"ca","@id":"https:\/\/www.focus.cat\/#\/schema\/logo\/image\/","url":"https:\/\/www.focus.cat\/wp-content\/uploads\/2022\/01\/logo-focus-any-35.svg","contentUrl":"https:\/\/www.focus.cat\/wp-content\/uploads\/2022\/01\/logo-focus-any-35.svg","width":1,"height":1,"caption":"Focus"},"image":{"@id":"https:\/\/www.focus.cat\/#\/schema\/logo\/image\/"}},{"@type":"Person","@id":"https:\/\/www.focus.cat\/#\/schema\/person\/45cbcf79c7b3047ca01818c50e607a32","name":"Brenda Becker","image":{"@type":"ImageObject","inLanguage":"ca","@id":"https:\/\/secure.gravatar.com\/avatar\/bf45b1ffca36f0e2b6cbeb689cead579b5275b1489889a25ac0e66115dfb28c7?s=96&d=mm&r=g","url":"https:\/\/secure.gravatar.com\/avatar\/bf45b1ffca36f0e2b6cbeb689cead579b5275b1489889a25ac0e66115dfb28c7?s=96&d=mm&r=g","contentUrl":"https:\/\/secure.gravatar.com\/avatar\/bf45b1ffca36f0e2b6cbeb689cead579b5275b1489889a25ac0e66115dfb28c7?s=96&d=mm&r=g","caption":"Brenda Becker"},"url":"https:\/\/www.focus.cat\/author\/brenda-becker\/"}]}},"_links":{"self":[{"href":"https:\/\/www.focus.cat\/wp-json\/wp\/v2\/posts\/15038","targetHints":{"allow":["GET"]}}],"collection":[{"href":"https:\/\/www.focus.cat\/wp-json\/wp\/v2\/posts"}],"about":[{"href":"https:\/\/www.focus.cat\/wp-json\/wp\/v2\/types\/post"}],"author":[{"embeddable":true,"href":"https:\/\/www.focus.cat\/wp-json\/wp\/v2\/users\/16"}],"replies":[{"embeddable":true,"href":"https:\/\/www.focus.cat\/wp-json\/wp\/v2\/comments?post=15038"}],"version-history":[{"count":0,"href":"https:\/\/www.focus.cat\/wp-json\/wp\/v2\/posts\/15038\/revisions"}],"wp:featuredmedia":[{"embeddable":true,"href":"https:\/\/www.focus.cat\/wp-json\/wp\/v2\/media\/15033"}],"wp:attachment":[{"href":"https:\/\/www.focus.cat\/wp-json\/wp\/v2\/media?parent=15038"}],"wp:term":[{"taxonomy":"category","embeddable":true,"href":"https:\/\/www.focus.cat\/wp-json\/wp\/v2\/categories?post=15038"}],"curies":[{"name":"wp","href":"https:\/\/api.w.org\/{rel}","templated":true}]}}