{"id":15170,"date":"2024-01-08T11:58:46","date_gmt":"2024-01-08T11:58:46","guid":{"rendered":"https:\/\/www.focus.cat\/?p=15170"},"modified":"2024-01-30T11:07:28","modified_gmt":"2024-01-30T11:07:28","slug":"la-sagrada-familia-ha-iluminado-la-fachada-del-nacimiento","status":"publish","type":"post","link":"https:\/\/www.focus.cat\/es\/la-sagrada-familia-ha-iluminado-la-fachada-del-nacimiento\/","title":{"rendered":"LA SAGRADA FAMILIA HA ILUMINADO LA FACHADA DEL NACIMIENTO"},"content":{"rendered":"<p>Coincidiendo con el 800.\u00ba aniversario del primer pesebre, la Sagrada Familia ha iluminado la fachada del Nacimiento, ofreciendo la oportunidad de dar vida a las escenas del pesebre esculpidas en piedra que Gaud\u00ed quiso plasmar. La narraci\u00f3n hace un recorrido de forma cronol\u00f3gica por las diferentes esculturas de la fachada del Nacimiento, la adoraci\u00f3n de los pastores, y la adoraci\u00f3n de los Reyes de Oriente, que se van iluminando al tiempo de la narraci\u00f3n que acompa\u00f1a.<\/p>\n<p>Focus ha realizado el dise\u00f1o y la producci\u00f3n de esta programaci\u00f3n que se ha podido ver los d\u00edas 20, 21 y 22 de diciembre.<\/p>\n<p><iframe loading=\"lazy\" title=\"IL\u00b7LUMINACIO\u0301 DE LA FAC\u0327ANA DEL NAIXEMENT NADAL 2023\" width=\"1200\" height=\"675\" src=\"https:\/\/www.youtube.com\/embed\/GpmUaWa-8Wk?start=1&#038;feature=oembed\" frameborder=\"0\" allow=\"accelerometer; autoplay; clipboard-write; encrypted-media; gyroscope; picture-in-picture; web-share\" allowfullscreen><\/iframe><\/p>\n","protected":false},"excerpt":{"rendered":"<p>Coincidiendo con el 800.\u00ba aniversario del primer pesebre, la Sagrada Familia ha iluminado la fachada del Nacimiento, ofreciendo la oportunidad de dar vida a las escenas del pesebre esculpidas en piedra que Gaud\u00ed quiso plasmar. La narraci\u00f3n hace un recorrido de forma cronol\u00f3gica por las diferentes esculturas de la fachada del Nacimiento, la adoraci\u00f3n de<a class=\"excerpt-read-more\" href=\"https:\/\/www.focus.cat\/es\/la-sagrada-familia-ha-iluminado-la-fachada-del-nacimiento\/\" title=\"LlegeixLA SAGRADA FAMILIA HA ILUMINADO LA FACHADA DEL NACIMIENTO\"> &#8230; Llegeix m\u00e9s<\/a><\/p>\n","protected":false},"author":16,"featured_media":15165,"comment_status":"closed","ping_status":"closed","sticky":false,"template":"","format":"standard","meta":{"_acf_changed":false,"inline_featured_image":false,"footnotes":""},"categories":[4],"class_list":["post-15170","post","type-post","status-publish","format-standard","has-post-thumbnail","hentry","category-noticias"],"acf":[],"yoast_head":"<!-- This site is optimized with the Yoast SEO plugin v27.5 - https:\/\/yoast.com\/product\/yoast-seo-wordpress\/ -->\n<title>LA SAGRADA FAMILIA HA ILUMINADO LA FACHADA DEL NACIMIENTO - Focus<\/title>\n<meta name=\"robots\" content=\"index, follow, max-snippet:-1, max-image-preview:large, max-video-preview:-1\" \/>\n<link rel=\"canonical\" href=\"https:\/\/www.focus.cat\/la-sagrada-familia-ha-iluminado-la-fachada-del-nacimiento\/\" \/>\n<meta property=\"og:locale\" content=\"ca_ES\" \/>\n<meta property=\"og:type\" content=\"article\" \/>\n<meta property=\"og:title\" content=\"LA SAGRADA FAMILIA HA ILUMINADO LA FACHADA DEL NACIMIENTO - Focus\" \/>\n<meta property=\"og:description\" content=\"Coincidiendo con el 800.\u00ba aniversario del primer pesebre, la Sagrada Familia ha iluminado la fachada del Nacimiento, ofreciendo la oportunidad de dar vida a las escenas del pesebre esculpidas en piedra que Gaud\u00ed quiso plasmar. La narraci\u00f3n hace un recorrido de forma cronol\u00f3gica por las diferentes esculturas de la fachada del Nacimiento, la adoraci\u00f3n de ... Llegeix m\u00e9s\" \/>\n<meta property=\"og:url\" content=\"https:\/\/www.focus.cat\/es\/la-sagrada-familia-ha-iluminado-la-fachada-del-nacimiento\/\" \/>\n<meta property=\"og:site_name\" content=\"Focus\" \/>\n<meta property=\"article:published_time\" content=\"2024-01-08T11:58:46+00:00\" \/>\n<meta property=\"article:modified_time\" content=\"2024-01-30T11:07:28+00:00\" \/>\n<meta property=\"og:image\" content=\"https:\/\/www.focus.cat\/wp-content\/uploads\/2024\/01\/QUADRAT-WEB-FOCUS-6-scaled.jpg\" \/>\n\t<meta property=\"og:image:width\" content=\"2560\" \/>\n\t<meta property=\"og:image:height\" content=\"2560\" \/>\n\t<meta property=\"og:image:type\" content=\"image\/jpeg\" \/>\n<meta name=\"author\" content=\"Brenda Becker\" \/>\n<meta name=\"twitter:card\" content=\"summary_large_image\" \/>\n<script type=\"application\/ld+json\" class=\"yoast-schema-graph\">{\"@context\":\"https:\\\/\\\/schema.org\",\"@graph\":[{\"@type\":\"Article\",\"@id\":\"https:\\\/\\\/www.focus.cat\\\/es\\\/la-sagrada-familia-ha-iluminado-la-fachada-del-nacimiento\\\/#article\",\"isPartOf\":{\"@id\":\"https:\\\/\\\/www.focus.cat\\\/es\\\/la-sagrada-familia-ha-iluminado-la-fachada-del-nacimiento\\\/\"},\"author\":{\"name\":\"Brenda Becker\",\"@id\":\"https:\\\/\\\/www.focus.cat\\\/#\\\/schema\\\/person\\\/45cbcf79c7b3047ca01818c50e607a32\"},\"headline\":\"LA SAGRADA FAMILIA HA ILUMINADO LA FACHADA DEL NACIMIENTO\",\"datePublished\":\"2024-01-08T11:58:46+00:00\",\"dateModified\":\"2024-01-30T11:07:28+00:00\",\"mainEntityOfPage\":{\"@id\":\"https:\\\/\\\/www.focus.cat\\\/es\\\/la-sagrada-familia-ha-iluminado-la-fachada-del-nacimiento\\\/\"},\"wordCount\":126,\"publisher\":{\"@id\":\"https:\\\/\\\/www.focus.cat\\\/#organization\"},\"image\":{\"@id\":\"https:\\\/\\\/www.focus.cat\\\/es\\\/la-sagrada-familia-ha-iluminado-la-fachada-del-nacimiento\\\/#primaryimage\"},\"thumbnailUrl\":\"https:\\\/\\\/www.focus.cat\\\/wp-content\\\/uploads\\\/2024\\\/01\\\/QUADRAT-WEB-FOCUS-6-scaled.jpg\",\"articleSection\":[\"Noticias\"],\"inLanguage\":\"ca\"},{\"@type\":\"WebPage\",\"@id\":\"https:\\\/\\\/www.focus.cat\\\/es\\\/la-sagrada-familia-ha-iluminado-la-fachada-del-nacimiento\\\/\",\"url\":\"https:\\\/\\\/www.focus.cat\\\/es\\\/la-sagrada-familia-ha-iluminado-la-fachada-del-nacimiento\\\/\",\"name\":\"LA SAGRADA FAMILIA HA ILUMINADO LA FACHADA DEL NACIMIENTO - Focus\",\"isPartOf\":{\"@id\":\"https:\\\/\\\/www.focus.cat\\\/#website\"},\"primaryImageOfPage\":{\"@id\":\"https:\\\/\\\/www.focus.cat\\\/es\\\/la-sagrada-familia-ha-iluminado-la-fachada-del-nacimiento\\\/#primaryimage\"},\"image\":{\"@id\":\"https:\\\/\\\/www.focus.cat\\\/es\\\/la-sagrada-familia-ha-iluminado-la-fachada-del-nacimiento\\\/#primaryimage\"},\"thumbnailUrl\":\"https:\\\/\\\/www.focus.cat\\\/wp-content\\\/uploads\\\/2024\\\/01\\\/QUADRAT-WEB-FOCUS-6-scaled.jpg\",\"datePublished\":\"2024-01-08T11:58:46+00:00\",\"dateModified\":\"2024-01-30T11:07:28+00:00\",\"inLanguage\":\"ca\",\"potentialAction\":[{\"@type\":\"ReadAction\",\"target\":[\"https:\\\/\\\/www.focus.cat\\\/es\\\/la-sagrada-familia-ha-iluminado-la-fachada-del-nacimiento\\\/\"]}]},{\"@type\":\"ImageObject\",\"inLanguage\":\"ca\",\"@id\":\"https:\\\/\\\/www.focus.cat\\\/es\\\/la-sagrada-familia-ha-iluminado-la-fachada-del-nacimiento\\\/#primaryimage\",\"url\":\"https:\\\/\\\/www.focus.cat\\\/wp-content\\\/uploads\\\/2024\\\/01\\\/QUADRAT-WEB-FOCUS-6-scaled.jpg\",\"contentUrl\":\"https:\\\/\\\/www.focus.cat\\\/wp-content\\\/uploads\\\/2024\\\/01\\\/QUADRAT-WEB-FOCUS-6-scaled.jpg\",\"width\":2560,\"height\":2560},{\"@type\":\"WebSite\",\"@id\":\"https:\\\/\\\/www.focus.cat\\\/#website\",\"url\":\"https:\\\/\\\/www.focus.cat\\\/\",\"name\":\"Focus\",\"description\":\"\",\"publisher\":{\"@id\":\"https:\\\/\\\/www.focus.cat\\\/#organization\"},\"potentialAction\":[{\"@type\":\"SearchAction\",\"target\":{\"@type\":\"EntryPoint\",\"urlTemplate\":\"https:\\\/\\\/www.focus.cat\\\/?s={search_term_string}\"},\"query-input\":{\"@type\":\"PropertyValueSpecification\",\"valueRequired\":true,\"valueName\":\"search_term_string\"}}],\"inLanguage\":\"ca\"},{\"@type\":\"Organization\",\"@id\":\"https:\\\/\\\/www.focus.cat\\\/#organization\",\"name\":\"Focus\",\"url\":\"https:\\\/\\\/www.focus.cat\\\/\",\"logo\":{\"@type\":\"ImageObject\",\"inLanguage\":\"ca\",\"@id\":\"https:\\\/\\\/www.focus.cat\\\/#\\\/schema\\\/logo\\\/image\\\/\",\"url\":\"https:\\\/\\\/www.focus.cat\\\/wp-content\\\/uploads\\\/2022\\\/01\\\/logo-focus-any-35.svg\",\"contentUrl\":\"https:\\\/\\\/www.focus.cat\\\/wp-content\\\/uploads\\\/2022\\\/01\\\/logo-focus-any-35.svg\",\"width\":1,\"height\":1,\"caption\":\"Focus\"},\"image\":{\"@id\":\"https:\\\/\\\/www.focus.cat\\\/#\\\/schema\\\/logo\\\/image\\\/\"}},{\"@type\":\"Person\",\"@id\":\"https:\\\/\\\/www.focus.cat\\\/#\\\/schema\\\/person\\\/45cbcf79c7b3047ca01818c50e607a32\",\"name\":\"Brenda Becker\",\"image\":{\"@type\":\"ImageObject\",\"inLanguage\":\"ca\",\"@id\":\"https:\\\/\\\/secure.gravatar.com\\\/avatar\\\/bf45b1ffca36f0e2b6cbeb689cead579b5275b1489889a25ac0e66115dfb28c7?s=96&d=mm&r=g\",\"url\":\"https:\\\/\\\/secure.gravatar.com\\\/avatar\\\/bf45b1ffca36f0e2b6cbeb689cead579b5275b1489889a25ac0e66115dfb28c7?s=96&d=mm&r=g\",\"contentUrl\":\"https:\\\/\\\/secure.gravatar.com\\\/avatar\\\/bf45b1ffca36f0e2b6cbeb689cead579b5275b1489889a25ac0e66115dfb28c7?s=96&d=mm&r=g\",\"caption\":\"Brenda Becker\"},\"url\":\"https:\\\/\\\/www.focus.cat\\\/author\\\/brenda-becker\\\/\"}]}<\/script>\n<!-- \/ Yoast SEO plugin. -->","yoast_head_json":{"title":"LA SAGRADA FAMILIA HA ILUMINADO LA FACHADA DEL NACIMIENTO - Focus","robots":{"index":"index","follow":"follow","max-snippet":"max-snippet:-1","max-image-preview":"max-image-preview:large","max-video-preview":"max-video-preview:-1"},"canonical":"https:\/\/www.focus.cat\/la-sagrada-familia-ha-iluminado-la-fachada-del-nacimiento\/","og_locale":"ca_ES","og_type":"article","og_title":"LA SAGRADA FAMILIA HA ILUMINADO LA FACHADA DEL NACIMIENTO - Focus","og_description":"Coincidiendo con el 800.\u00ba aniversario del primer pesebre, la Sagrada Familia ha iluminado la fachada del Nacimiento, ofreciendo la oportunidad de dar vida a las escenas del pesebre esculpidas en piedra que Gaud\u00ed quiso plasmar. La narraci\u00f3n hace un recorrido de forma cronol\u00f3gica por las diferentes esculturas de la fachada del Nacimiento, la adoraci\u00f3n de ... Llegeix m\u00e9s","og_url":"https:\/\/www.focus.cat\/es\/la-sagrada-familia-ha-iluminado-la-fachada-del-nacimiento\/","og_site_name":"Focus","article_published_time":"2024-01-08T11:58:46+00:00","article_modified_time":"2024-01-30T11:07:28+00:00","og_image":[{"width":2560,"height":2560,"url":"https:\/\/www.focus.cat\/wp-content\/uploads\/2024\/01\/QUADRAT-WEB-FOCUS-6-scaled.jpg","type":"image\/jpeg"}],"author":"Brenda Becker","twitter_card":"summary_large_image","schema":{"@context":"https:\/\/schema.org","@graph":[{"@type":"Article","@id":"https:\/\/www.focus.cat\/es\/la-sagrada-familia-ha-iluminado-la-fachada-del-nacimiento\/#article","isPartOf":{"@id":"https:\/\/www.focus.cat\/es\/la-sagrada-familia-ha-iluminado-la-fachada-del-nacimiento\/"},"author":{"name":"Brenda Becker","@id":"https:\/\/www.focus.cat\/#\/schema\/person\/45cbcf79c7b3047ca01818c50e607a32"},"headline":"LA SAGRADA FAMILIA HA ILUMINADO LA FACHADA DEL NACIMIENTO","datePublished":"2024-01-08T11:58:46+00:00","dateModified":"2024-01-30T11:07:28+00:00","mainEntityOfPage":{"@id":"https:\/\/www.focus.cat\/es\/la-sagrada-familia-ha-iluminado-la-fachada-del-nacimiento\/"},"wordCount":126,"publisher":{"@id":"https:\/\/www.focus.cat\/#organization"},"image":{"@id":"https:\/\/www.focus.cat\/es\/la-sagrada-familia-ha-iluminado-la-fachada-del-nacimiento\/#primaryimage"},"thumbnailUrl":"https:\/\/www.focus.cat\/wp-content\/uploads\/2024\/01\/QUADRAT-WEB-FOCUS-6-scaled.jpg","articleSection":["Noticias"],"inLanguage":"ca"},{"@type":"WebPage","@id":"https:\/\/www.focus.cat\/es\/la-sagrada-familia-ha-iluminado-la-fachada-del-nacimiento\/","url":"https:\/\/www.focus.cat\/es\/la-sagrada-familia-ha-iluminado-la-fachada-del-nacimiento\/","name":"LA SAGRADA FAMILIA HA ILUMINADO LA FACHADA DEL NACIMIENTO - Focus","isPartOf":{"@id":"https:\/\/www.focus.cat\/#website"},"primaryImageOfPage":{"@id":"https:\/\/www.focus.cat\/es\/la-sagrada-familia-ha-iluminado-la-fachada-del-nacimiento\/#primaryimage"},"image":{"@id":"https:\/\/www.focus.cat\/es\/la-sagrada-familia-ha-iluminado-la-fachada-del-nacimiento\/#primaryimage"},"thumbnailUrl":"https:\/\/www.focus.cat\/wp-content\/uploads\/2024\/01\/QUADRAT-WEB-FOCUS-6-scaled.jpg","datePublished":"2024-01-08T11:58:46+00:00","dateModified":"2024-01-30T11:07:28+00:00","inLanguage":"ca","potentialAction":[{"@type":"ReadAction","target":["https:\/\/www.focus.cat\/es\/la-sagrada-familia-ha-iluminado-la-fachada-del-nacimiento\/"]}]},{"@type":"ImageObject","inLanguage":"ca","@id":"https:\/\/www.focus.cat\/es\/la-sagrada-familia-ha-iluminado-la-fachada-del-nacimiento\/#primaryimage","url":"https:\/\/www.focus.cat\/wp-content\/uploads\/2024\/01\/QUADRAT-WEB-FOCUS-6-scaled.jpg","contentUrl":"https:\/\/www.focus.cat\/wp-content\/uploads\/2024\/01\/QUADRAT-WEB-FOCUS-6-scaled.jpg","width":2560,"height":2560},{"@type":"WebSite","@id":"https:\/\/www.focus.cat\/#website","url":"https:\/\/www.focus.cat\/","name":"Focus","description":"","publisher":{"@id":"https:\/\/www.focus.cat\/#organization"},"potentialAction":[{"@type":"SearchAction","target":{"@type":"EntryPoint","urlTemplate":"https:\/\/www.focus.cat\/?s={search_term_string}"},"query-input":{"@type":"PropertyValueSpecification","valueRequired":true,"valueName":"search_term_string"}}],"inLanguage":"ca"},{"@type":"Organization","@id":"https:\/\/www.focus.cat\/#organization","name":"Focus","url":"https:\/\/www.focus.cat\/","logo":{"@type":"ImageObject","inLanguage":"ca","@id":"https:\/\/www.focus.cat\/#\/schema\/logo\/image\/","url":"https:\/\/www.focus.cat\/wp-content\/uploads\/2022\/01\/logo-focus-any-35.svg","contentUrl":"https:\/\/www.focus.cat\/wp-content\/uploads\/2022\/01\/logo-focus-any-35.svg","width":1,"height":1,"caption":"Focus"},"image":{"@id":"https:\/\/www.focus.cat\/#\/schema\/logo\/image\/"}},{"@type":"Person","@id":"https:\/\/www.focus.cat\/#\/schema\/person\/45cbcf79c7b3047ca01818c50e607a32","name":"Brenda Becker","image":{"@type":"ImageObject","inLanguage":"ca","@id":"https:\/\/secure.gravatar.com\/avatar\/bf45b1ffca36f0e2b6cbeb689cead579b5275b1489889a25ac0e66115dfb28c7?s=96&d=mm&r=g","url":"https:\/\/secure.gravatar.com\/avatar\/bf45b1ffca36f0e2b6cbeb689cead579b5275b1489889a25ac0e66115dfb28c7?s=96&d=mm&r=g","contentUrl":"https:\/\/secure.gravatar.com\/avatar\/bf45b1ffca36f0e2b6cbeb689cead579b5275b1489889a25ac0e66115dfb28c7?s=96&d=mm&r=g","caption":"Brenda Becker"},"url":"https:\/\/www.focus.cat\/author\/brenda-becker\/"}]}},"_links":{"self":[{"href":"https:\/\/www.focus.cat\/wp-json\/wp\/v2\/posts\/15170","targetHints":{"allow":["GET"]}}],"collection":[{"href":"https:\/\/www.focus.cat\/wp-json\/wp\/v2\/posts"}],"about":[{"href":"https:\/\/www.focus.cat\/wp-json\/wp\/v2\/types\/post"}],"author":[{"embeddable":true,"href":"https:\/\/www.focus.cat\/wp-json\/wp\/v2\/users\/16"}],"replies":[{"embeddable":true,"href":"https:\/\/www.focus.cat\/wp-json\/wp\/v2\/comments?post=15170"}],"version-history":[{"count":0,"href":"https:\/\/www.focus.cat\/wp-json\/wp\/v2\/posts\/15170\/revisions"}],"wp:featuredmedia":[{"embeddable":true,"href":"https:\/\/www.focus.cat\/wp-json\/wp\/v2\/media\/15165"}],"wp:attachment":[{"href":"https:\/\/www.focus.cat\/wp-json\/wp\/v2\/media?parent=15170"}],"wp:term":[{"taxonomy":"category","embeddable":true,"href":"https:\/\/www.focus.cat\/wp-json\/wp\/v2\/categories?post=15170"}],"curies":[{"name":"wp","href":"https:\/\/api.w.org\/{rel}","templated":true}]}}