{"id":15710,"date":"2024-01-24T10:25:55","date_gmt":"2024-01-24T10:25:55","guid":{"rendered":"https:\/\/www.focus.cat\/?p=15710"},"modified":"2024-01-24T10:26:16","modified_gmt":"2024-01-24T10:26:16","slug":"adetca-presenta-unas-cifras-de-record-en-el-mejor-ano-de-teatro-de-la-historia","status":"publish","type":"post","link":"https:\/\/www.focus.cat\/es\/adetca-presenta-unas-cifras-de-record-en-el-mejor-ano-de-teatro-de-la-historia\/","title":{"rendered":"ADETCA PRESENTA UNAS CIFRAS DE R\u00c9CORD EN EL MEJOR A\u00d1O DE TEATRO DE LA HISTORIA"},"content":{"rendered":"<p>El lunes 15 de enero La Villarroel acogi\u00f3 la rueda de prensa en la que ADETCA present\u00f3 unos extraordinarios datos, con incremento de espectadores y recaudaci\u00f3n.<\/p>\n<p>El teatro en Barcelona ha batido el r\u00e9cord absoluto de su historia en espectadores de teatro y recaudaci\u00f3n. En 2023 han asistido a las salas de Barcelona 2.845.015 espectadores y se han recaudado 86.079.885 \u20ac.<\/p>\n<p>La presidenta de ADETCA, acompa\u00f1ada de su junta y de las m\u00e1ximas autoridades culturales, la Consejera de Cultura de la Generalidad de Catalu\u00f1a, Nat\u00e0lia Garriga, el Secretario de Estado de Cultura, Jordi Mart\u00ed y el Concejal de Cultura del Ayuntamiento de Barcelona, Xavier Marc\u00e8, presentaron estos extraordinarios datos, logrados gracias a un ingente trabajo de todos los agentes y al apoyo de las administraciones.<\/p>\n<p>Las producciones de Focus han sido sin duda uno de los motores de este r\u00e9cord. Espect\u00e1culos como Am\u00e8rica, una producci\u00f3n de La Villarroel, dirigida por Julio Manrique, con dos temporadas de absoluto \u00e9xito; Escape Room 2, una producci\u00f3n de Focus, Nakatomi y Arriska, actualmente en cartel en el Teatre Condal y que logr\u00f3 un gran r\u00e9cord de preventa de entradas; J\u00fanior, una producci\u00f3n de Focus con Joan Pera al frente, o La isla del aire, una producci\u00f3n del Teatro Romea protagonizada por Nuria Espert, han estado entre las obras m\u00e1s vistas del a\u00f1o.<\/p>\n<p>&nbsp;<\/p>\n<p><img decoding=\"async\" class=\"size-large wp-image-15708 aligncenter\" src=\"https:\/\/www.focus.cat\/wp-content\/uploads\/2024\/01\/adetca-1124x750.jpg\" alt=\"\" width=\"1024\" height=\"683\" srcset=\"https:\/\/www.focus.cat\/wp-content\/uploads\/2024\/01\/adetca-1124x750.jpg 1124w, https:\/\/www.focus.cat\/wp-content\/uploads\/2024\/01\/adetca-300x200.jpg 300w, https:\/\/www.focus.cat\/wp-content\/uploads\/2024\/01\/adetca-150x100.jpg 150w, https:\/\/www.focus.cat\/wp-content\/uploads\/2024\/01\/adetca-800x534.jpg 800w, https:\/\/www.focus.cat\/wp-content\/uploads\/2024\/01\/adetca-1536x1025.jpg 1536w, https:\/\/www.focus.cat\/wp-content\/uploads\/2024\/01\/adetca-2048x1366.jpg 2048w, https:\/\/www.focus.cat\/wp-content\/uploads\/2024\/01\/adetca-1500x1001.jpg 1500w\" sizes=\"(max-width: 1024px) 100vw, 1024px\" \/><\/p>\n","protected":false},"excerpt":{"rendered":"<p>El lunes 15 de enero La Villarroel acogi\u00f3 la rueda de prensa en la que ADETCA present\u00f3 unos extraordinarios datos, con incremento de espectadores y recaudaci\u00f3n. El teatro en Barcelona ha batido el r\u00e9cord absoluto de su historia en espectadores de teatro y recaudaci\u00f3n. En 2023 han asistido a las salas de Barcelona 2.845.015 espectadores<a class=\"excerpt-read-more\" href=\"https:\/\/www.focus.cat\/es\/adetca-presenta-unas-cifras-de-record-en-el-mejor-ano-de-teatro-de-la-historia\/\" title=\"LlegeixADETCA PRESENTA UNAS CIFRAS DE R\u00c9CORD EN EL MEJOR A\u00d1O DE TEATRO DE LA HISTORIA\"> &#8230; Llegeix m\u00e9s<\/a><\/p>\n","protected":false},"author":16,"featured_media":15708,"comment_status":"closed","ping_status":"closed","sticky":false,"template":"","format":"standard","meta":{"_acf_changed":false,"inline_featured_image":false,"footnotes":""},"categories":[4],"class_list":["post-15710","post","type-post","status-publish","format-standard","has-post-thumbnail","hentry","category-noticias"],"acf":[],"yoast_head":"<!-- This site is optimized with the Yoast SEO plugin v27.4 - https:\/\/yoast.com\/product\/yoast-seo-wordpress\/ -->\n<title>ADETCA PRESENTA UNAS CIFRAS DE R\u00c9CORD EN EL MEJOR A\u00d1O DE TEATRO DE LA HISTORIA - Focus<\/title>\n<meta name=\"robots\" content=\"index, follow, max-snippet:-1, max-image-preview:large, max-video-preview:-1\" \/>\n<link rel=\"canonical\" href=\"https:\/\/www.focus.cat\/adetca-presenta-unas-cifras-de-record-en-el-mejor-ano-de-teatro-de-la-historia\/\" \/>\n<meta property=\"og:locale\" content=\"ca_ES\" \/>\n<meta property=\"og:type\" content=\"article\" \/>\n<meta property=\"og:title\" content=\"ADETCA PRESENTA UNAS CIFRAS DE R\u00c9CORD EN EL MEJOR A\u00d1O DE TEATRO DE LA HISTORIA - Focus\" \/>\n<meta property=\"og:description\" content=\"El lunes 15 de enero La Villarroel acogi\u00f3 la rueda de prensa en la que ADETCA present\u00f3 unos extraordinarios datos, con incremento de espectadores y recaudaci\u00f3n. El teatro en Barcelona ha batido el r\u00e9cord absoluto de su historia en espectadores de teatro y recaudaci\u00f3n. En 2023 han asistido a las salas de Barcelona 2.845.015 espectadores ... Llegeix m\u00e9s\" \/>\n<meta property=\"og:url\" content=\"https:\/\/www.focus.cat\/es\/adetca-presenta-unas-cifras-de-record-en-el-mejor-ano-de-teatro-de-la-historia\/\" \/>\n<meta property=\"og:site_name\" content=\"Focus\" \/>\n<meta property=\"article:published_time\" content=\"2024-01-24T10:25:55+00:00\" \/>\n<meta property=\"article:modified_time\" content=\"2024-01-24T10:26:16+00:00\" \/>\n<meta property=\"og:image\" content=\"https:\/\/www.focus.cat\/wp-content\/uploads\/2024\/01\/adetca-scaled.jpg\" \/>\n\t<meta property=\"og:image:width\" content=\"2560\" \/>\n\t<meta property=\"og:image:height\" content=\"1708\" \/>\n\t<meta property=\"og:image:type\" content=\"image\/jpeg\" \/>\n<meta name=\"author\" content=\"Brenda Becker\" \/>\n<meta name=\"twitter:card\" content=\"summary_large_image\" \/>\n<script type=\"application\/ld+json\" class=\"yoast-schema-graph\">{\"@context\":\"https:\\\/\\\/schema.org\",\"@graph\":[{\"@type\":\"Article\",\"@id\":\"https:\\\/\\\/www.focus.cat\\\/es\\\/adetca-presenta-unas-cifras-de-record-en-el-mejor-ano-de-teatro-de-la-historia\\\/#article\",\"isPartOf\":{\"@id\":\"https:\\\/\\\/www.focus.cat\\\/es\\\/adetca-presenta-unas-cifras-de-record-en-el-mejor-ano-de-teatro-de-la-historia\\\/\"},\"author\":{\"name\":\"Brenda Becker\",\"@id\":\"https:\\\/\\\/www.focus.cat\\\/#\\\/schema\\\/person\\\/45cbcf79c7b3047ca01818c50e607a32\"},\"headline\":\"ADETCA PRESENTA UNAS CIFRAS DE R\u00c9CORD EN EL MEJOR A\u00d1O DE TEATRO DE LA HISTORIA\",\"datePublished\":\"2024-01-24T10:25:55+00:00\",\"dateModified\":\"2024-01-24T10:26:16+00:00\",\"mainEntityOfPage\":{\"@id\":\"https:\\\/\\\/www.focus.cat\\\/es\\\/adetca-presenta-unas-cifras-de-record-en-el-mejor-ano-de-teatro-de-la-historia\\\/\"},\"wordCount\":248,\"publisher\":{\"@id\":\"https:\\\/\\\/www.focus.cat\\\/#organization\"},\"image\":{\"@id\":\"https:\\\/\\\/www.focus.cat\\\/es\\\/adetca-presenta-unas-cifras-de-record-en-el-mejor-ano-de-teatro-de-la-historia\\\/#primaryimage\"},\"thumbnailUrl\":\"https:\\\/\\\/www.focus.cat\\\/wp-content\\\/uploads\\\/2024\\\/01\\\/adetca-scaled.jpg\",\"articleSection\":[\"Noticias\"],\"inLanguage\":\"ca\"},{\"@type\":\"WebPage\",\"@id\":\"https:\\\/\\\/www.focus.cat\\\/es\\\/adetca-presenta-unas-cifras-de-record-en-el-mejor-ano-de-teatro-de-la-historia\\\/\",\"url\":\"https:\\\/\\\/www.focus.cat\\\/es\\\/adetca-presenta-unas-cifras-de-record-en-el-mejor-ano-de-teatro-de-la-historia\\\/\",\"name\":\"ADETCA PRESENTA UNAS CIFRAS DE R\u00c9CORD EN EL MEJOR A\u00d1O DE TEATRO DE LA HISTORIA - Focus\",\"isPartOf\":{\"@id\":\"https:\\\/\\\/www.focus.cat\\\/#website\"},\"primaryImageOfPage\":{\"@id\":\"https:\\\/\\\/www.focus.cat\\\/es\\\/adetca-presenta-unas-cifras-de-record-en-el-mejor-ano-de-teatro-de-la-historia\\\/#primaryimage\"},\"image\":{\"@id\":\"https:\\\/\\\/www.focus.cat\\\/es\\\/adetca-presenta-unas-cifras-de-record-en-el-mejor-ano-de-teatro-de-la-historia\\\/#primaryimage\"},\"thumbnailUrl\":\"https:\\\/\\\/www.focus.cat\\\/wp-content\\\/uploads\\\/2024\\\/01\\\/adetca-scaled.jpg\",\"datePublished\":\"2024-01-24T10:25:55+00:00\",\"dateModified\":\"2024-01-24T10:26:16+00:00\",\"inLanguage\":\"ca\",\"potentialAction\":[{\"@type\":\"ReadAction\",\"target\":[\"https:\\\/\\\/www.focus.cat\\\/es\\\/adetca-presenta-unas-cifras-de-record-en-el-mejor-ano-de-teatro-de-la-historia\\\/\"]}]},{\"@type\":\"ImageObject\",\"inLanguage\":\"ca\",\"@id\":\"https:\\\/\\\/www.focus.cat\\\/es\\\/adetca-presenta-unas-cifras-de-record-en-el-mejor-ano-de-teatro-de-la-historia\\\/#primaryimage\",\"url\":\"https:\\\/\\\/www.focus.cat\\\/wp-content\\\/uploads\\\/2024\\\/01\\\/adetca-scaled.jpg\",\"contentUrl\":\"https:\\\/\\\/www.focus.cat\\\/wp-content\\\/uploads\\\/2024\\\/01\\\/adetca-scaled.jpg\",\"width\":2560,\"height\":1708},{\"@type\":\"WebSite\",\"@id\":\"https:\\\/\\\/www.focus.cat\\\/#website\",\"url\":\"https:\\\/\\\/www.focus.cat\\\/\",\"name\":\"Focus\",\"description\":\"\",\"publisher\":{\"@id\":\"https:\\\/\\\/www.focus.cat\\\/#organization\"},\"potentialAction\":[{\"@type\":\"SearchAction\",\"target\":{\"@type\":\"EntryPoint\",\"urlTemplate\":\"https:\\\/\\\/www.focus.cat\\\/?s={search_term_string}\"},\"query-input\":{\"@type\":\"PropertyValueSpecification\",\"valueRequired\":true,\"valueName\":\"search_term_string\"}}],\"inLanguage\":\"ca\"},{\"@type\":\"Organization\",\"@id\":\"https:\\\/\\\/www.focus.cat\\\/#organization\",\"name\":\"Focus\",\"url\":\"https:\\\/\\\/www.focus.cat\\\/\",\"logo\":{\"@type\":\"ImageObject\",\"inLanguage\":\"ca\",\"@id\":\"https:\\\/\\\/www.focus.cat\\\/#\\\/schema\\\/logo\\\/image\\\/\",\"url\":\"https:\\\/\\\/www.focus.cat\\\/wp-content\\\/uploads\\\/2022\\\/01\\\/logo-focus-any-35.svg\",\"contentUrl\":\"https:\\\/\\\/www.focus.cat\\\/wp-content\\\/uploads\\\/2022\\\/01\\\/logo-focus-any-35.svg\",\"width\":1,\"height\":1,\"caption\":\"Focus\"},\"image\":{\"@id\":\"https:\\\/\\\/www.focus.cat\\\/#\\\/schema\\\/logo\\\/image\\\/\"}},{\"@type\":\"Person\",\"@id\":\"https:\\\/\\\/www.focus.cat\\\/#\\\/schema\\\/person\\\/45cbcf79c7b3047ca01818c50e607a32\",\"name\":\"Brenda Becker\",\"image\":{\"@type\":\"ImageObject\",\"inLanguage\":\"ca\",\"@id\":\"https:\\\/\\\/secure.gravatar.com\\\/avatar\\\/bf45b1ffca36f0e2b6cbeb689cead579b5275b1489889a25ac0e66115dfb28c7?s=96&d=mm&r=g\",\"url\":\"https:\\\/\\\/secure.gravatar.com\\\/avatar\\\/bf45b1ffca36f0e2b6cbeb689cead579b5275b1489889a25ac0e66115dfb28c7?s=96&d=mm&r=g\",\"contentUrl\":\"https:\\\/\\\/secure.gravatar.com\\\/avatar\\\/bf45b1ffca36f0e2b6cbeb689cead579b5275b1489889a25ac0e66115dfb28c7?s=96&d=mm&r=g\",\"caption\":\"Brenda Becker\"},\"url\":\"https:\\\/\\\/www.focus.cat\\\/author\\\/brenda-becker\\\/\"}]}<\/script>\n<!-- \/ Yoast SEO plugin. -->","yoast_head_json":{"title":"ADETCA PRESENTA UNAS CIFRAS DE R\u00c9CORD EN EL MEJOR A\u00d1O DE TEATRO DE LA HISTORIA - Focus","robots":{"index":"index","follow":"follow","max-snippet":"max-snippet:-1","max-image-preview":"max-image-preview:large","max-video-preview":"max-video-preview:-1"},"canonical":"https:\/\/www.focus.cat\/adetca-presenta-unas-cifras-de-record-en-el-mejor-ano-de-teatro-de-la-historia\/","og_locale":"ca_ES","og_type":"article","og_title":"ADETCA PRESENTA UNAS CIFRAS DE R\u00c9CORD EN EL MEJOR A\u00d1O DE TEATRO DE LA HISTORIA - Focus","og_description":"El lunes 15 de enero La Villarroel acogi\u00f3 la rueda de prensa en la que ADETCA present\u00f3 unos extraordinarios datos, con incremento de espectadores y recaudaci\u00f3n. El teatro en Barcelona ha batido el r\u00e9cord absoluto de su historia en espectadores de teatro y recaudaci\u00f3n. En 2023 han asistido a las salas de Barcelona 2.845.015 espectadores ... Llegeix m\u00e9s","og_url":"https:\/\/www.focus.cat\/es\/adetca-presenta-unas-cifras-de-record-en-el-mejor-ano-de-teatro-de-la-historia\/","og_site_name":"Focus","article_published_time":"2024-01-24T10:25:55+00:00","article_modified_time":"2024-01-24T10:26:16+00:00","og_image":[{"width":2560,"height":1708,"url":"https:\/\/www.focus.cat\/wp-content\/uploads\/2024\/01\/adetca-scaled.jpg","type":"image\/jpeg"}],"author":"Brenda Becker","twitter_card":"summary_large_image","schema":{"@context":"https:\/\/schema.org","@graph":[{"@type":"Article","@id":"https:\/\/www.focus.cat\/es\/adetca-presenta-unas-cifras-de-record-en-el-mejor-ano-de-teatro-de-la-historia\/#article","isPartOf":{"@id":"https:\/\/www.focus.cat\/es\/adetca-presenta-unas-cifras-de-record-en-el-mejor-ano-de-teatro-de-la-historia\/"},"author":{"name":"Brenda Becker","@id":"https:\/\/www.focus.cat\/#\/schema\/person\/45cbcf79c7b3047ca01818c50e607a32"},"headline":"ADETCA PRESENTA UNAS CIFRAS DE R\u00c9CORD EN EL MEJOR A\u00d1O DE TEATRO DE LA HISTORIA","datePublished":"2024-01-24T10:25:55+00:00","dateModified":"2024-01-24T10:26:16+00:00","mainEntityOfPage":{"@id":"https:\/\/www.focus.cat\/es\/adetca-presenta-unas-cifras-de-record-en-el-mejor-ano-de-teatro-de-la-historia\/"},"wordCount":248,"publisher":{"@id":"https:\/\/www.focus.cat\/#organization"},"image":{"@id":"https:\/\/www.focus.cat\/es\/adetca-presenta-unas-cifras-de-record-en-el-mejor-ano-de-teatro-de-la-historia\/#primaryimage"},"thumbnailUrl":"https:\/\/www.focus.cat\/wp-content\/uploads\/2024\/01\/adetca-scaled.jpg","articleSection":["Noticias"],"inLanguage":"ca"},{"@type":"WebPage","@id":"https:\/\/www.focus.cat\/es\/adetca-presenta-unas-cifras-de-record-en-el-mejor-ano-de-teatro-de-la-historia\/","url":"https:\/\/www.focus.cat\/es\/adetca-presenta-unas-cifras-de-record-en-el-mejor-ano-de-teatro-de-la-historia\/","name":"ADETCA PRESENTA UNAS CIFRAS DE R\u00c9CORD EN EL MEJOR A\u00d1O DE TEATRO DE LA HISTORIA - Focus","isPartOf":{"@id":"https:\/\/www.focus.cat\/#website"},"primaryImageOfPage":{"@id":"https:\/\/www.focus.cat\/es\/adetca-presenta-unas-cifras-de-record-en-el-mejor-ano-de-teatro-de-la-historia\/#primaryimage"},"image":{"@id":"https:\/\/www.focus.cat\/es\/adetca-presenta-unas-cifras-de-record-en-el-mejor-ano-de-teatro-de-la-historia\/#primaryimage"},"thumbnailUrl":"https:\/\/www.focus.cat\/wp-content\/uploads\/2024\/01\/adetca-scaled.jpg","datePublished":"2024-01-24T10:25:55+00:00","dateModified":"2024-01-24T10:26:16+00:00","inLanguage":"ca","potentialAction":[{"@type":"ReadAction","target":["https:\/\/www.focus.cat\/es\/adetca-presenta-unas-cifras-de-record-en-el-mejor-ano-de-teatro-de-la-historia\/"]}]},{"@type":"ImageObject","inLanguage":"ca","@id":"https:\/\/www.focus.cat\/es\/adetca-presenta-unas-cifras-de-record-en-el-mejor-ano-de-teatro-de-la-historia\/#primaryimage","url":"https:\/\/www.focus.cat\/wp-content\/uploads\/2024\/01\/adetca-scaled.jpg","contentUrl":"https:\/\/www.focus.cat\/wp-content\/uploads\/2024\/01\/adetca-scaled.jpg","width":2560,"height":1708},{"@type":"WebSite","@id":"https:\/\/www.focus.cat\/#website","url":"https:\/\/www.focus.cat\/","name":"Focus","description":"","publisher":{"@id":"https:\/\/www.focus.cat\/#organization"},"potentialAction":[{"@type":"SearchAction","target":{"@type":"EntryPoint","urlTemplate":"https:\/\/www.focus.cat\/?s={search_term_string}"},"query-input":{"@type":"PropertyValueSpecification","valueRequired":true,"valueName":"search_term_string"}}],"inLanguage":"ca"},{"@type":"Organization","@id":"https:\/\/www.focus.cat\/#organization","name":"Focus","url":"https:\/\/www.focus.cat\/","logo":{"@type":"ImageObject","inLanguage":"ca","@id":"https:\/\/www.focus.cat\/#\/schema\/logo\/image\/","url":"https:\/\/www.focus.cat\/wp-content\/uploads\/2022\/01\/logo-focus-any-35.svg","contentUrl":"https:\/\/www.focus.cat\/wp-content\/uploads\/2022\/01\/logo-focus-any-35.svg","width":1,"height":1,"caption":"Focus"},"image":{"@id":"https:\/\/www.focus.cat\/#\/schema\/logo\/image\/"}},{"@type":"Person","@id":"https:\/\/www.focus.cat\/#\/schema\/person\/45cbcf79c7b3047ca01818c50e607a32","name":"Brenda Becker","image":{"@type":"ImageObject","inLanguage":"ca","@id":"https:\/\/secure.gravatar.com\/avatar\/bf45b1ffca36f0e2b6cbeb689cead579b5275b1489889a25ac0e66115dfb28c7?s=96&d=mm&r=g","url":"https:\/\/secure.gravatar.com\/avatar\/bf45b1ffca36f0e2b6cbeb689cead579b5275b1489889a25ac0e66115dfb28c7?s=96&d=mm&r=g","contentUrl":"https:\/\/secure.gravatar.com\/avatar\/bf45b1ffca36f0e2b6cbeb689cead579b5275b1489889a25ac0e66115dfb28c7?s=96&d=mm&r=g","caption":"Brenda Becker"},"url":"https:\/\/www.focus.cat\/author\/brenda-becker\/"}]}},"_links":{"self":[{"href":"https:\/\/www.focus.cat\/wp-json\/wp\/v2\/posts\/15710","targetHints":{"allow":["GET"]}}],"collection":[{"href":"https:\/\/www.focus.cat\/wp-json\/wp\/v2\/posts"}],"about":[{"href":"https:\/\/www.focus.cat\/wp-json\/wp\/v2\/types\/post"}],"author":[{"embeddable":true,"href":"https:\/\/www.focus.cat\/wp-json\/wp\/v2\/users\/16"}],"replies":[{"embeddable":true,"href":"https:\/\/www.focus.cat\/wp-json\/wp\/v2\/comments?post=15710"}],"version-history":[{"count":0,"href":"https:\/\/www.focus.cat\/wp-json\/wp\/v2\/posts\/15710\/revisions"}],"wp:featuredmedia":[{"embeddable":true,"href":"https:\/\/www.focus.cat\/wp-json\/wp\/v2\/media\/15708"}],"wp:attachment":[{"href":"https:\/\/www.focus.cat\/wp-json\/wp\/v2\/media?parent=15710"}],"wp:term":[{"taxonomy":"category","embeddable":true,"href":"https:\/\/www.focus.cat\/wp-json\/wp\/v2\/categories?post=15710"}],"curies":[{"name":"wp","href":"https:\/\/api.w.org\/{rel}","templated":true}]}}