{"id":15725,"date":"2024-01-24T10:38:26","date_gmt":"2024-01-24T10:38:26","guid":{"rendered":"https:\/\/www.focus.cat\/?p=15725"},"modified":"2024-02-19T14:07:59","modified_gmt":"2024-02-19T14:07:59","slug":"londres-acoge-el-estreno-mundial-de-circio-du-soleil-alegria","status":"publish","type":"post","link":"https:\/\/www.focus.cat\/es\/londres-acoge-el-estreno-mundial-de-circio-du-soleil-alegria\/","title":{"rendered":"LONDRES ACOGE EL ESTRENO MUNDIAL DE CIRQUE DU SOLEIL: ALEGR\u00cdA"},"content":{"rendered":"<p><img decoding=\"async\" class=\"size-large wp-image-15723 aligncenter\" src=\"https:\/\/www.focus.cat\/wp-content\/uploads\/2024\/01\/cirque_du_soleil_alegria_in_a_new_light-1124x749.jpg\" alt=\"\" width=\"1024\" height=\"682\" srcset=\"https:\/\/www.focus.cat\/wp-content\/uploads\/2024\/01\/cirque_du_soleil_alegria_in_a_new_light-1124x749.jpg 1124w, https:\/\/www.focus.cat\/wp-content\/uploads\/2024\/01\/cirque_du_soleil_alegria_in_a_new_light-300x200.jpg 300w, https:\/\/www.focus.cat\/wp-content\/uploads\/2024\/01\/cirque_du_soleil_alegria_in_a_new_light-150x100.jpg 150w, https:\/\/www.focus.cat\/wp-content\/uploads\/2024\/01\/cirque_du_soleil_alegria_in_a_new_light-800x533.jpg 800w, https:\/\/www.focus.cat\/wp-content\/uploads\/2024\/01\/cirque_du_soleil_alegria_in_a_new_light-1536x1024.jpg 1536w, https:\/\/www.focus.cat\/wp-content\/uploads\/2024\/01\/cirque_du_soleil_alegria_in_a_new_light-1500x1000.jpg 1500w, https:\/\/www.focus.cat\/wp-content\/uploads\/2024\/01\/cirque_du_soleil_alegria_in_a_new_light.jpg 1920w\" sizes=\"(max-width: 1024px) 100vw, 1024px\" \/><\/p>\n<p>&nbsp;<\/p>\n<p>El 18 de enero se estren\u00f3 en el Royal Albert Hall de Londres Alegr\u00eda. Para celebrar los cuarenta a\u00f1os de existencia de la compa\u00f1\u00eda, Cirque du Soleil ha recuperado su espect\u00e1culo m\u00e1s emblem\u00e1tico.<\/p>\n<p>Alegr\u00eda, que se estren\u00f3 en 1994 y estuvo girando por todo el mundo hasta el 2013 presenta la desgarradora historia del conflicto en el reino de Alegr\u00eda, donde seremos testigos de la lucha entre el antiguo orden establecido y un nuevo movimiento joven y revolucionario , impulsado por la esperanza y que ans\u00eda un cambio. El espect\u00e1culo, el m\u00e1s querido entre el p\u00fablico del Cirque du Soleil, cuenta con m\u00e1s de 7000 representaciones en 250 ciudades y ha conquistado ya los corazones de m\u00e1s de 14 millones de espectadores en todo el mundo.<\/p>\n<p>Tras su estancia en Londres Alegr\u00eda llegar\u00e1 a Barcelona, donde se estrenar\u00e1 el 20 de marzo. Posteriormente girar\u00e1 por otras ciudades espa\u00f1olas como M\u00e1laga, Alicante, Sevilla y Madrid.<\/p>\n<p>&nbsp;<\/p>\n<p><img decoding=\"async\" class=\"size-large wp-image-15720 aligncenter\" src=\"https:\/\/www.focus.cat\/wp-content\/uploads\/2024\/01\/QUADRAT-WEB-FOCUS-7-1124x1124.jpg\" alt=\"\" width=\"1024\" height=\"1024\" srcset=\"https:\/\/www.focus.cat\/wp-content\/uploads\/2024\/01\/QUADRAT-WEB-FOCUS-7-1124x1124.jpg 1124w, https:\/\/www.focus.cat\/wp-content\/uploads\/2024\/01\/QUADRAT-WEB-FOCUS-7-300x300.jpg 300w, https:\/\/www.focus.cat\/wp-content\/uploads\/2024\/01\/QUADRAT-WEB-FOCUS-7-150x150.jpg 150w, https:\/\/www.focus.cat\/wp-content\/uploads\/2024\/01\/QUADRAT-WEB-FOCUS-7-800x800.jpg 800w, https:\/\/www.focus.cat\/wp-content\/uploads\/2024\/01\/QUADRAT-WEB-FOCUS-7-1536x1536.jpg 1536w, https:\/\/www.focus.cat\/wp-content\/uploads\/2024\/01\/QUADRAT-WEB-FOCUS-7-2048x2048.jpg 2048w, https:\/\/www.focus.cat\/wp-content\/uploads\/2024\/01\/QUADRAT-WEB-FOCUS-7-125x125.jpg 125w, https:\/\/www.focus.cat\/wp-content\/uploads\/2024\/01\/QUADRAT-WEB-FOCUS-7-1500x1500.jpg 1500w\" sizes=\"(max-width: 1024px) 100vw, 1024px\" \/><\/p>\n","protected":false},"excerpt":{"rendered":"<p>&nbsp; El 18 de enero se estren\u00f3 en el Royal Albert Hall de Londres Alegr\u00eda. Para celebrar los cuarenta a\u00f1os de existencia de la compa\u00f1\u00eda, Cirque du Soleil ha recuperado su espect\u00e1culo m\u00e1s emblem\u00e1tico. Alegr\u00eda, que se estren\u00f3 en 1994 y estuvo girando por todo el mundo hasta el 2013 presenta la desgarradora historia del<a class=\"excerpt-read-more\" href=\"https:\/\/www.focus.cat\/es\/londres-acoge-el-estreno-mundial-de-circio-du-soleil-alegria\/\" title=\"LlegeixLONDRES ACOGE EL ESTRENO MUNDIAL DE CIRQUE DU SOLEIL: ALEGR\u00cdA\"> &#8230; Llegeix m\u00e9s<\/a><\/p>\n","protected":false},"author":16,"featured_media":15717,"comment_status":"closed","ping_status":"closed","sticky":false,"template":"","format":"standard","meta":{"_acf_changed":false,"inline_featured_image":false,"footnotes":""},"categories":[4],"class_list":["post-15725","post","type-post","status-publish","format-standard","has-post-thumbnail","hentry","category-noticias"],"acf":[],"yoast_head":"<!-- This site is optimized with the Yoast SEO plugin v27.4 - https:\/\/yoast.com\/product\/yoast-seo-wordpress\/ -->\n<title>LONDRES ACOGE EL ESTRENO MUNDIAL DE CIRQUE DU SOLEIL: ALEGR\u00cdA - Focus<\/title>\n<meta name=\"robots\" content=\"index, follow, max-snippet:-1, max-image-preview:large, max-video-preview:-1\" \/>\n<link rel=\"canonical\" href=\"https:\/\/www.focus.cat\/londres-acoge-el-estreno-mundial-de-circio-du-soleil-alegria\/\" \/>\n<meta property=\"og:locale\" content=\"ca_ES\" \/>\n<meta property=\"og:type\" content=\"article\" \/>\n<meta property=\"og:title\" content=\"LONDRES ACOGE EL ESTRENO MUNDIAL DE CIRQUE DU SOLEIL: ALEGR\u00cdA - Focus\" \/>\n<meta property=\"og:description\" content=\"&nbsp; El 18 de enero se estren\u00f3 en el Royal Albert Hall de Londres Alegr\u00eda. Para celebrar los cuarenta a\u00f1os de existencia de la compa\u00f1\u00eda, Cirque du Soleil ha recuperado su espect\u00e1culo m\u00e1s emblem\u00e1tico. Alegr\u00eda, que se estren\u00f3 en 1994 y estuvo girando por todo el mundo hasta el 2013 presenta la desgarradora historia del ... Llegeix m\u00e9s\" \/>\n<meta property=\"og:url\" content=\"https:\/\/www.focus.cat\/es\/londres-acoge-el-estreno-mundial-de-circio-du-soleil-alegria\/\" \/>\n<meta property=\"og:site_name\" content=\"Focus\" \/>\n<meta property=\"article:published_time\" content=\"2024-01-24T10:38:26+00:00\" \/>\n<meta property=\"article:modified_time\" content=\"2024-02-19T14:07:59+00:00\" \/>\n<meta property=\"og:image\" content=\"https:\/\/www.focus.cat\/wp-content\/uploads\/2024\/01\/HORITZONTAL-WEB-FOCUS-5-scaled.jpg\" \/>\n\t<meta property=\"og:image:width\" content=\"2560\" \/>\n\t<meta property=\"og:image:height\" content=\"1440\" \/>\n\t<meta property=\"og:image:type\" content=\"image\/jpeg\" \/>\n<meta name=\"author\" content=\"Brenda Becker\" \/>\n<meta name=\"twitter:card\" content=\"summary_large_image\" \/>\n<script type=\"application\/ld+json\" class=\"yoast-schema-graph\">{\"@context\":\"https:\\\/\\\/schema.org\",\"@graph\":[{\"@type\":\"Article\",\"@id\":\"https:\\\/\\\/www.focus.cat\\\/es\\\/londres-acoge-el-estreno-mundial-de-circio-du-soleil-alegria\\\/#article\",\"isPartOf\":{\"@id\":\"https:\\\/\\\/www.focus.cat\\\/es\\\/londres-acoge-el-estreno-mundial-de-circio-du-soleil-alegria\\\/\"},\"author\":{\"name\":\"Brenda Becker\",\"@id\":\"https:\\\/\\\/www.focus.cat\\\/#\\\/schema\\\/person\\\/45cbcf79c7b3047ca01818c50e607a32\"},\"headline\":\"LONDRES ACOGE EL ESTRENO MUNDIAL DE CIRQUE DU SOLEIL: ALEGR\u00cdA\",\"datePublished\":\"2024-01-24T10:38:26+00:00\",\"dateModified\":\"2024-02-19T14:07:59+00:00\",\"mainEntityOfPage\":{\"@id\":\"https:\\\/\\\/www.focus.cat\\\/es\\\/londres-acoge-el-estreno-mundial-de-circio-du-soleil-alegria\\\/\"},\"wordCount\":176,\"publisher\":{\"@id\":\"https:\\\/\\\/www.focus.cat\\\/#organization\"},\"image\":{\"@id\":\"https:\\\/\\\/www.focus.cat\\\/es\\\/londres-acoge-el-estreno-mundial-de-circio-du-soleil-alegria\\\/#primaryimage\"},\"thumbnailUrl\":\"https:\\\/\\\/www.focus.cat\\\/wp-content\\\/uploads\\\/2024\\\/01\\\/HORITZONTAL-WEB-FOCUS-5-scaled.jpg\",\"articleSection\":[\"Noticias\"],\"inLanguage\":\"ca\"},{\"@type\":\"WebPage\",\"@id\":\"https:\\\/\\\/www.focus.cat\\\/es\\\/londres-acoge-el-estreno-mundial-de-circio-du-soleil-alegria\\\/\",\"url\":\"https:\\\/\\\/www.focus.cat\\\/es\\\/londres-acoge-el-estreno-mundial-de-circio-du-soleil-alegria\\\/\",\"name\":\"LONDRES ACOGE EL ESTRENO MUNDIAL DE CIRQUE DU SOLEIL: ALEGR\u00cdA - Focus\",\"isPartOf\":{\"@id\":\"https:\\\/\\\/www.focus.cat\\\/#website\"},\"primaryImageOfPage\":{\"@id\":\"https:\\\/\\\/www.focus.cat\\\/es\\\/londres-acoge-el-estreno-mundial-de-circio-du-soleil-alegria\\\/#primaryimage\"},\"image\":{\"@id\":\"https:\\\/\\\/www.focus.cat\\\/es\\\/londres-acoge-el-estreno-mundial-de-circio-du-soleil-alegria\\\/#primaryimage\"},\"thumbnailUrl\":\"https:\\\/\\\/www.focus.cat\\\/wp-content\\\/uploads\\\/2024\\\/01\\\/HORITZONTAL-WEB-FOCUS-5-scaled.jpg\",\"datePublished\":\"2024-01-24T10:38:26+00:00\",\"dateModified\":\"2024-02-19T14:07:59+00:00\",\"inLanguage\":\"ca\",\"potentialAction\":[{\"@type\":\"ReadAction\",\"target\":[\"https:\\\/\\\/www.focus.cat\\\/es\\\/londres-acoge-el-estreno-mundial-de-circio-du-soleil-alegria\\\/\"]}]},{\"@type\":\"ImageObject\",\"inLanguage\":\"ca\",\"@id\":\"https:\\\/\\\/www.focus.cat\\\/es\\\/londres-acoge-el-estreno-mundial-de-circio-du-soleil-alegria\\\/#primaryimage\",\"url\":\"https:\\\/\\\/www.focus.cat\\\/wp-content\\\/uploads\\\/2024\\\/01\\\/HORITZONTAL-WEB-FOCUS-5-scaled.jpg\",\"contentUrl\":\"https:\\\/\\\/www.focus.cat\\\/wp-content\\\/uploads\\\/2024\\\/01\\\/HORITZONTAL-WEB-FOCUS-5-scaled.jpg\",\"width\":2560,\"height\":1440},{\"@type\":\"WebSite\",\"@id\":\"https:\\\/\\\/www.focus.cat\\\/#website\",\"url\":\"https:\\\/\\\/www.focus.cat\\\/\",\"name\":\"Focus\",\"description\":\"\",\"publisher\":{\"@id\":\"https:\\\/\\\/www.focus.cat\\\/#organization\"},\"potentialAction\":[{\"@type\":\"SearchAction\",\"target\":{\"@type\":\"EntryPoint\",\"urlTemplate\":\"https:\\\/\\\/www.focus.cat\\\/?s={search_term_string}\"},\"query-input\":{\"@type\":\"PropertyValueSpecification\",\"valueRequired\":true,\"valueName\":\"search_term_string\"}}],\"inLanguage\":\"ca\"},{\"@type\":\"Organization\",\"@id\":\"https:\\\/\\\/www.focus.cat\\\/#organization\",\"name\":\"Focus\",\"url\":\"https:\\\/\\\/www.focus.cat\\\/\",\"logo\":{\"@type\":\"ImageObject\",\"inLanguage\":\"ca\",\"@id\":\"https:\\\/\\\/www.focus.cat\\\/#\\\/schema\\\/logo\\\/image\\\/\",\"url\":\"https:\\\/\\\/www.focus.cat\\\/wp-content\\\/uploads\\\/2022\\\/01\\\/logo-focus-any-35.svg\",\"contentUrl\":\"https:\\\/\\\/www.focus.cat\\\/wp-content\\\/uploads\\\/2022\\\/01\\\/logo-focus-any-35.svg\",\"width\":1,\"height\":1,\"caption\":\"Focus\"},\"image\":{\"@id\":\"https:\\\/\\\/www.focus.cat\\\/#\\\/schema\\\/logo\\\/image\\\/\"}},{\"@type\":\"Person\",\"@id\":\"https:\\\/\\\/www.focus.cat\\\/#\\\/schema\\\/person\\\/45cbcf79c7b3047ca01818c50e607a32\",\"name\":\"Brenda Becker\",\"image\":{\"@type\":\"ImageObject\",\"inLanguage\":\"ca\",\"@id\":\"https:\\\/\\\/secure.gravatar.com\\\/avatar\\\/bf45b1ffca36f0e2b6cbeb689cead579b5275b1489889a25ac0e66115dfb28c7?s=96&d=mm&r=g\",\"url\":\"https:\\\/\\\/secure.gravatar.com\\\/avatar\\\/bf45b1ffca36f0e2b6cbeb689cead579b5275b1489889a25ac0e66115dfb28c7?s=96&d=mm&r=g\",\"contentUrl\":\"https:\\\/\\\/secure.gravatar.com\\\/avatar\\\/bf45b1ffca36f0e2b6cbeb689cead579b5275b1489889a25ac0e66115dfb28c7?s=96&d=mm&r=g\",\"caption\":\"Brenda Becker\"},\"url\":\"https:\\\/\\\/www.focus.cat\\\/author\\\/brenda-becker\\\/\"}]}<\/script>\n<!-- \/ Yoast SEO plugin. -->","yoast_head_json":{"title":"LONDRES ACOGE EL ESTRENO MUNDIAL DE CIRQUE DU SOLEIL: ALEGR\u00cdA - Focus","robots":{"index":"index","follow":"follow","max-snippet":"max-snippet:-1","max-image-preview":"max-image-preview:large","max-video-preview":"max-video-preview:-1"},"canonical":"https:\/\/www.focus.cat\/londres-acoge-el-estreno-mundial-de-circio-du-soleil-alegria\/","og_locale":"ca_ES","og_type":"article","og_title":"LONDRES ACOGE EL ESTRENO MUNDIAL DE CIRQUE DU SOLEIL: ALEGR\u00cdA - Focus","og_description":"&nbsp; El 18 de enero se estren\u00f3 en el Royal Albert Hall de Londres Alegr\u00eda. Para celebrar los cuarenta a\u00f1os de existencia de la compa\u00f1\u00eda, Cirque du Soleil ha recuperado su espect\u00e1culo m\u00e1s emblem\u00e1tico. Alegr\u00eda, que se estren\u00f3 en 1994 y estuvo girando por todo el mundo hasta el 2013 presenta la desgarradora historia del ... Llegeix m\u00e9s","og_url":"https:\/\/www.focus.cat\/es\/londres-acoge-el-estreno-mundial-de-circio-du-soleil-alegria\/","og_site_name":"Focus","article_published_time":"2024-01-24T10:38:26+00:00","article_modified_time":"2024-02-19T14:07:59+00:00","og_image":[{"width":2560,"height":1440,"url":"https:\/\/www.focus.cat\/wp-content\/uploads\/2024\/01\/HORITZONTAL-WEB-FOCUS-5-scaled.jpg","type":"image\/jpeg"}],"author":"Brenda Becker","twitter_card":"summary_large_image","schema":{"@context":"https:\/\/schema.org","@graph":[{"@type":"Article","@id":"https:\/\/www.focus.cat\/es\/londres-acoge-el-estreno-mundial-de-circio-du-soleil-alegria\/#article","isPartOf":{"@id":"https:\/\/www.focus.cat\/es\/londres-acoge-el-estreno-mundial-de-circio-du-soleil-alegria\/"},"author":{"name":"Brenda Becker","@id":"https:\/\/www.focus.cat\/#\/schema\/person\/45cbcf79c7b3047ca01818c50e607a32"},"headline":"LONDRES ACOGE EL ESTRENO MUNDIAL DE CIRQUE DU SOLEIL: ALEGR\u00cdA","datePublished":"2024-01-24T10:38:26+00:00","dateModified":"2024-02-19T14:07:59+00:00","mainEntityOfPage":{"@id":"https:\/\/www.focus.cat\/es\/londres-acoge-el-estreno-mundial-de-circio-du-soleil-alegria\/"},"wordCount":176,"publisher":{"@id":"https:\/\/www.focus.cat\/#organization"},"image":{"@id":"https:\/\/www.focus.cat\/es\/londres-acoge-el-estreno-mundial-de-circio-du-soleil-alegria\/#primaryimage"},"thumbnailUrl":"https:\/\/www.focus.cat\/wp-content\/uploads\/2024\/01\/HORITZONTAL-WEB-FOCUS-5-scaled.jpg","articleSection":["Noticias"],"inLanguage":"ca"},{"@type":"WebPage","@id":"https:\/\/www.focus.cat\/es\/londres-acoge-el-estreno-mundial-de-circio-du-soleil-alegria\/","url":"https:\/\/www.focus.cat\/es\/londres-acoge-el-estreno-mundial-de-circio-du-soleil-alegria\/","name":"LONDRES ACOGE EL ESTRENO MUNDIAL DE CIRQUE DU SOLEIL: ALEGR\u00cdA - Focus","isPartOf":{"@id":"https:\/\/www.focus.cat\/#website"},"primaryImageOfPage":{"@id":"https:\/\/www.focus.cat\/es\/londres-acoge-el-estreno-mundial-de-circio-du-soleil-alegria\/#primaryimage"},"image":{"@id":"https:\/\/www.focus.cat\/es\/londres-acoge-el-estreno-mundial-de-circio-du-soleil-alegria\/#primaryimage"},"thumbnailUrl":"https:\/\/www.focus.cat\/wp-content\/uploads\/2024\/01\/HORITZONTAL-WEB-FOCUS-5-scaled.jpg","datePublished":"2024-01-24T10:38:26+00:00","dateModified":"2024-02-19T14:07:59+00:00","inLanguage":"ca","potentialAction":[{"@type":"ReadAction","target":["https:\/\/www.focus.cat\/es\/londres-acoge-el-estreno-mundial-de-circio-du-soleil-alegria\/"]}]},{"@type":"ImageObject","inLanguage":"ca","@id":"https:\/\/www.focus.cat\/es\/londres-acoge-el-estreno-mundial-de-circio-du-soleil-alegria\/#primaryimage","url":"https:\/\/www.focus.cat\/wp-content\/uploads\/2024\/01\/HORITZONTAL-WEB-FOCUS-5-scaled.jpg","contentUrl":"https:\/\/www.focus.cat\/wp-content\/uploads\/2024\/01\/HORITZONTAL-WEB-FOCUS-5-scaled.jpg","width":2560,"height":1440},{"@type":"WebSite","@id":"https:\/\/www.focus.cat\/#website","url":"https:\/\/www.focus.cat\/","name":"Focus","description":"","publisher":{"@id":"https:\/\/www.focus.cat\/#organization"},"potentialAction":[{"@type":"SearchAction","target":{"@type":"EntryPoint","urlTemplate":"https:\/\/www.focus.cat\/?s={search_term_string}"},"query-input":{"@type":"PropertyValueSpecification","valueRequired":true,"valueName":"search_term_string"}}],"inLanguage":"ca"},{"@type":"Organization","@id":"https:\/\/www.focus.cat\/#organization","name":"Focus","url":"https:\/\/www.focus.cat\/","logo":{"@type":"ImageObject","inLanguage":"ca","@id":"https:\/\/www.focus.cat\/#\/schema\/logo\/image\/","url":"https:\/\/www.focus.cat\/wp-content\/uploads\/2022\/01\/logo-focus-any-35.svg","contentUrl":"https:\/\/www.focus.cat\/wp-content\/uploads\/2022\/01\/logo-focus-any-35.svg","width":1,"height":1,"caption":"Focus"},"image":{"@id":"https:\/\/www.focus.cat\/#\/schema\/logo\/image\/"}},{"@type":"Person","@id":"https:\/\/www.focus.cat\/#\/schema\/person\/45cbcf79c7b3047ca01818c50e607a32","name":"Brenda Becker","image":{"@type":"ImageObject","inLanguage":"ca","@id":"https:\/\/secure.gravatar.com\/avatar\/bf45b1ffca36f0e2b6cbeb689cead579b5275b1489889a25ac0e66115dfb28c7?s=96&d=mm&r=g","url":"https:\/\/secure.gravatar.com\/avatar\/bf45b1ffca36f0e2b6cbeb689cead579b5275b1489889a25ac0e66115dfb28c7?s=96&d=mm&r=g","contentUrl":"https:\/\/secure.gravatar.com\/avatar\/bf45b1ffca36f0e2b6cbeb689cead579b5275b1489889a25ac0e66115dfb28c7?s=96&d=mm&r=g","caption":"Brenda Becker"},"url":"https:\/\/www.focus.cat\/author\/brenda-becker\/"}]}},"_links":{"self":[{"href":"https:\/\/www.focus.cat\/wp-json\/wp\/v2\/posts\/15725","targetHints":{"allow":["GET"]}}],"collection":[{"href":"https:\/\/www.focus.cat\/wp-json\/wp\/v2\/posts"}],"about":[{"href":"https:\/\/www.focus.cat\/wp-json\/wp\/v2\/types\/post"}],"author":[{"embeddable":true,"href":"https:\/\/www.focus.cat\/wp-json\/wp\/v2\/users\/16"}],"replies":[{"embeddable":true,"href":"https:\/\/www.focus.cat\/wp-json\/wp\/v2\/comments?post=15725"}],"version-history":[{"count":0,"href":"https:\/\/www.focus.cat\/wp-json\/wp\/v2\/posts\/15725\/revisions"}],"wp:featuredmedia":[{"embeddable":true,"href":"https:\/\/www.focus.cat\/wp-json\/wp\/v2\/media\/15717"}],"wp:attachment":[{"href":"https:\/\/www.focus.cat\/wp-json\/wp\/v2\/media?parent=15725"}],"wp:term":[{"taxonomy":"category","embeddable":true,"href":"https:\/\/www.focus.cat\/wp-json\/wp\/v2\/categories?post=15725"}],"curies":[{"name":"wp","href":"https:\/\/api.w.org\/{rel}","templated":true}]}}