{"id":16774,"date":"2024-03-20T10:13:59","date_gmt":"2024-03-20T10:13:59","guid":{"rendered":"https:\/\/www.focus.cat\/?p=16774"},"modified":"2024-03-20T10:13:59","modified_gmt":"2024-03-20T10:13:59","slug":"exito-total-del-cap-butaca-buida","status":"publish","type":"post","link":"https:\/\/www.focus.cat\/es\/exito-total-del-cap-butaca-buida\/","title":{"rendered":"\u00c9xito Total del Cap Butaca Buida"},"content":{"rendered":"<p>Este pasado s\u00e1bado 16 de marzo se ha llevado a cabo la primera edici\u00f3n de CAP BUTACA BUIDA, una iniciativa de ADETCA, Time Out y la Corporaci\u00f3n Catalana de Medios Audiovisuales con el apoyo de la Generalidad de Catalu\u00f1a, la Diputaci\u00f3n de Barcelona y el Ayuntamiento de Barcelona y el \u00e9xito ha sido total.<\/p>\n<p>Un total de 55.583 entradas vendidas para un porcentaje del 92% de ocupaci\u00f3n han hecho de ese d\u00eda un r\u00e9cord mundial de espectadores de teatro.<\/p>\n<p>La iniciativa, que contaba con 176 espect\u00e1culos ofrecidos en 145 espacios teatrales asociados a la propuesta, llen\u00f3 desde buena ma\u00f1ana, cuando los teatros se llenan de familias que asisten a los espect\u00e1culos infantiles, as\u00ed como propuestas para p\u00fablico adulto a la hora del vermut, un horario cada vez m\u00e1s habitual en muchas ciudades europeas, hasta la tarde y por la noche, los horarios m\u00e1s habituales las salas de nuestro pa\u00eds, que estuvieron llenas a rebosar.<\/p>\n<p>En cuanto a los teatros del Grup Focus, cabe destacar el gran \u00e9xito de la iniciativa, agotando las entradas de todos los espect\u00e1culos que ocupaban la cartelera de los Teatros Goya, Romea, La Villarroel y Condal, con \u00e9xitos de cr\u00edtica y p\u00fablico como <em>Elling<\/em>, <em>Escape Room 2<\/em>, <em>Voltaire\/Rousseau. La disputa<\/em> y <em>La trena<\/em>, entre otros<\/p>\n<p>Despu\u00e9s de lo que ya se ha considerado el gran d\u00eda teatral del pa\u00eds, un Sant Jordi de las artes esc\u00e9nicas, ya hay fecha para la segunda edici\u00f3n, que tendr\u00e1 lugar el 22 de marzo de 2025.<\/p>\n<p><iframe loading=\"lazy\" title=\"RESUM CAP BUTACA BUIDA GRUP FOCUS\" width=\"1200\" height=\"675\" src=\"https:\/\/www.youtube.com\/embed\/kYV-E3p5shg?feature=oembed\" frameborder=\"0\" allow=\"accelerometer; autoplay; clipboard-write; encrypted-media; gyroscope; picture-in-picture; web-share\" allowfullscreen><\/iframe><\/p>\n<p>&nbsp;<\/p>\n","protected":false},"excerpt":{"rendered":"<p>Este pasado s\u00e1bado 16 de marzo se ha llevado a cabo la primera edici\u00f3n de CAP BUTACA BUIDA, una iniciativa de ADETCA, Time Out y la Corporaci\u00f3n Catalana de Medios Audiovisuales con el apoyo de la Generalidad de Catalu\u00f1a, la Diputaci\u00f3n de Barcelona y el Ayuntamiento de Barcelona y el \u00e9xito ha sido total. Un<a class=\"excerpt-read-more\" href=\"https:\/\/www.focus.cat\/es\/exito-total-del-cap-butaca-buida\/\" title=\"Llegeix\u00c9xito Total del Cap Butaca Buida\"> &#8230; Llegeix m\u00e9s<\/a><\/p>\n","protected":false},"author":15,"featured_media":16772,"comment_status":"closed","ping_status":"closed","sticky":false,"template":"","format":"standard","meta":{"_acf_changed":false,"inline_featured_image":false,"footnotes":""},"categories":[4],"class_list":["post-16774","post","type-post","status-publish","format-standard","has-post-thumbnail","hentry","category-noticias"],"acf":[],"yoast_head":"<!-- This site is optimized with the Yoast SEO plugin v27.4 - https:\/\/yoast.com\/product\/yoast-seo-wordpress\/ -->\n<title>\u00c9xito Total del Cap Butaca Buida - Focus<\/title>\n<meta name=\"robots\" content=\"index, follow, max-snippet:-1, max-image-preview:large, max-video-preview:-1\" \/>\n<link rel=\"canonical\" href=\"https:\/\/www.focus.cat\/exito-total-del-cap-butaca-buida\/\" \/>\n<meta property=\"og:locale\" content=\"ca_ES\" \/>\n<meta property=\"og:type\" content=\"article\" \/>\n<meta property=\"og:title\" content=\"\u00c9xito Total del Cap Butaca Buida - Focus\" \/>\n<meta property=\"og:description\" content=\"Este pasado s\u00e1bado 16 de marzo se ha llevado a cabo la primera edici\u00f3n de CAP BUTACA BUIDA, una iniciativa de ADETCA, Time Out y la Corporaci\u00f3n Catalana de Medios Audiovisuales con el apoyo de la Generalidad de Catalu\u00f1a, la Diputaci\u00f3n de Barcelona y el Ayuntamiento de Barcelona y el \u00e9xito ha sido total. Un ... Llegeix m\u00e9s\" \/>\n<meta property=\"og:url\" content=\"https:\/\/www.focus.cat\/es\/exito-total-del-cap-butaca-buida\/\" \/>\n<meta property=\"og:site_name\" content=\"Focus\" \/>\n<meta property=\"article:published_time\" content=\"2024-03-20T10:13:59+00:00\" \/>\n<meta property=\"og:image\" content=\"https:\/\/www.focus.cat\/wp-content\/uploads\/2024\/03\/MicrosoftTeams-image-14-scaled.jpg\" \/>\n\t<meta property=\"og:image:width\" content=\"2560\" \/>\n\t<meta property=\"og:image:height\" content=\"1707\" \/>\n\t<meta property=\"og:image:type\" content=\"image\/jpeg\" \/>\n<meta name=\"author\" content=\"Suport Digital\" \/>\n<meta name=\"twitter:card\" content=\"summary_large_image\" \/>\n<script type=\"application\/ld+json\" class=\"yoast-schema-graph\">{\"@context\":\"https:\\\/\\\/schema.org\",\"@graph\":[{\"@type\":\"Article\",\"@id\":\"https:\\\/\\\/www.focus.cat\\\/es\\\/exito-total-del-cap-butaca-buida\\\/#article\",\"isPartOf\":{\"@id\":\"https:\\\/\\\/www.focus.cat\\\/es\\\/exito-total-del-cap-butaca-buida\\\/\"},\"author\":{\"name\":\"Suport Digital\",\"@id\":\"https:\\\/\\\/www.focus.cat\\\/#\\\/schema\\\/person\\\/caae89e91020f6f4091f528af5ee5e71\"},\"headline\":\"\u00c9xito Total del Cap Butaca Buida\",\"datePublished\":\"2024-03-20T10:13:59+00:00\",\"mainEntityOfPage\":{\"@id\":\"https:\\\/\\\/www.focus.cat\\\/es\\\/exito-total-del-cap-butaca-buida\\\/\"},\"wordCount\":278,\"publisher\":{\"@id\":\"https:\\\/\\\/www.focus.cat\\\/#organization\"},\"image\":{\"@id\":\"https:\\\/\\\/www.focus.cat\\\/es\\\/exito-total-del-cap-butaca-buida\\\/#primaryimage\"},\"thumbnailUrl\":\"https:\\\/\\\/www.focus.cat\\\/wp-content\\\/uploads\\\/2024\\\/03\\\/MicrosoftTeams-image-14-scaled.jpg\",\"articleSection\":[\"Noticias\"],\"inLanguage\":\"ca\"},{\"@type\":\"WebPage\",\"@id\":\"https:\\\/\\\/www.focus.cat\\\/es\\\/exito-total-del-cap-butaca-buida\\\/\",\"url\":\"https:\\\/\\\/www.focus.cat\\\/es\\\/exito-total-del-cap-butaca-buida\\\/\",\"name\":\"\u00c9xito Total del Cap Butaca Buida - Focus\",\"isPartOf\":{\"@id\":\"https:\\\/\\\/www.focus.cat\\\/#website\"},\"primaryImageOfPage\":{\"@id\":\"https:\\\/\\\/www.focus.cat\\\/es\\\/exito-total-del-cap-butaca-buida\\\/#primaryimage\"},\"image\":{\"@id\":\"https:\\\/\\\/www.focus.cat\\\/es\\\/exito-total-del-cap-butaca-buida\\\/#primaryimage\"},\"thumbnailUrl\":\"https:\\\/\\\/www.focus.cat\\\/wp-content\\\/uploads\\\/2024\\\/03\\\/MicrosoftTeams-image-14-scaled.jpg\",\"datePublished\":\"2024-03-20T10:13:59+00:00\",\"inLanguage\":\"ca\",\"potentialAction\":[{\"@type\":\"ReadAction\",\"target\":[\"https:\\\/\\\/www.focus.cat\\\/es\\\/exito-total-del-cap-butaca-buida\\\/\"]}]},{\"@type\":\"ImageObject\",\"inLanguage\":\"ca\",\"@id\":\"https:\\\/\\\/www.focus.cat\\\/es\\\/exito-total-del-cap-butaca-buida\\\/#primaryimage\",\"url\":\"https:\\\/\\\/www.focus.cat\\\/wp-content\\\/uploads\\\/2024\\\/03\\\/MicrosoftTeams-image-14-scaled.jpg\",\"contentUrl\":\"https:\\\/\\\/www.focus.cat\\\/wp-content\\\/uploads\\\/2024\\\/03\\\/MicrosoftTeams-image-14-scaled.jpg\",\"width\":2560,\"height\":1707},{\"@type\":\"WebSite\",\"@id\":\"https:\\\/\\\/www.focus.cat\\\/#website\",\"url\":\"https:\\\/\\\/www.focus.cat\\\/\",\"name\":\"Focus\",\"description\":\"\",\"publisher\":{\"@id\":\"https:\\\/\\\/www.focus.cat\\\/#organization\"},\"potentialAction\":[{\"@type\":\"SearchAction\",\"target\":{\"@type\":\"EntryPoint\",\"urlTemplate\":\"https:\\\/\\\/www.focus.cat\\\/?s={search_term_string}\"},\"query-input\":{\"@type\":\"PropertyValueSpecification\",\"valueRequired\":true,\"valueName\":\"search_term_string\"}}],\"inLanguage\":\"ca\"},{\"@type\":\"Organization\",\"@id\":\"https:\\\/\\\/www.focus.cat\\\/#organization\",\"name\":\"Focus\",\"url\":\"https:\\\/\\\/www.focus.cat\\\/\",\"logo\":{\"@type\":\"ImageObject\",\"inLanguage\":\"ca\",\"@id\":\"https:\\\/\\\/www.focus.cat\\\/#\\\/schema\\\/logo\\\/image\\\/\",\"url\":\"https:\\\/\\\/www.focus.cat\\\/wp-content\\\/uploads\\\/2022\\\/01\\\/logo-focus-any-35.svg\",\"contentUrl\":\"https:\\\/\\\/www.focus.cat\\\/wp-content\\\/uploads\\\/2022\\\/01\\\/logo-focus-any-35.svg\",\"width\":1,\"height\":1,\"caption\":\"Focus\"},\"image\":{\"@id\":\"https:\\\/\\\/www.focus.cat\\\/#\\\/schema\\\/logo\\\/image\\\/\"}},{\"@type\":\"Person\",\"@id\":\"https:\\\/\\\/www.focus.cat\\\/#\\\/schema\\\/person\\\/caae89e91020f6f4091f528af5ee5e71\",\"name\":\"Suport Digital\",\"image\":{\"@type\":\"ImageObject\",\"inLanguage\":\"ca\",\"@id\":\"https:\\\/\\\/secure.gravatar.com\\\/avatar\\\/dd41dbc903aea1c8ca8c21ad68c0e0693be9f8c724f44cf11598395a9d1a039e?s=96&d=mm&r=g\",\"url\":\"https:\\\/\\\/secure.gravatar.com\\\/avatar\\\/dd41dbc903aea1c8ca8c21ad68c0e0693be9f8c724f44cf11598395a9d1a039e?s=96&d=mm&r=g\",\"contentUrl\":\"https:\\\/\\\/secure.gravatar.com\\\/avatar\\\/dd41dbc903aea1c8ca8c21ad68c0e0693be9f8c724f44cf11598395a9d1a039e?s=96&d=mm&r=g\",\"caption\":\"Suport Digital\"},\"url\":\"https:\\\/\\\/www.focus.cat\\\/author\\\/suport-digital\\\/\"}]}<\/script>\n<!-- \/ Yoast SEO plugin. -->","yoast_head_json":{"title":"\u00c9xito Total del Cap Butaca Buida - Focus","robots":{"index":"index","follow":"follow","max-snippet":"max-snippet:-1","max-image-preview":"max-image-preview:large","max-video-preview":"max-video-preview:-1"},"canonical":"https:\/\/www.focus.cat\/exito-total-del-cap-butaca-buida\/","og_locale":"ca_ES","og_type":"article","og_title":"\u00c9xito Total del Cap Butaca Buida - Focus","og_description":"Este pasado s\u00e1bado 16 de marzo se ha llevado a cabo la primera edici\u00f3n de CAP BUTACA BUIDA, una iniciativa de ADETCA, Time Out y la Corporaci\u00f3n Catalana de Medios Audiovisuales con el apoyo de la Generalidad de Catalu\u00f1a, la Diputaci\u00f3n de Barcelona y el Ayuntamiento de Barcelona y el \u00e9xito ha sido total. Un ... Llegeix m\u00e9s","og_url":"https:\/\/www.focus.cat\/es\/exito-total-del-cap-butaca-buida\/","og_site_name":"Focus","article_published_time":"2024-03-20T10:13:59+00:00","og_image":[{"width":2560,"height":1707,"url":"https:\/\/www.focus.cat\/wp-content\/uploads\/2024\/03\/MicrosoftTeams-image-14-scaled.jpg","type":"image\/jpeg"}],"author":"Suport Digital","twitter_card":"summary_large_image","schema":{"@context":"https:\/\/schema.org","@graph":[{"@type":"Article","@id":"https:\/\/www.focus.cat\/es\/exito-total-del-cap-butaca-buida\/#article","isPartOf":{"@id":"https:\/\/www.focus.cat\/es\/exito-total-del-cap-butaca-buida\/"},"author":{"name":"Suport Digital","@id":"https:\/\/www.focus.cat\/#\/schema\/person\/caae89e91020f6f4091f528af5ee5e71"},"headline":"\u00c9xito Total del Cap Butaca Buida","datePublished":"2024-03-20T10:13:59+00:00","mainEntityOfPage":{"@id":"https:\/\/www.focus.cat\/es\/exito-total-del-cap-butaca-buida\/"},"wordCount":278,"publisher":{"@id":"https:\/\/www.focus.cat\/#organization"},"image":{"@id":"https:\/\/www.focus.cat\/es\/exito-total-del-cap-butaca-buida\/#primaryimage"},"thumbnailUrl":"https:\/\/www.focus.cat\/wp-content\/uploads\/2024\/03\/MicrosoftTeams-image-14-scaled.jpg","articleSection":["Noticias"],"inLanguage":"ca"},{"@type":"WebPage","@id":"https:\/\/www.focus.cat\/es\/exito-total-del-cap-butaca-buida\/","url":"https:\/\/www.focus.cat\/es\/exito-total-del-cap-butaca-buida\/","name":"\u00c9xito Total del Cap Butaca Buida - Focus","isPartOf":{"@id":"https:\/\/www.focus.cat\/#website"},"primaryImageOfPage":{"@id":"https:\/\/www.focus.cat\/es\/exito-total-del-cap-butaca-buida\/#primaryimage"},"image":{"@id":"https:\/\/www.focus.cat\/es\/exito-total-del-cap-butaca-buida\/#primaryimage"},"thumbnailUrl":"https:\/\/www.focus.cat\/wp-content\/uploads\/2024\/03\/MicrosoftTeams-image-14-scaled.jpg","datePublished":"2024-03-20T10:13:59+00:00","inLanguage":"ca","potentialAction":[{"@type":"ReadAction","target":["https:\/\/www.focus.cat\/es\/exito-total-del-cap-butaca-buida\/"]}]},{"@type":"ImageObject","inLanguage":"ca","@id":"https:\/\/www.focus.cat\/es\/exito-total-del-cap-butaca-buida\/#primaryimage","url":"https:\/\/www.focus.cat\/wp-content\/uploads\/2024\/03\/MicrosoftTeams-image-14-scaled.jpg","contentUrl":"https:\/\/www.focus.cat\/wp-content\/uploads\/2024\/03\/MicrosoftTeams-image-14-scaled.jpg","width":2560,"height":1707},{"@type":"WebSite","@id":"https:\/\/www.focus.cat\/#website","url":"https:\/\/www.focus.cat\/","name":"Focus","description":"","publisher":{"@id":"https:\/\/www.focus.cat\/#organization"},"potentialAction":[{"@type":"SearchAction","target":{"@type":"EntryPoint","urlTemplate":"https:\/\/www.focus.cat\/?s={search_term_string}"},"query-input":{"@type":"PropertyValueSpecification","valueRequired":true,"valueName":"search_term_string"}}],"inLanguage":"ca"},{"@type":"Organization","@id":"https:\/\/www.focus.cat\/#organization","name":"Focus","url":"https:\/\/www.focus.cat\/","logo":{"@type":"ImageObject","inLanguage":"ca","@id":"https:\/\/www.focus.cat\/#\/schema\/logo\/image\/","url":"https:\/\/www.focus.cat\/wp-content\/uploads\/2022\/01\/logo-focus-any-35.svg","contentUrl":"https:\/\/www.focus.cat\/wp-content\/uploads\/2022\/01\/logo-focus-any-35.svg","width":1,"height":1,"caption":"Focus"},"image":{"@id":"https:\/\/www.focus.cat\/#\/schema\/logo\/image\/"}},{"@type":"Person","@id":"https:\/\/www.focus.cat\/#\/schema\/person\/caae89e91020f6f4091f528af5ee5e71","name":"Suport Digital","image":{"@type":"ImageObject","inLanguage":"ca","@id":"https:\/\/secure.gravatar.com\/avatar\/dd41dbc903aea1c8ca8c21ad68c0e0693be9f8c724f44cf11598395a9d1a039e?s=96&d=mm&r=g","url":"https:\/\/secure.gravatar.com\/avatar\/dd41dbc903aea1c8ca8c21ad68c0e0693be9f8c724f44cf11598395a9d1a039e?s=96&d=mm&r=g","contentUrl":"https:\/\/secure.gravatar.com\/avatar\/dd41dbc903aea1c8ca8c21ad68c0e0693be9f8c724f44cf11598395a9d1a039e?s=96&d=mm&r=g","caption":"Suport Digital"},"url":"https:\/\/www.focus.cat\/author\/suport-digital\/"}]}},"_links":{"self":[{"href":"https:\/\/www.focus.cat\/wp-json\/wp\/v2\/posts\/16774","targetHints":{"allow":["GET"]}}],"collection":[{"href":"https:\/\/www.focus.cat\/wp-json\/wp\/v2\/posts"}],"about":[{"href":"https:\/\/www.focus.cat\/wp-json\/wp\/v2\/types\/post"}],"author":[{"embeddable":true,"href":"https:\/\/www.focus.cat\/wp-json\/wp\/v2\/users\/15"}],"replies":[{"embeddable":true,"href":"https:\/\/www.focus.cat\/wp-json\/wp\/v2\/comments?post=16774"}],"version-history":[{"count":0,"href":"https:\/\/www.focus.cat\/wp-json\/wp\/v2\/posts\/16774\/revisions"}],"wp:featuredmedia":[{"embeddable":true,"href":"https:\/\/www.focus.cat\/wp-json\/wp\/v2\/media\/16772"}],"wp:attachment":[{"href":"https:\/\/www.focus.cat\/wp-json\/wp\/v2\/media?parent=16774"}],"wp:term":[{"taxonomy":"category","embeddable":true,"href":"https:\/\/www.focus.cat\/wp-json\/wp\/v2\/categories?post=16774"}],"curies":[{"name":"wp","href":"https:\/\/api.w.org\/{rel}","templated":true}]}}