{"id":16802,"date":"2024-03-20T11:09:10","date_gmt":"2024-03-20T11:09:10","guid":{"rendered":"https:\/\/www.focus.cat\/?p=16802"},"modified":"2024-03-20T11:09:10","modified_gmt":"2024-03-20T11:09:10","slug":"gran-exito-de-el-padre-en-madrid","status":"publish","type":"post","link":"https:\/\/www.focus.cat\/es\/gran-exito-de-el-padre-en-madrid\/","title":{"rendered":"Gran \u00c9xito de El Padre en Madrid"},"content":{"rendered":"<p>Despu\u00e9s de haber permanecido en diferentes ciudades de Espa\u00f1a como Bilbao, Valencia o La Coru\u00f1a, entre otros, <em>El padre<\/em> ha llegado a Madrid y su \u00e9xito ha sido fulgurante.<\/p>\n<p>La obra, protagonizada por Jos\u00e9 Mar\u00eda Pou, es la versi\u00f3n en castellano de <em>El pare<\/em>, uno de los mayores \u00e9xitos que ha vivido la cartelera catalana en los \u00faltimos a\u00f1os.<\/p>\n<p>Jos\u00e9 Mar\u00eda Pou, acompa\u00f1ado en escena por Alberto Iglesias, Cecilia Solaguren, Jorge Kent, Elvira Cuadrupani y Lara Grube, empez\u00f3 funciones de <em>El padre<\/em> en el Teatro Bellas Artes el pasado 6 de marzo y desde entonces el p\u00fablico madrile\u00f1o ha llenado las localidades noche tras noche, emocion\u00e1ndose con la historia de Andr\u00e9s, un hombre que poco a poco va perdiendo la memoria.<\/p>\n<p style=\"text-align: center;\">A su \u00e9xito de p\u00fablico hay que a\u00f1adir tambi\u00e9n la un\u00e1nime aclamaci\u00f3n de la cr\u00edtica a la obra de Florian Zeller ya la interpretaci\u00f3n memorable, una vez m\u00e1s, de Jos\u00e9 Mar\u00eda Pou.<\/p>\n<p style=\"text-align: center;\"><img decoding=\"async\" class=\"alignnone size-large wp-image-16800\" src=\"https:\/\/www.focus.cat\/wp-content\/uploads\/2024\/03\/T22_El_pare_II_042_01-1124x632.jpg\" alt=\"\" width=\"1024\" height=\"576\" srcset=\"https:\/\/www.focus.cat\/wp-content\/uploads\/2024\/03\/T22_El_pare_II_042_01-1124x632.jpg 1124w, https:\/\/www.focus.cat\/wp-content\/uploads\/2024\/03\/T22_El_pare_II_042_01-300x169.jpg 300w, https:\/\/www.focus.cat\/wp-content\/uploads\/2024\/03\/T22_El_pare_II_042_01-150x84.jpg 150w, https:\/\/www.focus.cat\/wp-content\/uploads\/2024\/03\/T22_El_pare_II_042_01-800x450.jpg 800w, https:\/\/www.focus.cat\/wp-content\/uploads\/2024\/03\/T22_El_pare_II_042_01-1536x864.jpg 1536w, https:\/\/www.focus.cat\/wp-content\/uploads\/2024\/03\/T22_El_pare_II_042_01-1500x844.jpg 1500w, https:\/\/www.focus.cat\/wp-content\/uploads\/2024\/03\/T22_El_pare_II_042_01.jpg 1600w\" sizes=\"(max-width: 1024px) 100vw, 1024px\" \/><\/p>\n","protected":false},"excerpt":{"rendered":"<p>Despu\u00e9s de haber permanecido en diferentes ciudades de Espa\u00f1a como Bilbao, Valencia o La Coru\u00f1a, entre otros, El padre ha llegado a Madrid y su \u00e9xito ha sido fulgurante. La obra, protagonizada por Jos\u00e9 Mar\u00eda Pou, es la versi\u00f3n en castellano de El pare, uno de los mayores \u00e9xitos que ha vivido la cartelera catalana<a class=\"excerpt-read-more\" href=\"https:\/\/www.focus.cat\/es\/gran-exito-de-el-padre-en-madrid\/\" title=\"LlegeixGran \u00c9xito de El Padre en Madrid\"> &#8230; Llegeix m\u00e9s<\/a><\/p>\n","protected":false},"author":15,"featured_media":16794,"comment_status":"closed","ping_status":"closed","sticky":false,"template":"","format":"standard","meta":{"_acf_changed":false,"inline_featured_image":false,"footnotes":""},"categories":[4],"class_list":["post-16802","post","type-post","status-publish","format-standard","has-post-thumbnail","hentry","category-noticias"],"acf":[],"yoast_head":"<!-- This site is optimized with the Yoast SEO plugin v27.5 - https:\/\/yoast.com\/product\/yoast-seo-wordpress\/ -->\n<title>Gran \u00c9xito de El Padre en Madrid - Focus<\/title>\n<meta name=\"robots\" content=\"index, follow, max-snippet:-1, max-image-preview:large, max-video-preview:-1\" \/>\n<link rel=\"canonical\" href=\"https:\/\/www.focus.cat\/gran-exito-de-el-padre-en-madrid\/\" \/>\n<meta property=\"og:locale\" content=\"ca_ES\" \/>\n<meta property=\"og:type\" content=\"article\" \/>\n<meta property=\"og:title\" content=\"Gran \u00c9xito de El Padre en Madrid - Focus\" \/>\n<meta property=\"og:description\" content=\"Despu\u00e9s de haber permanecido en diferentes ciudades de Espa\u00f1a como Bilbao, Valencia o La Coru\u00f1a, entre otros, El padre ha llegado a Madrid y su \u00e9xito ha sido fulgurante. La obra, protagonizada por Jos\u00e9 Mar\u00eda Pou, es la versi\u00f3n en castellano de El pare, uno de los mayores \u00e9xitos que ha vivido la cartelera catalana ... Llegeix m\u00e9s\" \/>\n<meta property=\"og:url\" content=\"https:\/\/www.focus.cat\/es\/gran-exito-de-el-padre-en-madrid\/\" \/>\n<meta property=\"og:site_name\" content=\"Focus\" \/>\n<meta property=\"article:published_time\" content=\"2024-03-20T11:09:10+00:00\" \/>\n<meta property=\"og:image\" content=\"https:\/\/www.focus.cat\/wp-content\/uploads\/2024\/03\/MicrosoftTeams-image-16.jpg\" \/>\n\t<meta property=\"og:image:width\" content=\"1080\" \/>\n\t<meta property=\"og:image:height\" content=\"1080\" \/>\n\t<meta property=\"og:image:type\" content=\"image\/jpeg\" \/>\n<meta name=\"author\" content=\"Suport Digital\" \/>\n<meta name=\"twitter:card\" content=\"summary_large_image\" \/>\n<script type=\"application\/ld+json\" class=\"yoast-schema-graph\">{\"@context\":\"https:\\\/\\\/schema.org\",\"@graph\":[{\"@type\":\"Article\",\"@id\":\"https:\\\/\\\/www.focus.cat\\\/es\\\/gran-exito-de-el-padre-en-madrid\\\/#article\",\"isPartOf\":{\"@id\":\"https:\\\/\\\/www.focus.cat\\\/es\\\/gran-exito-de-el-padre-en-madrid\\\/\"},\"author\":{\"name\":\"Suport Digital\",\"@id\":\"https:\\\/\\\/www.focus.cat\\\/#\\\/schema\\\/person\\\/caae89e91020f6f4091f528af5ee5e71\"},\"headline\":\"Gran \u00c9xito de El Padre en Madrid\",\"datePublished\":\"2024-03-20T11:09:10+00:00\",\"mainEntityOfPage\":{\"@id\":\"https:\\\/\\\/www.focus.cat\\\/es\\\/gran-exito-de-el-padre-en-madrid\\\/\"},\"wordCount\":180,\"publisher\":{\"@id\":\"https:\\\/\\\/www.focus.cat\\\/#organization\"},\"image\":{\"@id\":\"https:\\\/\\\/www.focus.cat\\\/es\\\/gran-exito-de-el-padre-en-madrid\\\/#primaryimage\"},\"thumbnailUrl\":\"https:\\\/\\\/www.focus.cat\\\/wp-content\\\/uploads\\\/2024\\\/03\\\/MicrosoftTeams-image-16.jpg\",\"articleSection\":[\"Noticias\"],\"inLanguage\":\"ca\"},{\"@type\":\"WebPage\",\"@id\":\"https:\\\/\\\/www.focus.cat\\\/es\\\/gran-exito-de-el-padre-en-madrid\\\/\",\"url\":\"https:\\\/\\\/www.focus.cat\\\/es\\\/gran-exito-de-el-padre-en-madrid\\\/\",\"name\":\"Gran \u00c9xito de El Padre en Madrid - Focus\",\"isPartOf\":{\"@id\":\"https:\\\/\\\/www.focus.cat\\\/#website\"},\"primaryImageOfPage\":{\"@id\":\"https:\\\/\\\/www.focus.cat\\\/es\\\/gran-exito-de-el-padre-en-madrid\\\/#primaryimage\"},\"image\":{\"@id\":\"https:\\\/\\\/www.focus.cat\\\/es\\\/gran-exito-de-el-padre-en-madrid\\\/#primaryimage\"},\"thumbnailUrl\":\"https:\\\/\\\/www.focus.cat\\\/wp-content\\\/uploads\\\/2024\\\/03\\\/MicrosoftTeams-image-16.jpg\",\"datePublished\":\"2024-03-20T11:09:10+00:00\",\"inLanguage\":\"ca\",\"potentialAction\":[{\"@type\":\"ReadAction\",\"target\":[\"https:\\\/\\\/www.focus.cat\\\/es\\\/gran-exito-de-el-padre-en-madrid\\\/\"]}]},{\"@type\":\"ImageObject\",\"inLanguage\":\"ca\",\"@id\":\"https:\\\/\\\/www.focus.cat\\\/es\\\/gran-exito-de-el-padre-en-madrid\\\/#primaryimage\",\"url\":\"https:\\\/\\\/www.focus.cat\\\/wp-content\\\/uploads\\\/2024\\\/03\\\/MicrosoftTeams-image-16.jpg\",\"contentUrl\":\"https:\\\/\\\/www.focus.cat\\\/wp-content\\\/uploads\\\/2024\\\/03\\\/MicrosoftTeams-image-16.jpg\",\"width\":1080,\"height\":1080},{\"@type\":\"WebSite\",\"@id\":\"https:\\\/\\\/www.focus.cat\\\/#website\",\"url\":\"https:\\\/\\\/www.focus.cat\\\/\",\"name\":\"Focus\",\"description\":\"\",\"publisher\":{\"@id\":\"https:\\\/\\\/www.focus.cat\\\/#organization\"},\"potentialAction\":[{\"@type\":\"SearchAction\",\"target\":{\"@type\":\"EntryPoint\",\"urlTemplate\":\"https:\\\/\\\/www.focus.cat\\\/?s={search_term_string}\"},\"query-input\":{\"@type\":\"PropertyValueSpecification\",\"valueRequired\":true,\"valueName\":\"search_term_string\"}}],\"inLanguage\":\"ca\"},{\"@type\":\"Organization\",\"@id\":\"https:\\\/\\\/www.focus.cat\\\/#organization\",\"name\":\"Focus\",\"url\":\"https:\\\/\\\/www.focus.cat\\\/\",\"logo\":{\"@type\":\"ImageObject\",\"inLanguage\":\"ca\",\"@id\":\"https:\\\/\\\/www.focus.cat\\\/#\\\/schema\\\/logo\\\/image\\\/\",\"url\":\"https:\\\/\\\/www.focus.cat\\\/wp-content\\\/uploads\\\/2022\\\/01\\\/logo-focus-any-35.svg\",\"contentUrl\":\"https:\\\/\\\/www.focus.cat\\\/wp-content\\\/uploads\\\/2022\\\/01\\\/logo-focus-any-35.svg\",\"width\":1,\"height\":1,\"caption\":\"Focus\"},\"image\":{\"@id\":\"https:\\\/\\\/www.focus.cat\\\/#\\\/schema\\\/logo\\\/image\\\/\"}},{\"@type\":\"Person\",\"@id\":\"https:\\\/\\\/www.focus.cat\\\/#\\\/schema\\\/person\\\/caae89e91020f6f4091f528af5ee5e71\",\"name\":\"Suport Digital\",\"image\":{\"@type\":\"ImageObject\",\"inLanguage\":\"ca\",\"@id\":\"https:\\\/\\\/secure.gravatar.com\\\/avatar\\\/dd41dbc903aea1c8ca8c21ad68c0e0693be9f8c724f44cf11598395a9d1a039e?s=96&d=mm&r=g\",\"url\":\"https:\\\/\\\/secure.gravatar.com\\\/avatar\\\/dd41dbc903aea1c8ca8c21ad68c0e0693be9f8c724f44cf11598395a9d1a039e?s=96&d=mm&r=g\",\"contentUrl\":\"https:\\\/\\\/secure.gravatar.com\\\/avatar\\\/dd41dbc903aea1c8ca8c21ad68c0e0693be9f8c724f44cf11598395a9d1a039e?s=96&d=mm&r=g\",\"caption\":\"Suport Digital\"},\"url\":\"https:\\\/\\\/www.focus.cat\\\/author\\\/suport-digital\\\/\"}]}<\/script>\n<!-- \/ Yoast SEO plugin. -->","yoast_head_json":{"title":"Gran \u00c9xito de El Padre en Madrid - Focus","robots":{"index":"index","follow":"follow","max-snippet":"max-snippet:-1","max-image-preview":"max-image-preview:large","max-video-preview":"max-video-preview:-1"},"canonical":"https:\/\/www.focus.cat\/gran-exito-de-el-padre-en-madrid\/","og_locale":"ca_ES","og_type":"article","og_title":"Gran \u00c9xito de El Padre en Madrid - Focus","og_description":"Despu\u00e9s de haber permanecido en diferentes ciudades de Espa\u00f1a como Bilbao, Valencia o La Coru\u00f1a, entre otros, El padre ha llegado a Madrid y su \u00e9xito ha sido fulgurante. La obra, protagonizada por Jos\u00e9 Mar\u00eda Pou, es la versi\u00f3n en castellano de El pare, uno de los mayores \u00e9xitos que ha vivido la cartelera catalana ... Llegeix m\u00e9s","og_url":"https:\/\/www.focus.cat\/es\/gran-exito-de-el-padre-en-madrid\/","og_site_name":"Focus","article_published_time":"2024-03-20T11:09:10+00:00","og_image":[{"width":1080,"height":1080,"url":"https:\/\/www.focus.cat\/wp-content\/uploads\/2024\/03\/MicrosoftTeams-image-16.jpg","type":"image\/jpeg"}],"author":"Suport Digital","twitter_card":"summary_large_image","schema":{"@context":"https:\/\/schema.org","@graph":[{"@type":"Article","@id":"https:\/\/www.focus.cat\/es\/gran-exito-de-el-padre-en-madrid\/#article","isPartOf":{"@id":"https:\/\/www.focus.cat\/es\/gran-exito-de-el-padre-en-madrid\/"},"author":{"name":"Suport Digital","@id":"https:\/\/www.focus.cat\/#\/schema\/person\/caae89e91020f6f4091f528af5ee5e71"},"headline":"Gran \u00c9xito de El Padre en Madrid","datePublished":"2024-03-20T11:09:10+00:00","mainEntityOfPage":{"@id":"https:\/\/www.focus.cat\/es\/gran-exito-de-el-padre-en-madrid\/"},"wordCount":180,"publisher":{"@id":"https:\/\/www.focus.cat\/#organization"},"image":{"@id":"https:\/\/www.focus.cat\/es\/gran-exito-de-el-padre-en-madrid\/#primaryimage"},"thumbnailUrl":"https:\/\/www.focus.cat\/wp-content\/uploads\/2024\/03\/MicrosoftTeams-image-16.jpg","articleSection":["Noticias"],"inLanguage":"ca"},{"@type":"WebPage","@id":"https:\/\/www.focus.cat\/es\/gran-exito-de-el-padre-en-madrid\/","url":"https:\/\/www.focus.cat\/es\/gran-exito-de-el-padre-en-madrid\/","name":"Gran \u00c9xito de El Padre en Madrid - Focus","isPartOf":{"@id":"https:\/\/www.focus.cat\/#website"},"primaryImageOfPage":{"@id":"https:\/\/www.focus.cat\/es\/gran-exito-de-el-padre-en-madrid\/#primaryimage"},"image":{"@id":"https:\/\/www.focus.cat\/es\/gran-exito-de-el-padre-en-madrid\/#primaryimage"},"thumbnailUrl":"https:\/\/www.focus.cat\/wp-content\/uploads\/2024\/03\/MicrosoftTeams-image-16.jpg","datePublished":"2024-03-20T11:09:10+00:00","inLanguage":"ca","potentialAction":[{"@type":"ReadAction","target":["https:\/\/www.focus.cat\/es\/gran-exito-de-el-padre-en-madrid\/"]}]},{"@type":"ImageObject","inLanguage":"ca","@id":"https:\/\/www.focus.cat\/es\/gran-exito-de-el-padre-en-madrid\/#primaryimage","url":"https:\/\/www.focus.cat\/wp-content\/uploads\/2024\/03\/MicrosoftTeams-image-16.jpg","contentUrl":"https:\/\/www.focus.cat\/wp-content\/uploads\/2024\/03\/MicrosoftTeams-image-16.jpg","width":1080,"height":1080},{"@type":"WebSite","@id":"https:\/\/www.focus.cat\/#website","url":"https:\/\/www.focus.cat\/","name":"Focus","description":"","publisher":{"@id":"https:\/\/www.focus.cat\/#organization"},"potentialAction":[{"@type":"SearchAction","target":{"@type":"EntryPoint","urlTemplate":"https:\/\/www.focus.cat\/?s={search_term_string}"},"query-input":{"@type":"PropertyValueSpecification","valueRequired":true,"valueName":"search_term_string"}}],"inLanguage":"ca"},{"@type":"Organization","@id":"https:\/\/www.focus.cat\/#organization","name":"Focus","url":"https:\/\/www.focus.cat\/","logo":{"@type":"ImageObject","inLanguage":"ca","@id":"https:\/\/www.focus.cat\/#\/schema\/logo\/image\/","url":"https:\/\/www.focus.cat\/wp-content\/uploads\/2022\/01\/logo-focus-any-35.svg","contentUrl":"https:\/\/www.focus.cat\/wp-content\/uploads\/2022\/01\/logo-focus-any-35.svg","width":1,"height":1,"caption":"Focus"},"image":{"@id":"https:\/\/www.focus.cat\/#\/schema\/logo\/image\/"}},{"@type":"Person","@id":"https:\/\/www.focus.cat\/#\/schema\/person\/caae89e91020f6f4091f528af5ee5e71","name":"Suport Digital","image":{"@type":"ImageObject","inLanguage":"ca","@id":"https:\/\/secure.gravatar.com\/avatar\/dd41dbc903aea1c8ca8c21ad68c0e0693be9f8c724f44cf11598395a9d1a039e?s=96&d=mm&r=g","url":"https:\/\/secure.gravatar.com\/avatar\/dd41dbc903aea1c8ca8c21ad68c0e0693be9f8c724f44cf11598395a9d1a039e?s=96&d=mm&r=g","contentUrl":"https:\/\/secure.gravatar.com\/avatar\/dd41dbc903aea1c8ca8c21ad68c0e0693be9f8c724f44cf11598395a9d1a039e?s=96&d=mm&r=g","caption":"Suport Digital"},"url":"https:\/\/www.focus.cat\/author\/suport-digital\/"}]}},"_links":{"self":[{"href":"https:\/\/www.focus.cat\/wp-json\/wp\/v2\/posts\/16802","targetHints":{"allow":["GET"]}}],"collection":[{"href":"https:\/\/www.focus.cat\/wp-json\/wp\/v2\/posts"}],"about":[{"href":"https:\/\/www.focus.cat\/wp-json\/wp\/v2\/types\/post"}],"author":[{"embeddable":true,"href":"https:\/\/www.focus.cat\/wp-json\/wp\/v2\/users\/15"}],"replies":[{"embeddable":true,"href":"https:\/\/www.focus.cat\/wp-json\/wp\/v2\/comments?post=16802"}],"version-history":[{"count":0,"href":"https:\/\/www.focus.cat\/wp-json\/wp\/v2\/posts\/16802\/revisions"}],"wp:featuredmedia":[{"embeddable":true,"href":"https:\/\/www.focus.cat\/wp-json\/wp\/v2\/media\/16794"}],"wp:attachment":[{"href":"https:\/\/www.focus.cat\/wp-json\/wp\/v2\/media?parent=16802"}],"wp:term":[{"taxonomy":"category","embeddable":true,"href":"https:\/\/www.focus.cat\/wp-json\/wp\/v2\/categories?post=16802"}],"curies":[{"name":"wp","href":"https:\/\/api.w.org\/{rel}","templated":true}]}}