{"id":16814,"date":"2024-03-20T11:20:26","date_gmt":"2024-03-20T11:20:26","guid":{"rendered":"https:\/\/www.focus.cat\/?p=16814"},"modified":"2024-03-20T11:20:26","modified_gmt":"2024-03-20T11:20:26","slug":"estreno-de-alegria-del-cirque-du-soleil-en-barcelona","status":"publish","type":"post","link":"https:\/\/www.focus.cat\/es\/estreno-de-alegria-del-cirque-du-soleil-en-barcelona\/","title":{"rendered":"Estreno de Alegr\u00eda, Del Cirque Du Soleil, en Barcelona"},"content":{"rendered":"<p>El mi\u00e9rcoles 20 de marzo se ha estrenado en Barcelona <em>Alegr\u00eda<\/em>, del Cirque du Soleil. La Gran Carpa instalada en el Distrito Cultural de Hospitalet ha sido testigo del estreno de la versi\u00f3n actualizada del espect\u00e1culo m\u00e1s emblem\u00e1tico del Cirque du Soleil. Bajo el nombre de <em>Alegr\u00eda. Bajo una nueva luz,<\/em> el espect\u00e1culo retoma el mayor \u00e9xito del Cirque du Soleil 25 a\u00f1os despu\u00e9s.<\/p>\n<p>El estreno ha congregado a un gran n\u00famero de estrellas, autoridades y figuras de la cultura que no quisieron perderse la desgarradora historia del conflicto en el reino de Alegr\u00eda, la lucha entre el antiguo orden establecido y un nuevo movimiento joven y revolucionario, impulsado por la esperanza y que ans\u00eda un cambio. El espect\u00e1culo, el m\u00e1s querido entre el p\u00fablico del Cirque du Soleil, que cuenta con m\u00e1s de 7000 representaciones en 250 ciudades y ha conquistado ya los corazones de m\u00e1s de 14 millones de espectadores en todo el mundo, seguro que har\u00e1 las delicias del p\u00fablico barcelon\u00e9s.<\/p>\n<p><img decoding=\"async\" class=\"size-large wp-image-16815 aligncenter\" src=\"https:\/\/www.focus.cat\/wp-content\/uploads\/2024\/03\/MicrosoftTeams-image-18-1124x588.jpg\" alt=\"\" width=\"1024\" height=\"536\" srcset=\"https:\/\/www.focus.cat\/wp-content\/uploads\/2024\/03\/MicrosoftTeams-image-18-1124x588.jpg 1124w, https:\/\/www.focus.cat\/wp-content\/uploads\/2024\/03\/MicrosoftTeams-image-18-300x157.jpg 300w, https:\/\/www.focus.cat\/wp-content\/uploads\/2024\/03\/MicrosoftTeams-image-18-150x79.jpg 150w, https:\/\/www.focus.cat\/wp-content\/uploads\/2024\/03\/MicrosoftTeams-image-18-800x419.jpg 800w, https:\/\/www.focus.cat\/wp-content\/uploads\/2024\/03\/MicrosoftTeams-image-18.jpg 1200w\" sizes=\"(max-width: 1024px) 100vw, 1024px\" \/><\/p>\n","protected":false},"excerpt":{"rendered":"<p>El mi\u00e9rcoles 20 de marzo se ha estrenado en Barcelona Alegr\u00eda, del Cirque du Soleil. La Gran Carpa instalada en el Distrito Cultural de Hospitalet ha sido testigo del estreno de la versi\u00f3n actualizada del espect\u00e1culo m\u00e1s emblem\u00e1tico del Cirque du Soleil. Bajo el nombre de Alegr\u00eda. Bajo una nueva luz, el espect\u00e1culo retoma el<a class=\"excerpt-read-more\" href=\"https:\/\/www.focus.cat\/es\/estreno-de-alegria-del-cirque-du-soleil-en-barcelona\/\" title=\"LlegeixEstreno de Alegr\u00eda, Del Cirque Du Soleil, en Barcelona\"> &#8230; Llegeix m\u00e9s<\/a><\/p>\n","protected":false},"author":15,"featured_media":16818,"comment_status":"closed","ping_status":"closed","sticky":false,"template":"","format":"standard","meta":{"_acf_changed":false,"inline_featured_image":false,"footnotes":""},"categories":[4],"class_list":["post-16814","post","type-post","status-publish","format-standard","has-post-thumbnail","hentry","category-noticias"],"acf":[],"yoast_head":"<!-- This site is optimized with the Yoast SEO plugin v27.5 - https:\/\/yoast.com\/product\/yoast-seo-wordpress\/ -->\n<title>Estreno de Alegr\u00eda, Del Cirque Du Soleil, en Barcelona - Focus<\/title>\n<meta name=\"robots\" content=\"index, follow, max-snippet:-1, max-image-preview:large, max-video-preview:-1\" \/>\n<link rel=\"canonical\" href=\"https:\/\/www.focus.cat\/estreno-de-alegria-del-cirque-du-soleil-en-barcelona\/\" \/>\n<meta property=\"og:locale\" content=\"ca_ES\" \/>\n<meta property=\"og:type\" content=\"article\" \/>\n<meta property=\"og:title\" content=\"Estreno de Alegr\u00eda, Del Cirque Du Soleil, en Barcelona - Focus\" \/>\n<meta property=\"og:description\" content=\"El mi\u00e9rcoles 20 de marzo se ha estrenado en Barcelona Alegr\u00eda, del Cirque du Soleil. La Gran Carpa instalada en el Distrito Cultural de Hospitalet ha sido testigo del estreno de la versi\u00f3n actualizada del espect\u00e1culo m\u00e1s emblem\u00e1tico del Cirque du Soleil. Bajo el nombre de Alegr\u00eda. Bajo una nueva luz, el espect\u00e1culo retoma el ... Llegeix m\u00e9s\" \/>\n<meta property=\"og:url\" content=\"https:\/\/www.focus.cat\/es\/estreno-de-alegria-del-cirque-du-soleil-en-barcelona\/\" \/>\n<meta property=\"og:site_name\" content=\"Focus\" \/>\n<meta property=\"article:published_time\" content=\"2024-03-20T11:20:26+00:00\" \/>\n<meta property=\"og:image\" content=\"https:\/\/www.focus.cat\/wp-content\/uploads\/2024\/03\/MicrosoftTeams-image-18-1.jpg\" \/>\n\t<meta property=\"og:image:width\" content=\"1200\" \/>\n\t<meta property=\"og:image:height\" content=\"628\" \/>\n\t<meta property=\"og:image:type\" content=\"image\/jpeg\" \/>\n<meta name=\"author\" content=\"Suport Digital\" \/>\n<meta name=\"twitter:card\" content=\"summary_large_image\" \/>\n<script type=\"application\/ld+json\" class=\"yoast-schema-graph\">{\"@context\":\"https:\\\/\\\/schema.org\",\"@graph\":[{\"@type\":\"Article\",\"@id\":\"https:\\\/\\\/www.focus.cat\\\/es\\\/estreno-de-alegria-del-cirque-du-soleil-en-barcelona\\\/#article\",\"isPartOf\":{\"@id\":\"https:\\\/\\\/www.focus.cat\\\/es\\\/estreno-de-alegria-del-cirque-du-soleil-en-barcelona\\\/\"},\"author\":{\"name\":\"Suport Digital\",\"@id\":\"https:\\\/\\\/www.focus.cat\\\/#\\\/schema\\\/person\\\/caae89e91020f6f4091f528af5ee5e71\"},\"headline\":\"Estreno de Alegr\u00eda, Del Cirque Du Soleil, en Barcelona\",\"datePublished\":\"2024-03-20T11:20:26+00:00\",\"mainEntityOfPage\":{\"@id\":\"https:\\\/\\\/www.focus.cat\\\/es\\\/estreno-de-alegria-del-cirque-du-soleil-en-barcelona\\\/\"},\"wordCount\":189,\"publisher\":{\"@id\":\"https:\\\/\\\/www.focus.cat\\\/#organization\"},\"image\":{\"@id\":\"https:\\\/\\\/www.focus.cat\\\/es\\\/estreno-de-alegria-del-cirque-du-soleil-en-barcelona\\\/#primaryimage\"},\"thumbnailUrl\":\"https:\\\/\\\/www.focus.cat\\\/wp-content\\\/uploads\\\/2024\\\/03\\\/MicrosoftTeams-image-18-1.jpg\",\"articleSection\":[\"Noticias\"],\"inLanguage\":\"ca\"},{\"@type\":\"WebPage\",\"@id\":\"https:\\\/\\\/www.focus.cat\\\/es\\\/estreno-de-alegria-del-cirque-du-soleil-en-barcelona\\\/\",\"url\":\"https:\\\/\\\/www.focus.cat\\\/es\\\/estreno-de-alegria-del-cirque-du-soleil-en-barcelona\\\/\",\"name\":\"Estreno de Alegr\u00eda, Del Cirque Du Soleil, en Barcelona - Focus\",\"isPartOf\":{\"@id\":\"https:\\\/\\\/www.focus.cat\\\/#website\"},\"primaryImageOfPage\":{\"@id\":\"https:\\\/\\\/www.focus.cat\\\/es\\\/estreno-de-alegria-del-cirque-du-soleil-en-barcelona\\\/#primaryimage\"},\"image\":{\"@id\":\"https:\\\/\\\/www.focus.cat\\\/es\\\/estreno-de-alegria-del-cirque-du-soleil-en-barcelona\\\/#primaryimage\"},\"thumbnailUrl\":\"https:\\\/\\\/www.focus.cat\\\/wp-content\\\/uploads\\\/2024\\\/03\\\/MicrosoftTeams-image-18-1.jpg\",\"datePublished\":\"2024-03-20T11:20:26+00:00\",\"inLanguage\":\"ca\",\"potentialAction\":[{\"@type\":\"ReadAction\",\"target\":[\"https:\\\/\\\/www.focus.cat\\\/es\\\/estreno-de-alegria-del-cirque-du-soleil-en-barcelona\\\/\"]}]},{\"@type\":\"ImageObject\",\"inLanguage\":\"ca\",\"@id\":\"https:\\\/\\\/www.focus.cat\\\/es\\\/estreno-de-alegria-del-cirque-du-soleil-en-barcelona\\\/#primaryimage\",\"url\":\"https:\\\/\\\/www.focus.cat\\\/wp-content\\\/uploads\\\/2024\\\/03\\\/MicrosoftTeams-image-18-1.jpg\",\"contentUrl\":\"https:\\\/\\\/www.focus.cat\\\/wp-content\\\/uploads\\\/2024\\\/03\\\/MicrosoftTeams-image-18-1.jpg\",\"width\":1200,\"height\":628},{\"@type\":\"WebSite\",\"@id\":\"https:\\\/\\\/www.focus.cat\\\/#website\",\"url\":\"https:\\\/\\\/www.focus.cat\\\/\",\"name\":\"Focus\",\"description\":\"\",\"publisher\":{\"@id\":\"https:\\\/\\\/www.focus.cat\\\/#organization\"},\"potentialAction\":[{\"@type\":\"SearchAction\",\"target\":{\"@type\":\"EntryPoint\",\"urlTemplate\":\"https:\\\/\\\/www.focus.cat\\\/?s={search_term_string}\"},\"query-input\":{\"@type\":\"PropertyValueSpecification\",\"valueRequired\":true,\"valueName\":\"search_term_string\"}}],\"inLanguage\":\"ca\"},{\"@type\":\"Organization\",\"@id\":\"https:\\\/\\\/www.focus.cat\\\/#organization\",\"name\":\"Focus\",\"url\":\"https:\\\/\\\/www.focus.cat\\\/\",\"logo\":{\"@type\":\"ImageObject\",\"inLanguage\":\"ca\",\"@id\":\"https:\\\/\\\/www.focus.cat\\\/#\\\/schema\\\/logo\\\/image\\\/\",\"url\":\"https:\\\/\\\/www.focus.cat\\\/wp-content\\\/uploads\\\/2022\\\/01\\\/logo-focus-any-35.svg\",\"contentUrl\":\"https:\\\/\\\/www.focus.cat\\\/wp-content\\\/uploads\\\/2022\\\/01\\\/logo-focus-any-35.svg\",\"width\":1,\"height\":1,\"caption\":\"Focus\"},\"image\":{\"@id\":\"https:\\\/\\\/www.focus.cat\\\/#\\\/schema\\\/logo\\\/image\\\/\"}},{\"@type\":\"Person\",\"@id\":\"https:\\\/\\\/www.focus.cat\\\/#\\\/schema\\\/person\\\/caae89e91020f6f4091f528af5ee5e71\",\"name\":\"Suport Digital\",\"image\":{\"@type\":\"ImageObject\",\"inLanguage\":\"ca\",\"@id\":\"https:\\\/\\\/secure.gravatar.com\\\/avatar\\\/dd41dbc903aea1c8ca8c21ad68c0e0693be9f8c724f44cf11598395a9d1a039e?s=96&d=mm&r=g\",\"url\":\"https:\\\/\\\/secure.gravatar.com\\\/avatar\\\/dd41dbc903aea1c8ca8c21ad68c0e0693be9f8c724f44cf11598395a9d1a039e?s=96&d=mm&r=g\",\"contentUrl\":\"https:\\\/\\\/secure.gravatar.com\\\/avatar\\\/dd41dbc903aea1c8ca8c21ad68c0e0693be9f8c724f44cf11598395a9d1a039e?s=96&d=mm&r=g\",\"caption\":\"Suport Digital\"},\"url\":\"https:\\\/\\\/www.focus.cat\\\/author\\\/suport-digital\\\/\"}]}<\/script>\n<!-- \/ Yoast SEO plugin. -->","yoast_head_json":{"title":"Estreno de Alegr\u00eda, Del Cirque Du Soleil, en Barcelona - Focus","robots":{"index":"index","follow":"follow","max-snippet":"max-snippet:-1","max-image-preview":"max-image-preview:large","max-video-preview":"max-video-preview:-1"},"canonical":"https:\/\/www.focus.cat\/estreno-de-alegria-del-cirque-du-soleil-en-barcelona\/","og_locale":"ca_ES","og_type":"article","og_title":"Estreno de Alegr\u00eda, Del Cirque Du Soleil, en Barcelona - Focus","og_description":"El mi\u00e9rcoles 20 de marzo se ha estrenado en Barcelona Alegr\u00eda, del Cirque du Soleil. La Gran Carpa instalada en el Distrito Cultural de Hospitalet ha sido testigo del estreno de la versi\u00f3n actualizada del espect\u00e1culo m\u00e1s emblem\u00e1tico del Cirque du Soleil. Bajo el nombre de Alegr\u00eda. Bajo una nueva luz, el espect\u00e1culo retoma el ... Llegeix m\u00e9s","og_url":"https:\/\/www.focus.cat\/es\/estreno-de-alegria-del-cirque-du-soleil-en-barcelona\/","og_site_name":"Focus","article_published_time":"2024-03-20T11:20:26+00:00","og_image":[{"width":1200,"height":628,"url":"https:\/\/www.focus.cat\/wp-content\/uploads\/2024\/03\/MicrosoftTeams-image-18-1.jpg","type":"image\/jpeg"}],"author":"Suport Digital","twitter_card":"summary_large_image","schema":{"@context":"https:\/\/schema.org","@graph":[{"@type":"Article","@id":"https:\/\/www.focus.cat\/es\/estreno-de-alegria-del-cirque-du-soleil-en-barcelona\/#article","isPartOf":{"@id":"https:\/\/www.focus.cat\/es\/estreno-de-alegria-del-cirque-du-soleil-en-barcelona\/"},"author":{"name":"Suport Digital","@id":"https:\/\/www.focus.cat\/#\/schema\/person\/caae89e91020f6f4091f528af5ee5e71"},"headline":"Estreno de Alegr\u00eda, Del Cirque Du Soleil, en Barcelona","datePublished":"2024-03-20T11:20:26+00:00","mainEntityOfPage":{"@id":"https:\/\/www.focus.cat\/es\/estreno-de-alegria-del-cirque-du-soleil-en-barcelona\/"},"wordCount":189,"publisher":{"@id":"https:\/\/www.focus.cat\/#organization"},"image":{"@id":"https:\/\/www.focus.cat\/es\/estreno-de-alegria-del-cirque-du-soleil-en-barcelona\/#primaryimage"},"thumbnailUrl":"https:\/\/www.focus.cat\/wp-content\/uploads\/2024\/03\/MicrosoftTeams-image-18-1.jpg","articleSection":["Noticias"],"inLanguage":"ca"},{"@type":"WebPage","@id":"https:\/\/www.focus.cat\/es\/estreno-de-alegria-del-cirque-du-soleil-en-barcelona\/","url":"https:\/\/www.focus.cat\/es\/estreno-de-alegria-del-cirque-du-soleil-en-barcelona\/","name":"Estreno de Alegr\u00eda, Del Cirque Du Soleil, en Barcelona - Focus","isPartOf":{"@id":"https:\/\/www.focus.cat\/#website"},"primaryImageOfPage":{"@id":"https:\/\/www.focus.cat\/es\/estreno-de-alegria-del-cirque-du-soleil-en-barcelona\/#primaryimage"},"image":{"@id":"https:\/\/www.focus.cat\/es\/estreno-de-alegria-del-cirque-du-soleil-en-barcelona\/#primaryimage"},"thumbnailUrl":"https:\/\/www.focus.cat\/wp-content\/uploads\/2024\/03\/MicrosoftTeams-image-18-1.jpg","datePublished":"2024-03-20T11:20:26+00:00","inLanguage":"ca","potentialAction":[{"@type":"ReadAction","target":["https:\/\/www.focus.cat\/es\/estreno-de-alegria-del-cirque-du-soleil-en-barcelona\/"]}]},{"@type":"ImageObject","inLanguage":"ca","@id":"https:\/\/www.focus.cat\/es\/estreno-de-alegria-del-cirque-du-soleil-en-barcelona\/#primaryimage","url":"https:\/\/www.focus.cat\/wp-content\/uploads\/2024\/03\/MicrosoftTeams-image-18-1.jpg","contentUrl":"https:\/\/www.focus.cat\/wp-content\/uploads\/2024\/03\/MicrosoftTeams-image-18-1.jpg","width":1200,"height":628},{"@type":"WebSite","@id":"https:\/\/www.focus.cat\/#website","url":"https:\/\/www.focus.cat\/","name":"Focus","description":"","publisher":{"@id":"https:\/\/www.focus.cat\/#organization"},"potentialAction":[{"@type":"SearchAction","target":{"@type":"EntryPoint","urlTemplate":"https:\/\/www.focus.cat\/?s={search_term_string}"},"query-input":{"@type":"PropertyValueSpecification","valueRequired":true,"valueName":"search_term_string"}}],"inLanguage":"ca"},{"@type":"Organization","@id":"https:\/\/www.focus.cat\/#organization","name":"Focus","url":"https:\/\/www.focus.cat\/","logo":{"@type":"ImageObject","inLanguage":"ca","@id":"https:\/\/www.focus.cat\/#\/schema\/logo\/image\/","url":"https:\/\/www.focus.cat\/wp-content\/uploads\/2022\/01\/logo-focus-any-35.svg","contentUrl":"https:\/\/www.focus.cat\/wp-content\/uploads\/2022\/01\/logo-focus-any-35.svg","width":1,"height":1,"caption":"Focus"},"image":{"@id":"https:\/\/www.focus.cat\/#\/schema\/logo\/image\/"}},{"@type":"Person","@id":"https:\/\/www.focus.cat\/#\/schema\/person\/caae89e91020f6f4091f528af5ee5e71","name":"Suport Digital","image":{"@type":"ImageObject","inLanguage":"ca","@id":"https:\/\/secure.gravatar.com\/avatar\/dd41dbc903aea1c8ca8c21ad68c0e0693be9f8c724f44cf11598395a9d1a039e?s=96&d=mm&r=g","url":"https:\/\/secure.gravatar.com\/avatar\/dd41dbc903aea1c8ca8c21ad68c0e0693be9f8c724f44cf11598395a9d1a039e?s=96&d=mm&r=g","contentUrl":"https:\/\/secure.gravatar.com\/avatar\/dd41dbc903aea1c8ca8c21ad68c0e0693be9f8c724f44cf11598395a9d1a039e?s=96&d=mm&r=g","caption":"Suport Digital"},"url":"https:\/\/www.focus.cat\/author\/suport-digital\/"}]}},"_links":{"self":[{"href":"https:\/\/www.focus.cat\/wp-json\/wp\/v2\/posts\/16814","targetHints":{"allow":["GET"]}}],"collection":[{"href":"https:\/\/www.focus.cat\/wp-json\/wp\/v2\/posts"}],"about":[{"href":"https:\/\/www.focus.cat\/wp-json\/wp\/v2\/types\/post"}],"author":[{"embeddable":true,"href":"https:\/\/www.focus.cat\/wp-json\/wp\/v2\/users\/15"}],"replies":[{"embeddable":true,"href":"https:\/\/www.focus.cat\/wp-json\/wp\/v2\/comments?post=16814"}],"version-history":[{"count":0,"href":"https:\/\/www.focus.cat\/wp-json\/wp\/v2\/posts\/16814\/revisions"}],"wp:featuredmedia":[{"embeddable":true,"href":"https:\/\/www.focus.cat\/wp-json\/wp\/v2\/media\/16818"}],"wp:attachment":[{"href":"https:\/\/www.focus.cat\/wp-json\/wp\/v2\/media?parent=16814"}],"wp:term":[{"taxonomy":"category","embeddable":true,"href":"https:\/\/www.focus.cat\/wp-json\/wp\/v2\/categories?post=16814"}],"curies":[{"name":"wp","href":"https:\/\/api.w.org\/{rel}","templated":true}]}}