{"id":16835,"date":"2024-03-20T11:34:51","date_gmt":"2024-03-20T11:34:51","guid":{"rendered":"https:\/\/www.focus.cat\/?p=16835"},"modified":"2024-03-20T11:34:51","modified_gmt":"2024-03-20T11:34:51","slug":"los-grans-teatrerus-siguen-de-gira-por-los-teatros-de-focus","status":"publish","type":"post","link":"https:\/\/www.focus.cat\/es\/los-grans-teatrerus-siguen-de-gira-por-los-teatros-de-focus\/","title":{"rendered":"Los Grans Teatrerus siguen de Gira por los Teatros de Focus"},"content":{"rendered":"<p>Grans teatrerus, la iniciativa de car\u00e1cter social de \u00c0fora, sigue adelante con actividades como las que han tenido lugar en las \u00faltimas semanas, en las que participantes del proyecto han podido compartir sus experiencias con las figuras teatrales que han podido ver en directo gracias en este programa.<\/p>\n<p>El pasado 5 de marzo los Grans teatrerus pudieron disfrutar de la funci\u00f3n <em>Voltaire\/Rousseau. La disputa<\/em> en el Teatre Romea, una obra de Jean-Fran\u00e7ois Pr\u00e9vand protagonizada por Josep Maria Flotats y Pep Planas, y pudieron disfrutar de una charla previa con los dos int\u00e9rpretes de la obra, que les desvelaron algunas interioridades de la obra. Y el pasado jueves 14 de marzo los Grans teatrerus repitieron la experiencia con <em>Elling<\/em>, en La Villarroel, donde pudieron disfrutar de una charla con David Verdaguer previa a la funci\u00f3n de la noche y un coloquio posfunci\u00f3n con toda la C\u00eda.<\/p>\n<p>As\u00ed pues, esta iniciativa de car\u00e1cter social, liderada por Pepe Zapata y englobada dentro del hub de pensamiento \u00c0fora, sigue adelante y cada vez con m\u00e1s atenci\u00f3n por parte de p\u00fablico y medios.<\/p>\n<p><iframe loading=\"lazy\" title=\"Grans Teatrerus | \u00c0fora Focus | ELLING  - David Verdaguer\" width=\"1200\" height=\"675\" src=\"https:\/\/www.youtube.com\/embed\/kE3vuJjqDxY?feature=oembed\" frameborder=\"0\" allow=\"accelerometer; autoplay; clipboard-write; encrypted-media; gyroscope; picture-in-picture; web-share\" allowfullscreen><\/iframe><\/p>\n","protected":false},"excerpt":{"rendered":"<p>Grans teatrerus, la iniciativa de car\u00e1cter social de \u00c0fora, sigue adelante con actividades como las que han tenido lugar en las \u00faltimas semanas, en las que participantes del proyecto han podido compartir sus experiencias con las figuras teatrales que han podido ver en directo gracias en este programa. El pasado 5 de marzo los Grans<a class=\"excerpt-read-more\" href=\"https:\/\/www.focus.cat\/es\/los-grans-teatrerus-siguen-de-gira-por-los-teatros-de-focus\/\" title=\"LlegeixLos Grans Teatrerus siguen de Gira por los Teatros de Focus\"> &#8230; Llegeix m\u00e9s<\/a><\/p>\n","protected":false},"author":15,"featured_media":16830,"comment_status":"closed","ping_status":"closed","sticky":false,"template":"","format":"standard","meta":{"_acf_changed":false,"inline_featured_image":false,"footnotes":""},"categories":[4],"class_list":["post-16835","post","type-post","status-publish","format-standard","has-post-thumbnail","hentry","category-noticias"],"acf":[],"yoast_head":"<!-- This site is optimized with the Yoast SEO plugin v27.4 - https:\/\/yoast.com\/product\/yoast-seo-wordpress\/ -->\n<title>Los Grans Teatrerus siguen de Gira por los Teatros de Focus - Focus<\/title>\n<meta name=\"robots\" content=\"index, follow, max-snippet:-1, max-image-preview:large, max-video-preview:-1\" \/>\n<link rel=\"canonical\" href=\"https:\/\/www.focus.cat\/los-grans-teatrerus-siguen-de-gira-por-los-teatros-de-focus\/\" \/>\n<meta property=\"og:locale\" content=\"ca_ES\" \/>\n<meta property=\"og:type\" content=\"article\" \/>\n<meta property=\"og:title\" content=\"Los Grans Teatrerus siguen de Gira por los Teatros de Focus - Focus\" \/>\n<meta property=\"og:description\" content=\"Grans teatrerus, la iniciativa de car\u00e1cter social de \u00c0fora, sigue adelante con actividades como las que han tenido lugar en las \u00faltimas semanas, en las que participantes del proyecto han podido compartir sus experiencias con las figuras teatrales que han podido ver en directo gracias en este programa. El pasado 5 de marzo los Grans ... Llegeix m\u00e9s\" \/>\n<meta property=\"og:url\" content=\"https:\/\/www.focus.cat\/es\/los-grans-teatrerus-siguen-de-gira-por-los-teatros-de-focus\/\" \/>\n<meta property=\"og:site_name\" content=\"Focus\" \/>\n<meta property=\"article:published_time\" content=\"2024-03-20T11:34:51+00:00\" \/>\n<meta property=\"og:image\" content=\"https:\/\/www.focus.cat\/wp-content\/uploads\/2024\/03\/MicrosoftTeams-image-21-scaled.jpg\" \/>\n\t<meta property=\"og:image:width\" content=\"2560\" \/>\n\t<meta property=\"og:image:height\" content=\"1440\" \/>\n\t<meta property=\"og:image:type\" content=\"image\/jpeg\" \/>\n<meta name=\"author\" content=\"Suport Digital\" \/>\n<meta name=\"twitter:card\" content=\"summary_large_image\" \/>\n<script type=\"application\/ld+json\" class=\"yoast-schema-graph\">{\"@context\":\"https:\\\/\\\/schema.org\",\"@graph\":[{\"@type\":\"Article\",\"@id\":\"https:\\\/\\\/www.focus.cat\\\/es\\\/los-grans-teatrerus-siguen-de-gira-por-los-teatros-de-focus\\\/#article\",\"isPartOf\":{\"@id\":\"https:\\\/\\\/www.focus.cat\\\/es\\\/los-grans-teatrerus-siguen-de-gira-por-los-teatros-de-focus\\\/\"},\"author\":{\"name\":\"Suport Digital\",\"@id\":\"https:\\\/\\\/www.focus.cat\\\/#\\\/schema\\\/person\\\/caae89e91020f6f4091f528af5ee5e71\"},\"headline\":\"Los Grans Teatrerus siguen de Gira por los Teatros de Focus\",\"datePublished\":\"2024-03-20T11:34:51+00:00\",\"mainEntityOfPage\":{\"@id\":\"https:\\\/\\\/www.focus.cat\\\/es\\\/los-grans-teatrerus-siguen-de-gira-por-los-teatros-de-focus\\\/\"},\"wordCount\":208,\"publisher\":{\"@id\":\"https:\\\/\\\/www.focus.cat\\\/#organization\"},\"image\":{\"@id\":\"https:\\\/\\\/www.focus.cat\\\/es\\\/los-grans-teatrerus-siguen-de-gira-por-los-teatros-de-focus\\\/#primaryimage\"},\"thumbnailUrl\":\"https:\\\/\\\/www.focus.cat\\\/wp-content\\\/uploads\\\/2024\\\/03\\\/MicrosoftTeams-image-21-scaled.jpg\",\"articleSection\":[\"Noticias\"],\"inLanguage\":\"ca\"},{\"@type\":\"WebPage\",\"@id\":\"https:\\\/\\\/www.focus.cat\\\/es\\\/los-grans-teatrerus-siguen-de-gira-por-los-teatros-de-focus\\\/\",\"url\":\"https:\\\/\\\/www.focus.cat\\\/es\\\/los-grans-teatrerus-siguen-de-gira-por-los-teatros-de-focus\\\/\",\"name\":\"Los Grans Teatrerus siguen de Gira por los Teatros de Focus - Focus\",\"isPartOf\":{\"@id\":\"https:\\\/\\\/www.focus.cat\\\/#website\"},\"primaryImageOfPage\":{\"@id\":\"https:\\\/\\\/www.focus.cat\\\/es\\\/los-grans-teatrerus-siguen-de-gira-por-los-teatros-de-focus\\\/#primaryimage\"},\"image\":{\"@id\":\"https:\\\/\\\/www.focus.cat\\\/es\\\/los-grans-teatrerus-siguen-de-gira-por-los-teatros-de-focus\\\/#primaryimage\"},\"thumbnailUrl\":\"https:\\\/\\\/www.focus.cat\\\/wp-content\\\/uploads\\\/2024\\\/03\\\/MicrosoftTeams-image-21-scaled.jpg\",\"datePublished\":\"2024-03-20T11:34:51+00:00\",\"inLanguage\":\"ca\",\"potentialAction\":[{\"@type\":\"ReadAction\",\"target\":[\"https:\\\/\\\/www.focus.cat\\\/es\\\/los-grans-teatrerus-siguen-de-gira-por-los-teatros-de-focus\\\/\"]}]},{\"@type\":\"ImageObject\",\"inLanguage\":\"ca\",\"@id\":\"https:\\\/\\\/www.focus.cat\\\/es\\\/los-grans-teatrerus-siguen-de-gira-por-los-teatros-de-focus\\\/#primaryimage\",\"url\":\"https:\\\/\\\/www.focus.cat\\\/wp-content\\\/uploads\\\/2024\\\/03\\\/MicrosoftTeams-image-21-scaled.jpg\",\"contentUrl\":\"https:\\\/\\\/www.focus.cat\\\/wp-content\\\/uploads\\\/2024\\\/03\\\/MicrosoftTeams-image-21-scaled.jpg\",\"width\":2560,\"height\":1440},{\"@type\":\"WebSite\",\"@id\":\"https:\\\/\\\/www.focus.cat\\\/#website\",\"url\":\"https:\\\/\\\/www.focus.cat\\\/\",\"name\":\"Focus\",\"description\":\"\",\"publisher\":{\"@id\":\"https:\\\/\\\/www.focus.cat\\\/#organization\"},\"potentialAction\":[{\"@type\":\"SearchAction\",\"target\":{\"@type\":\"EntryPoint\",\"urlTemplate\":\"https:\\\/\\\/www.focus.cat\\\/?s={search_term_string}\"},\"query-input\":{\"@type\":\"PropertyValueSpecification\",\"valueRequired\":true,\"valueName\":\"search_term_string\"}}],\"inLanguage\":\"ca\"},{\"@type\":\"Organization\",\"@id\":\"https:\\\/\\\/www.focus.cat\\\/#organization\",\"name\":\"Focus\",\"url\":\"https:\\\/\\\/www.focus.cat\\\/\",\"logo\":{\"@type\":\"ImageObject\",\"inLanguage\":\"ca\",\"@id\":\"https:\\\/\\\/www.focus.cat\\\/#\\\/schema\\\/logo\\\/image\\\/\",\"url\":\"https:\\\/\\\/www.focus.cat\\\/wp-content\\\/uploads\\\/2022\\\/01\\\/logo-focus-any-35.svg\",\"contentUrl\":\"https:\\\/\\\/www.focus.cat\\\/wp-content\\\/uploads\\\/2022\\\/01\\\/logo-focus-any-35.svg\",\"width\":1,\"height\":1,\"caption\":\"Focus\"},\"image\":{\"@id\":\"https:\\\/\\\/www.focus.cat\\\/#\\\/schema\\\/logo\\\/image\\\/\"}},{\"@type\":\"Person\",\"@id\":\"https:\\\/\\\/www.focus.cat\\\/#\\\/schema\\\/person\\\/caae89e91020f6f4091f528af5ee5e71\",\"name\":\"Suport Digital\",\"image\":{\"@type\":\"ImageObject\",\"inLanguage\":\"ca\",\"@id\":\"https:\\\/\\\/secure.gravatar.com\\\/avatar\\\/dd41dbc903aea1c8ca8c21ad68c0e0693be9f8c724f44cf11598395a9d1a039e?s=96&d=mm&r=g\",\"url\":\"https:\\\/\\\/secure.gravatar.com\\\/avatar\\\/dd41dbc903aea1c8ca8c21ad68c0e0693be9f8c724f44cf11598395a9d1a039e?s=96&d=mm&r=g\",\"contentUrl\":\"https:\\\/\\\/secure.gravatar.com\\\/avatar\\\/dd41dbc903aea1c8ca8c21ad68c0e0693be9f8c724f44cf11598395a9d1a039e?s=96&d=mm&r=g\",\"caption\":\"Suport Digital\"},\"url\":\"https:\\\/\\\/www.focus.cat\\\/author\\\/suport-digital\\\/\"}]}<\/script>\n<!-- \/ Yoast SEO plugin. -->","yoast_head_json":{"title":"Los Grans Teatrerus siguen de Gira por los Teatros de Focus - Focus","robots":{"index":"index","follow":"follow","max-snippet":"max-snippet:-1","max-image-preview":"max-image-preview:large","max-video-preview":"max-video-preview:-1"},"canonical":"https:\/\/www.focus.cat\/los-grans-teatrerus-siguen-de-gira-por-los-teatros-de-focus\/","og_locale":"ca_ES","og_type":"article","og_title":"Los Grans Teatrerus siguen de Gira por los Teatros de Focus - Focus","og_description":"Grans teatrerus, la iniciativa de car\u00e1cter social de \u00c0fora, sigue adelante con actividades como las que han tenido lugar en las \u00faltimas semanas, en las que participantes del proyecto han podido compartir sus experiencias con las figuras teatrales que han podido ver en directo gracias en este programa. El pasado 5 de marzo los Grans ... Llegeix m\u00e9s","og_url":"https:\/\/www.focus.cat\/es\/los-grans-teatrerus-siguen-de-gira-por-los-teatros-de-focus\/","og_site_name":"Focus","article_published_time":"2024-03-20T11:34:51+00:00","og_image":[{"width":2560,"height":1440,"url":"https:\/\/www.focus.cat\/wp-content\/uploads\/2024\/03\/MicrosoftTeams-image-21-scaled.jpg","type":"image\/jpeg"}],"author":"Suport Digital","twitter_card":"summary_large_image","schema":{"@context":"https:\/\/schema.org","@graph":[{"@type":"Article","@id":"https:\/\/www.focus.cat\/es\/los-grans-teatrerus-siguen-de-gira-por-los-teatros-de-focus\/#article","isPartOf":{"@id":"https:\/\/www.focus.cat\/es\/los-grans-teatrerus-siguen-de-gira-por-los-teatros-de-focus\/"},"author":{"name":"Suport Digital","@id":"https:\/\/www.focus.cat\/#\/schema\/person\/caae89e91020f6f4091f528af5ee5e71"},"headline":"Los Grans Teatrerus siguen de Gira por los Teatros de Focus","datePublished":"2024-03-20T11:34:51+00:00","mainEntityOfPage":{"@id":"https:\/\/www.focus.cat\/es\/los-grans-teatrerus-siguen-de-gira-por-los-teatros-de-focus\/"},"wordCount":208,"publisher":{"@id":"https:\/\/www.focus.cat\/#organization"},"image":{"@id":"https:\/\/www.focus.cat\/es\/los-grans-teatrerus-siguen-de-gira-por-los-teatros-de-focus\/#primaryimage"},"thumbnailUrl":"https:\/\/www.focus.cat\/wp-content\/uploads\/2024\/03\/MicrosoftTeams-image-21-scaled.jpg","articleSection":["Noticias"],"inLanguage":"ca"},{"@type":"WebPage","@id":"https:\/\/www.focus.cat\/es\/los-grans-teatrerus-siguen-de-gira-por-los-teatros-de-focus\/","url":"https:\/\/www.focus.cat\/es\/los-grans-teatrerus-siguen-de-gira-por-los-teatros-de-focus\/","name":"Los Grans Teatrerus siguen de Gira por los Teatros de Focus - Focus","isPartOf":{"@id":"https:\/\/www.focus.cat\/#website"},"primaryImageOfPage":{"@id":"https:\/\/www.focus.cat\/es\/los-grans-teatrerus-siguen-de-gira-por-los-teatros-de-focus\/#primaryimage"},"image":{"@id":"https:\/\/www.focus.cat\/es\/los-grans-teatrerus-siguen-de-gira-por-los-teatros-de-focus\/#primaryimage"},"thumbnailUrl":"https:\/\/www.focus.cat\/wp-content\/uploads\/2024\/03\/MicrosoftTeams-image-21-scaled.jpg","datePublished":"2024-03-20T11:34:51+00:00","inLanguage":"ca","potentialAction":[{"@type":"ReadAction","target":["https:\/\/www.focus.cat\/es\/los-grans-teatrerus-siguen-de-gira-por-los-teatros-de-focus\/"]}]},{"@type":"ImageObject","inLanguage":"ca","@id":"https:\/\/www.focus.cat\/es\/los-grans-teatrerus-siguen-de-gira-por-los-teatros-de-focus\/#primaryimage","url":"https:\/\/www.focus.cat\/wp-content\/uploads\/2024\/03\/MicrosoftTeams-image-21-scaled.jpg","contentUrl":"https:\/\/www.focus.cat\/wp-content\/uploads\/2024\/03\/MicrosoftTeams-image-21-scaled.jpg","width":2560,"height":1440},{"@type":"WebSite","@id":"https:\/\/www.focus.cat\/#website","url":"https:\/\/www.focus.cat\/","name":"Focus","description":"","publisher":{"@id":"https:\/\/www.focus.cat\/#organization"},"potentialAction":[{"@type":"SearchAction","target":{"@type":"EntryPoint","urlTemplate":"https:\/\/www.focus.cat\/?s={search_term_string}"},"query-input":{"@type":"PropertyValueSpecification","valueRequired":true,"valueName":"search_term_string"}}],"inLanguage":"ca"},{"@type":"Organization","@id":"https:\/\/www.focus.cat\/#organization","name":"Focus","url":"https:\/\/www.focus.cat\/","logo":{"@type":"ImageObject","inLanguage":"ca","@id":"https:\/\/www.focus.cat\/#\/schema\/logo\/image\/","url":"https:\/\/www.focus.cat\/wp-content\/uploads\/2022\/01\/logo-focus-any-35.svg","contentUrl":"https:\/\/www.focus.cat\/wp-content\/uploads\/2022\/01\/logo-focus-any-35.svg","width":1,"height":1,"caption":"Focus"},"image":{"@id":"https:\/\/www.focus.cat\/#\/schema\/logo\/image\/"}},{"@type":"Person","@id":"https:\/\/www.focus.cat\/#\/schema\/person\/caae89e91020f6f4091f528af5ee5e71","name":"Suport Digital","image":{"@type":"ImageObject","inLanguage":"ca","@id":"https:\/\/secure.gravatar.com\/avatar\/dd41dbc903aea1c8ca8c21ad68c0e0693be9f8c724f44cf11598395a9d1a039e?s=96&d=mm&r=g","url":"https:\/\/secure.gravatar.com\/avatar\/dd41dbc903aea1c8ca8c21ad68c0e0693be9f8c724f44cf11598395a9d1a039e?s=96&d=mm&r=g","contentUrl":"https:\/\/secure.gravatar.com\/avatar\/dd41dbc903aea1c8ca8c21ad68c0e0693be9f8c724f44cf11598395a9d1a039e?s=96&d=mm&r=g","caption":"Suport Digital"},"url":"https:\/\/www.focus.cat\/author\/suport-digital\/"}]}},"_links":{"self":[{"href":"https:\/\/www.focus.cat\/wp-json\/wp\/v2\/posts\/16835","targetHints":{"allow":["GET"]}}],"collection":[{"href":"https:\/\/www.focus.cat\/wp-json\/wp\/v2\/posts"}],"about":[{"href":"https:\/\/www.focus.cat\/wp-json\/wp\/v2\/types\/post"}],"author":[{"embeddable":true,"href":"https:\/\/www.focus.cat\/wp-json\/wp\/v2\/users\/15"}],"replies":[{"embeddable":true,"href":"https:\/\/www.focus.cat\/wp-json\/wp\/v2\/comments?post=16835"}],"version-history":[{"count":0,"href":"https:\/\/www.focus.cat\/wp-json\/wp\/v2\/posts\/16835\/revisions"}],"wp:featuredmedia":[{"embeddable":true,"href":"https:\/\/www.focus.cat\/wp-json\/wp\/v2\/media\/16830"}],"wp:attachment":[{"href":"https:\/\/www.focus.cat\/wp-json\/wp\/v2\/media?parent=16835"}],"wp:term":[{"taxonomy":"category","embeddable":true,"href":"https:\/\/www.focus.cat\/wp-json\/wp\/v2\/categories?post=16835"}],"curies":[{"name":"wp","href":"https:\/\/api.w.org\/{rel}","templated":true}]}}