{"id":17398,"date":"2024-04-22T11:32:29","date_gmt":"2024-04-22T11:32:29","guid":{"rendered":"https:\/\/www.focus.cat\/?p=17398"},"modified":"2024-04-22T11:34:58","modified_gmt":"2024-04-22T11:34:58","slug":"poesia-sin-red","status":"publish","type":"post","link":"https:\/\/www.focus.cat\/es\/poesia-sin-red\/","title":{"rendered":"Poes\u00eda sin red"},"content":{"rendered":"<p>El lunes 22 de abril, coincidiendo con la celebraci\u00f3n de Sant Jordi, la Fundaci\u00f3 Romea celebra un concierto de poes\u00eda. Miguel Gane y Patricia Benito presentar\u00e1n sus \u00faltimos trabajos art\u00edsticos. El evento revel\u00f3 c\u00f3mo la poes\u00eda alcanza su m\u00e1xima expresividad cuando es recitada en p\u00fablico, sin intermediarios ni redes sociales. Propuso un encuentro para compartir su visi\u00f3n del mundo, un mundo donde el amor, la pasi\u00f3n, los encuentros fortuitos, el descubrimiento de lo desconocido, la esperanza y la decepci\u00f3n son algunas de las emociones que impulsen a hombres y dones a conectar con la poes\u00eda y dialogar con ella.<\/p>\n<p>Patricia Benito, nos presenta<\/p>\n<p>&nbsp;<\/p>\n<p>UN CUERPO AGOTADO<\/p>\n<p>&nbsp;<\/p>\n<p>Un cuerpo agotado\u00a0es una obra conmovedora y profundamente \u00edntima. Patricia Benito, conocida por su habilidad para conmover a sus lectores con una sinceridad y empat\u00eda inigualables, nos presenta en esta obra su lado m\u00e1s personal y revelador.<\/p>\n<p>La autora nos gu\u00eda a trav\u00e9s de sus vivencias m\u00e1s \u00edntimas con una honestidad conmovedora, permiti\u00e9ndonos indagar en nuestras luchas y logros internos, record\u00e1ndonos la importancia de amarnos y entendernos a nosotros mismos en un mundo que a menudo nos empuja en la direcci\u00f3n opuesta.<\/p>\n<p>\u00abTrat\u00e9 de refugiarme en una habitaci\u00f3n de unos siete metros cuadrados, no siempre de la misma ciudad. Desde ella se ven los p\u00e1jaros y sus nidos, tambi\u00e9n atardecer, nunca la luna. Este lugar, repartido por el mundo, tiene en com\u00fan una ventana, un espejo, una planta viva y estos huesos. Diferentes vistas, plantas y espejos, pero siempre el mismo hogar: mi cuerpo.<\/p>\n<p>Esto no tiene que ver tanto con la forma como con el fondo: con un alma cansada de luchar contra varios ej\u00e9rcitos despiadados enquistados dentro de ella. De m\u00ed. Contra un mundo obscenamente malvado y t\u00edmidamente bondadoso, contra la incapacidad de querer y cuidar; contra el miedo, que es lo que lo rompe todo.<\/p>\n<p>Me hice bolita hasta que pude abrir los ojos. Me arrastr\u00e9 hasta que fui capaz de caminar. Levantarme ya era una revoluci\u00f3n.<\/p>\n<p>Este libro es casi un milagro\u00bb.<\/p>\n<p>Miguel Gane, nos presenta<\/p>\n<p>NOS FALT\u00d3 BAILAR<\/p>\n<p>Nos falt\u00f3 bailar\u00a0es una historia de amor que auna poes\u00eda y m\u00fasica en una sola voz. Son aquellas cosas que compartimos, pero tambi\u00e9n las que dejamos sin due\u00f1o. Son los besos de encuentro y los abrazos de despedida, los viajes que hicimos y los asientos de avi\u00f3n que nunca ocupamos. Es la risa por encima de la l\u00e1grima, es un verso canalla y la belleza del silencio, es saber que decir adi\u00f3s no siempre significa despedirse. Nos falt\u00f3 bailar y no sabemos muy bien porqu\u00e9, ni qu\u00e9 canci\u00f3n hubi\u00e9ramos escogido y tal vez por eso exista toda esta poes\u00eda.<\/p>\n","protected":false},"excerpt":{"rendered":"<p>El lunes 22 de abril, coincidiendo con la celebraci\u00f3n de Sant Jordi, la Fundaci\u00f3 Romea celebra un concierto de poes\u00eda. Miguel Gane y Patricia Benito presentar\u00e1n sus \u00faltimos trabajos art\u00edsticos. El evento revel\u00f3 c\u00f3mo la poes\u00eda alcanza su m\u00e1xima expresividad cuando es recitada en p\u00fablico, sin intermediarios ni redes sociales. Propuso un encuentro para compartir<a class=\"excerpt-read-more\" href=\"https:\/\/www.focus.cat\/es\/poesia-sin-red\/\" title=\"LlegeixPoes\u00eda sin red\"> &#8230; Llegeix m\u00e9s<\/a><\/p>\n","protected":false},"author":16,"featured_media":17396,"comment_status":"closed","ping_status":"closed","sticky":false,"template":"","format":"standard","meta":{"_acf_changed":false,"inline_featured_image":false,"footnotes":""},"categories":[40],"class_list":["post-17398","post","type-post","status-publish","format-standard","has-post-thumbnail","hentry","category-fundacion-romea"],"acf":[],"yoast_head":"<!-- This site is optimized with the Yoast SEO plugin v27.5 - https:\/\/yoast.com\/product\/yoast-seo-wordpress\/ -->\n<title>Poes\u00eda sin red - Focus<\/title>\n<meta name=\"robots\" content=\"index, follow, max-snippet:-1, max-image-preview:large, max-video-preview:-1\" \/>\n<link rel=\"canonical\" href=\"https:\/\/www.focus.cat\/poesia-sin-red\/\" \/>\n<meta property=\"og:locale\" content=\"ca_ES\" \/>\n<meta property=\"og:type\" content=\"article\" \/>\n<meta property=\"og:title\" content=\"Poes\u00eda sin red - Focus\" \/>\n<meta property=\"og:description\" content=\"El lunes 22 de abril, coincidiendo con la celebraci\u00f3n de Sant Jordi, la Fundaci\u00f3 Romea celebra un concierto de poes\u00eda. Miguel Gane y Patricia Benito presentar\u00e1n sus \u00faltimos trabajos art\u00edsticos. El evento revel\u00f3 c\u00f3mo la poes\u00eda alcanza su m\u00e1xima expresividad cuando es recitada en p\u00fablico, sin intermediarios ni redes sociales. Propuso un encuentro para compartir ... Llegeix m\u00e9s\" \/>\n<meta property=\"og:url\" content=\"https:\/\/www.focus.cat\/es\/poesia-sin-red\/\" \/>\n<meta property=\"og:site_name\" content=\"Focus\" \/>\n<meta property=\"article:published_time\" content=\"2024-04-22T11:32:29+00:00\" \/>\n<meta property=\"article:modified_time\" content=\"2024-04-22T11:34:58+00:00\" \/>\n<meta property=\"og:image\" content=\"https:\/\/www.focus.cat\/wp-content\/uploads\/2024\/04\/poesia-sense-xarxa-24_previ-baixa-resolucio-01.jpg\" \/>\n\t<meta property=\"og:image:width\" content=\"900\" \/>\n\t<meta property=\"og:image:height\" content=\"1260\" \/>\n\t<meta property=\"og:image:type\" content=\"image\/jpeg\" \/>\n<meta name=\"author\" content=\"Brenda Becker\" \/>\n<meta name=\"twitter:card\" content=\"summary_large_image\" \/>\n<script type=\"application\/ld+json\" class=\"yoast-schema-graph\">{\"@context\":\"https:\\\/\\\/schema.org\",\"@graph\":[{\"@type\":\"Article\",\"@id\":\"https:\\\/\\\/www.focus.cat\\\/es\\\/poesia-sin-red\\\/#article\",\"isPartOf\":{\"@id\":\"https:\\\/\\\/www.focus.cat\\\/es\\\/poesia-sin-red\\\/\"},\"author\":{\"name\":\"Brenda Becker\",\"@id\":\"https:\\\/\\\/www.focus.cat\\\/#\\\/schema\\\/person\\\/45cbcf79c7b3047ca01818c50e607a32\"},\"headline\":\"Poes\u00eda sin red\",\"datePublished\":\"2024-04-22T11:32:29+00:00\",\"dateModified\":\"2024-04-22T11:34:58+00:00\",\"mainEntityOfPage\":{\"@id\":\"https:\\\/\\\/www.focus.cat\\\/es\\\/poesia-sin-red\\\/\"},\"wordCount\":482,\"publisher\":{\"@id\":\"https:\\\/\\\/www.focus.cat\\\/#organization\"},\"image\":{\"@id\":\"https:\\\/\\\/www.focus.cat\\\/es\\\/poesia-sin-red\\\/#primaryimage\"},\"thumbnailUrl\":\"https:\\\/\\\/www.focus.cat\\\/wp-content\\\/uploads\\\/2024\\\/04\\\/poesia-sense-xarxa-24_previ-baixa-resolucio-01.jpg\",\"articleSection\":[\"Fundaci\u00f3n Romea\"],\"inLanguage\":\"ca\"},{\"@type\":\"WebPage\",\"@id\":\"https:\\\/\\\/www.focus.cat\\\/es\\\/poesia-sin-red\\\/\",\"url\":\"https:\\\/\\\/www.focus.cat\\\/es\\\/poesia-sin-red\\\/\",\"name\":\"Poes\u00eda sin red - Focus\",\"isPartOf\":{\"@id\":\"https:\\\/\\\/www.focus.cat\\\/#website\"},\"primaryImageOfPage\":{\"@id\":\"https:\\\/\\\/www.focus.cat\\\/es\\\/poesia-sin-red\\\/#primaryimage\"},\"image\":{\"@id\":\"https:\\\/\\\/www.focus.cat\\\/es\\\/poesia-sin-red\\\/#primaryimage\"},\"thumbnailUrl\":\"https:\\\/\\\/www.focus.cat\\\/wp-content\\\/uploads\\\/2024\\\/04\\\/poesia-sense-xarxa-24_previ-baixa-resolucio-01.jpg\",\"datePublished\":\"2024-04-22T11:32:29+00:00\",\"dateModified\":\"2024-04-22T11:34:58+00:00\",\"inLanguage\":\"ca\",\"potentialAction\":[{\"@type\":\"ReadAction\",\"target\":[\"https:\\\/\\\/www.focus.cat\\\/es\\\/poesia-sin-red\\\/\"]}]},{\"@type\":\"ImageObject\",\"inLanguage\":\"ca\",\"@id\":\"https:\\\/\\\/www.focus.cat\\\/es\\\/poesia-sin-red\\\/#primaryimage\",\"url\":\"https:\\\/\\\/www.focus.cat\\\/wp-content\\\/uploads\\\/2024\\\/04\\\/poesia-sense-xarxa-24_previ-baixa-resolucio-01.jpg\",\"contentUrl\":\"https:\\\/\\\/www.focus.cat\\\/wp-content\\\/uploads\\\/2024\\\/04\\\/poesia-sense-xarxa-24_previ-baixa-resolucio-01.jpg\",\"width\":900,\"height\":1260},{\"@type\":\"WebSite\",\"@id\":\"https:\\\/\\\/www.focus.cat\\\/#website\",\"url\":\"https:\\\/\\\/www.focus.cat\\\/\",\"name\":\"Focus\",\"description\":\"\",\"publisher\":{\"@id\":\"https:\\\/\\\/www.focus.cat\\\/#organization\"},\"potentialAction\":[{\"@type\":\"SearchAction\",\"target\":{\"@type\":\"EntryPoint\",\"urlTemplate\":\"https:\\\/\\\/www.focus.cat\\\/?s={search_term_string}\"},\"query-input\":{\"@type\":\"PropertyValueSpecification\",\"valueRequired\":true,\"valueName\":\"search_term_string\"}}],\"inLanguage\":\"ca\"},{\"@type\":\"Organization\",\"@id\":\"https:\\\/\\\/www.focus.cat\\\/#organization\",\"name\":\"Focus\",\"url\":\"https:\\\/\\\/www.focus.cat\\\/\",\"logo\":{\"@type\":\"ImageObject\",\"inLanguage\":\"ca\",\"@id\":\"https:\\\/\\\/www.focus.cat\\\/#\\\/schema\\\/logo\\\/image\\\/\",\"url\":\"https:\\\/\\\/www.focus.cat\\\/wp-content\\\/uploads\\\/2022\\\/01\\\/logo-focus-any-35.svg\",\"contentUrl\":\"https:\\\/\\\/www.focus.cat\\\/wp-content\\\/uploads\\\/2022\\\/01\\\/logo-focus-any-35.svg\",\"width\":1,\"height\":1,\"caption\":\"Focus\"},\"image\":{\"@id\":\"https:\\\/\\\/www.focus.cat\\\/#\\\/schema\\\/logo\\\/image\\\/\"}},{\"@type\":\"Person\",\"@id\":\"https:\\\/\\\/www.focus.cat\\\/#\\\/schema\\\/person\\\/45cbcf79c7b3047ca01818c50e607a32\",\"name\":\"Brenda Becker\",\"image\":{\"@type\":\"ImageObject\",\"inLanguage\":\"ca\",\"@id\":\"https:\\\/\\\/secure.gravatar.com\\\/avatar\\\/bf45b1ffca36f0e2b6cbeb689cead579b5275b1489889a25ac0e66115dfb28c7?s=96&d=mm&r=g\",\"url\":\"https:\\\/\\\/secure.gravatar.com\\\/avatar\\\/bf45b1ffca36f0e2b6cbeb689cead579b5275b1489889a25ac0e66115dfb28c7?s=96&d=mm&r=g\",\"contentUrl\":\"https:\\\/\\\/secure.gravatar.com\\\/avatar\\\/bf45b1ffca36f0e2b6cbeb689cead579b5275b1489889a25ac0e66115dfb28c7?s=96&d=mm&r=g\",\"caption\":\"Brenda Becker\"},\"url\":\"https:\\\/\\\/www.focus.cat\\\/author\\\/brenda-becker\\\/\"}]}<\/script>\n<!-- \/ Yoast SEO plugin. -->","yoast_head_json":{"title":"Poes\u00eda sin red - Focus","robots":{"index":"index","follow":"follow","max-snippet":"max-snippet:-1","max-image-preview":"max-image-preview:large","max-video-preview":"max-video-preview:-1"},"canonical":"https:\/\/www.focus.cat\/poesia-sin-red\/","og_locale":"ca_ES","og_type":"article","og_title":"Poes\u00eda sin red - Focus","og_description":"El lunes 22 de abril, coincidiendo con la celebraci\u00f3n de Sant Jordi, la Fundaci\u00f3 Romea celebra un concierto de poes\u00eda. Miguel Gane y Patricia Benito presentar\u00e1n sus \u00faltimos trabajos art\u00edsticos. El evento revel\u00f3 c\u00f3mo la poes\u00eda alcanza su m\u00e1xima expresividad cuando es recitada en p\u00fablico, sin intermediarios ni redes sociales. Propuso un encuentro para compartir ... Llegeix m\u00e9s","og_url":"https:\/\/www.focus.cat\/es\/poesia-sin-red\/","og_site_name":"Focus","article_published_time":"2024-04-22T11:32:29+00:00","article_modified_time":"2024-04-22T11:34:58+00:00","og_image":[{"width":900,"height":1260,"url":"https:\/\/www.focus.cat\/wp-content\/uploads\/2024\/04\/poesia-sense-xarxa-24_previ-baixa-resolucio-01.jpg","type":"image\/jpeg"}],"author":"Brenda Becker","twitter_card":"summary_large_image","schema":{"@context":"https:\/\/schema.org","@graph":[{"@type":"Article","@id":"https:\/\/www.focus.cat\/es\/poesia-sin-red\/#article","isPartOf":{"@id":"https:\/\/www.focus.cat\/es\/poesia-sin-red\/"},"author":{"name":"Brenda Becker","@id":"https:\/\/www.focus.cat\/#\/schema\/person\/45cbcf79c7b3047ca01818c50e607a32"},"headline":"Poes\u00eda sin red","datePublished":"2024-04-22T11:32:29+00:00","dateModified":"2024-04-22T11:34:58+00:00","mainEntityOfPage":{"@id":"https:\/\/www.focus.cat\/es\/poesia-sin-red\/"},"wordCount":482,"publisher":{"@id":"https:\/\/www.focus.cat\/#organization"},"image":{"@id":"https:\/\/www.focus.cat\/es\/poesia-sin-red\/#primaryimage"},"thumbnailUrl":"https:\/\/www.focus.cat\/wp-content\/uploads\/2024\/04\/poesia-sense-xarxa-24_previ-baixa-resolucio-01.jpg","articleSection":["Fundaci\u00f3n Romea"],"inLanguage":"ca"},{"@type":"WebPage","@id":"https:\/\/www.focus.cat\/es\/poesia-sin-red\/","url":"https:\/\/www.focus.cat\/es\/poesia-sin-red\/","name":"Poes\u00eda sin red - Focus","isPartOf":{"@id":"https:\/\/www.focus.cat\/#website"},"primaryImageOfPage":{"@id":"https:\/\/www.focus.cat\/es\/poesia-sin-red\/#primaryimage"},"image":{"@id":"https:\/\/www.focus.cat\/es\/poesia-sin-red\/#primaryimage"},"thumbnailUrl":"https:\/\/www.focus.cat\/wp-content\/uploads\/2024\/04\/poesia-sense-xarxa-24_previ-baixa-resolucio-01.jpg","datePublished":"2024-04-22T11:32:29+00:00","dateModified":"2024-04-22T11:34:58+00:00","inLanguage":"ca","potentialAction":[{"@type":"ReadAction","target":["https:\/\/www.focus.cat\/es\/poesia-sin-red\/"]}]},{"@type":"ImageObject","inLanguage":"ca","@id":"https:\/\/www.focus.cat\/es\/poesia-sin-red\/#primaryimage","url":"https:\/\/www.focus.cat\/wp-content\/uploads\/2024\/04\/poesia-sense-xarxa-24_previ-baixa-resolucio-01.jpg","contentUrl":"https:\/\/www.focus.cat\/wp-content\/uploads\/2024\/04\/poesia-sense-xarxa-24_previ-baixa-resolucio-01.jpg","width":900,"height":1260},{"@type":"WebSite","@id":"https:\/\/www.focus.cat\/#website","url":"https:\/\/www.focus.cat\/","name":"Focus","description":"","publisher":{"@id":"https:\/\/www.focus.cat\/#organization"},"potentialAction":[{"@type":"SearchAction","target":{"@type":"EntryPoint","urlTemplate":"https:\/\/www.focus.cat\/?s={search_term_string}"},"query-input":{"@type":"PropertyValueSpecification","valueRequired":true,"valueName":"search_term_string"}}],"inLanguage":"ca"},{"@type":"Organization","@id":"https:\/\/www.focus.cat\/#organization","name":"Focus","url":"https:\/\/www.focus.cat\/","logo":{"@type":"ImageObject","inLanguage":"ca","@id":"https:\/\/www.focus.cat\/#\/schema\/logo\/image\/","url":"https:\/\/www.focus.cat\/wp-content\/uploads\/2022\/01\/logo-focus-any-35.svg","contentUrl":"https:\/\/www.focus.cat\/wp-content\/uploads\/2022\/01\/logo-focus-any-35.svg","width":1,"height":1,"caption":"Focus"},"image":{"@id":"https:\/\/www.focus.cat\/#\/schema\/logo\/image\/"}},{"@type":"Person","@id":"https:\/\/www.focus.cat\/#\/schema\/person\/45cbcf79c7b3047ca01818c50e607a32","name":"Brenda Becker","image":{"@type":"ImageObject","inLanguage":"ca","@id":"https:\/\/secure.gravatar.com\/avatar\/bf45b1ffca36f0e2b6cbeb689cead579b5275b1489889a25ac0e66115dfb28c7?s=96&d=mm&r=g","url":"https:\/\/secure.gravatar.com\/avatar\/bf45b1ffca36f0e2b6cbeb689cead579b5275b1489889a25ac0e66115dfb28c7?s=96&d=mm&r=g","contentUrl":"https:\/\/secure.gravatar.com\/avatar\/bf45b1ffca36f0e2b6cbeb689cead579b5275b1489889a25ac0e66115dfb28c7?s=96&d=mm&r=g","caption":"Brenda Becker"},"url":"https:\/\/www.focus.cat\/author\/brenda-becker\/"}]}},"_links":{"self":[{"href":"https:\/\/www.focus.cat\/wp-json\/wp\/v2\/posts\/17398","targetHints":{"allow":["GET"]}}],"collection":[{"href":"https:\/\/www.focus.cat\/wp-json\/wp\/v2\/posts"}],"about":[{"href":"https:\/\/www.focus.cat\/wp-json\/wp\/v2\/types\/post"}],"author":[{"embeddable":true,"href":"https:\/\/www.focus.cat\/wp-json\/wp\/v2\/users\/16"}],"replies":[{"embeddable":true,"href":"https:\/\/www.focus.cat\/wp-json\/wp\/v2\/comments?post=17398"}],"version-history":[{"count":0,"href":"https:\/\/www.focus.cat\/wp-json\/wp\/v2\/posts\/17398\/revisions"}],"wp:featuredmedia":[{"embeddable":true,"href":"https:\/\/www.focus.cat\/wp-json\/wp\/v2\/media\/17396"}],"wp:attachment":[{"href":"https:\/\/www.focus.cat\/wp-json\/wp\/v2\/media?parent=17398"}],"wp:term":[{"taxonomy":"category","embeddable":true,"href":"https:\/\/www.focus.cat\/wp-json\/wp\/v2\/categories?post=17398"}],"curies":[{"name":"wp","href":"https:\/\/api.w.org\/{rel}","templated":true}]}}