{"id":18293,"date":"2024-06-13T14:20:47","date_gmt":"2024-06-13T14:20:47","guid":{"rendered":"https:\/\/www.focus.cat\/?p=18293"},"modified":"2024-06-13T14:20:47","modified_gmt":"2024-06-13T14:20:47","slug":"despues-del-exito-en-barcelona-alegria-llega-a-malaga-y-alicante","status":"publish","type":"post","link":"https:\/\/www.focus.cat\/es\/despues-del-exito-en-barcelona-alegria-llega-a-malaga-y-alicante\/","title":{"rendered":"Despu\u00e9s del \u00e9xito en Barcelona, Alegr\u00eda llega a M\u00e1laga y Alicante"},"content":{"rendered":"<p>El <strong>Cirque du Soleil<\/strong>, con su ic\u00f3nico espect\u00e1culo, <em><strong>Alegr\u00eda<\/strong><\/em>, sigue su gira por Espa\u00f1a despu\u00e9s del gran \u00e9xito alcanzado en Barcelona. Con una asistencia de 150.000 espectadores durante su estancia en la capital catalana, <em><strong>Alegr\u00eda, bajo una nueva luz<\/strong><\/em>, ha iniciado ahora una larga gira que durar\u00e1 el espect\u00e1culo por diversas ciudades de la geograf\u00eda espa\u00f1ola.<\/p>\n<p>La primera de estas etapas tendr\u00e1 lugar en <strong>M\u00e1laga<\/strong>, donde se instalar\u00e1 su Gran Carpa en el Recinto Ferial de M\u00e1laga, del 30 de mayo al 30 de junio. Posteriormente el espect\u00e1culo llegar\u00e1 a las tierras valencianas, concretamente en la playa de San Juan de <strong>Alicante<\/strong>, donde permanecer\u00e1 instalada del 16 de julio al 1 de septiembre.<\/p>\n<p><img decoding=\"async\" class=\"size-full wp-image-18288 aligncenter\" src=\"https:\/\/www.focus.cat\/wp-content\/uploads\/2024\/06\/A-Banners-Nativo-Fotos-1067x600-7.jpg\" alt=\"\" width=\"1067\" height=\"600\" srcset=\"https:\/\/www.focus.cat\/wp-content\/uploads\/2024\/06\/A-Banners-Nativo-Fotos-1067x600-7.jpg 1067w, https:\/\/www.focus.cat\/wp-content\/uploads\/2024\/06\/A-Banners-Nativo-Fotos-1067x600-7-300x169.jpg 300w, https:\/\/www.focus.cat\/wp-content\/uploads\/2024\/06\/A-Banners-Nativo-Fotos-1067x600-7-150x84.jpg 150w, https:\/\/www.focus.cat\/wp-content\/uploads\/2024\/06\/A-Banners-Nativo-Fotos-1067x600-7-800x450.jpg 800w\" sizes=\"(max-width: 1067px) 100vw, 1067px\" \/><\/p>\n","protected":false},"excerpt":{"rendered":"<p>El Cirque du Soleil, con su ic\u00f3nico espect\u00e1culo, Alegr\u00eda, sigue su gira por Espa\u00f1a despu\u00e9s del gran \u00e9xito alcanzado en Barcelona. Con una asistencia de 150.000 espectadores durante su estancia en la capital catalana, Alegr\u00eda, bajo una nueva luz, ha iniciado ahora una larga gira que durar\u00e1 el espect\u00e1culo por diversas ciudades de la geograf\u00eda<a class=\"excerpt-read-more\" href=\"https:\/\/www.focus.cat\/es\/despues-del-exito-en-barcelona-alegria-llega-a-malaga-y-alicante\/\" title=\"LlegeixDespu\u00e9s del \u00e9xito en Barcelona, Alegr\u00eda llega a M\u00e1laga y Alicante\"> &#8230; Llegeix m\u00e9s<\/a><\/p>\n","protected":false},"author":16,"featured_media":18288,"comment_status":"closed","ping_status":"closed","sticky":false,"template":"","format":"standard","meta":{"_acf_changed":false,"inline_featured_image":false,"footnotes":""},"categories":[4],"class_list":["post-18293","post","type-post","status-publish","format-standard","has-post-thumbnail","hentry","category-noticias"],"acf":[],"yoast_head":"<!-- This site is optimized with the Yoast SEO plugin v27.5 - https:\/\/yoast.com\/product\/yoast-seo-wordpress\/ -->\n<title>Despu\u00e9s del \u00e9xito en Barcelona, Alegr\u00eda llega a M\u00e1laga y Alicante - Focus<\/title>\n<meta name=\"robots\" content=\"index, follow, max-snippet:-1, max-image-preview:large, max-video-preview:-1\" \/>\n<link rel=\"canonical\" href=\"https:\/\/www.focus.cat\/despues-del-exito-en-barcelona-alegria-llega-a-malaga-y-alicante\/\" \/>\n<meta property=\"og:locale\" content=\"ca_ES\" \/>\n<meta property=\"og:type\" content=\"article\" \/>\n<meta property=\"og:title\" content=\"Despu\u00e9s del \u00e9xito en Barcelona, Alegr\u00eda llega a M\u00e1laga y Alicante - Focus\" \/>\n<meta property=\"og:description\" content=\"El Cirque du Soleil, con su ic\u00f3nico espect\u00e1culo, Alegr\u00eda, sigue su gira por Espa\u00f1a despu\u00e9s del gran \u00e9xito alcanzado en Barcelona. Con una asistencia de 150.000 espectadores durante su estancia en la capital catalana, Alegr\u00eda, bajo una nueva luz, ha iniciado ahora una larga gira que durar\u00e1 el espect\u00e1culo por diversas ciudades de la geograf\u00eda ... Llegeix m\u00e9s\" \/>\n<meta property=\"og:url\" content=\"https:\/\/www.focus.cat\/es\/despues-del-exito-en-barcelona-alegria-llega-a-malaga-y-alicante\/\" \/>\n<meta property=\"og:site_name\" content=\"Focus\" \/>\n<meta property=\"article:published_time\" content=\"2024-06-13T14:20:47+00:00\" \/>\n<meta property=\"og:image\" content=\"https:\/\/www.focus.cat\/wp-content\/uploads\/2024\/06\/A-Banners-Nativo-Fotos-1067x600-7.jpg\" \/>\n\t<meta property=\"og:image:width\" content=\"1067\" \/>\n\t<meta property=\"og:image:height\" content=\"600\" \/>\n\t<meta property=\"og:image:type\" content=\"image\/jpeg\" \/>\n<meta name=\"author\" content=\"Brenda Becker\" \/>\n<meta name=\"twitter:card\" content=\"summary_large_image\" \/>\n<script type=\"application\/ld+json\" class=\"yoast-schema-graph\">{\"@context\":\"https:\\\/\\\/schema.org\",\"@graph\":[{\"@type\":\"Article\",\"@id\":\"https:\\\/\\\/www.focus.cat\\\/es\\\/despues-del-exito-en-barcelona-alegria-llega-a-malaga-y-alicante\\\/#article\",\"isPartOf\":{\"@id\":\"https:\\\/\\\/www.focus.cat\\\/es\\\/despues-del-exito-en-barcelona-alegria-llega-a-malaga-y-alicante\\\/\"},\"author\":{\"name\":\"Brenda Becker\",\"@id\":\"https:\\\/\\\/www.focus.cat\\\/#\\\/schema\\\/person\\\/45cbcf79c7b3047ca01818c50e607a32\"},\"headline\":\"Despu\u00e9s del \u00e9xito en Barcelona, Alegr\u00eda llega a M\u00e1laga y Alicante\",\"datePublished\":\"2024-06-13T14:20:47+00:00\",\"mainEntityOfPage\":{\"@id\":\"https:\\\/\\\/www.focus.cat\\\/es\\\/despues-del-exito-en-barcelona-alegria-llega-a-malaga-y-alicante\\\/\"},\"wordCount\":134,\"publisher\":{\"@id\":\"https:\\\/\\\/www.focus.cat\\\/#organization\"},\"image\":{\"@id\":\"https:\\\/\\\/www.focus.cat\\\/es\\\/despues-del-exito-en-barcelona-alegria-llega-a-malaga-y-alicante\\\/#primaryimage\"},\"thumbnailUrl\":\"https:\\\/\\\/www.focus.cat\\\/wp-content\\\/uploads\\\/2024\\\/06\\\/A-Banners-Nativo-Fotos-1067x600-7.jpg\",\"articleSection\":[\"Noticias\"],\"inLanguage\":\"ca\"},{\"@type\":\"WebPage\",\"@id\":\"https:\\\/\\\/www.focus.cat\\\/es\\\/despues-del-exito-en-barcelona-alegria-llega-a-malaga-y-alicante\\\/\",\"url\":\"https:\\\/\\\/www.focus.cat\\\/es\\\/despues-del-exito-en-barcelona-alegria-llega-a-malaga-y-alicante\\\/\",\"name\":\"Despu\u00e9s del \u00e9xito en Barcelona, Alegr\u00eda llega a M\u00e1laga y Alicante - Focus\",\"isPartOf\":{\"@id\":\"https:\\\/\\\/www.focus.cat\\\/#website\"},\"primaryImageOfPage\":{\"@id\":\"https:\\\/\\\/www.focus.cat\\\/es\\\/despues-del-exito-en-barcelona-alegria-llega-a-malaga-y-alicante\\\/#primaryimage\"},\"image\":{\"@id\":\"https:\\\/\\\/www.focus.cat\\\/es\\\/despues-del-exito-en-barcelona-alegria-llega-a-malaga-y-alicante\\\/#primaryimage\"},\"thumbnailUrl\":\"https:\\\/\\\/www.focus.cat\\\/wp-content\\\/uploads\\\/2024\\\/06\\\/A-Banners-Nativo-Fotos-1067x600-7.jpg\",\"datePublished\":\"2024-06-13T14:20:47+00:00\",\"inLanguage\":\"ca\",\"potentialAction\":[{\"@type\":\"ReadAction\",\"target\":[\"https:\\\/\\\/www.focus.cat\\\/es\\\/despues-del-exito-en-barcelona-alegria-llega-a-malaga-y-alicante\\\/\"]}]},{\"@type\":\"ImageObject\",\"inLanguage\":\"ca\",\"@id\":\"https:\\\/\\\/www.focus.cat\\\/es\\\/despues-del-exito-en-barcelona-alegria-llega-a-malaga-y-alicante\\\/#primaryimage\",\"url\":\"https:\\\/\\\/www.focus.cat\\\/wp-content\\\/uploads\\\/2024\\\/06\\\/A-Banners-Nativo-Fotos-1067x600-7.jpg\",\"contentUrl\":\"https:\\\/\\\/www.focus.cat\\\/wp-content\\\/uploads\\\/2024\\\/06\\\/A-Banners-Nativo-Fotos-1067x600-7.jpg\",\"width\":1067,\"height\":600},{\"@type\":\"WebSite\",\"@id\":\"https:\\\/\\\/www.focus.cat\\\/#website\",\"url\":\"https:\\\/\\\/www.focus.cat\\\/\",\"name\":\"Focus\",\"description\":\"\",\"publisher\":{\"@id\":\"https:\\\/\\\/www.focus.cat\\\/#organization\"},\"potentialAction\":[{\"@type\":\"SearchAction\",\"target\":{\"@type\":\"EntryPoint\",\"urlTemplate\":\"https:\\\/\\\/www.focus.cat\\\/?s={search_term_string}\"},\"query-input\":{\"@type\":\"PropertyValueSpecification\",\"valueRequired\":true,\"valueName\":\"search_term_string\"}}],\"inLanguage\":\"ca\"},{\"@type\":\"Organization\",\"@id\":\"https:\\\/\\\/www.focus.cat\\\/#organization\",\"name\":\"Focus\",\"url\":\"https:\\\/\\\/www.focus.cat\\\/\",\"logo\":{\"@type\":\"ImageObject\",\"inLanguage\":\"ca\",\"@id\":\"https:\\\/\\\/www.focus.cat\\\/#\\\/schema\\\/logo\\\/image\\\/\",\"url\":\"https:\\\/\\\/www.focus.cat\\\/wp-content\\\/uploads\\\/2022\\\/01\\\/logo-focus-any-35.svg\",\"contentUrl\":\"https:\\\/\\\/www.focus.cat\\\/wp-content\\\/uploads\\\/2022\\\/01\\\/logo-focus-any-35.svg\",\"width\":1,\"height\":1,\"caption\":\"Focus\"},\"image\":{\"@id\":\"https:\\\/\\\/www.focus.cat\\\/#\\\/schema\\\/logo\\\/image\\\/\"}},{\"@type\":\"Person\",\"@id\":\"https:\\\/\\\/www.focus.cat\\\/#\\\/schema\\\/person\\\/45cbcf79c7b3047ca01818c50e607a32\",\"name\":\"Brenda Becker\",\"image\":{\"@type\":\"ImageObject\",\"inLanguage\":\"ca\",\"@id\":\"https:\\\/\\\/secure.gravatar.com\\\/avatar\\\/bf45b1ffca36f0e2b6cbeb689cead579b5275b1489889a25ac0e66115dfb28c7?s=96&d=mm&r=g\",\"url\":\"https:\\\/\\\/secure.gravatar.com\\\/avatar\\\/bf45b1ffca36f0e2b6cbeb689cead579b5275b1489889a25ac0e66115dfb28c7?s=96&d=mm&r=g\",\"contentUrl\":\"https:\\\/\\\/secure.gravatar.com\\\/avatar\\\/bf45b1ffca36f0e2b6cbeb689cead579b5275b1489889a25ac0e66115dfb28c7?s=96&d=mm&r=g\",\"caption\":\"Brenda Becker\"},\"url\":\"https:\\\/\\\/www.focus.cat\\\/author\\\/brenda-becker\\\/\"}]}<\/script>\n<!-- \/ Yoast SEO plugin. -->","yoast_head_json":{"title":"Despu\u00e9s del \u00e9xito en Barcelona, Alegr\u00eda llega a M\u00e1laga y Alicante - Focus","robots":{"index":"index","follow":"follow","max-snippet":"max-snippet:-1","max-image-preview":"max-image-preview:large","max-video-preview":"max-video-preview:-1"},"canonical":"https:\/\/www.focus.cat\/despues-del-exito-en-barcelona-alegria-llega-a-malaga-y-alicante\/","og_locale":"ca_ES","og_type":"article","og_title":"Despu\u00e9s del \u00e9xito en Barcelona, Alegr\u00eda llega a M\u00e1laga y Alicante - Focus","og_description":"El Cirque du Soleil, con su ic\u00f3nico espect\u00e1culo, Alegr\u00eda, sigue su gira por Espa\u00f1a despu\u00e9s del gran \u00e9xito alcanzado en Barcelona. Con una asistencia de 150.000 espectadores durante su estancia en la capital catalana, Alegr\u00eda, bajo una nueva luz, ha iniciado ahora una larga gira que durar\u00e1 el espect\u00e1culo por diversas ciudades de la geograf\u00eda ... Llegeix m\u00e9s","og_url":"https:\/\/www.focus.cat\/es\/despues-del-exito-en-barcelona-alegria-llega-a-malaga-y-alicante\/","og_site_name":"Focus","article_published_time":"2024-06-13T14:20:47+00:00","og_image":[{"width":1067,"height":600,"url":"https:\/\/www.focus.cat\/wp-content\/uploads\/2024\/06\/A-Banners-Nativo-Fotos-1067x600-7.jpg","type":"image\/jpeg"}],"author":"Brenda Becker","twitter_card":"summary_large_image","schema":{"@context":"https:\/\/schema.org","@graph":[{"@type":"Article","@id":"https:\/\/www.focus.cat\/es\/despues-del-exito-en-barcelona-alegria-llega-a-malaga-y-alicante\/#article","isPartOf":{"@id":"https:\/\/www.focus.cat\/es\/despues-del-exito-en-barcelona-alegria-llega-a-malaga-y-alicante\/"},"author":{"name":"Brenda Becker","@id":"https:\/\/www.focus.cat\/#\/schema\/person\/45cbcf79c7b3047ca01818c50e607a32"},"headline":"Despu\u00e9s del \u00e9xito en Barcelona, Alegr\u00eda llega a M\u00e1laga y Alicante","datePublished":"2024-06-13T14:20:47+00:00","mainEntityOfPage":{"@id":"https:\/\/www.focus.cat\/es\/despues-del-exito-en-barcelona-alegria-llega-a-malaga-y-alicante\/"},"wordCount":134,"publisher":{"@id":"https:\/\/www.focus.cat\/#organization"},"image":{"@id":"https:\/\/www.focus.cat\/es\/despues-del-exito-en-barcelona-alegria-llega-a-malaga-y-alicante\/#primaryimage"},"thumbnailUrl":"https:\/\/www.focus.cat\/wp-content\/uploads\/2024\/06\/A-Banners-Nativo-Fotos-1067x600-7.jpg","articleSection":["Noticias"],"inLanguage":"ca"},{"@type":"WebPage","@id":"https:\/\/www.focus.cat\/es\/despues-del-exito-en-barcelona-alegria-llega-a-malaga-y-alicante\/","url":"https:\/\/www.focus.cat\/es\/despues-del-exito-en-barcelona-alegria-llega-a-malaga-y-alicante\/","name":"Despu\u00e9s del \u00e9xito en Barcelona, Alegr\u00eda llega a M\u00e1laga y Alicante - Focus","isPartOf":{"@id":"https:\/\/www.focus.cat\/#website"},"primaryImageOfPage":{"@id":"https:\/\/www.focus.cat\/es\/despues-del-exito-en-barcelona-alegria-llega-a-malaga-y-alicante\/#primaryimage"},"image":{"@id":"https:\/\/www.focus.cat\/es\/despues-del-exito-en-barcelona-alegria-llega-a-malaga-y-alicante\/#primaryimage"},"thumbnailUrl":"https:\/\/www.focus.cat\/wp-content\/uploads\/2024\/06\/A-Banners-Nativo-Fotos-1067x600-7.jpg","datePublished":"2024-06-13T14:20:47+00:00","inLanguage":"ca","potentialAction":[{"@type":"ReadAction","target":["https:\/\/www.focus.cat\/es\/despues-del-exito-en-barcelona-alegria-llega-a-malaga-y-alicante\/"]}]},{"@type":"ImageObject","inLanguage":"ca","@id":"https:\/\/www.focus.cat\/es\/despues-del-exito-en-barcelona-alegria-llega-a-malaga-y-alicante\/#primaryimage","url":"https:\/\/www.focus.cat\/wp-content\/uploads\/2024\/06\/A-Banners-Nativo-Fotos-1067x600-7.jpg","contentUrl":"https:\/\/www.focus.cat\/wp-content\/uploads\/2024\/06\/A-Banners-Nativo-Fotos-1067x600-7.jpg","width":1067,"height":600},{"@type":"WebSite","@id":"https:\/\/www.focus.cat\/#website","url":"https:\/\/www.focus.cat\/","name":"Focus","description":"","publisher":{"@id":"https:\/\/www.focus.cat\/#organization"},"potentialAction":[{"@type":"SearchAction","target":{"@type":"EntryPoint","urlTemplate":"https:\/\/www.focus.cat\/?s={search_term_string}"},"query-input":{"@type":"PropertyValueSpecification","valueRequired":true,"valueName":"search_term_string"}}],"inLanguage":"ca"},{"@type":"Organization","@id":"https:\/\/www.focus.cat\/#organization","name":"Focus","url":"https:\/\/www.focus.cat\/","logo":{"@type":"ImageObject","inLanguage":"ca","@id":"https:\/\/www.focus.cat\/#\/schema\/logo\/image\/","url":"https:\/\/www.focus.cat\/wp-content\/uploads\/2022\/01\/logo-focus-any-35.svg","contentUrl":"https:\/\/www.focus.cat\/wp-content\/uploads\/2022\/01\/logo-focus-any-35.svg","width":1,"height":1,"caption":"Focus"},"image":{"@id":"https:\/\/www.focus.cat\/#\/schema\/logo\/image\/"}},{"@type":"Person","@id":"https:\/\/www.focus.cat\/#\/schema\/person\/45cbcf79c7b3047ca01818c50e607a32","name":"Brenda Becker","image":{"@type":"ImageObject","inLanguage":"ca","@id":"https:\/\/secure.gravatar.com\/avatar\/bf45b1ffca36f0e2b6cbeb689cead579b5275b1489889a25ac0e66115dfb28c7?s=96&d=mm&r=g","url":"https:\/\/secure.gravatar.com\/avatar\/bf45b1ffca36f0e2b6cbeb689cead579b5275b1489889a25ac0e66115dfb28c7?s=96&d=mm&r=g","contentUrl":"https:\/\/secure.gravatar.com\/avatar\/bf45b1ffca36f0e2b6cbeb689cead579b5275b1489889a25ac0e66115dfb28c7?s=96&d=mm&r=g","caption":"Brenda Becker"},"url":"https:\/\/www.focus.cat\/author\/brenda-becker\/"}]}},"_links":{"self":[{"href":"https:\/\/www.focus.cat\/wp-json\/wp\/v2\/posts\/18293","targetHints":{"allow":["GET"]}}],"collection":[{"href":"https:\/\/www.focus.cat\/wp-json\/wp\/v2\/posts"}],"about":[{"href":"https:\/\/www.focus.cat\/wp-json\/wp\/v2\/types\/post"}],"author":[{"embeddable":true,"href":"https:\/\/www.focus.cat\/wp-json\/wp\/v2\/users\/16"}],"replies":[{"embeddable":true,"href":"https:\/\/www.focus.cat\/wp-json\/wp\/v2\/comments?post=18293"}],"version-history":[{"count":0,"href":"https:\/\/www.focus.cat\/wp-json\/wp\/v2\/posts\/18293\/revisions"}],"wp:featuredmedia":[{"embeddable":true,"href":"https:\/\/www.focus.cat\/wp-json\/wp\/v2\/media\/18288"}],"wp:attachment":[{"href":"https:\/\/www.focus.cat\/wp-json\/wp\/v2\/media?parent=18293"}],"wp:term":[{"taxonomy":"category","embeddable":true,"href":"https:\/\/www.focus.cat\/wp-json\/wp\/v2\/categories?post=18293"}],"curies":[{"name":"wp","href":"https:\/\/api.w.org\/{rel}","templated":true}]}}