{"id":18352,"date":"2024-06-18T08:12:14","date_gmt":"2024-06-18T08:12:14","guid":{"rendered":"https:\/\/www.focus.cat\/?p=18352"},"modified":"2024-12-11T08:54:47","modified_gmt":"2024-12-11T08:54:47","slug":"la-division-de-eventos-de-focus-disena-y-produce-diferentes-activaciones-que-el-circuit-de-barcelona-catalunya-organiza-durante-el-gp-de-f1","status":"publish","type":"post","link":"https:\/\/www.focus.cat\/es\/la-division-de-eventos-de-focus-disena-y-produce-diferentes-activaciones-que-el-circuit-de-barcelona-catalunya-organiza-durante-el-gp-de-f1\/","title":{"rendered":"La divisi\u00f3n de Eventos de Focus dise\u00f1a y produce diferentes activaciones que el Circuit de Barcelona Catalunya organiza durante el GP de F1"},"content":{"rendered":"<p>Del 15 al 22 de junio, Barcelona, \u200b\u200by m\u00e1s concretamente Pla\u00e7a Catalunya, ser\u00e1 un espacio dedicado al mundo de la F1, donde los fans de este deporte podr\u00e1n sentir en propia piel, mediante diferentes actividades, la pasi\u00f3n de este deporte.<\/p>\n<p>La divisi\u00f3n de Eventos de Focus ha dise\u00f1ado y producido el Fan Village en Pla\u00e7a Catalunya un espacio de entretenimiento para una de las competiciones m\u00e1s seguidas del mundo, que durante 10 d\u00edas ofrece a los visitantes la posibilidad de visitar los espacios de Aston Martin , Oracle Red Bull, sentir la velocidad extrema en primera persona, tomar fotograf\u00edas con coches m\u00edticos, participar en simuladores oficiales de la F1, disfrutar de diferentes actuaciones musicales, o degustar una gran variedad de oferta gastron\u00f3mica, entre otros.<\/p>\n<p>Una planificaci\u00f3n de producci\u00f3n y montaje muy minuciosa, conjuntamente con una operativa formada por diferentes especialistas en grandes montajes de ciudad, mantienen el liderazgo de Focus en la realizaci\u00f3n de este tipo de eventos, donde la coordinaci\u00f3n integral con los servicios de ciudad (servicios municipales, bomberos, guardia urbana, etc) garantizan al menor de los riesgos en espacios de afluencia masiva de p\u00fablico.<\/p>\n<p>Adem\u00e1s, Focus tambi\u00e9n estar\u00e1 presente, en el equipo que, por segundo a\u00f1o consecutivo, ha dise\u00f1ado y producido diferentes actividades en diferentes zonas del Circuito de Montmel\u00f3 para que los asistentes al GP disfruten de una experiencia completa: escenarios con djs, talleres, actividades para los m\u00e1s peque\u00f1os, espacios de animaci\u00f3n y una nueva zona, en el helipuerto, dedicada a la muestra de elementos representativos de la verbena de Sant Joan.<\/p>\n<p>Destacamos finalmente, el dise\u00f1o y la producci\u00f3n del escenario de la Fan Village, que acoger\u00e1 actuaciones de God Save the Queen o Brodas Bros entre otras actividades como entrevistas a pilotos o charlas de otros profesionales del motor.<\/p>\n<p>&nbsp;<\/p>\n<p><img decoding=\"async\" class=\"size-large wp-image-18362 aligncenter\" src=\"https:\/\/www.focus.cat\/wp-content\/uploads\/2024\/06\/5-fotos-agregadas-1-1124x843.jpg\" alt=\"\" width=\"1024\" height=\"768\" srcset=\"https:\/\/www.focus.cat\/wp-content\/uploads\/2024\/06\/5-fotos-agregadas-1-1124x843.jpg 1124w, https:\/\/www.focus.cat\/wp-content\/uploads\/2024\/06\/5-fotos-agregadas-1-300x225.jpg 300w, https:\/\/www.focus.cat\/wp-content\/uploads\/2024\/06\/5-fotos-agregadas-1-150x113.jpg 150w, https:\/\/www.focus.cat\/wp-content\/uploads\/2024\/06\/5-fotos-agregadas-1-800x600.jpg 800w, https:\/\/www.focus.cat\/wp-content\/uploads\/2024\/06\/5-fotos-agregadas-1-1536x1152.jpg 1536w, https:\/\/www.focus.cat\/wp-content\/uploads\/2024\/06\/5-fotos-agregadas-1-1500x1125.jpg 1500w, https:\/\/www.focus.cat\/wp-content\/uploads\/2024\/06\/5-fotos-agregadas-1.jpg 2040w\" sizes=\"(max-width: 1024px) 100vw, 1024px\" \/><\/p>\n","protected":false},"excerpt":{"rendered":"<p>Del 15 al 22 de junio, Barcelona, \u200b\u200by m\u00e1s concretamente Pla\u00e7a Catalunya, ser\u00e1 un espacio dedicado al mundo de la F1, donde los fans de este deporte podr\u00e1n sentir en propia piel, mediante diferentes actividades, la pasi\u00f3n de este deporte. La divisi\u00f3n de Eventos de Focus ha dise\u00f1ado y producido el Fan Village en Pla\u00e7a<a class=\"excerpt-read-more\" href=\"https:\/\/www.focus.cat\/es\/la-division-de-eventos-de-focus-disena-y-produce-diferentes-activaciones-que-el-circuit-de-barcelona-catalunya-organiza-durante-el-gp-de-f1\/\" title=\"LlegeixLa divisi\u00f3n de Eventos de Focus dise\u00f1a y produce diferentes activaciones que el Circuit de Barcelona Catalunya organiza durante el GP de F1\"> &#8230; Llegeix m\u00e9s<\/a><\/p>\n","protected":false},"author":16,"featured_media":18365,"comment_status":"closed","ping_status":"closed","sticky":false,"template":"","format":"standard","meta":{"_acf_changed":false,"inline_featured_image":false,"footnotes":""},"categories":[4,25],"class_list":["post-18352","post","type-post","status-publish","format-standard","has-post-thumbnail","hentry","category-noticias","category-eventos"],"acf":[],"yoast_head":"<!-- This site is optimized with the Yoast SEO plugin v27.5 - https:\/\/yoast.com\/product\/yoast-seo-wordpress\/ -->\n<title>La divisi\u00f3n de Eventos de Focus dise\u00f1a y produce diferentes activaciones que el Circuit de Barcelona Catalunya organiza durante el GP de F1 - Focus<\/title>\n<meta name=\"robots\" content=\"index, follow, max-snippet:-1, max-image-preview:large, max-video-preview:-1\" \/>\n<link rel=\"canonical\" href=\"https:\/\/www.focus.cat\/la-division-de-eventos-de-focus-disena-y-produce-diferentes-activaciones-que-el-circuit-de-barcelona-catalunya-organiza-durante-el-gp-de-f1\/\" \/>\n<meta property=\"og:locale\" content=\"ca_ES\" \/>\n<meta property=\"og:type\" content=\"article\" \/>\n<meta property=\"og:title\" content=\"La divisi\u00f3n de Eventos de Focus dise\u00f1a y produce diferentes activaciones que el Circuit de Barcelona Catalunya organiza durante el GP de F1 - Focus\" \/>\n<meta property=\"og:description\" content=\"Del 15 al 22 de junio, Barcelona, \u200b\u200by m\u00e1s concretamente Pla\u00e7a Catalunya, ser\u00e1 un espacio dedicado al mundo de la F1, donde los fans de este deporte podr\u00e1n sentir en propia piel, mediante diferentes actividades, la pasi\u00f3n de este deporte. La divisi\u00f3n de Eventos de Focus ha dise\u00f1ado y producido el Fan Village en Pla\u00e7a ... Llegeix m\u00e9s\" \/>\n<meta property=\"og:url\" content=\"https:\/\/www.focus.cat\/es\/la-division-de-eventos-de-focus-disena-y-produce-diferentes-activaciones-que-el-circuit-de-barcelona-catalunya-organiza-durante-el-gp-de-f1\/\" \/>\n<meta property=\"og:site_name\" content=\"Focus\" \/>\n<meta property=\"article:published_time\" content=\"2024-06-18T08:12:14+00:00\" \/>\n<meta property=\"article:modified_time\" content=\"2024-12-11T08:54:47+00:00\" \/>\n<meta property=\"og:image\" content=\"https:\/\/www.focus.cat\/wp-content\/uploads\/2024\/06\/5-fotos-agregadas.jpg\" \/>\n\t<meta property=\"og:image:width\" content=\"2040\" \/>\n\t<meta property=\"og:image:height\" content=\"1530\" \/>\n\t<meta property=\"og:image:type\" content=\"image\/jpeg\" \/>\n<meta name=\"author\" content=\"Brenda Becker\" \/>\n<meta name=\"twitter:card\" content=\"summary_large_image\" \/>\n<script type=\"application\/ld+json\" class=\"yoast-schema-graph\">{\"@context\":\"https:\\\/\\\/schema.org\",\"@graph\":[{\"@type\":\"Article\",\"@id\":\"https:\\\/\\\/www.focus.cat\\\/es\\\/la-division-de-eventos-de-focus-disena-y-produce-diferentes-activaciones-que-el-circuit-de-barcelona-catalunya-organiza-durante-el-gp-de-f1\\\/#article\",\"isPartOf\":{\"@id\":\"https:\\\/\\\/www.focus.cat\\\/es\\\/la-division-de-eventos-de-focus-disena-y-produce-diferentes-activaciones-que-el-circuit-de-barcelona-catalunya-organiza-durante-el-gp-de-f1\\\/\"},\"author\":{\"name\":\"Brenda Becker\",\"@id\":\"https:\\\/\\\/www.focus.cat\\\/#\\\/schema\\\/person\\\/45cbcf79c7b3047ca01818c50e607a32\"},\"headline\":\"La divisi\u00f3n de Eventos de Focus dise\u00f1a y produce diferentes activaciones que el Circuit de Barcelona Catalunya organiza durante el GP de F1\",\"datePublished\":\"2024-06-18T08:12:14+00:00\",\"dateModified\":\"2024-12-11T08:54:47+00:00\",\"mainEntityOfPage\":{\"@id\":\"https:\\\/\\\/www.focus.cat\\\/es\\\/la-division-de-eventos-de-focus-disena-y-produce-diferentes-activaciones-que-el-circuit-de-barcelona-catalunya-organiza-durante-el-gp-de-f1\\\/\"},\"wordCount\":341,\"publisher\":{\"@id\":\"https:\\\/\\\/www.focus.cat\\\/#organization\"},\"image\":{\"@id\":\"https:\\\/\\\/www.focus.cat\\\/es\\\/la-division-de-eventos-de-focus-disena-y-produce-diferentes-activaciones-que-el-circuit-de-barcelona-catalunya-organiza-durante-el-gp-de-f1\\\/#primaryimage\"},\"thumbnailUrl\":\"https:\\\/\\\/www.focus.cat\\\/wp-content\\\/uploads\\\/2024\\\/06\\\/5-fotos-agregadas.jpg\",\"articleSection\":[\"Noticias\",\"Eventos\"],\"inLanguage\":\"ca\"},{\"@type\":\"WebPage\",\"@id\":\"https:\\\/\\\/www.focus.cat\\\/es\\\/la-division-de-eventos-de-focus-disena-y-produce-diferentes-activaciones-que-el-circuit-de-barcelona-catalunya-organiza-durante-el-gp-de-f1\\\/\",\"url\":\"https:\\\/\\\/www.focus.cat\\\/es\\\/la-division-de-eventos-de-focus-disena-y-produce-diferentes-activaciones-que-el-circuit-de-barcelona-catalunya-organiza-durante-el-gp-de-f1\\\/\",\"name\":\"La divisi\u00f3n de Eventos de Focus dise\u00f1a y produce diferentes activaciones que el Circuit de Barcelona Catalunya organiza durante el GP de F1 - Focus\",\"isPartOf\":{\"@id\":\"https:\\\/\\\/www.focus.cat\\\/#website\"},\"primaryImageOfPage\":{\"@id\":\"https:\\\/\\\/www.focus.cat\\\/es\\\/la-division-de-eventos-de-focus-disena-y-produce-diferentes-activaciones-que-el-circuit-de-barcelona-catalunya-organiza-durante-el-gp-de-f1\\\/#primaryimage\"},\"image\":{\"@id\":\"https:\\\/\\\/www.focus.cat\\\/es\\\/la-division-de-eventos-de-focus-disena-y-produce-diferentes-activaciones-que-el-circuit-de-barcelona-catalunya-organiza-durante-el-gp-de-f1\\\/#primaryimage\"},\"thumbnailUrl\":\"https:\\\/\\\/www.focus.cat\\\/wp-content\\\/uploads\\\/2024\\\/06\\\/5-fotos-agregadas.jpg\",\"datePublished\":\"2024-06-18T08:12:14+00:00\",\"dateModified\":\"2024-12-11T08:54:47+00:00\",\"inLanguage\":\"ca\",\"potentialAction\":[{\"@type\":\"ReadAction\",\"target\":[\"https:\\\/\\\/www.focus.cat\\\/es\\\/la-division-de-eventos-de-focus-disena-y-produce-diferentes-activaciones-que-el-circuit-de-barcelona-catalunya-organiza-durante-el-gp-de-f1\\\/\"]}]},{\"@type\":\"ImageObject\",\"inLanguage\":\"ca\",\"@id\":\"https:\\\/\\\/www.focus.cat\\\/es\\\/la-division-de-eventos-de-focus-disena-y-produce-diferentes-activaciones-que-el-circuit-de-barcelona-catalunya-organiza-durante-el-gp-de-f1\\\/#primaryimage\",\"url\":\"https:\\\/\\\/www.focus.cat\\\/wp-content\\\/uploads\\\/2024\\\/06\\\/5-fotos-agregadas.jpg\",\"contentUrl\":\"https:\\\/\\\/www.focus.cat\\\/wp-content\\\/uploads\\\/2024\\\/06\\\/5-fotos-agregadas.jpg\",\"width\":2040,\"height\":1530},{\"@type\":\"WebSite\",\"@id\":\"https:\\\/\\\/www.focus.cat\\\/#website\",\"url\":\"https:\\\/\\\/www.focus.cat\\\/\",\"name\":\"Focus\",\"description\":\"\",\"publisher\":{\"@id\":\"https:\\\/\\\/www.focus.cat\\\/#organization\"},\"potentialAction\":[{\"@type\":\"SearchAction\",\"target\":{\"@type\":\"EntryPoint\",\"urlTemplate\":\"https:\\\/\\\/www.focus.cat\\\/?s={search_term_string}\"},\"query-input\":{\"@type\":\"PropertyValueSpecification\",\"valueRequired\":true,\"valueName\":\"search_term_string\"}}],\"inLanguage\":\"ca\"},{\"@type\":\"Organization\",\"@id\":\"https:\\\/\\\/www.focus.cat\\\/#organization\",\"name\":\"Focus\",\"url\":\"https:\\\/\\\/www.focus.cat\\\/\",\"logo\":{\"@type\":\"ImageObject\",\"inLanguage\":\"ca\",\"@id\":\"https:\\\/\\\/www.focus.cat\\\/#\\\/schema\\\/logo\\\/image\\\/\",\"url\":\"https:\\\/\\\/www.focus.cat\\\/wp-content\\\/uploads\\\/2022\\\/01\\\/logo-focus-any-35.svg\",\"contentUrl\":\"https:\\\/\\\/www.focus.cat\\\/wp-content\\\/uploads\\\/2022\\\/01\\\/logo-focus-any-35.svg\",\"width\":1,\"height\":1,\"caption\":\"Focus\"},\"image\":{\"@id\":\"https:\\\/\\\/www.focus.cat\\\/#\\\/schema\\\/logo\\\/image\\\/\"}},{\"@type\":\"Person\",\"@id\":\"https:\\\/\\\/www.focus.cat\\\/#\\\/schema\\\/person\\\/45cbcf79c7b3047ca01818c50e607a32\",\"name\":\"Brenda Becker\",\"image\":{\"@type\":\"ImageObject\",\"inLanguage\":\"ca\",\"@id\":\"https:\\\/\\\/secure.gravatar.com\\\/avatar\\\/bf45b1ffca36f0e2b6cbeb689cead579b5275b1489889a25ac0e66115dfb28c7?s=96&d=mm&r=g\",\"url\":\"https:\\\/\\\/secure.gravatar.com\\\/avatar\\\/bf45b1ffca36f0e2b6cbeb689cead579b5275b1489889a25ac0e66115dfb28c7?s=96&d=mm&r=g\",\"contentUrl\":\"https:\\\/\\\/secure.gravatar.com\\\/avatar\\\/bf45b1ffca36f0e2b6cbeb689cead579b5275b1489889a25ac0e66115dfb28c7?s=96&d=mm&r=g\",\"caption\":\"Brenda Becker\"},\"url\":\"https:\\\/\\\/www.focus.cat\\\/author\\\/brenda-becker\\\/\"}]}<\/script>\n<!-- \/ Yoast SEO plugin. -->","yoast_head_json":{"title":"La divisi\u00f3n de Eventos de Focus dise\u00f1a y produce diferentes activaciones que el Circuit de Barcelona Catalunya organiza durante el GP de F1 - Focus","robots":{"index":"index","follow":"follow","max-snippet":"max-snippet:-1","max-image-preview":"max-image-preview:large","max-video-preview":"max-video-preview:-1"},"canonical":"https:\/\/www.focus.cat\/la-division-de-eventos-de-focus-disena-y-produce-diferentes-activaciones-que-el-circuit-de-barcelona-catalunya-organiza-durante-el-gp-de-f1\/","og_locale":"ca_ES","og_type":"article","og_title":"La divisi\u00f3n de Eventos de Focus dise\u00f1a y produce diferentes activaciones que el Circuit de Barcelona Catalunya organiza durante el GP de F1 - Focus","og_description":"Del 15 al 22 de junio, Barcelona, \u200b\u200by m\u00e1s concretamente Pla\u00e7a Catalunya, ser\u00e1 un espacio dedicado al mundo de la F1, donde los fans de este deporte podr\u00e1n sentir en propia piel, mediante diferentes actividades, la pasi\u00f3n de este deporte. La divisi\u00f3n de Eventos de Focus ha dise\u00f1ado y producido el Fan Village en Pla\u00e7a ... Llegeix m\u00e9s","og_url":"https:\/\/www.focus.cat\/es\/la-division-de-eventos-de-focus-disena-y-produce-diferentes-activaciones-que-el-circuit-de-barcelona-catalunya-organiza-durante-el-gp-de-f1\/","og_site_name":"Focus","article_published_time":"2024-06-18T08:12:14+00:00","article_modified_time":"2024-12-11T08:54:47+00:00","og_image":[{"width":2040,"height":1530,"url":"https:\/\/www.focus.cat\/wp-content\/uploads\/2024\/06\/5-fotos-agregadas.jpg","type":"image\/jpeg"}],"author":"Brenda Becker","twitter_card":"summary_large_image","schema":{"@context":"https:\/\/schema.org","@graph":[{"@type":"Article","@id":"https:\/\/www.focus.cat\/es\/la-division-de-eventos-de-focus-disena-y-produce-diferentes-activaciones-que-el-circuit-de-barcelona-catalunya-organiza-durante-el-gp-de-f1\/#article","isPartOf":{"@id":"https:\/\/www.focus.cat\/es\/la-division-de-eventos-de-focus-disena-y-produce-diferentes-activaciones-que-el-circuit-de-barcelona-catalunya-organiza-durante-el-gp-de-f1\/"},"author":{"name":"Brenda Becker","@id":"https:\/\/www.focus.cat\/#\/schema\/person\/45cbcf79c7b3047ca01818c50e607a32"},"headline":"La divisi\u00f3n de Eventos de Focus dise\u00f1a y produce diferentes activaciones que el Circuit de Barcelona Catalunya organiza durante el GP de F1","datePublished":"2024-06-18T08:12:14+00:00","dateModified":"2024-12-11T08:54:47+00:00","mainEntityOfPage":{"@id":"https:\/\/www.focus.cat\/es\/la-division-de-eventos-de-focus-disena-y-produce-diferentes-activaciones-que-el-circuit-de-barcelona-catalunya-organiza-durante-el-gp-de-f1\/"},"wordCount":341,"publisher":{"@id":"https:\/\/www.focus.cat\/#organization"},"image":{"@id":"https:\/\/www.focus.cat\/es\/la-division-de-eventos-de-focus-disena-y-produce-diferentes-activaciones-que-el-circuit-de-barcelona-catalunya-organiza-durante-el-gp-de-f1\/#primaryimage"},"thumbnailUrl":"https:\/\/www.focus.cat\/wp-content\/uploads\/2024\/06\/5-fotos-agregadas.jpg","articleSection":["Noticias","Eventos"],"inLanguage":"ca"},{"@type":"WebPage","@id":"https:\/\/www.focus.cat\/es\/la-division-de-eventos-de-focus-disena-y-produce-diferentes-activaciones-que-el-circuit-de-barcelona-catalunya-organiza-durante-el-gp-de-f1\/","url":"https:\/\/www.focus.cat\/es\/la-division-de-eventos-de-focus-disena-y-produce-diferentes-activaciones-que-el-circuit-de-barcelona-catalunya-organiza-durante-el-gp-de-f1\/","name":"La divisi\u00f3n de Eventos de Focus dise\u00f1a y produce diferentes activaciones que el Circuit de Barcelona Catalunya organiza durante el GP de F1 - Focus","isPartOf":{"@id":"https:\/\/www.focus.cat\/#website"},"primaryImageOfPage":{"@id":"https:\/\/www.focus.cat\/es\/la-division-de-eventos-de-focus-disena-y-produce-diferentes-activaciones-que-el-circuit-de-barcelona-catalunya-organiza-durante-el-gp-de-f1\/#primaryimage"},"image":{"@id":"https:\/\/www.focus.cat\/es\/la-division-de-eventos-de-focus-disena-y-produce-diferentes-activaciones-que-el-circuit-de-barcelona-catalunya-organiza-durante-el-gp-de-f1\/#primaryimage"},"thumbnailUrl":"https:\/\/www.focus.cat\/wp-content\/uploads\/2024\/06\/5-fotos-agregadas.jpg","datePublished":"2024-06-18T08:12:14+00:00","dateModified":"2024-12-11T08:54:47+00:00","inLanguage":"ca","potentialAction":[{"@type":"ReadAction","target":["https:\/\/www.focus.cat\/es\/la-division-de-eventos-de-focus-disena-y-produce-diferentes-activaciones-que-el-circuit-de-barcelona-catalunya-organiza-durante-el-gp-de-f1\/"]}]},{"@type":"ImageObject","inLanguage":"ca","@id":"https:\/\/www.focus.cat\/es\/la-division-de-eventos-de-focus-disena-y-produce-diferentes-activaciones-que-el-circuit-de-barcelona-catalunya-organiza-durante-el-gp-de-f1\/#primaryimage","url":"https:\/\/www.focus.cat\/wp-content\/uploads\/2024\/06\/5-fotos-agregadas.jpg","contentUrl":"https:\/\/www.focus.cat\/wp-content\/uploads\/2024\/06\/5-fotos-agregadas.jpg","width":2040,"height":1530},{"@type":"WebSite","@id":"https:\/\/www.focus.cat\/#website","url":"https:\/\/www.focus.cat\/","name":"Focus","description":"","publisher":{"@id":"https:\/\/www.focus.cat\/#organization"},"potentialAction":[{"@type":"SearchAction","target":{"@type":"EntryPoint","urlTemplate":"https:\/\/www.focus.cat\/?s={search_term_string}"},"query-input":{"@type":"PropertyValueSpecification","valueRequired":true,"valueName":"search_term_string"}}],"inLanguage":"ca"},{"@type":"Organization","@id":"https:\/\/www.focus.cat\/#organization","name":"Focus","url":"https:\/\/www.focus.cat\/","logo":{"@type":"ImageObject","inLanguage":"ca","@id":"https:\/\/www.focus.cat\/#\/schema\/logo\/image\/","url":"https:\/\/www.focus.cat\/wp-content\/uploads\/2022\/01\/logo-focus-any-35.svg","contentUrl":"https:\/\/www.focus.cat\/wp-content\/uploads\/2022\/01\/logo-focus-any-35.svg","width":1,"height":1,"caption":"Focus"},"image":{"@id":"https:\/\/www.focus.cat\/#\/schema\/logo\/image\/"}},{"@type":"Person","@id":"https:\/\/www.focus.cat\/#\/schema\/person\/45cbcf79c7b3047ca01818c50e607a32","name":"Brenda Becker","image":{"@type":"ImageObject","inLanguage":"ca","@id":"https:\/\/secure.gravatar.com\/avatar\/bf45b1ffca36f0e2b6cbeb689cead579b5275b1489889a25ac0e66115dfb28c7?s=96&d=mm&r=g","url":"https:\/\/secure.gravatar.com\/avatar\/bf45b1ffca36f0e2b6cbeb689cead579b5275b1489889a25ac0e66115dfb28c7?s=96&d=mm&r=g","contentUrl":"https:\/\/secure.gravatar.com\/avatar\/bf45b1ffca36f0e2b6cbeb689cead579b5275b1489889a25ac0e66115dfb28c7?s=96&d=mm&r=g","caption":"Brenda Becker"},"url":"https:\/\/www.focus.cat\/author\/brenda-becker\/"}]}},"_links":{"self":[{"href":"https:\/\/www.focus.cat\/wp-json\/wp\/v2\/posts\/18352","targetHints":{"allow":["GET"]}}],"collection":[{"href":"https:\/\/www.focus.cat\/wp-json\/wp\/v2\/posts"}],"about":[{"href":"https:\/\/www.focus.cat\/wp-json\/wp\/v2\/types\/post"}],"author":[{"embeddable":true,"href":"https:\/\/www.focus.cat\/wp-json\/wp\/v2\/users\/16"}],"replies":[{"embeddable":true,"href":"https:\/\/www.focus.cat\/wp-json\/wp\/v2\/comments?post=18352"}],"version-history":[{"count":0,"href":"https:\/\/www.focus.cat\/wp-json\/wp\/v2\/posts\/18352\/revisions"}],"wp:featuredmedia":[{"embeddable":true,"href":"https:\/\/www.focus.cat\/wp-json\/wp\/v2\/media\/18365"}],"wp:attachment":[{"href":"https:\/\/www.focus.cat\/wp-json\/wp\/v2\/media?parent=18352"}],"wp:term":[{"taxonomy":"category","embeddable":true,"href":"https:\/\/www.focus.cat\/wp-json\/wp\/v2\/categories?post=18352"}],"curies":[{"name":"wp","href":"https:\/\/api.w.org\/{rel}","templated":true}]}}