{"id":18845,"date":"2024-07-18T10:57:56","date_gmt":"2024-07-18T10:57:56","guid":{"rendered":"https:\/\/www.focus.cat\/?p=18845"},"modified":"2024-07-18T10:57:56","modified_gmt":"2024-07-18T10:57:56","slug":"el-cirque-du-soleil-llega-a-alicante-con-alegria","status":"publish","type":"post","link":"https:\/\/www.focus.cat\/es\/el-cirque-du-soleil-llega-a-alicante-con-alegria\/","title":{"rendered":"El Cirque du Soleil llega a Alicante con Alegr\u00eda"},"content":{"rendered":"<p>El Cirque du Soleil, con su ic\u00f3nico espect\u00e1culo,<em> Alegr\u00eda<\/em>, sigue su gira por Espa\u00f1a tras el gran \u00e9xito logrado en Barcelona y M\u00e1laga y llega ahora a Alicante.<\/p>\n<p>Desde el 16 de julio y hasta el 1 de septiembre, <em>Alegr\u00eda<\/em> instalar\u00e1 su gran carpa en la Playa de San Juan de Alicante.<\/p>\n<p>Bajo el nombre de<em> Alegr\u00eda. Bajo una nueva luz<\/em> y con nuevos n\u00fameros circenses, y con una puesta en escena actualizada pero que mantiene la esencia que convirti\u00f3 la producci\u00f3n en uno de los espect\u00e1culos de circo m\u00e1s relevantes e influyentes de todos los tiempos, la formaci\u00f3n canadiense transporta de nuevo a los espectadores en el reino donde <em>Alegr\u00eda<\/em> es testigo del conflicto entre el viejo orden y el nuevo movimiento que busca esperanza y renovaci\u00f3n.<img decoding=\"async\" class=\"size-large wp-image-18842 aligncenter\" src=\"https:\/\/www.focus.cat\/wp-content\/uploads\/2024\/07\/Alegria-horitzontal-1124x632.jpg\" alt=\"\" width=\"1024\" height=\"576\" srcset=\"https:\/\/www.focus.cat\/wp-content\/uploads\/2024\/07\/Alegria-horitzontal-1124x632.jpg 1124w, https:\/\/www.focus.cat\/wp-content\/uploads\/2024\/07\/Alegria-horitzontal-300x169.jpg 300w, https:\/\/www.focus.cat\/wp-content\/uploads\/2024\/07\/Alegria-horitzontal-150x84.jpg 150w, https:\/\/www.focus.cat\/wp-content\/uploads\/2024\/07\/Alegria-horitzontal-800x450.jpg 800w, https:\/\/www.focus.cat\/wp-content\/uploads\/2024\/07\/Alegria-horitzontal.jpg 1200w\" sizes=\"(max-width: 1024px) 100vw, 1024px\" \/><\/p>\n","protected":false},"excerpt":{"rendered":"<p>El Cirque du Soleil, con su ic\u00f3nico espect\u00e1culo, Alegr\u00eda, sigue su gira por Espa\u00f1a tras el gran \u00e9xito logrado en Barcelona y M\u00e1laga y llega ahora a Alicante. Desde el 16 de julio y hasta el 1 de septiembre, Alegr\u00eda instalar\u00e1 su gran carpa en la Playa de San Juan de Alicante. Bajo el nombre<a class=\"excerpt-read-more\" href=\"https:\/\/www.focus.cat\/es\/el-cirque-du-soleil-llega-a-alicante-con-alegria\/\" title=\"LlegeixEl Cirque du Soleil llega a Alicante con Alegr\u00eda\"> &#8230; Llegeix m\u00e9s<\/a><\/p>\n","protected":false},"author":15,"featured_media":18842,"comment_status":"closed","ping_status":"closed","sticky":false,"template":"","format":"standard","meta":{"_acf_changed":false,"inline_featured_image":false,"footnotes":""},"categories":[4],"class_list":["post-18845","post","type-post","status-publish","format-standard","has-post-thumbnail","hentry","category-noticias"],"acf":[],"yoast_head":"<!-- This site is optimized with the Yoast SEO plugin v27.4 - https:\/\/yoast.com\/product\/yoast-seo-wordpress\/ -->\n<title>El Cirque du Soleil llega a Alicante con Alegr\u00eda - Focus<\/title>\n<meta name=\"robots\" content=\"index, follow, max-snippet:-1, max-image-preview:large, max-video-preview:-1\" \/>\n<link rel=\"canonical\" href=\"https:\/\/www.focus.cat\/el-cirque-du-soleil-llega-a-alicante-con-alegria\/\" \/>\n<meta property=\"og:locale\" content=\"ca_ES\" \/>\n<meta property=\"og:type\" content=\"article\" \/>\n<meta property=\"og:title\" content=\"El Cirque du Soleil llega a Alicante con Alegr\u00eda - Focus\" \/>\n<meta property=\"og:description\" content=\"El Cirque du Soleil, con su ic\u00f3nico espect\u00e1culo, Alegr\u00eda, sigue su gira por Espa\u00f1a tras el gran \u00e9xito logrado en Barcelona y M\u00e1laga y llega ahora a Alicante. Desde el 16 de julio y hasta el 1 de septiembre, Alegr\u00eda instalar\u00e1 su gran carpa en la Playa de San Juan de Alicante. Bajo el nombre ... Llegeix m\u00e9s\" \/>\n<meta property=\"og:url\" content=\"https:\/\/www.focus.cat\/es\/el-cirque-du-soleil-llega-a-alicante-con-alegria\/\" \/>\n<meta property=\"og:site_name\" content=\"Focus\" \/>\n<meta property=\"article:published_time\" content=\"2024-07-18T10:57:56+00:00\" \/>\n<meta property=\"og:image\" content=\"https:\/\/www.focus.cat\/wp-content\/uploads\/2024\/07\/Alegria-horitzontal.jpg\" \/>\n\t<meta property=\"og:image:width\" content=\"1200\" \/>\n\t<meta property=\"og:image:height\" content=\"675\" \/>\n\t<meta property=\"og:image:type\" content=\"image\/jpeg\" \/>\n<meta name=\"author\" content=\"Suport Digital\" \/>\n<meta name=\"twitter:card\" content=\"summary_large_image\" \/>\n<script type=\"application\/ld+json\" class=\"yoast-schema-graph\">{\"@context\":\"https:\\\/\\\/schema.org\",\"@graph\":[{\"@type\":\"Article\",\"@id\":\"https:\\\/\\\/www.focus.cat\\\/es\\\/el-cirque-du-soleil-llega-a-alicante-con-alegria\\\/#article\",\"isPartOf\":{\"@id\":\"https:\\\/\\\/www.focus.cat\\\/es\\\/el-cirque-du-soleil-llega-a-alicante-con-alegria\\\/\"},\"author\":{\"name\":\"Suport Digital\",\"@id\":\"https:\\\/\\\/www.focus.cat\\\/#\\\/schema\\\/person\\\/caae89e91020f6f4091f528af5ee5e71\"},\"headline\":\"El Cirque du Soleil llega a Alicante con Alegr\u00eda\",\"datePublished\":\"2024-07-18T10:57:56+00:00\",\"mainEntityOfPage\":{\"@id\":\"https:\\\/\\\/www.focus.cat\\\/es\\\/el-cirque-du-soleil-llega-a-alicante-con-alegria\\\/\"},\"wordCount\":150,\"publisher\":{\"@id\":\"https:\\\/\\\/www.focus.cat\\\/#organization\"},\"image\":{\"@id\":\"https:\\\/\\\/www.focus.cat\\\/es\\\/el-cirque-du-soleil-llega-a-alicante-con-alegria\\\/#primaryimage\"},\"thumbnailUrl\":\"https:\\\/\\\/www.focus.cat\\\/wp-content\\\/uploads\\\/2024\\\/07\\\/Alegria-horitzontal.jpg\",\"articleSection\":[\"Noticias\"],\"inLanguage\":\"ca\"},{\"@type\":\"WebPage\",\"@id\":\"https:\\\/\\\/www.focus.cat\\\/es\\\/el-cirque-du-soleil-llega-a-alicante-con-alegria\\\/\",\"url\":\"https:\\\/\\\/www.focus.cat\\\/es\\\/el-cirque-du-soleil-llega-a-alicante-con-alegria\\\/\",\"name\":\"El Cirque du Soleil llega a Alicante con Alegr\u00eda - Focus\",\"isPartOf\":{\"@id\":\"https:\\\/\\\/www.focus.cat\\\/#website\"},\"primaryImageOfPage\":{\"@id\":\"https:\\\/\\\/www.focus.cat\\\/es\\\/el-cirque-du-soleil-llega-a-alicante-con-alegria\\\/#primaryimage\"},\"image\":{\"@id\":\"https:\\\/\\\/www.focus.cat\\\/es\\\/el-cirque-du-soleil-llega-a-alicante-con-alegria\\\/#primaryimage\"},\"thumbnailUrl\":\"https:\\\/\\\/www.focus.cat\\\/wp-content\\\/uploads\\\/2024\\\/07\\\/Alegria-horitzontal.jpg\",\"datePublished\":\"2024-07-18T10:57:56+00:00\",\"inLanguage\":\"ca\",\"potentialAction\":[{\"@type\":\"ReadAction\",\"target\":[\"https:\\\/\\\/www.focus.cat\\\/es\\\/el-cirque-du-soleil-llega-a-alicante-con-alegria\\\/\"]}]},{\"@type\":\"ImageObject\",\"inLanguage\":\"ca\",\"@id\":\"https:\\\/\\\/www.focus.cat\\\/es\\\/el-cirque-du-soleil-llega-a-alicante-con-alegria\\\/#primaryimage\",\"url\":\"https:\\\/\\\/www.focus.cat\\\/wp-content\\\/uploads\\\/2024\\\/07\\\/Alegria-horitzontal.jpg\",\"contentUrl\":\"https:\\\/\\\/www.focus.cat\\\/wp-content\\\/uploads\\\/2024\\\/07\\\/Alegria-horitzontal.jpg\",\"width\":1200,\"height\":675},{\"@type\":\"WebSite\",\"@id\":\"https:\\\/\\\/www.focus.cat\\\/#website\",\"url\":\"https:\\\/\\\/www.focus.cat\\\/\",\"name\":\"Focus\",\"description\":\"\",\"publisher\":{\"@id\":\"https:\\\/\\\/www.focus.cat\\\/#organization\"},\"potentialAction\":[{\"@type\":\"SearchAction\",\"target\":{\"@type\":\"EntryPoint\",\"urlTemplate\":\"https:\\\/\\\/www.focus.cat\\\/?s={search_term_string}\"},\"query-input\":{\"@type\":\"PropertyValueSpecification\",\"valueRequired\":true,\"valueName\":\"search_term_string\"}}],\"inLanguage\":\"ca\"},{\"@type\":\"Organization\",\"@id\":\"https:\\\/\\\/www.focus.cat\\\/#organization\",\"name\":\"Focus\",\"url\":\"https:\\\/\\\/www.focus.cat\\\/\",\"logo\":{\"@type\":\"ImageObject\",\"inLanguage\":\"ca\",\"@id\":\"https:\\\/\\\/www.focus.cat\\\/#\\\/schema\\\/logo\\\/image\\\/\",\"url\":\"https:\\\/\\\/www.focus.cat\\\/wp-content\\\/uploads\\\/2022\\\/01\\\/logo-focus-any-35.svg\",\"contentUrl\":\"https:\\\/\\\/www.focus.cat\\\/wp-content\\\/uploads\\\/2022\\\/01\\\/logo-focus-any-35.svg\",\"width\":1,\"height\":1,\"caption\":\"Focus\"},\"image\":{\"@id\":\"https:\\\/\\\/www.focus.cat\\\/#\\\/schema\\\/logo\\\/image\\\/\"}},{\"@type\":\"Person\",\"@id\":\"https:\\\/\\\/www.focus.cat\\\/#\\\/schema\\\/person\\\/caae89e91020f6f4091f528af5ee5e71\",\"name\":\"Suport Digital\",\"image\":{\"@type\":\"ImageObject\",\"inLanguage\":\"ca\",\"@id\":\"https:\\\/\\\/secure.gravatar.com\\\/avatar\\\/dd41dbc903aea1c8ca8c21ad68c0e0693be9f8c724f44cf11598395a9d1a039e?s=96&d=mm&r=g\",\"url\":\"https:\\\/\\\/secure.gravatar.com\\\/avatar\\\/dd41dbc903aea1c8ca8c21ad68c0e0693be9f8c724f44cf11598395a9d1a039e?s=96&d=mm&r=g\",\"contentUrl\":\"https:\\\/\\\/secure.gravatar.com\\\/avatar\\\/dd41dbc903aea1c8ca8c21ad68c0e0693be9f8c724f44cf11598395a9d1a039e?s=96&d=mm&r=g\",\"caption\":\"Suport Digital\"},\"url\":\"https:\\\/\\\/www.focus.cat\\\/author\\\/suport-digital\\\/\"}]}<\/script>\n<!-- \/ Yoast SEO plugin. -->","yoast_head_json":{"title":"El Cirque du Soleil llega a Alicante con Alegr\u00eda - Focus","robots":{"index":"index","follow":"follow","max-snippet":"max-snippet:-1","max-image-preview":"max-image-preview:large","max-video-preview":"max-video-preview:-1"},"canonical":"https:\/\/www.focus.cat\/el-cirque-du-soleil-llega-a-alicante-con-alegria\/","og_locale":"ca_ES","og_type":"article","og_title":"El Cirque du Soleil llega a Alicante con Alegr\u00eda - Focus","og_description":"El Cirque du Soleil, con su ic\u00f3nico espect\u00e1culo, Alegr\u00eda, sigue su gira por Espa\u00f1a tras el gran \u00e9xito logrado en Barcelona y M\u00e1laga y llega ahora a Alicante. Desde el 16 de julio y hasta el 1 de septiembre, Alegr\u00eda instalar\u00e1 su gran carpa en la Playa de San Juan de Alicante. Bajo el nombre ... Llegeix m\u00e9s","og_url":"https:\/\/www.focus.cat\/es\/el-cirque-du-soleil-llega-a-alicante-con-alegria\/","og_site_name":"Focus","article_published_time":"2024-07-18T10:57:56+00:00","og_image":[{"width":1200,"height":675,"url":"https:\/\/www.focus.cat\/wp-content\/uploads\/2024\/07\/Alegria-horitzontal.jpg","type":"image\/jpeg"}],"author":"Suport Digital","twitter_card":"summary_large_image","schema":{"@context":"https:\/\/schema.org","@graph":[{"@type":"Article","@id":"https:\/\/www.focus.cat\/es\/el-cirque-du-soleil-llega-a-alicante-con-alegria\/#article","isPartOf":{"@id":"https:\/\/www.focus.cat\/es\/el-cirque-du-soleil-llega-a-alicante-con-alegria\/"},"author":{"name":"Suport Digital","@id":"https:\/\/www.focus.cat\/#\/schema\/person\/caae89e91020f6f4091f528af5ee5e71"},"headline":"El Cirque du Soleil llega a Alicante con Alegr\u00eda","datePublished":"2024-07-18T10:57:56+00:00","mainEntityOfPage":{"@id":"https:\/\/www.focus.cat\/es\/el-cirque-du-soleil-llega-a-alicante-con-alegria\/"},"wordCount":150,"publisher":{"@id":"https:\/\/www.focus.cat\/#organization"},"image":{"@id":"https:\/\/www.focus.cat\/es\/el-cirque-du-soleil-llega-a-alicante-con-alegria\/#primaryimage"},"thumbnailUrl":"https:\/\/www.focus.cat\/wp-content\/uploads\/2024\/07\/Alegria-horitzontal.jpg","articleSection":["Noticias"],"inLanguage":"ca"},{"@type":"WebPage","@id":"https:\/\/www.focus.cat\/es\/el-cirque-du-soleil-llega-a-alicante-con-alegria\/","url":"https:\/\/www.focus.cat\/es\/el-cirque-du-soleil-llega-a-alicante-con-alegria\/","name":"El Cirque du Soleil llega a Alicante con Alegr\u00eda - Focus","isPartOf":{"@id":"https:\/\/www.focus.cat\/#website"},"primaryImageOfPage":{"@id":"https:\/\/www.focus.cat\/es\/el-cirque-du-soleil-llega-a-alicante-con-alegria\/#primaryimage"},"image":{"@id":"https:\/\/www.focus.cat\/es\/el-cirque-du-soleil-llega-a-alicante-con-alegria\/#primaryimage"},"thumbnailUrl":"https:\/\/www.focus.cat\/wp-content\/uploads\/2024\/07\/Alegria-horitzontal.jpg","datePublished":"2024-07-18T10:57:56+00:00","inLanguage":"ca","potentialAction":[{"@type":"ReadAction","target":["https:\/\/www.focus.cat\/es\/el-cirque-du-soleil-llega-a-alicante-con-alegria\/"]}]},{"@type":"ImageObject","inLanguage":"ca","@id":"https:\/\/www.focus.cat\/es\/el-cirque-du-soleil-llega-a-alicante-con-alegria\/#primaryimage","url":"https:\/\/www.focus.cat\/wp-content\/uploads\/2024\/07\/Alegria-horitzontal.jpg","contentUrl":"https:\/\/www.focus.cat\/wp-content\/uploads\/2024\/07\/Alegria-horitzontal.jpg","width":1200,"height":675},{"@type":"WebSite","@id":"https:\/\/www.focus.cat\/#website","url":"https:\/\/www.focus.cat\/","name":"Focus","description":"","publisher":{"@id":"https:\/\/www.focus.cat\/#organization"},"potentialAction":[{"@type":"SearchAction","target":{"@type":"EntryPoint","urlTemplate":"https:\/\/www.focus.cat\/?s={search_term_string}"},"query-input":{"@type":"PropertyValueSpecification","valueRequired":true,"valueName":"search_term_string"}}],"inLanguage":"ca"},{"@type":"Organization","@id":"https:\/\/www.focus.cat\/#organization","name":"Focus","url":"https:\/\/www.focus.cat\/","logo":{"@type":"ImageObject","inLanguage":"ca","@id":"https:\/\/www.focus.cat\/#\/schema\/logo\/image\/","url":"https:\/\/www.focus.cat\/wp-content\/uploads\/2022\/01\/logo-focus-any-35.svg","contentUrl":"https:\/\/www.focus.cat\/wp-content\/uploads\/2022\/01\/logo-focus-any-35.svg","width":1,"height":1,"caption":"Focus"},"image":{"@id":"https:\/\/www.focus.cat\/#\/schema\/logo\/image\/"}},{"@type":"Person","@id":"https:\/\/www.focus.cat\/#\/schema\/person\/caae89e91020f6f4091f528af5ee5e71","name":"Suport Digital","image":{"@type":"ImageObject","inLanguage":"ca","@id":"https:\/\/secure.gravatar.com\/avatar\/dd41dbc903aea1c8ca8c21ad68c0e0693be9f8c724f44cf11598395a9d1a039e?s=96&d=mm&r=g","url":"https:\/\/secure.gravatar.com\/avatar\/dd41dbc903aea1c8ca8c21ad68c0e0693be9f8c724f44cf11598395a9d1a039e?s=96&d=mm&r=g","contentUrl":"https:\/\/secure.gravatar.com\/avatar\/dd41dbc903aea1c8ca8c21ad68c0e0693be9f8c724f44cf11598395a9d1a039e?s=96&d=mm&r=g","caption":"Suport Digital"},"url":"https:\/\/www.focus.cat\/author\/suport-digital\/"}]}},"_links":{"self":[{"href":"https:\/\/www.focus.cat\/wp-json\/wp\/v2\/posts\/18845","targetHints":{"allow":["GET"]}}],"collection":[{"href":"https:\/\/www.focus.cat\/wp-json\/wp\/v2\/posts"}],"about":[{"href":"https:\/\/www.focus.cat\/wp-json\/wp\/v2\/types\/post"}],"author":[{"embeddable":true,"href":"https:\/\/www.focus.cat\/wp-json\/wp\/v2\/users\/15"}],"replies":[{"embeddable":true,"href":"https:\/\/www.focus.cat\/wp-json\/wp\/v2\/comments?post=18845"}],"version-history":[{"count":0,"href":"https:\/\/www.focus.cat\/wp-json\/wp\/v2\/posts\/18845\/revisions"}],"wp:featuredmedia":[{"embeddable":true,"href":"https:\/\/www.focus.cat\/wp-json\/wp\/v2\/media\/18842"}],"wp:attachment":[{"href":"https:\/\/www.focus.cat\/wp-json\/wp\/v2\/media?parent=18845"}],"wp:term":[{"taxonomy":"category","embeddable":true,"href":"https:\/\/www.focus.cat\/wp-json\/wp\/v2\/categories?post=18845"}],"curies":[{"name":"wp","href":"https:\/\/api.w.org\/{rel}","templated":true}]}}