{"id":19233,"date":"2024-08-27T07:32:52","date_gmt":"2024-08-27T07:32:52","guid":{"rendered":"https:\/\/www.focus.cat\/?p=19233"},"modified":"2024-08-27T07:32:52","modified_gmt":"2024-08-27T07:32:52","slug":"cigarreras-y-un-amor-particular-titulos-destacados-en-la-cartelera-de-madrid","status":"publish","type":"post","link":"https:\/\/www.focus.cat\/es\/cigarreras-y-un-amor-particular-titulos-destacados-en-la-cartelera-de-madrid\/","title":{"rendered":"\u201cCigarreras\u201d y \u201cUn amor particular\u201d, t\u00edtulos destacados en la cartelera de Madrid"},"content":{"rendered":"<p>Comen\u00e7a una nova temporada, com sempre, amb empenta i espectacles imprescindibles en cartell. A Madrid, Focus ser\u00e0 present en aquest inici del curs teatral amb dues produccions, <em>Cigarreras<\/em>, un drama social a partir de l\u2019obra d\u2019Emilia Pardo Baz\u00e1n, y <em>Un amor particular<\/em>, una com\u00e8dia rom\u00e0ntica amb m\u00fasica en directe.<\/p>\n<p><em>Cigarreras<\/em>, de fet, inaugurar\u00e0 la temporada del Teatro Fern\u00e1n G\u00f3mez (del 19 de setembre al 26 d\u2019octubre) que dirigeix Juan Carlos P\u00e9rez de la Fuente. L\u2019espectacle \u2013coprodu\u00eft pel Teatre Romea i Coproduci\u00f3ns\u2013 \u00e9s una proposta dramat\u00fargica auda\u00e7 que t\u00e9 com a tel\u00f3 de fons la crisi pol\u00edtica que va conduir a la proclamaci\u00f3 de la I Rep\u00fablica espanyola, una \u00e8poca convulsa amb resson\u00e0ncies ben actuals.<\/p>\n<p>Quant a<em> Un amor particular<\/em>, ocupar\u00e0 l\u2019escenari de La Latina entre el 22 d\u2019octubre i el 3 de desembre (dimarts) per fer riure i emocionar el seu p\u00fablic aquesta tardor. La parella protagonista, Valeria i Fonsi, s\u00f3n dues persones en aparen\u00e7a molt diferents, per\u00f2 disposades a superar tot d\u2019entrebancs per viure el seu amor.<\/p>\n<p><img decoding=\"async\" class=\"alignnone  wp-image-19228\" src=\"https:\/\/www.focus.cat\/wp-content\/uploads\/2024\/08\/cast-copia-comp-2-1.jpg\" alt=\"\" width=\"287\" height=\"406\" srcset=\"https:\/\/www.focus.cat\/wp-content\/uploads\/2024\/08\/cast-copia-comp-2-1.jpg 5907w, https:\/\/www.focus.cat\/wp-content\/uploads\/2024\/08\/cast-copia-comp-2-1-212x300.jpg 212w\" sizes=\"(max-width: 287px) 100vw, 287px\" \/> <img decoding=\"async\" class=\"alignnone  wp-image-19231\" src=\"https:\/\/www.focus.cat\/wp-content\/uploads\/2024\/08\/Cartell-web-Focus-un-amor-particular.jpg\" alt=\"\" width=\"287\" height=\"409\" srcset=\"https:\/\/www.focus.cat\/wp-content\/uploads\/2024\/08\/Cartell-web-Focus-un-amor-particular.jpg 722w, https:\/\/www.focus.cat\/wp-content\/uploads\/2024\/08\/Cartell-web-Focus-un-amor-particular-210x300.jpg 210w, https:\/\/www.focus.cat\/wp-content\/uploads\/2024\/08\/Cartell-web-Focus-un-amor-particular-150x214.jpg 150w\" sizes=\"(max-width: 287px) 100vw, 287px\" \/><\/p>\n<p>&nbsp;<\/p>\n","protected":false},"excerpt":{"rendered":"<p>Comen\u00e7a una nova temporada, com sempre, amb empenta i espectacles imprescindibles en cartell. A Madrid, Focus ser\u00e0 present en aquest inici del curs teatral amb dues produccions, Cigarreras, un drama social a partir de l\u2019obra d\u2019Emilia Pardo Baz\u00e1n, y Un amor particular, una com\u00e8dia rom\u00e0ntica amb m\u00fasica en directe. Cigarreras, de fet, inaugurar\u00e0 la temporada<a class=\"excerpt-read-more\" href=\"https:\/\/www.focus.cat\/es\/cigarreras-y-un-amor-particular-titulos-destacados-en-la-cartelera-de-madrid\/\" title=\"Llegeix\u201cCigarreras\u201d y \u201cUn amor particular\u201d, t\u00edtulos destacados en la cartelera de Madrid\"> &#8230; Llegeix m\u00e9s<\/a><\/p>\n","protected":false},"author":16,"featured_media":19225,"comment_status":"closed","ping_status":"closed","sticky":false,"template":"","format":"standard","meta":{"_acf_changed":false,"inline_featured_image":false,"footnotes":""},"categories":[4],"class_list":["post-19233","post","type-post","status-publish","format-standard","has-post-thumbnail","hentry","category-noticias"],"acf":[],"yoast_head":"<!-- This site is optimized with the Yoast SEO plugin v27.5 - https:\/\/yoast.com\/product\/yoast-seo-wordpress\/ -->\n<title>\u201cCigarreras\u201d y \u201cUn amor particular\u201d, t\u00edtulos destacados en la cartelera de Madrid - Focus<\/title>\n<meta name=\"robots\" content=\"index, follow, max-snippet:-1, max-image-preview:large, max-video-preview:-1\" \/>\n<link rel=\"canonical\" href=\"https:\/\/www.focus.cat\/cigarreras-y-un-amor-particular-titulos-destacados-en-la-cartelera-de-madrid\/\" \/>\n<meta property=\"og:locale\" content=\"ca_ES\" \/>\n<meta property=\"og:type\" content=\"article\" \/>\n<meta property=\"og:title\" content=\"\u201cCigarreras\u201d y \u201cUn amor particular\u201d, t\u00edtulos destacados en la cartelera de Madrid - Focus\" \/>\n<meta property=\"og:description\" content=\"Comen\u00e7a una nova temporada, com sempre, amb empenta i espectacles imprescindibles en cartell. A Madrid, Focus ser\u00e0 present en aquest inici del curs teatral amb dues produccions, Cigarreras, un drama social a partir de l\u2019obra d\u2019Emilia Pardo Baz\u00e1n, y Un amor particular, una com\u00e8dia rom\u00e0ntica amb m\u00fasica en directe. Cigarreras, de fet, inaugurar\u00e0 la temporada ... Llegeix m\u00e9s\" \/>\n<meta property=\"og:url\" content=\"https:\/\/www.focus.cat\/es\/cigarreras-y-un-amor-particular-titulos-destacados-en-la-cartelera-de-madrid\/\" \/>\n<meta property=\"og:site_name\" content=\"Focus\" \/>\n<meta property=\"article:published_time\" content=\"2024-08-27T07:32:52+00:00\" \/>\n<meta property=\"og:image\" content=\"https:\/\/www.focus.cat\/wp-content\/uploads\/2024\/08\/HORITZONTAL-WEB-FOCUS-4-scaled.jpg\" \/>\n\t<meta property=\"og:image:width\" content=\"2560\" \/>\n\t<meta property=\"og:image:height\" content=\"1440\" \/>\n\t<meta property=\"og:image:type\" content=\"image\/jpeg\" \/>\n<meta name=\"author\" content=\"Brenda Becker\" \/>\n<meta name=\"twitter:card\" content=\"summary_large_image\" \/>\n<script type=\"application\/ld+json\" class=\"yoast-schema-graph\">{\"@context\":\"https:\\\/\\\/schema.org\",\"@graph\":[{\"@type\":\"Article\",\"@id\":\"https:\\\/\\\/www.focus.cat\\\/es\\\/cigarreras-y-un-amor-particular-titulos-destacados-en-la-cartelera-de-madrid\\\/#article\",\"isPartOf\":{\"@id\":\"https:\\\/\\\/www.focus.cat\\\/es\\\/cigarreras-y-un-amor-particular-titulos-destacados-en-la-cartelera-de-madrid\\\/\"},\"author\":{\"name\":\"Brenda Becker\",\"@id\":\"https:\\\/\\\/www.focus.cat\\\/#\\\/schema\\\/person\\\/45cbcf79c7b3047ca01818c50e607a32\"},\"headline\":\"\u201cCigarreras\u201d y \u201cUn amor particular\u201d, t\u00edtulos destacados en la cartelera de Madrid\",\"datePublished\":\"2024-08-27T07:32:52+00:00\",\"mainEntityOfPage\":{\"@id\":\"https:\\\/\\\/www.focus.cat\\\/es\\\/cigarreras-y-un-amor-particular-titulos-destacados-en-la-cartelera-de-madrid\\\/\"},\"wordCount\":202,\"publisher\":{\"@id\":\"https:\\\/\\\/www.focus.cat\\\/#organization\"},\"image\":{\"@id\":\"https:\\\/\\\/www.focus.cat\\\/es\\\/cigarreras-y-un-amor-particular-titulos-destacados-en-la-cartelera-de-madrid\\\/#primaryimage\"},\"thumbnailUrl\":\"https:\\\/\\\/www.focus.cat\\\/wp-content\\\/uploads\\\/2024\\\/08\\\/HORITZONTAL-WEB-FOCUS-4-scaled.jpg\",\"articleSection\":[\"Noticias\"],\"inLanguage\":\"ca\"},{\"@type\":\"WebPage\",\"@id\":\"https:\\\/\\\/www.focus.cat\\\/es\\\/cigarreras-y-un-amor-particular-titulos-destacados-en-la-cartelera-de-madrid\\\/\",\"url\":\"https:\\\/\\\/www.focus.cat\\\/es\\\/cigarreras-y-un-amor-particular-titulos-destacados-en-la-cartelera-de-madrid\\\/\",\"name\":\"\u201cCigarreras\u201d y \u201cUn amor particular\u201d, t\u00edtulos destacados en la cartelera de Madrid - Focus\",\"isPartOf\":{\"@id\":\"https:\\\/\\\/www.focus.cat\\\/#website\"},\"primaryImageOfPage\":{\"@id\":\"https:\\\/\\\/www.focus.cat\\\/es\\\/cigarreras-y-un-amor-particular-titulos-destacados-en-la-cartelera-de-madrid\\\/#primaryimage\"},\"image\":{\"@id\":\"https:\\\/\\\/www.focus.cat\\\/es\\\/cigarreras-y-un-amor-particular-titulos-destacados-en-la-cartelera-de-madrid\\\/#primaryimage\"},\"thumbnailUrl\":\"https:\\\/\\\/www.focus.cat\\\/wp-content\\\/uploads\\\/2024\\\/08\\\/HORITZONTAL-WEB-FOCUS-4-scaled.jpg\",\"datePublished\":\"2024-08-27T07:32:52+00:00\",\"inLanguage\":\"ca\",\"potentialAction\":[{\"@type\":\"ReadAction\",\"target\":[\"https:\\\/\\\/www.focus.cat\\\/es\\\/cigarreras-y-un-amor-particular-titulos-destacados-en-la-cartelera-de-madrid\\\/\"]}]},{\"@type\":\"ImageObject\",\"inLanguage\":\"ca\",\"@id\":\"https:\\\/\\\/www.focus.cat\\\/es\\\/cigarreras-y-un-amor-particular-titulos-destacados-en-la-cartelera-de-madrid\\\/#primaryimage\",\"url\":\"https:\\\/\\\/www.focus.cat\\\/wp-content\\\/uploads\\\/2024\\\/08\\\/HORITZONTAL-WEB-FOCUS-4-scaled.jpg\",\"contentUrl\":\"https:\\\/\\\/www.focus.cat\\\/wp-content\\\/uploads\\\/2024\\\/08\\\/HORITZONTAL-WEB-FOCUS-4-scaled.jpg\",\"width\":2560,\"height\":1440},{\"@type\":\"WebSite\",\"@id\":\"https:\\\/\\\/www.focus.cat\\\/#website\",\"url\":\"https:\\\/\\\/www.focus.cat\\\/\",\"name\":\"Focus\",\"description\":\"\",\"publisher\":{\"@id\":\"https:\\\/\\\/www.focus.cat\\\/#organization\"},\"potentialAction\":[{\"@type\":\"SearchAction\",\"target\":{\"@type\":\"EntryPoint\",\"urlTemplate\":\"https:\\\/\\\/www.focus.cat\\\/?s={search_term_string}\"},\"query-input\":{\"@type\":\"PropertyValueSpecification\",\"valueRequired\":true,\"valueName\":\"search_term_string\"}}],\"inLanguage\":\"ca\"},{\"@type\":\"Organization\",\"@id\":\"https:\\\/\\\/www.focus.cat\\\/#organization\",\"name\":\"Focus\",\"url\":\"https:\\\/\\\/www.focus.cat\\\/\",\"logo\":{\"@type\":\"ImageObject\",\"inLanguage\":\"ca\",\"@id\":\"https:\\\/\\\/www.focus.cat\\\/#\\\/schema\\\/logo\\\/image\\\/\",\"url\":\"https:\\\/\\\/www.focus.cat\\\/wp-content\\\/uploads\\\/2022\\\/01\\\/logo-focus-any-35.svg\",\"contentUrl\":\"https:\\\/\\\/www.focus.cat\\\/wp-content\\\/uploads\\\/2022\\\/01\\\/logo-focus-any-35.svg\",\"width\":1,\"height\":1,\"caption\":\"Focus\"},\"image\":{\"@id\":\"https:\\\/\\\/www.focus.cat\\\/#\\\/schema\\\/logo\\\/image\\\/\"}},{\"@type\":\"Person\",\"@id\":\"https:\\\/\\\/www.focus.cat\\\/#\\\/schema\\\/person\\\/45cbcf79c7b3047ca01818c50e607a32\",\"name\":\"Brenda Becker\",\"image\":{\"@type\":\"ImageObject\",\"inLanguage\":\"ca\",\"@id\":\"https:\\\/\\\/secure.gravatar.com\\\/avatar\\\/bf45b1ffca36f0e2b6cbeb689cead579b5275b1489889a25ac0e66115dfb28c7?s=96&d=mm&r=g\",\"url\":\"https:\\\/\\\/secure.gravatar.com\\\/avatar\\\/bf45b1ffca36f0e2b6cbeb689cead579b5275b1489889a25ac0e66115dfb28c7?s=96&d=mm&r=g\",\"contentUrl\":\"https:\\\/\\\/secure.gravatar.com\\\/avatar\\\/bf45b1ffca36f0e2b6cbeb689cead579b5275b1489889a25ac0e66115dfb28c7?s=96&d=mm&r=g\",\"caption\":\"Brenda Becker\"},\"url\":\"https:\\\/\\\/www.focus.cat\\\/author\\\/brenda-becker\\\/\"}]}<\/script>\n<!-- \/ Yoast SEO plugin. -->","yoast_head_json":{"title":"\u201cCigarreras\u201d y \u201cUn amor particular\u201d, t\u00edtulos destacados en la cartelera de Madrid - Focus","robots":{"index":"index","follow":"follow","max-snippet":"max-snippet:-1","max-image-preview":"max-image-preview:large","max-video-preview":"max-video-preview:-1"},"canonical":"https:\/\/www.focus.cat\/cigarreras-y-un-amor-particular-titulos-destacados-en-la-cartelera-de-madrid\/","og_locale":"ca_ES","og_type":"article","og_title":"\u201cCigarreras\u201d y \u201cUn amor particular\u201d, t\u00edtulos destacados en la cartelera de Madrid - Focus","og_description":"Comen\u00e7a una nova temporada, com sempre, amb empenta i espectacles imprescindibles en cartell. A Madrid, Focus ser\u00e0 present en aquest inici del curs teatral amb dues produccions, Cigarreras, un drama social a partir de l\u2019obra d\u2019Emilia Pardo Baz\u00e1n, y Un amor particular, una com\u00e8dia rom\u00e0ntica amb m\u00fasica en directe. Cigarreras, de fet, inaugurar\u00e0 la temporada ... Llegeix m\u00e9s","og_url":"https:\/\/www.focus.cat\/es\/cigarreras-y-un-amor-particular-titulos-destacados-en-la-cartelera-de-madrid\/","og_site_name":"Focus","article_published_time":"2024-08-27T07:32:52+00:00","og_image":[{"width":2560,"height":1440,"url":"https:\/\/www.focus.cat\/wp-content\/uploads\/2024\/08\/HORITZONTAL-WEB-FOCUS-4-scaled.jpg","type":"image\/jpeg"}],"author":"Brenda Becker","twitter_card":"summary_large_image","schema":{"@context":"https:\/\/schema.org","@graph":[{"@type":"Article","@id":"https:\/\/www.focus.cat\/es\/cigarreras-y-un-amor-particular-titulos-destacados-en-la-cartelera-de-madrid\/#article","isPartOf":{"@id":"https:\/\/www.focus.cat\/es\/cigarreras-y-un-amor-particular-titulos-destacados-en-la-cartelera-de-madrid\/"},"author":{"name":"Brenda Becker","@id":"https:\/\/www.focus.cat\/#\/schema\/person\/45cbcf79c7b3047ca01818c50e607a32"},"headline":"\u201cCigarreras\u201d y \u201cUn amor particular\u201d, t\u00edtulos destacados en la cartelera de Madrid","datePublished":"2024-08-27T07:32:52+00:00","mainEntityOfPage":{"@id":"https:\/\/www.focus.cat\/es\/cigarreras-y-un-amor-particular-titulos-destacados-en-la-cartelera-de-madrid\/"},"wordCount":202,"publisher":{"@id":"https:\/\/www.focus.cat\/#organization"},"image":{"@id":"https:\/\/www.focus.cat\/es\/cigarreras-y-un-amor-particular-titulos-destacados-en-la-cartelera-de-madrid\/#primaryimage"},"thumbnailUrl":"https:\/\/www.focus.cat\/wp-content\/uploads\/2024\/08\/HORITZONTAL-WEB-FOCUS-4-scaled.jpg","articleSection":["Noticias"],"inLanguage":"ca"},{"@type":"WebPage","@id":"https:\/\/www.focus.cat\/es\/cigarreras-y-un-amor-particular-titulos-destacados-en-la-cartelera-de-madrid\/","url":"https:\/\/www.focus.cat\/es\/cigarreras-y-un-amor-particular-titulos-destacados-en-la-cartelera-de-madrid\/","name":"\u201cCigarreras\u201d y \u201cUn amor particular\u201d, t\u00edtulos destacados en la cartelera de Madrid - Focus","isPartOf":{"@id":"https:\/\/www.focus.cat\/#website"},"primaryImageOfPage":{"@id":"https:\/\/www.focus.cat\/es\/cigarreras-y-un-amor-particular-titulos-destacados-en-la-cartelera-de-madrid\/#primaryimage"},"image":{"@id":"https:\/\/www.focus.cat\/es\/cigarreras-y-un-amor-particular-titulos-destacados-en-la-cartelera-de-madrid\/#primaryimage"},"thumbnailUrl":"https:\/\/www.focus.cat\/wp-content\/uploads\/2024\/08\/HORITZONTAL-WEB-FOCUS-4-scaled.jpg","datePublished":"2024-08-27T07:32:52+00:00","inLanguage":"ca","potentialAction":[{"@type":"ReadAction","target":["https:\/\/www.focus.cat\/es\/cigarreras-y-un-amor-particular-titulos-destacados-en-la-cartelera-de-madrid\/"]}]},{"@type":"ImageObject","inLanguage":"ca","@id":"https:\/\/www.focus.cat\/es\/cigarreras-y-un-amor-particular-titulos-destacados-en-la-cartelera-de-madrid\/#primaryimage","url":"https:\/\/www.focus.cat\/wp-content\/uploads\/2024\/08\/HORITZONTAL-WEB-FOCUS-4-scaled.jpg","contentUrl":"https:\/\/www.focus.cat\/wp-content\/uploads\/2024\/08\/HORITZONTAL-WEB-FOCUS-4-scaled.jpg","width":2560,"height":1440},{"@type":"WebSite","@id":"https:\/\/www.focus.cat\/#website","url":"https:\/\/www.focus.cat\/","name":"Focus","description":"","publisher":{"@id":"https:\/\/www.focus.cat\/#organization"},"potentialAction":[{"@type":"SearchAction","target":{"@type":"EntryPoint","urlTemplate":"https:\/\/www.focus.cat\/?s={search_term_string}"},"query-input":{"@type":"PropertyValueSpecification","valueRequired":true,"valueName":"search_term_string"}}],"inLanguage":"ca"},{"@type":"Organization","@id":"https:\/\/www.focus.cat\/#organization","name":"Focus","url":"https:\/\/www.focus.cat\/","logo":{"@type":"ImageObject","inLanguage":"ca","@id":"https:\/\/www.focus.cat\/#\/schema\/logo\/image\/","url":"https:\/\/www.focus.cat\/wp-content\/uploads\/2022\/01\/logo-focus-any-35.svg","contentUrl":"https:\/\/www.focus.cat\/wp-content\/uploads\/2022\/01\/logo-focus-any-35.svg","width":1,"height":1,"caption":"Focus"},"image":{"@id":"https:\/\/www.focus.cat\/#\/schema\/logo\/image\/"}},{"@type":"Person","@id":"https:\/\/www.focus.cat\/#\/schema\/person\/45cbcf79c7b3047ca01818c50e607a32","name":"Brenda Becker","image":{"@type":"ImageObject","inLanguage":"ca","@id":"https:\/\/secure.gravatar.com\/avatar\/bf45b1ffca36f0e2b6cbeb689cead579b5275b1489889a25ac0e66115dfb28c7?s=96&d=mm&r=g","url":"https:\/\/secure.gravatar.com\/avatar\/bf45b1ffca36f0e2b6cbeb689cead579b5275b1489889a25ac0e66115dfb28c7?s=96&d=mm&r=g","contentUrl":"https:\/\/secure.gravatar.com\/avatar\/bf45b1ffca36f0e2b6cbeb689cead579b5275b1489889a25ac0e66115dfb28c7?s=96&d=mm&r=g","caption":"Brenda Becker"},"url":"https:\/\/www.focus.cat\/author\/brenda-becker\/"}]}},"_links":{"self":[{"href":"https:\/\/www.focus.cat\/wp-json\/wp\/v2\/posts\/19233","targetHints":{"allow":["GET"]}}],"collection":[{"href":"https:\/\/www.focus.cat\/wp-json\/wp\/v2\/posts"}],"about":[{"href":"https:\/\/www.focus.cat\/wp-json\/wp\/v2\/types\/post"}],"author":[{"embeddable":true,"href":"https:\/\/www.focus.cat\/wp-json\/wp\/v2\/users\/16"}],"replies":[{"embeddable":true,"href":"https:\/\/www.focus.cat\/wp-json\/wp\/v2\/comments?post=19233"}],"version-history":[{"count":0,"href":"https:\/\/www.focus.cat\/wp-json\/wp\/v2\/posts\/19233\/revisions"}],"wp:featuredmedia":[{"embeddable":true,"href":"https:\/\/www.focus.cat\/wp-json\/wp\/v2\/media\/19225"}],"wp:attachment":[{"href":"https:\/\/www.focus.cat\/wp-json\/wp\/v2\/media?parent=19233"}],"wp:term":[{"taxonomy":"category","embeddable":true,"href":"https:\/\/www.focus.cat\/wp-json\/wp\/v2\/categories?post=19233"}],"curies":[{"name":"wp","href":"https:\/\/api.w.org\/{rel}","templated":true}]}}