{"id":19972,"date":"2024-10-17T14:36:28","date_gmt":"2024-10-17T14:36:28","guid":{"rendered":"https:\/\/www.focus.cat\/?p=19972"},"modified":"2024-12-11T08:51:54","modified_gmt":"2024-12-11T08:51:54","slug":"espectacular-ceremonia-de-apertura-de-louis-vuitton-37a-americas-cup","status":"publish","type":"post","link":"https:\/\/www.focus.cat\/es\/espectacular-ceremonia-de-apertura-de-louis-vuitton-37a-americas-cup\/","title":{"rendered":"Espectacular ceremonia de apertura de Louis Vuitton 37\u00aa America&#8217;s Cup"},"content":{"rendered":"<p>El pasado 10 de octubre tuvo lugar en la playa del Bogatell la ceremonia Barcelona, \u200b\u200bFar al m\u00f3n, pre\u00e1mbulo de la final de Louis Vuitton 37\u00aa America&#8217;s Cup.<\/p>\n<p>Focus, l\u00edder de la UTE integrada por las empresas Igor Studios, Lavinia y Flock Drone Art, plane\u00f3 un espect\u00e1culo sin precedentes con impresionantes efectos visuales que inclu\u00eda unas coreograf\u00edas con un total de 1.000 drones, integraci\u00f3n de sistemas audiovisuales con pantallas LED de diferentes formatos , rompiendo la cuadratura del c\u00edrculo, creaciones virtuales como un avatar y multiplicando las aguas marinas con la iluminaci\u00f3n creando mares de luz. Todo esto a partir de la banda sonora creada por el maestro Albert Guinovart, que lleva por t\u00edtulo lo mismo que el espect\u00e1culo, Barcelona, \u200b\u200bFar al m\u00f3n, interpretada por la orquesta y coro del Gran Teatre del Liceu, con las voces solistas de Sara Blanch y de Arnau Tordera, con la intervenci\u00f3n de la escolan\u00eda de Montserrat. Los efectos visuales fueron creados por la prestigiosa marca barcelonesa Glasworks, quienes captaron la fuerza de la gran estructura &#8220;FAR&#8221;.<\/p>\n<p>Todo dise\u00f1ado y pensado en su puesta en escena por el director Hansel Cereza, que llev\u00f3 al espectador a un viaje emocional que cautiv\u00f3 a las audiencias de todo el mundo.<\/p>\n<p>La ceremonia, inspirada en el mar, el viento y la vela, simbolizaba el ingenio humano y el esfuerzo colectivo, creando una narrativa que promete volver a conectar al p\u00fablico con el poder de la naturaleza y la magia de la exploraci\u00f3n mar\u00edtima.<\/p>\n<p><img decoding=\"async\" class=\"size-large wp-image-19970 aligncenter\" src=\"https:\/\/www.focus.cat\/wp-content\/uploads\/2024\/10\/Imagen-de-WhatsApp-2024-10-11-a-las-13.00.03_b099f1e5-1124x749.jpg\" alt=\"\" width=\"1024\" height=\"682\" srcset=\"https:\/\/www.focus.cat\/wp-content\/uploads\/2024\/10\/Imagen-de-WhatsApp-2024-10-11-a-las-13.00.03_b099f1e5-1124x749.jpg 1124w, https:\/\/www.focus.cat\/wp-content\/uploads\/2024\/10\/Imagen-de-WhatsApp-2024-10-11-a-las-13.00.03_b099f1e5-300x200.jpg 300w, https:\/\/www.focus.cat\/wp-content\/uploads\/2024\/10\/Imagen-de-WhatsApp-2024-10-11-a-las-13.00.03_b099f1e5-150x100.jpg 150w, https:\/\/www.focus.cat\/wp-content\/uploads\/2024\/10\/Imagen-de-WhatsApp-2024-10-11-a-las-13.00.03_b099f1e5-800x533.jpg 800w, https:\/\/www.focus.cat\/wp-content\/uploads\/2024\/10\/Imagen-de-WhatsApp-2024-10-11-a-las-13.00.03_b099f1e5.jpg 1280w\" sizes=\"(max-width: 1024px) 100vw, 1024px\" \/><\/p>\n","protected":false},"excerpt":{"rendered":"<p>El pasado 10 de octubre tuvo lugar en la playa del Bogatell la ceremonia Barcelona, \u200b\u200bFar al m\u00f3n, pre\u00e1mbulo de la final de Louis Vuitton 37\u00aa America&#8217;s Cup. Focus, l\u00edder de la UTE integrada por las empresas Igor Studios, Lavinia y Flock Drone Art, plane\u00f3 un espect\u00e1culo sin precedentes con impresionantes efectos visuales que inclu\u00eda<a class=\"excerpt-read-more\" href=\"https:\/\/www.focus.cat\/es\/espectacular-ceremonia-de-apertura-de-louis-vuitton-37a-americas-cup\/\" title=\"LlegeixEspectacular ceremonia de apertura de Louis Vuitton 37\u00aa America&#8217;s Cup\"> &#8230; Llegeix m\u00e9s<\/a><\/p>\n","protected":false},"author":16,"featured_media":19967,"comment_status":"closed","ping_status":"closed","sticky":false,"template":"","format":"standard","meta":{"_acf_changed":false,"inline_featured_image":false,"footnotes":""},"categories":[4,25],"class_list":["post-19972","post","type-post","status-publish","format-standard","has-post-thumbnail","hentry","category-noticias","category-eventos"],"acf":[],"yoast_head":"<!-- This site is optimized with the Yoast SEO plugin v27.4 - https:\/\/yoast.com\/product\/yoast-seo-wordpress\/ -->\n<title>Espectacular ceremonia de apertura de Louis Vuitton 37\u00aa America&#039;s Cup - Focus<\/title>\n<meta name=\"robots\" content=\"index, follow, max-snippet:-1, max-image-preview:large, max-video-preview:-1\" \/>\n<link rel=\"canonical\" href=\"https:\/\/www.focus.cat\/espectacular-ceremonia-de-apertura-de-louis-vuitton-37a-americas-cup\/\" \/>\n<meta property=\"og:locale\" content=\"ca_ES\" \/>\n<meta property=\"og:type\" content=\"article\" \/>\n<meta property=\"og:title\" content=\"Espectacular ceremonia de apertura de Louis Vuitton 37\u00aa America&#039;s Cup - Focus\" \/>\n<meta property=\"og:description\" content=\"El pasado 10 de octubre tuvo lugar en la playa del Bogatell la ceremonia Barcelona, \u200b\u200bFar al m\u00f3n, pre\u00e1mbulo de la final de Louis Vuitton 37\u00aa America&#8217;s Cup. Focus, l\u00edder de la UTE integrada por las empresas Igor Studios, Lavinia y Flock Drone Art, plane\u00f3 un espect\u00e1culo sin precedentes con impresionantes efectos visuales que inclu\u00eda ... Llegeix m\u00e9s\" \/>\n<meta property=\"og:url\" content=\"https:\/\/www.focus.cat\/es\/espectacular-ceremonia-de-apertura-de-louis-vuitton-37a-americas-cup\/\" \/>\n<meta property=\"og:site_name\" content=\"Focus\" \/>\n<meta property=\"article:published_time\" content=\"2024-10-17T14:36:28+00:00\" \/>\n<meta property=\"article:modified_time\" content=\"2024-12-11T08:51:54+00:00\" \/>\n<meta property=\"og:image\" content=\"https:\/\/www.focus.cat\/wp-content\/uploads\/2024\/10\/Imagen-de-WhatsApp-2024-10-11-a-las-13.00.03_7e665bca.jpg\" \/>\n\t<meta property=\"og:image:width\" content=\"1280\" \/>\n\t<meta property=\"og:image:height\" content=\"853\" \/>\n\t<meta property=\"og:image:type\" content=\"image\/jpeg\" \/>\n<meta name=\"author\" content=\"Brenda Becker\" \/>\n<meta name=\"twitter:card\" content=\"summary_large_image\" \/>\n<script type=\"application\/ld+json\" class=\"yoast-schema-graph\">{\"@context\":\"https:\\\/\\\/schema.org\",\"@graph\":[{\"@type\":\"Article\",\"@id\":\"https:\\\/\\\/www.focus.cat\\\/es\\\/espectacular-ceremonia-de-apertura-de-louis-vuitton-37a-americas-cup\\\/#article\",\"isPartOf\":{\"@id\":\"https:\\\/\\\/www.focus.cat\\\/es\\\/espectacular-ceremonia-de-apertura-de-louis-vuitton-37a-americas-cup\\\/\"},\"author\":{\"name\":\"Brenda Becker\",\"@id\":\"https:\\\/\\\/www.focus.cat\\\/#\\\/schema\\\/person\\\/45cbcf79c7b3047ca01818c50e607a32\"},\"headline\":\"Espectacular ceremonia de apertura de Louis Vuitton 37\u00aa America&#8217;s Cup\",\"datePublished\":\"2024-10-17T14:36:28+00:00\",\"dateModified\":\"2024-12-11T08:51:54+00:00\",\"mainEntityOfPage\":{\"@id\":\"https:\\\/\\\/www.focus.cat\\\/es\\\/espectacular-ceremonia-de-apertura-de-louis-vuitton-37a-americas-cup\\\/\"},\"wordCount\":271,\"publisher\":{\"@id\":\"https:\\\/\\\/www.focus.cat\\\/#organization\"},\"image\":{\"@id\":\"https:\\\/\\\/www.focus.cat\\\/es\\\/espectacular-ceremonia-de-apertura-de-louis-vuitton-37a-americas-cup\\\/#primaryimage\"},\"thumbnailUrl\":\"https:\\\/\\\/www.focus.cat\\\/wp-content\\\/uploads\\\/2024\\\/10\\\/Imagen-de-WhatsApp-2024-10-11-a-las-13.00.03_7e665bca.jpg\",\"articleSection\":[\"Noticias\",\"Eventos\"],\"inLanguage\":\"ca\"},{\"@type\":\"WebPage\",\"@id\":\"https:\\\/\\\/www.focus.cat\\\/es\\\/espectacular-ceremonia-de-apertura-de-louis-vuitton-37a-americas-cup\\\/\",\"url\":\"https:\\\/\\\/www.focus.cat\\\/es\\\/espectacular-ceremonia-de-apertura-de-louis-vuitton-37a-americas-cup\\\/\",\"name\":\"Espectacular ceremonia de apertura de Louis Vuitton 37\u00aa America's Cup - Focus\",\"isPartOf\":{\"@id\":\"https:\\\/\\\/www.focus.cat\\\/#website\"},\"primaryImageOfPage\":{\"@id\":\"https:\\\/\\\/www.focus.cat\\\/es\\\/espectacular-ceremonia-de-apertura-de-louis-vuitton-37a-americas-cup\\\/#primaryimage\"},\"image\":{\"@id\":\"https:\\\/\\\/www.focus.cat\\\/es\\\/espectacular-ceremonia-de-apertura-de-louis-vuitton-37a-americas-cup\\\/#primaryimage\"},\"thumbnailUrl\":\"https:\\\/\\\/www.focus.cat\\\/wp-content\\\/uploads\\\/2024\\\/10\\\/Imagen-de-WhatsApp-2024-10-11-a-las-13.00.03_7e665bca.jpg\",\"datePublished\":\"2024-10-17T14:36:28+00:00\",\"dateModified\":\"2024-12-11T08:51:54+00:00\",\"inLanguage\":\"ca\",\"potentialAction\":[{\"@type\":\"ReadAction\",\"target\":[\"https:\\\/\\\/www.focus.cat\\\/es\\\/espectacular-ceremonia-de-apertura-de-louis-vuitton-37a-americas-cup\\\/\"]}]},{\"@type\":\"ImageObject\",\"inLanguage\":\"ca\",\"@id\":\"https:\\\/\\\/www.focus.cat\\\/es\\\/espectacular-ceremonia-de-apertura-de-louis-vuitton-37a-americas-cup\\\/#primaryimage\",\"url\":\"https:\\\/\\\/www.focus.cat\\\/wp-content\\\/uploads\\\/2024\\\/10\\\/Imagen-de-WhatsApp-2024-10-11-a-las-13.00.03_7e665bca.jpg\",\"contentUrl\":\"https:\\\/\\\/www.focus.cat\\\/wp-content\\\/uploads\\\/2024\\\/10\\\/Imagen-de-WhatsApp-2024-10-11-a-las-13.00.03_7e665bca.jpg\",\"width\":1280,\"height\":853},{\"@type\":\"WebSite\",\"@id\":\"https:\\\/\\\/www.focus.cat\\\/#website\",\"url\":\"https:\\\/\\\/www.focus.cat\\\/\",\"name\":\"Focus\",\"description\":\"\",\"publisher\":{\"@id\":\"https:\\\/\\\/www.focus.cat\\\/#organization\"},\"potentialAction\":[{\"@type\":\"SearchAction\",\"target\":{\"@type\":\"EntryPoint\",\"urlTemplate\":\"https:\\\/\\\/www.focus.cat\\\/?s={search_term_string}\"},\"query-input\":{\"@type\":\"PropertyValueSpecification\",\"valueRequired\":true,\"valueName\":\"search_term_string\"}}],\"inLanguage\":\"ca\"},{\"@type\":\"Organization\",\"@id\":\"https:\\\/\\\/www.focus.cat\\\/#organization\",\"name\":\"Focus\",\"url\":\"https:\\\/\\\/www.focus.cat\\\/\",\"logo\":{\"@type\":\"ImageObject\",\"inLanguage\":\"ca\",\"@id\":\"https:\\\/\\\/www.focus.cat\\\/#\\\/schema\\\/logo\\\/image\\\/\",\"url\":\"https:\\\/\\\/www.focus.cat\\\/wp-content\\\/uploads\\\/2022\\\/01\\\/logo-focus-any-35.svg\",\"contentUrl\":\"https:\\\/\\\/www.focus.cat\\\/wp-content\\\/uploads\\\/2022\\\/01\\\/logo-focus-any-35.svg\",\"width\":1,\"height\":1,\"caption\":\"Focus\"},\"image\":{\"@id\":\"https:\\\/\\\/www.focus.cat\\\/#\\\/schema\\\/logo\\\/image\\\/\"}},{\"@type\":\"Person\",\"@id\":\"https:\\\/\\\/www.focus.cat\\\/#\\\/schema\\\/person\\\/45cbcf79c7b3047ca01818c50e607a32\",\"name\":\"Brenda Becker\",\"image\":{\"@type\":\"ImageObject\",\"inLanguage\":\"ca\",\"@id\":\"https:\\\/\\\/secure.gravatar.com\\\/avatar\\\/bf45b1ffca36f0e2b6cbeb689cead579b5275b1489889a25ac0e66115dfb28c7?s=96&d=mm&r=g\",\"url\":\"https:\\\/\\\/secure.gravatar.com\\\/avatar\\\/bf45b1ffca36f0e2b6cbeb689cead579b5275b1489889a25ac0e66115dfb28c7?s=96&d=mm&r=g\",\"contentUrl\":\"https:\\\/\\\/secure.gravatar.com\\\/avatar\\\/bf45b1ffca36f0e2b6cbeb689cead579b5275b1489889a25ac0e66115dfb28c7?s=96&d=mm&r=g\",\"caption\":\"Brenda Becker\"},\"url\":\"https:\\\/\\\/www.focus.cat\\\/author\\\/brenda-becker\\\/\"}]}<\/script>\n<!-- \/ Yoast SEO plugin. -->","yoast_head_json":{"title":"Espectacular ceremonia de apertura de Louis Vuitton 37\u00aa America's Cup - Focus","robots":{"index":"index","follow":"follow","max-snippet":"max-snippet:-1","max-image-preview":"max-image-preview:large","max-video-preview":"max-video-preview:-1"},"canonical":"https:\/\/www.focus.cat\/espectacular-ceremonia-de-apertura-de-louis-vuitton-37a-americas-cup\/","og_locale":"ca_ES","og_type":"article","og_title":"Espectacular ceremonia de apertura de Louis Vuitton 37\u00aa America's Cup - Focus","og_description":"El pasado 10 de octubre tuvo lugar en la playa del Bogatell la ceremonia Barcelona, \u200b\u200bFar al m\u00f3n, pre\u00e1mbulo de la final de Louis Vuitton 37\u00aa America&#8217;s Cup. Focus, l\u00edder de la UTE integrada por las empresas Igor Studios, Lavinia y Flock Drone Art, plane\u00f3 un espect\u00e1culo sin precedentes con impresionantes efectos visuales que inclu\u00eda ... Llegeix m\u00e9s","og_url":"https:\/\/www.focus.cat\/es\/espectacular-ceremonia-de-apertura-de-louis-vuitton-37a-americas-cup\/","og_site_name":"Focus","article_published_time":"2024-10-17T14:36:28+00:00","article_modified_time":"2024-12-11T08:51:54+00:00","og_image":[{"width":1280,"height":853,"url":"https:\/\/www.focus.cat\/wp-content\/uploads\/2024\/10\/Imagen-de-WhatsApp-2024-10-11-a-las-13.00.03_7e665bca.jpg","type":"image\/jpeg"}],"author":"Brenda Becker","twitter_card":"summary_large_image","schema":{"@context":"https:\/\/schema.org","@graph":[{"@type":"Article","@id":"https:\/\/www.focus.cat\/es\/espectacular-ceremonia-de-apertura-de-louis-vuitton-37a-americas-cup\/#article","isPartOf":{"@id":"https:\/\/www.focus.cat\/es\/espectacular-ceremonia-de-apertura-de-louis-vuitton-37a-americas-cup\/"},"author":{"name":"Brenda Becker","@id":"https:\/\/www.focus.cat\/#\/schema\/person\/45cbcf79c7b3047ca01818c50e607a32"},"headline":"Espectacular ceremonia de apertura de Louis Vuitton 37\u00aa America&#8217;s Cup","datePublished":"2024-10-17T14:36:28+00:00","dateModified":"2024-12-11T08:51:54+00:00","mainEntityOfPage":{"@id":"https:\/\/www.focus.cat\/es\/espectacular-ceremonia-de-apertura-de-louis-vuitton-37a-americas-cup\/"},"wordCount":271,"publisher":{"@id":"https:\/\/www.focus.cat\/#organization"},"image":{"@id":"https:\/\/www.focus.cat\/es\/espectacular-ceremonia-de-apertura-de-louis-vuitton-37a-americas-cup\/#primaryimage"},"thumbnailUrl":"https:\/\/www.focus.cat\/wp-content\/uploads\/2024\/10\/Imagen-de-WhatsApp-2024-10-11-a-las-13.00.03_7e665bca.jpg","articleSection":["Noticias","Eventos"],"inLanguage":"ca"},{"@type":"WebPage","@id":"https:\/\/www.focus.cat\/es\/espectacular-ceremonia-de-apertura-de-louis-vuitton-37a-americas-cup\/","url":"https:\/\/www.focus.cat\/es\/espectacular-ceremonia-de-apertura-de-louis-vuitton-37a-americas-cup\/","name":"Espectacular ceremonia de apertura de Louis Vuitton 37\u00aa America's Cup - Focus","isPartOf":{"@id":"https:\/\/www.focus.cat\/#website"},"primaryImageOfPage":{"@id":"https:\/\/www.focus.cat\/es\/espectacular-ceremonia-de-apertura-de-louis-vuitton-37a-americas-cup\/#primaryimage"},"image":{"@id":"https:\/\/www.focus.cat\/es\/espectacular-ceremonia-de-apertura-de-louis-vuitton-37a-americas-cup\/#primaryimage"},"thumbnailUrl":"https:\/\/www.focus.cat\/wp-content\/uploads\/2024\/10\/Imagen-de-WhatsApp-2024-10-11-a-las-13.00.03_7e665bca.jpg","datePublished":"2024-10-17T14:36:28+00:00","dateModified":"2024-12-11T08:51:54+00:00","inLanguage":"ca","potentialAction":[{"@type":"ReadAction","target":["https:\/\/www.focus.cat\/es\/espectacular-ceremonia-de-apertura-de-louis-vuitton-37a-americas-cup\/"]}]},{"@type":"ImageObject","inLanguage":"ca","@id":"https:\/\/www.focus.cat\/es\/espectacular-ceremonia-de-apertura-de-louis-vuitton-37a-americas-cup\/#primaryimage","url":"https:\/\/www.focus.cat\/wp-content\/uploads\/2024\/10\/Imagen-de-WhatsApp-2024-10-11-a-las-13.00.03_7e665bca.jpg","contentUrl":"https:\/\/www.focus.cat\/wp-content\/uploads\/2024\/10\/Imagen-de-WhatsApp-2024-10-11-a-las-13.00.03_7e665bca.jpg","width":1280,"height":853},{"@type":"WebSite","@id":"https:\/\/www.focus.cat\/#website","url":"https:\/\/www.focus.cat\/","name":"Focus","description":"","publisher":{"@id":"https:\/\/www.focus.cat\/#organization"},"potentialAction":[{"@type":"SearchAction","target":{"@type":"EntryPoint","urlTemplate":"https:\/\/www.focus.cat\/?s={search_term_string}"},"query-input":{"@type":"PropertyValueSpecification","valueRequired":true,"valueName":"search_term_string"}}],"inLanguage":"ca"},{"@type":"Organization","@id":"https:\/\/www.focus.cat\/#organization","name":"Focus","url":"https:\/\/www.focus.cat\/","logo":{"@type":"ImageObject","inLanguage":"ca","@id":"https:\/\/www.focus.cat\/#\/schema\/logo\/image\/","url":"https:\/\/www.focus.cat\/wp-content\/uploads\/2022\/01\/logo-focus-any-35.svg","contentUrl":"https:\/\/www.focus.cat\/wp-content\/uploads\/2022\/01\/logo-focus-any-35.svg","width":1,"height":1,"caption":"Focus"},"image":{"@id":"https:\/\/www.focus.cat\/#\/schema\/logo\/image\/"}},{"@type":"Person","@id":"https:\/\/www.focus.cat\/#\/schema\/person\/45cbcf79c7b3047ca01818c50e607a32","name":"Brenda Becker","image":{"@type":"ImageObject","inLanguage":"ca","@id":"https:\/\/secure.gravatar.com\/avatar\/bf45b1ffca36f0e2b6cbeb689cead579b5275b1489889a25ac0e66115dfb28c7?s=96&d=mm&r=g","url":"https:\/\/secure.gravatar.com\/avatar\/bf45b1ffca36f0e2b6cbeb689cead579b5275b1489889a25ac0e66115dfb28c7?s=96&d=mm&r=g","contentUrl":"https:\/\/secure.gravatar.com\/avatar\/bf45b1ffca36f0e2b6cbeb689cead579b5275b1489889a25ac0e66115dfb28c7?s=96&d=mm&r=g","caption":"Brenda Becker"},"url":"https:\/\/www.focus.cat\/author\/brenda-becker\/"}]}},"_links":{"self":[{"href":"https:\/\/www.focus.cat\/wp-json\/wp\/v2\/posts\/19972","targetHints":{"allow":["GET"]}}],"collection":[{"href":"https:\/\/www.focus.cat\/wp-json\/wp\/v2\/posts"}],"about":[{"href":"https:\/\/www.focus.cat\/wp-json\/wp\/v2\/types\/post"}],"author":[{"embeddable":true,"href":"https:\/\/www.focus.cat\/wp-json\/wp\/v2\/users\/16"}],"replies":[{"embeddable":true,"href":"https:\/\/www.focus.cat\/wp-json\/wp\/v2\/comments?post=19972"}],"version-history":[{"count":0,"href":"https:\/\/www.focus.cat\/wp-json\/wp\/v2\/posts\/19972\/revisions"}],"wp:featuredmedia":[{"embeddable":true,"href":"https:\/\/www.focus.cat\/wp-json\/wp\/v2\/media\/19967"}],"wp:attachment":[{"href":"https:\/\/www.focus.cat\/wp-json\/wp\/v2\/media?parent=19972"}],"wp:term":[{"taxonomy":"category","embeddable":true,"href":"https:\/\/www.focus.cat\/wp-json\/wp\/v2\/categories?post=19972"}],"curies":[{"name":"wp","href":"https:\/\/api.w.org\/{rel}","templated":true}]}}