{"id":19987,"date":"2024-10-17T15:20:36","date_gmt":"2024-10-17T15:20:36","guid":{"rendered":"https:\/\/www.focus.cat\/?p=19987"},"modified":"2024-12-11T08:52:29","modified_gmt":"2024-12-11T08:52:29","slug":"19987","status":"publish","type":"post","link":"https:\/\/www.focus.cat\/es\/19987\/","title":{"rendered":"Concierto Sara Baras y Josep Carreras"},"content":{"rendered":"<p>Producci\u00f3n t\u00e9cnica de la ceremonia de conclusi\u00f3n de la Copa de Am\u00e9rica que se celebrar\u00e1 en el paseo de Gracia, con el montaje de un gran escenario ubicado al tramo comprendido entre las calles de Val\u00e8ncia y Rossell\u00f3 y con el p\u00fablico sentado a lo largo del paseo.<\/p>\n<p>Sara\u00a0Baras\u00a0y Josep Carreras sue\u00f1o los protagonistas del espect\u00e1culo, que los reunir\u00e1 sobre el escenario en este acto que culminar\u00e1 la Regata Cultural, el programa de actividades con que el Ayuntamiento de Barcelona ha acompa\u00f1ado la centenaria competici\u00f3n de vela.<\/p>\n<p>El espect\u00e1culo tambi\u00e9n se enmarca en la celebraci\u00f3n del bicentenario del paseo de Gracia y est\u00e1 organizado por la Fundaci\u00f3n Barcelona Promoci\u00f3n, la producci\u00f3n art\u00edstica va a cargo de Concierto Studio y la producci\u00f3n t\u00e9cnica de Focus.<\/p>\n<p><img decoding=\"async\" class=\"size-full wp-image-19985 aligncenter\" src=\"https:\/\/www.focus.cat\/wp-content\/uploads\/2024\/10\/6703c8a42f7f9.r_d.1276-851-3881.jpeg\" alt=\"\" width=\"990\" height=\"484\" srcset=\"https:\/\/www.focus.cat\/wp-content\/uploads\/2024\/10\/6703c8a42f7f9.r_d.1276-851-3881.jpeg 990w, https:\/\/www.focus.cat\/wp-content\/uploads\/2024\/10\/6703c8a42f7f9.r_d.1276-851-3881-300x147.jpeg 300w, https:\/\/www.focus.cat\/wp-content\/uploads\/2024\/10\/6703c8a42f7f9.r_d.1276-851-3881-150x73.jpeg 150w, https:\/\/www.focus.cat\/wp-content\/uploads\/2024\/10\/6703c8a42f7f9.r_d.1276-851-3881-800x391.jpeg 800w\" sizes=\"(max-width: 990px) 100vw, 990px\" \/><\/p>\n","protected":false},"excerpt":{"rendered":"<p>Producci\u00f3n t\u00e9cnica de la ceremonia de conclusi\u00f3n de la Copa de Am\u00e9rica que se celebrar\u00e1 en el paseo de Gracia, con el montaje de un gran escenario ubicado al tramo comprendido entre las calles de Val\u00e8ncia y Rossell\u00f3 y con el p\u00fablico sentado a lo largo del paseo. Sara\u00a0Baras\u00a0y Josep Carreras sue\u00f1o los protagonistas del<a class=\"excerpt-read-more\" href=\"https:\/\/www.focus.cat\/es\/19987\/\" title=\"LlegeixConcierto Sara Baras y Josep Carreras\"> &#8230; Llegeix m\u00e9s<\/a><\/p>\n","protected":false},"author":16,"featured_media":19979,"comment_status":"closed","ping_status":"closed","sticky":false,"template":"","format":"standard","meta":{"_acf_changed":false,"inline_featured_image":false,"footnotes":""},"categories":[4,25],"class_list":["post-19987","post","type-post","status-publish","format-standard","has-post-thumbnail","hentry","category-noticias","category-eventos"],"acf":[],"yoast_head":"<!-- This site is optimized with the Yoast SEO plugin v27.5 - https:\/\/yoast.com\/product\/yoast-seo-wordpress\/ -->\n<title>Concierto Sara Baras y Josep Carreras - Focus<\/title>\n<meta name=\"robots\" content=\"index, follow, max-snippet:-1, max-image-preview:large, max-video-preview:-1\" \/>\n<link rel=\"canonical\" href=\"https:\/\/www.focus.cat\/19987\/\" \/>\n<meta property=\"og:locale\" content=\"ca_ES\" \/>\n<meta property=\"og:type\" content=\"article\" \/>\n<meta property=\"og:title\" content=\"Concierto Sara Baras y Josep Carreras - Focus\" \/>\n<meta property=\"og:description\" content=\"Producci\u00f3n t\u00e9cnica de la ceremonia de conclusi\u00f3n de la Copa de Am\u00e9rica que se celebrar\u00e1 en el paseo de Gracia, con el montaje de un gran escenario ubicado al tramo comprendido entre las calles de Val\u00e8ncia y Rossell\u00f3 y con el p\u00fablico sentado a lo largo del paseo. Sara\u00a0Baras\u00a0y Josep Carreras sue\u00f1o los protagonistas del ... Llegeix m\u00e9s\" \/>\n<meta property=\"og:url\" content=\"https:\/\/www.focus.cat\/es\/19987\/\" \/>\n<meta property=\"og:site_name\" content=\"Focus\" \/>\n<meta property=\"article:published_time\" content=\"2024-10-17T15:20:36+00:00\" \/>\n<meta property=\"article:modified_time\" content=\"2024-12-11T08:52:29+00:00\" \/>\n<meta property=\"og:image\" content=\"https:\/\/www.focus.cat\/wp-content\/uploads\/2024\/10\/QUADRAT-WEB-FOCUS-15-scaled.jpg\" \/>\n\t<meta property=\"og:image:width\" content=\"2560\" \/>\n\t<meta property=\"og:image:height\" content=\"2560\" \/>\n\t<meta property=\"og:image:type\" content=\"image\/jpeg\" \/>\n<meta name=\"author\" content=\"Brenda Becker\" \/>\n<meta name=\"twitter:card\" content=\"summary_large_image\" \/>\n<script type=\"application\/ld+json\" class=\"yoast-schema-graph\">{\"@context\":\"https:\\\/\\\/schema.org\",\"@graph\":[{\"@type\":\"Article\",\"@id\":\"https:\\\/\\\/www.focus.cat\\\/es\\\/19987\\\/#article\",\"isPartOf\":{\"@id\":\"https:\\\/\\\/www.focus.cat\\\/es\\\/19987\\\/\"},\"author\":{\"name\":\"Brenda Becker\",\"@id\":\"https:\\\/\\\/www.focus.cat\\\/#\\\/schema\\\/person\\\/45cbcf79c7b3047ca01818c50e607a32\"},\"headline\":\"Concierto Sara Baras y Josep Carreras\",\"datePublished\":\"2024-10-17T15:20:36+00:00\",\"dateModified\":\"2024-12-11T08:52:29+00:00\",\"mainEntityOfPage\":{\"@id\":\"https:\\\/\\\/www.focus.cat\\\/es\\\/19987\\\/\"},\"wordCount\":151,\"publisher\":{\"@id\":\"https:\\\/\\\/www.focus.cat\\\/#organization\"},\"image\":{\"@id\":\"https:\\\/\\\/www.focus.cat\\\/es\\\/19987\\\/#primaryimage\"},\"thumbnailUrl\":\"https:\\\/\\\/www.focus.cat\\\/wp-content\\\/uploads\\\/2024\\\/10\\\/QUADRAT-WEB-FOCUS-15-scaled.jpg\",\"articleSection\":[\"Noticias\",\"Eventos\"],\"inLanguage\":\"ca\"},{\"@type\":\"WebPage\",\"@id\":\"https:\\\/\\\/www.focus.cat\\\/es\\\/19987\\\/\",\"url\":\"https:\\\/\\\/www.focus.cat\\\/es\\\/19987\\\/\",\"name\":\"Concierto Sara Baras y Josep Carreras - Focus\",\"isPartOf\":{\"@id\":\"https:\\\/\\\/www.focus.cat\\\/#website\"},\"primaryImageOfPage\":{\"@id\":\"https:\\\/\\\/www.focus.cat\\\/es\\\/19987\\\/#primaryimage\"},\"image\":{\"@id\":\"https:\\\/\\\/www.focus.cat\\\/es\\\/19987\\\/#primaryimage\"},\"thumbnailUrl\":\"https:\\\/\\\/www.focus.cat\\\/wp-content\\\/uploads\\\/2024\\\/10\\\/QUADRAT-WEB-FOCUS-15-scaled.jpg\",\"datePublished\":\"2024-10-17T15:20:36+00:00\",\"dateModified\":\"2024-12-11T08:52:29+00:00\",\"inLanguage\":\"ca\",\"potentialAction\":[{\"@type\":\"ReadAction\",\"target\":[\"https:\\\/\\\/www.focus.cat\\\/es\\\/19987\\\/\"]}]},{\"@type\":\"ImageObject\",\"inLanguage\":\"ca\",\"@id\":\"https:\\\/\\\/www.focus.cat\\\/es\\\/19987\\\/#primaryimage\",\"url\":\"https:\\\/\\\/www.focus.cat\\\/wp-content\\\/uploads\\\/2024\\\/10\\\/QUADRAT-WEB-FOCUS-15-scaled.jpg\",\"contentUrl\":\"https:\\\/\\\/www.focus.cat\\\/wp-content\\\/uploads\\\/2024\\\/10\\\/QUADRAT-WEB-FOCUS-15-scaled.jpg\",\"width\":2560,\"height\":2560},{\"@type\":\"WebSite\",\"@id\":\"https:\\\/\\\/www.focus.cat\\\/#website\",\"url\":\"https:\\\/\\\/www.focus.cat\\\/\",\"name\":\"Focus\",\"description\":\"\",\"publisher\":{\"@id\":\"https:\\\/\\\/www.focus.cat\\\/#organization\"},\"potentialAction\":[{\"@type\":\"SearchAction\",\"target\":{\"@type\":\"EntryPoint\",\"urlTemplate\":\"https:\\\/\\\/www.focus.cat\\\/?s={search_term_string}\"},\"query-input\":{\"@type\":\"PropertyValueSpecification\",\"valueRequired\":true,\"valueName\":\"search_term_string\"}}],\"inLanguage\":\"ca\"},{\"@type\":\"Organization\",\"@id\":\"https:\\\/\\\/www.focus.cat\\\/#organization\",\"name\":\"Focus\",\"url\":\"https:\\\/\\\/www.focus.cat\\\/\",\"logo\":{\"@type\":\"ImageObject\",\"inLanguage\":\"ca\",\"@id\":\"https:\\\/\\\/www.focus.cat\\\/#\\\/schema\\\/logo\\\/image\\\/\",\"url\":\"https:\\\/\\\/www.focus.cat\\\/wp-content\\\/uploads\\\/2022\\\/01\\\/logo-focus-any-35.svg\",\"contentUrl\":\"https:\\\/\\\/www.focus.cat\\\/wp-content\\\/uploads\\\/2022\\\/01\\\/logo-focus-any-35.svg\",\"width\":1,\"height\":1,\"caption\":\"Focus\"},\"image\":{\"@id\":\"https:\\\/\\\/www.focus.cat\\\/#\\\/schema\\\/logo\\\/image\\\/\"}},{\"@type\":\"Person\",\"@id\":\"https:\\\/\\\/www.focus.cat\\\/#\\\/schema\\\/person\\\/45cbcf79c7b3047ca01818c50e607a32\",\"name\":\"Brenda Becker\",\"image\":{\"@type\":\"ImageObject\",\"inLanguage\":\"ca\",\"@id\":\"https:\\\/\\\/secure.gravatar.com\\\/avatar\\\/bf45b1ffca36f0e2b6cbeb689cead579b5275b1489889a25ac0e66115dfb28c7?s=96&d=mm&r=g\",\"url\":\"https:\\\/\\\/secure.gravatar.com\\\/avatar\\\/bf45b1ffca36f0e2b6cbeb689cead579b5275b1489889a25ac0e66115dfb28c7?s=96&d=mm&r=g\",\"contentUrl\":\"https:\\\/\\\/secure.gravatar.com\\\/avatar\\\/bf45b1ffca36f0e2b6cbeb689cead579b5275b1489889a25ac0e66115dfb28c7?s=96&d=mm&r=g\",\"caption\":\"Brenda Becker\"},\"url\":\"https:\\\/\\\/www.focus.cat\\\/author\\\/brenda-becker\\\/\"}]}<\/script>\n<!-- \/ Yoast SEO plugin. -->","yoast_head_json":{"title":"Concierto Sara Baras y Josep Carreras - Focus","robots":{"index":"index","follow":"follow","max-snippet":"max-snippet:-1","max-image-preview":"max-image-preview:large","max-video-preview":"max-video-preview:-1"},"canonical":"https:\/\/www.focus.cat\/19987\/","og_locale":"ca_ES","og_type":"article","og_title":"Concierto Sara Baras y Josep Carreras - Focus","og_description":"Producci\u00f3n t\u00e9cnica de la ceremonia de conclusi\u00f3n de la Copa de Am\u00e9rica que se celebrar\u00e1 en el paseo de Gracia, con el montaje de un gran escenario ubicado al tramo comprendido entre las calles de Val\u00e8ncia y Rossell\u00f3 y con el p\u00fablico sentado a lo largo del paseo. Sara\u00a0Baras\u00a0y Josep Carreras sue\u00f1o los protagonistas del ... Llegeix m\u00e9s","og_url":"https:\/\/www.focus.cat\/es\/19987\/","og_site_name":"Focus","article_published_time":"2024-10-17T15:20:36+00:00","article_modified_time":"2024-12-11T08:52:29+00:00","og_image":[{"width":2560,"height":2560,"url":"https:\/\/www.focus.cat\/wp-content\/uploads\/2024\/10\/QUADRAT-WEB-FOCUS-15-scaled.jpg","type":"image\/jpeg"}],"author":"Brenda Becker","twitter_card":"summary_large_image","schema":{"@context":"https:\/\/schema.org","@graph":[{"@type":"Article","@id":"https:\/\/www.focus.cat\/es\/19987\/#article","isPartOf":{"@id":"https:\/\/www.focus.cat\/es\/19987\/"},"author":{"name":"Brenda Becker","@id":"https:\/\/www.focus.cat\/#\/schema\/person\/45cbcf79c7b3047ca01818c50e607a32"},"headline":"Concierto Sara Baras y Josep Carreras","datePublished":"2024-10-17T15:20:36+00:00","dateModified":"2024-12-11T08:52:29+00:00","mainEntityOfPage":{"@id":"https:\/\/www.focus.cat\/es\/19987\/"},"wordCount":151,"publisher":{"@id":"https:\/\/www.focus.cat\/#organization"},"image":{"@id":"https:\/\/www.focus.cat\/es\/19987\/#primaryimage"},"thumbnailUrl":"https:\/\/www.focus.cat\/wp-content\/uploads\/2024\/10\/QUADRAT-WEB-FOCUS-15-scaled.jpg","articleSection":["Noticias","Eventos"],"inLanguage":"ca"},{"@type":"WebPage","@id":"https:\/\/www.focus.cat\/es\/19987\/","url":"https:\/\/www.focus.cat\/es\/19987\/","name":"Concierto Sara Baras y Josep Carreras - Focus","isPartOf":{"@id":"https:\/\/www.focus.cat\/#website"},"primaryImageOfPage":{"@id":"https:\/\/www.focus.cat\/es\/19987\/#primaryimage"},"image":{"@id":"https:\/\/www.focus.cat\/es\/19987\/#primaryimage"},"thumbnailUrl":"https:\/\/www.focus.cat\/wp-content\/uploads\/2024\/10\/QUADRAT-WEB-FOCUS-15-scaled.jpg","datePublished":"2024-10-17T15:20:36+00:00","dateModified":"2024-12-11T08:52:29+00:00","inLanguage":"ca","potentialAction":[{"@type":"ReadAction","target":["https:\/\/www.focus.cat\/es\/19987\/"]}]},{"@type":"ImageObject","inLanguage":"ca","@id":"https:\/\/www.focus.cat\/es\/19987\/#primaryimage","url":"https:\/\/www.focus.cat\/wp-content\/uploads\/2024\/10\/QUADRAT-WEB-FOCUS-15-scaled.jpg","contentUrl":"https:\/\/www.focus.cat\/wp-content\/uploads\/2024\/10\/QUADRAT-WEB-FOCUS-15-scaled.jpg","width":2560,"height":2560},{"@type":"WebSite","@id":"https:\/\/www.focus.cat\/#website","url":"https:\/\/www.focus.cat\/","name":"Focus","description":"","publisher":{"@id":"https:\/\/www.focus.cat\/#organization"},"potentialAction":[{"@type":"SearchAction","target":{"@type":"EntryPoint","urlTemplate":"https:\/\/www.focus.cat\/?s={search_term_string}"},"query-input":{"@type":"PropertyValueSpecification","valueRequired":true,"valueName":"search_term_string"}}],"inLanguage":"ca"},{"@type":"Organization","@id":"https:\/\/www.focus.cat\/#organization","name":"Focus","url":"https:\/\/www.focus.cat\/","logo":{"@type":"ImageObject","inLanguage":"ca","@id":"https:\/\/www.focus.cat\/#\/schema\/logo\/image\/","url":"https:\/\/www.focus.cat\/wp-content\/uploads\/2022\/01\/logo-focus-any-35.svg","contentUrl":"https:\/\/www.focus.cat\/wp-content\/uploads\/2022\/01\/logo-focus-any-35.svg","width":1,"height":1,"caption":"Focus"},"image":{"@id":"https:\/\/www.focus.cat\/#\/schema\/logo\/image\/"}},{"@type":"Person","@id":"https:\/\/www.focus.cat\/#\/schema\/person\/45cbcf79c7b3047ca01818c50e607a32","name":"Brenda Becker","image":{"@type":"ImageObject","inLanguage":"ca","@id":"https:\/\/secure.gravatar.com\/avatar\/bf45b1ffca36f0e2b6cbeb689cead579b5275b1489889a25ac0e66115dfb28c7?s=96&d=mm&r=g","url":"https:\/\/secure.gravatar.com\/avatar\/bf45b1ffca36f0e2b6cbeb689cead579b5275b1489889a25ac0e66115dfb28c7?s=96&d=mm&r=g","contentUrl":"https:\/\/secure.gravatar.com\/avatar\/bf45b1ffca36f0e2b6cbeb689cead579b5275b1489889a25ac0e66115dfb28c7?s=96&d=mm&r=g","caption":"Brenda Becker"},"url":"https:\/\/www.focus.cat\/author\/brenda-becker\/"}]}},"_links":{"self":[{"href":"https:\/\/www.focus.cat\/wp-json\/wp\/v2\/posts\/19987","targetHints":{"allow":["GET"]}}],"collection":[{"href":"https:\/\/www.focus.cat\/wp-json\/wp\/v2\/posts"}],"about":[{"href":"https:\/\/www.focus.cat\/wp-json\/wp\/v2\/types\/post"}],"author":[{"embeddable":true,"href":"https:\/\/www.focus.cat\/wp-json\/wp\/v2\/users\/16"}],"replies":[{"embeddable":true,"href":"https:\/\/www.focus.cat\/wp-json\/wp\/v2\/comments?post=19987"}],"version-history":[{"count":0,"href":"https:\/\/www.focus.cat\/wp-json\/wp\/v2\/posts\/19987\/revisions"}],"wp:featuredmedia":[{"embeddable":true,"href":"https:\/\/www.focus.cat\/wp-json\/wp\/v2\/media\/19979"}],"wp:attachment":[{"href":"https:\/\/www.focus.cat\/wp-json\/wp\/v2\/media?parent=19987"}],"wp:term":[{"taxonomy":"category","embeddable":true,"href":"https:\/\/www.focus.cat\/wp-json\/wp\/v2\/categories?post=19987"}],"curies":[{"name":"wp","href":"https:\/\/api.w.org\/{rel}","templated":true}]}}