{"id":20473,"date":"2024-11-13T09:31:54","date_gmt":"2024-11-13T09:31:54","guid":{"rendered":"https:\/\/www.focus.cat\/?p=20473"},"modified":"2024-12-11T08:50:46","modified_gmt":"2024-12-11T08:50:46","slug":"focus-produce-la-10a-edicion-de-la-noche-de-la-empresa-y-la-cultura","status":"publish","type":"post","link":"https:\/\/www.focus.cat\/es\/focus-produce-la-10a-edicion-de-la-noche-de-la-empresa-y-la-cultura\/","title":{"rendered":"Focus produce la 10\u00aa edici\u00f3n de La noche de la empresa y la cultura"},"content":{"rendered":"<p>La divisi\u00f3n de eventos de Focus se encarg\u00f3 de la coordinaci\u00f3n general y la producci\u00f3n de la 10a edici\u00f3n de La noche de la empresa y la cultura, un acto organizado por la Fundaci\u00f3 Catalunya Cultura, y que tuvo el pasado 22 de octubre en el Teatre Lliure de Montjuic.<\/p>\n<p>En la gala, presentada por Bruno Oro y con las actuaciones de Nexart Percussion y Judit Neddermann, se entregaron los Premios Impulsa Cultura, que recibi\u00f3 Brava Arts, y el proyecto Escola Integrada de Dansa d\u2019Alt Rendiment recibi\u00f3 la menci\u00f3n especial. El Premio Empresa Cultura 2024, en la categor\u00eda gran empresa, recay\u00f3 en SEAT S.A., y la empresa Metalquimia fue reconocida con la menci\u00f3n especial. En cuanto a la categor\u00eda de peque\u00f1a empresa, el jurado decidi\u00f3 otorgarlo a RCR Arquitectes.<\/p>\n<p>En cuanto a los Premios a la Cultura, el proyecto Incite gan\u00f3 el premio que concede The New Barcelona Post, y Fun Dan Mondays fue el merecedor del Premio Barcelona Global.<\/p>\n<p><img decoding=\"async\" class=\"size-large wp-image-20470 aligncenter\" src=\"https:\/\/www.focus.cat\/wp-content\/uploads\/2024\/11\/DSC8410-Mejorado-NR-scaled-1-1124x750.jpg\" alt=\"\" width=\"1024\" height=\"683\" srcset=\"https:\/\/www.focus.cat\/wp-content\/uploads\/2024\/11\/DSC8410-Mejorado-NR-scaled-1-1124x750.jpg 1124w, https:\/\/www.focus.cat\/wp-content\/uploads\/2024\/11\/DSC8410-Mejorado-NR-scaled-1-300x200.jpg 300w, https:\/\/www.focus.cat\/wp-content\/uploads\/2024\/11\/DSC8410-Mejorado-NR-scaled-1-150x100.jpg 150w, https:\/\/www.focus.cat\/wp-content\/uploads\/2024\/11\/DSC8410-Mejorado-NR-scaled-1-800x534.jpg 800w, https:\/\/www.focus.cat\/wp-content\/uploads\/2024\/11\/DSC8410-Mejorado-NR-scaled-1-1536x1025.jpg 1536w, https:\/\/www.focus.cat\/wp-content\/uploads\/2024\/11\/DSC8410-Mejorado-NR-scaled-1-2048x1366.jpg 2048w, https:\/\/www.focus.cat\/wp-content\/uploads\/2024\/11\/DSC8410-Mejorado-NR-scaled-1-1500x1001.jpg 1500w\" sizes=\"(max-width: 1024px) 100vw, 1024px\" \/><\/p>\n","protected":false},"excerpt":{"rendered":"<p>La divisi\u00f3n de eventos de Focus se encarg\u00f3 de la coordinaci\u00f3n general y la producci\u00f3n de la 10a edici\u00f3n de La noche de la empresa y la cultura, un acto organizado por la Fundaci\u00f3 Catalunya Cultura, y que tuvo el pasado 22 de octubre en el Teatre Lliure de Montjuic. En la gala, presentada por<a class=\"excerpt-read-more\" href=\"https:\/\/www.focus.cat\/es\/focus-produce-la-10a-edicion-de-la-noche-de-la-empresa-y-la-cultura\/\" title=\"LlegeixFocus produce la 10\u00aa edici\u00f3n de La noche de la empresa y la cultura\"> &#8230; Llegeix m\u00e9s<\/a><\/p>\n","protected":false},"author":16,"featured_media":20467,"comment_status":"closed","ping_status":"closed","sticky":false,"template":"","format":"standard","meta":{"_acf_changed":false,"inline_featured_image":false,"footnotes":""},"categories":[4,25],"class_list":["post-20473","post","type-post","status-publish","format-standard","has-post-thumbnail","hentry","category-noticias","category-eventos"],"acf":[],"yoast_head":"<!-- This site is optimized with the Yoast SEO plugin v27.5 - https:\/\/yoast.com\/product\/yoast-seo-wordpress\/ -->\n<title>Focus produce la 10\u00aa edici\u00f3n de La noche de la empresa y la cultura - Focus<\/title>\n<meta name=\"robots\" content=\"index, follow, max-snippet:-1, max-image-preview:large, max-video-preview:-1\" \/>\n<link rel=\"canonical\" href=\"https:\/\/www.focus.cat\/focus-produce-la-10a-edicion-de-la-noche-de-la-empresa-y-la-cultura\/\" \/>\n<meta property=\"og:locale\" content=\"ca_ES\" \/>\n<meta property=\"og:type\" content=\"article\" \/>\n<meta property=\"og:title\" content=\"Focus produce la 10\u00aa edici\u00f3n de La noche de la empresa y la cultura - Focus\" \/>\n<meta property=\"og:description\" content=\"La divisi\u00f3n de eventos de Focus se encarg\u00f3 de la coordinaci\u00f3n general y la producci\u00f3n de la 10a edici\u00f3n de La noche de la empresa y la cultura, un acto organizado por la Fundaci\u00f3 Catalunya Cultura, y que tuvo el pasado 22 de octubre en el Teatre Lliure de Montjuic. En la gala, presentada por ... Llegeix m\u00e9s\" \/>\n<meta property=\"og:url\" content=\"https:\/\/www.focus.cat\/es\/focus-produce-la-10a-edicion-de-la-noche-de-la-empresa-y-la-cultura\/\" \/>\n<meta property=\"og:site_name\" content=\"Focus\" \/>\n<meta property=\"article:published_time\" content=\"2024-11-13T09:31:54+00:00\" \/>\n<meta property=\"article:modified_time\" content=\"2024-12-11T08:50:46+00:00\" \/>\n<meta property=\"og:image\" content=\"https:\/\/www.focus.cat\/wp-content\/uploads\/2024\/11\/DSC8484-Mejorado-NR-scaled-1.jpg\" \/>\n\t<meta property=\"og:image:width\" content=\"2560\" \/>\n\t<meta property=\"og:image:height\" content=\"1708\" \/>\n\t<meta property=\"og:image:type\" content=\"image\/jpeg\" \/>\n<meta name=\"author\" content=\"Brenda Becker\" \/>\n<meta name=\"twitter:card\" content=\"summary_large_image\" \/>\n<script type=\"application\/ld+json\" class=\"yoast-schema-graph\">{\"@context\":\"https:\\\/\\\/schema.org\",\"@graph\":[{\"@type\":\"Article\",\"@id\":\"https:\\\/\\\/www.focus.cat\\\/es\\\/focus-produce-la-10a-edicion-de-la-noche-de-la-empresa-y-la-cultura\\\/#article\",\"isPartOf\":{\"@id\":\"https:\\\/\\\/www.focus.cat\\\/es\\\/focus-produce-la-10a-edicion-de-la-noche-de-la-empresa-y-la-cultura\\\/\"},\"author\":{\"name\":\"Brenda Becker\",\"@id\":\"https:\\\/\\\/www.focus.cat\\\/#\\\/schema\\\/person\\\/45cbcf79c7b3047ca01818c50e607a32\"},\"headline\":\"Focus produce la 10\u00aa edici\u00f3n de La noche de la empresa y la cultura\",\"datePublished\":\"2024-11-13T09:31:54+00:00\",\"dateModified\":\"2024-12-11T08:50:46+00:00\",\"mainEntityOfPage\":{\"@id\":\"https:\\\/\\\/www.focus.cat\\\/es\\\/focus-produce-la-10a-edicion-de-la-noche-de-la-empresa-y-la-cultura\\\/\"},\"wordCount\":183,\"publisher\":{\"@id\":\"https:\\\/\\\/www.focus.cat\\\/#organization\"},\"image\":{\"@id\":\"https:\\\/\\\/www.focus.cat\\\/es\\\/focus-produce-la-10a-edicion-de-la-noche-de-la-empresa-y-la-cultura\\\/#primaryimage\"},\"thumbnailUrl\":\"https:\\\/\\\/www.focus.cat\\\/wp-content\\\/uploads\\\/2024\\\/11\\\/DSC8484-Mejorado-NR-scaled-1.jpg\",\"articleSection\":[\"Noticias\",\"Eventos\"],\"inLanguage\":\"ca\"},{\"@type\":\"WebPage\",\"@id\":\"https:\\\/\\\/www.focus.cat\\\/es\\\/focus-produce-la-10a-edicion-de-la-noche-de-la-empresa-y-la-cultura\\\/\",\"url\":\"https:\\\/\\\/www.focus.cat\\\/es\\\/focus-produce-la-10a-edicion-de-la-noche-de-la-empresa-y-la-cultura\\\/\",\"name\":\"Focus produce la 10\u00aa edici\u00f3n de La noche de la empresa y la cultura - Focus\",\"isPartOf\":{\"@id\":\"https:\\\/\\\/www.focus.cat\\\/#website\"},\"primaryImageOfPage\":{\"@id\":\"https:\\\/\\\/www.focus.cat\\\/es\\\/focus-produce-la-10a-edicion-de-la-noche-de-la-empresa-y-la-cultura\\\/#primaryimage\"},\"image\":{\"@id\":\"https:\\\/\\\/www.focus.cat\\\/es\\\/focus-produce-la-10a-edicion-de-la-noche-de-la-empresa-y-la-cultura\\\/#primaryimage\"},\"thumbnailUrl\":\"https:\\\/\\\/www.focus.cat\\\/wp-content\\\/uploads\\\/2024\\\/11\\\/DSC8484-Mejorado-NR-scaled-1.jpg\",\"datePublished\":\"2024-11-13T09:31:54+00:00\",\"dateModified\":\"2024-12-11T08:50:46+00:00\",\"inLanguage\":\"ca\",\"potentialAction\":[{\"@type\":\"ReadAction\",\"target\":[\"https:\\\/\\\/www.focus.cat\\\/es\\\/focus-produce-la-10a-edicion-de-la-noche-de-la-empresa-y-la-cultura\\\/\"]}]},{\"@type\":\"ImageObject\",\"inLanguage\":\"ca\",\"@id\":\"https:\\\/\\\/www.focus.cat\\\/es\\\/focus-produce-la-10a-edicion-de-la-noche-de-la-empresa-y-la-cultura\\\/#primaryimage\",\"url\":\"https:\\\/\\\/www.focus.cat\\\/wp-content\\\/uploads\\\/2024\\\/11\\\/DSC8484-Mejorado-NR-scaled-1.jpg\",\"contentUrl\":\"https:\\\/\\\/www.focus.cat\\\/wp-content\\\/uploads\\\/2024\\\/11\\\/DSC8484-Mejorado-NR-scaled-1.jpg\",\"width\":2560,\"height\":1708},{\"@type\":\"WebSite\",\"@id\":\"https:\\\/\\\/www.focus.cat\\\/#website\",\"url\":\"https:\\\/\\\/www.focus.cat\\\/\",\"name\":\"Focus\",\"description\":\"\",\"publisher\":{\"@id\":\"https:\\\/\\\/www.focus.cat\\\/#organization\"},\"potentialAction\":[{\"@type\":\"SearchAction\",\"target\":{\"@type\":\"EntryPoint\",\"urlTemplate\":\"https:\\\/\\\/www.focus.cat\\\/?s={search_term_string}\"},\"query-input\":{\"@type\":\"PropertyValueSpecification\",\"valueRequired\":true,\"valueName\":\"search_term_string\"}}],\"inLanguage\":\"ca\"},{\"@type\":\"Organization\",\"@id\":\"https:\\\/\\\/www.focus.cat\\\/#organization\",\"name\":\"Focus\",\"url\":\"https:\\\/\\\/www.focus.cat\\\/\",\"logo\":{\"@type\":\"ImageObject\",\"inLanguage\":\"ca\",\"@id\":\"https:\\\/\\\/www.focus.cat\\\/#\\\/schema\\\/logo\\\/image\\\/\",\"url\":\"https:\\\/\\\/www.focus.cat\\\/wp-content\\\/uploads\\\/2022\\\/01\\\/logo-focus-any-35.svg\",\"contentUrl\":\"https:\\\/\\\/www.focus.cat\\\/wp-content\\\/uploads\\\/2022\\\/01\\\/logo-focus-any-35.svg\",\"width\":1,\"height\":1,\"caption\":\"Focus\"},\"image\":{\"@id\":\"https:\\\/\\\/www.focus.cat\\\/#\\\/schema\\\/logo\\\/image\\\/\"}},{\"@type\":\"Person\",\"@id\":\"https:\\\/\\\/www.focus.cat\\\/#\\\/schema\\\/person\\\/45cbcf79c7b3047ca01818c50e607a32\",\"name\":\"Brenda Becker\",\"image\":{\"@type\":\"ImageObject\",\"inLanguage\":\"ca\",\"@id\":\"https:\\\/\\\/secure.gravatar.com\\\/avatar\\\/bf45b1ffca36f0e2b6cbeb689cead579b5275b1489889a25ac0e66115dfb28c7?s=96&d=mm&r=g\",\"url\":\"https:\\\/\\\/secure.gravatar.com\\\/avatar\\\/bf45b1ffca36f0e2b6cbeb689cead579b5275b1489889a25ac0e66115dfb28c7?s=96&d=mm&r=g\",\"contentUrl\":\"https:\\\/\\\/secure.gravatar.com\\\/avatar\\\/bf45b1ffca36f0e2b6cbeb689cead579b5275b1489889a25ac0e66115dfb28c7?s=96&d=mm&r=g\",\"caption\":\"Brenda Becker\"},\"url\":\"https:\\\/\\\/www.focus.cat\\\/author\\\/brenda-becker\\\/\"}]}<\/script>\n<!-- \/ Yoast SEO plugin. -->","yoast_head_json":{"title":"Focus produce la 10\u00aa edici\u00f3n de La noche de la empresa y la cultura - Focus","robots":{"index":"index","follow":"follow","max-snippet":"max-snippet:-1","max-image-preview":"max-image-preview:large","max-video-preview":"max-video-preview:-1"},"canonical":"https:\/\/www.focus.cat\/focus-produce-la-10a-edicion-de-la-noche-de-la-empresa-y-la-cultura\/","og_locale":"ca_ES","og_type":"article","og_title":"Focus produce la 10\u00aa edici\u00f3n de La noche de la empresa y la cultura - Focus","og_description":"La divisi\u00f3n de eventos de Focus se encarg\u00f3 de la coordinaci\u00f3n general y la producci\u00f3n de la 10a edici\u00f3n de La noche de la empresa y la cultura, un acto organizado por la Fundaci\u00f3 Catalunya Cultura, y que tuvo el pasado 22 de octubre en el Teatre Lliure de Montjuic. En la gala, presentada por ... Llegeix m\u00e9s","og_url":"https:\/\/www.focus.cat\/es\/focus-produce-la-10a-edicion-de-la-noche-de-la-empresa-y-la-cultura\/","og_site_name":"Focus","article_published_time":"2024-11-13T09:31:54+00:00","article_modified_time":"2024-12-11T08:50:46+00:00","og_image":[{"width":2560,"height":1708,"url":"https:\/\/www.focus.cat\/wp-content\/uploads\/2024\/11\/DSC8484-Mejorado-NR-scaled-1.jpg","type":"image\/jpeg"}],"author":"Brenda Becker","twitter_card":"summary_large_image","schema":{"@context":"https:\/\/schema.org","@graph":[{"@type":"Article","@id":"https:\/\/www.focus.cat\/es\/focus-produce-la-10a-edicion-de-la-noche-de-la-empresa-y-la-cultura\/#article","isPartOf":{"@id":"https:\/\/www.focus.cat\/es\/focus-produce-la-10a-edicion-de-la-noche-de-la-empresa-y-la-cultura\/"},"author":{"name":"Brenda Becker","@id":"https:\/\/www.focus.cat\/#\/schema\/person\/45cbcf79c7b3047ca01818c50e607a32"},"headline":"Focus produce la 10\u00aa edici\u00f3n de La noche de la empresa y la cultura","datePublished":"2024-11-13T09:31:54+00:00","dateModified":"2024-12-11T08:50:46+00:00","mainEntityOfPage":{"@id":"https:\/\/www.focus.cat\/es\/focus-produce-la-10a-edicion-de-la-noche-de-la-empresa-y-la-cultura\/"},"wordCount":183,"publisher":{"@id":"https:\/\/www.focus.cat\/#organization"},"image":{"@id":"https:\/\/www.focus.cat\/es\/focus-produce-la-10a-edicion-de-la-noche-de-la-empresa-y-la-cultura\/#primaryimage"},"thumbnailUrl":"https:\/\/www.focus.cat\/wp-content\/uploads\/2024\/11\/DSC8484-Mejorado-NR-scaled-1.jpg","articleSection":["Noticias","Eventos"],"inLanguage":"ca"},{"@type":"WebPage","@id":"https:\/\/www.focus.cat\/es\/focus-produce-la-10a-edicion-de-la-noche-de-la-empresa-y-la-cultura\/","url":"https:\/\/www.focus.cat\/es\/focus-produce-la-10a-edicion-de-la-noche-de-la-empresa-y-la-cultura\/","name":"Focus produce la 10\u00aa edici\u00f3n de La noche de la empresa y la cultura - Focus","isPartOf":{"@id":"https:\/\/www.focus.cat\/#website"},"primaryImageOfPage":{"@id":"https:\/\/www.focus.cat\/es\/focus-produce-la-10a-edicion-de-la-noche-de-la-empresa-y-la-cultura\/#primaryimage"},"image":{"@id":"https:\/\/www.focus.cat\/es\/focus-produce-la-10a-edicion-de-la-noche-de-la-empresa-y-la-cultura\/#primaryimage"},"thumbnailUrl":"https:\/\/www.focus.cat\/wp-content\/uploads\/2024\/11\/DSC8484-Mejorado-NR-scaled-1.jpg","datePublished":"2024-11-13T09:31:54+00:00","dateModified":"2024-12-11T08:50:46+00:00","inLanguage":"ca","potentialAction":[{"@type":"ReadAction","target":["https:\/\/www.focus.cat\/es\/focus-produce-la-10a-edicion-de-la-noche-de-la-empresa-y-la-cultura\/"]}]},{"@type":"ImageObject","inLanguage":"ca","@id":"https:\/\/www.focus.cat\/es\/focus-produce-la-10a-edicion-de-la-noche-de-la-empresa-y-la-cultura\/#primaryimage","url":"https:\/\/www.focus.cat\/wp-content\/uploads\/2024\/11\/DSC8484-Mejorado-NR-scaled-1.jpg","contentUrl":"https:\/\/www.focus.cat\/wp-content\/uploads\/2024\/11\/DSC8484-Mejorado-NR-scaled-1.jpg","width":2560,"height":1708},{"@type":"WebSite","@id":"https:\/\/www.focus.cat\/#website","url":"https:\/\/www.focus.cat\/","name":"Focus","description":"","publisher":{"@id":"https:\/\/www.focus.cat\/#organization"},"potentialAction":[{"@type":"SearchAction","target":{"@type":"EntryPoint","urlTemplate":"https:\/\/www.focus.cat\/?s={search_term_string}"},"query-input":{"@type":"PropertyValueSpecification","valueRequired":true,"valueName":"search_term_string"}}],"inLanguage":"ca"},{"@type":"Organization","@id":"https:\/\/www.focus.cat\/#organization","name":"Focus","url":"https:\/\/www.focus.cat\/","logo":{"@type":"ImageObject","inLanguage":"ca","@id":"https:\/\/www.focus.cat\/#\/schema\/logo\/image\/","url":"https:\/\/www.focus.cat\/wp-content\/uploads\/2022\/01\/logo-focus-any-35.svg","contentUrl":"https:\/\/www.focus.cat\/wp-content\/uploads\/2022\/01\/logo-focus-any-35.svg","width":1,"height":1,"caption":"Focus"},"image":{"@id":"https:\/\/www.focus.cat\/#\/schema\/logo\/image\/"}},{"@type":"Person","@id":"https:\/\/www.focus.cat\/#\/schema\/person\/45cbcf79c7b3047ca01818c50e607a32","name":"Brenda Becker","image":{"@type":"ImageObject","inLanguage":"ca","@id":"https:\/\/secure.gravatar.com\/avatar\/bf45b1ffca36f0e2b6cbeb689cead579b5275b1489889a25ac0e66115dfb28c7?s=96&d=mm&r=g","url":"https:\/\/secure.gravatar.com\/avatar\/bf45b1ffca36f0e2b6cbeb689cead579b5275b1489889a25ac0e66115dfb28c7?s=96&d=mm&r=g","contentUrl":"https:\/\/secure.gravatar.com\/avatar\/bf45b1ffca36f0e2b6cbeb689cead579b5275b1489889a25ac0e66115dfb28c7?s=96&d=mm&r=g","caption":"Brenda Becker"},"url":"https:\/\/www.focus.cat\/author\/brenda-becker\/"}]}},"_links":{"self":[{"href":"https:\/\/www.focus.cat\/wp-json\/wp\/v2\/posts\/20473","targetHints":{"allow":["GET"]}}],"collection":[{"href":"https:\/\/www.focus.cat\/wp-json\/wp\/v2\/posts"}],"about":[{"href":"https:\/\/www.focus.cat\/wp-json\/wp\/v2\/types\/post"}],"author":[{"embeddable":true,"href":"https:\/\/www.focus.cat\/wp-json\/wp\/v2\/users\/16"}],"replies":[{"embeddable":true,"href":"https:\/\/www.focus.cat\/wp-json\/wp\/v2\/comments?post=20473"}],"version-history":[{"count":0,"href":"https:\/\/www.focus.cat\/wp-json\/wp\/v2\/posts\/20473\/revisions"}],"wp:featuredmedia":[{"embeddable":true,"href":"https:\/\/www.focus.cat\/wp-json\/wp\/v2\/media\/20467"}],"wp:attachment":[{"href":"https:\/\/www.focus.cat\/wp-json\/wp\/v2\/media?parent=20473"}],"wp:term":[{"taxonomy":"category","embeddable":true,"href":"https:\/\/www.focus.cat\/wp-json\/wp\/v2\/categories?post=20473"}],"curies":[{"name":"wp","href":"https:\/\/api.w.org\/{rel}","templated":true}]}}