{"id":20812,"date":"2024-12-12T12:52:32","date_gmt":"2024-12-12T12:52:32","guid":{"rendered":"https:\/\/www.focus.cat\/?p=20812"},"modified":"2025-01-03T10:33:31","modified_gmt":"2025-01-03T10:33:31","slug":"la-gramatica-agota-todas-las-localidades-a-madrid","status":"publish","type":"post","link":"https:\/\/www.focus.cat\/es\/la-gramatica-agota-todas-las-localidades-a-madrid\/","title":{"rendered":"La Gram\u00e1tica agota todas las localidades a Madrid"},"content":{"rendered":"<p><em>La Gram\u00e1tica<\/em>, la nueva producci\u00f3n de Focus, escrita y dirigida por Ernesto Caballero y protagonizada por Mar\u00eda Ad\u00e1nez y Jos\u00e9 Troncoso, ha agotado todas las localidades para las funciones en la Nave 10 de Matadero Madrid.<\/p>\n<p>Al \u00e9xito de p\u00fablico se suma la aclamaci\u00f3n de la cr\u00edtica, que ha elogiado tanto la direcci\u00f3n y el texto de Caballero como la interpretaci\u00f3n de los dos protagonistas. Jos\u00e9-Miguel Vila, de Diario Cr\u00edtico, ha escrito: \u201c<em>La Gram\u00e1tica instruye, seduce y divierte de principio a fin en una comedia que nadie deber\u00eda perderse<\/em>\u201d.<\/p>\n<p>En <em>La Gram\u00e1tica<\/em> conoceremos la historia de una trabajadora de la limpieza de la RAE con poca formaci\u00f3n que, debido a un accidente inesperado, se convierte en una consumada erudita de la lengua y la gram\u00e1tica. Un reputado neurocient\u00edfico se ofrece a someterla a un singular proceso de desprogramaci\u00f3n ling\u00fc\u00edstica. Es decir, a un &#8220;reseteo&#8221; que solucione los numerosos problemas que este celo por la correcci\u00f3n le est\u00e1 causando en su vida.<\/p>\n<p><em>La Gram\u00e1tica<\/em> es una s\u00e1tira que homenajea nuestra relaci\u00f3n con el legado que, seg\u00fan L\u00e1zaro Carreter, constituye nuestro patrimonio m\u00e1s s\u00f3lido: la lengua.<\/p>\n<p>&nbsp;<\/p>\n","protected":false},"excerpt":{"rendered":"<p>La Gram\u00e1tica, la nueva producci\u00f3n de Focus, escrita y dirigida por Ernesto Caballero y protagonizada por Mar\u00eda Ad\u00e1nez y Jos\u00e9 Troncoso, ha agotado todas las localidades para las funciones en la Nave 10 de Matadero Madrid. Al \u00e9xito de p\u00fablico se suma la aclamaci\u00f3n de la cr\u00edtica, que ha elogiado tanto la direcci\u00f3n y el<a class=\"excerpt-read-more\" href=\"https:\/\/www.focus.cat\/es\/la-gramatica-agota-todas-las-localidades-a-madrid\/\" title=\"LlegeixLa Gram\u00e1tica agota todas las localidades a Madrid\"> &#8230; Llegeix m\u00e9s<\/a><\/p>\n","protected":false},"author":16,"featured_media":20946,"comment_status":"closed","ping_status":"closed","sticky":false,"template":"","format":"standard","meta":{"_acf_changed":false,"inline_featured_image":false,"footnotes":""},"categories":[4],"class_list":["post-20812","post","type-post","status-publish","format-standard","has-post-thumbnail","hentry","category-noticias"],"acf":[],"yoast_head":"<!-- This site is optimized with the Yoast SEO plugin v27.5 - https:\/\/yoast.com\/product\/yoast-seo-wordpress\/ -->\n<title>La Gram\u00e1tica agota todas las localidades a Madrid - Focus<\/title>\n<meta name=\"robots\" content=\"index, follow, max-snippet:-1, max-image-preview:large, max-video-preview:-1\" \/>\n<link rel=\"canonical\" href=\"https:\/\/www.focus.cat\/la-gramatica-agota-todas-las-localidades-a-madrid\/\" \/>\n<meta property=\"og:locale\" content=\"ca_ES\" \/>\n<meta property=\"og:type\" content=\"article\" \/>\n<meta property=\"og:title\" content=\"La Gram\u00e1tica agota todas las localidades a Madrid - Focus\" \/>\n<meta property=\"og:description\" content=\"La Gram\u00e1tica, la nueva producci\u00f3n de Focus, escrita y dirigida por Ernesto Caballero y protagonizada por Mar\u00eda Ad\u00e1nez y Jos\u00e9 Troncoso, ha agotado todas las localidades para las funciones en la Nave 10 de Matadero Madrid. Al \u00e9xito de p\u00fablico se suma la aclamaci\u00f3n de la cr\u00edtica, que ha elogiado tanto la direcci\u00f3n y el ... Llegeix m\u00e9s\" \/>\n<meta property=\"og:url\" content=\"https:\/\/www.focus.cat\/es\/la-gramatica-agota-todas-las-localidades-a-madrid\/\" \/>\n<meta property=\"og:site_name\" content=\"Focus\" \/>\n<meta property=\"article:published_time\" content=\"2024-12-12T12:52:32+00:00\" \/>\n<meta property=\"article:modified_time\" content=\"2025-01-03T10:33:31+00:00\" \/>\n<meta property=\"og:image\" content=\"https:\/\/www.focus.cat\/wp-content\/uploads\/2024\/12\/14_Quadrat_1080x1080.jpg\" \/>\n\t<meta property=\"og:image:width\" content=\"1080\" \/>\n\t<meta property=\"og:image:height\" content=\"1080\" \/>\n\t<meta property=\"og:image:type\" content=\"image\/jpeg\" \/>\n<meta name=\"author\" content=\"Brenda Becker\" \/>\n<meta name=\"twitter:card\" content=\"summary_large_image\" \/>\n<script type=\"application\/ld+json\" class=\"yoast-schema-graph\">{\"@context\":\"https:\\\/\\\/schema.org\",\"@graph\":[{\"@type\":\"Article\",\"@id\":\"https:\\\/\\\/www.focus.cat\\\/es\\\/la-gramatica-agota-todas-las-localidades-a-madrid\\\/#article\",\"isPartOf\":{\"@id\":\"https:\\\/\\\/www.focus.cat\\\/es\\\/la-gramatica-agota-todas-las-localidades-a-madrid\\\/\"},\"author\":{\"name\":\"Brenda Becker\",\"@id\":\"https:\\\/\\\/www.focus.cat\\\/#\\\/schema\\\/person\\\/45cbcf79c7b3047ca01818c50e607a32\"},\"headline\":\"La Gram\u00e1tica agota todas las localidades a Madrid\",\"datePublished\":\"2024-12-12T12:52:32+00:00\",\"dateModified\":\"2025-01-03T10:33:31+00:00\",\"mainEntityOfPage\":{\"@id\":\"https:\\\/\\\/www.focus.cat\\\/es\\\/la-gramatica-agota-todas-las-localidades-a-madrid\\\/\"},\"wordCount\":220,\"publisher\":{\"@id\":\"https:\\\/\\\/www.focus.cat\\\/#organization\"},\"image\":{\"@id\":\"https:\\\/\\\/www.focus.cat\\\/es\\\/la-gramatica-agota-todas-las-localidades-a-madrid\\\/#primaryimage\"},\"thumbnailUrl\":\"https:\\\/\\\/www.focus.cat\\\/wp-content\\\/uploads\\\/2024\\\/12\\\/14_Quadrat_1080x1080.jpg\",\"articleSection\":[\"Noticias\"],\"inLanguage\":\"ca\"},{\"@type\":\"WebPage\",\"@id\":\"https:\\\/\\\/www.focus.cat\\\/es\\\/la-gramatica-agota-todas-las-localidades-a-madrid\\\/\",\"url\":\"https:\\\/\\\/www.focus.cat\\\/es\\\/la-gramatica-agota-todas-las-localidades-a-madrid\\\/\",\"name\":\"La Gram\u00e1tica agota todas las localidades a Madrid - Focus\",\"isPartOf\":{\"@id\":\"https:\\\/\\\/www.focus.cat\\\/#website\"},\"primaryImageOfPage\":{\"@id\":\"https:\\\/\\\/www.focus.cat\\\/es\\\/la-gramatica-agota-todas-las-localidades-a-madrid\\\/#primaryimage\"},\"image\":{\"@id\":\"https:\\\/\\\/www.focus.cat\\\/es\\\/la-gramatica-agota-todas-las-localidades-a-madrid\\\/#primaryimage\"},\"thumbnailUrl\":\"https:\\\/\\\/www.focus.cat\\\/wp-content\\\/uploads\\\/2024\\\/12\\\/14_Quadrat_1080x1080.jpg\",\"datePublished\":\"2024-12-12T12:52:32+00:00\",\"dateModified\":\"2025-01-03T10:33:31+00:00\",\"inLanguage\":\"ca\",\"potentialAction\":[{\"@type\":\"ReadAction\",\"target\":[\"https:\\\/\\\/www.focus.cat\\\/es\\\/la-gramatica-agota-todas-las-localidades-a-madrid\\\/\"]}]},{\"@type\":\"ImageObject\",\"inLanguage\":\"ca\",\"@id\":\"https:\\\/\\\/www.focus.cat\\\/es\\\/la-gramatica-agota-todas-las-localidades-a-madrid\\\/#primaryimage\",\"url\":\"https:\\\/\\\/www.focus.cat\\\/wp-content\\\/uploads\\\/2024\\\/12\\\/14_Quadrat_1080x1080.jpg\",\"contentUrl\":\"https:\\\/\\\/www.focus.cat\\\/wp-content\\\/uploads\\\/2024\\\/12\\\/14_Quadrat_1080x1080.jpg\",\"width\":1080,\"height\":1080},{\"@type\":\"WebSite\",\"@id\":\"https:\\\/\\\/www.focus.cat\\\/#website\",\"url\":\"https:\\\/\\\/www.focus.cat\\\/\",\"name\":\"Focus\",\"description\":\"\",\"publisher\":{\"@id\":\"https:\\\/\\\/www.focus.cat\\\/#organization\"},\"potentialAction\":[{\"@type\":\"SearchAction\",\"target\":{\"@type\":\"EntryPoint\",\"urlTemplate\":\"https:\\\/\\\/www.focus.cat\\\/?s={search_term_string}\"},\"query-input\":{\"@type\":\"PropertyValueSpecification\",\"valueRequired\":true,\"valueName\":\"search_term_string\"}}],\"inLanguage\":\"ca\"},{\"@type\":\"Organization\",\"@id\":\"https:\\\/\\\/www.focus.cat\\\/#organization\",\"name\":\"Focus\",\"url\":\"https:\\\/\\\/www.focus.cat\\\/\",\"logo\":{\"@type\":\"ImageObject\",\"inLanguage\":\"ca\",\"@id\":\"https:\\\/\\\/www.focus.cat\\\/#\\\/schema\\\/logo\\\/image\\\/\",\"url\":\"https:\\\/\\\/www.focus.cat\\\/wp-content\\\/uploads\\\/2022\\\/01\\\/logo-focus-any-35.svg\",\"contentUrl\":\"https:\\\/\\\/www.focus.cat\\\/wp-content\\\/uploads\\\/2022\\\/01\\\/logo-focus-any-35.svg\",\"width\":1,\"height\":1,\"caption\":\"Focus\"},\"image\":{\"@id\":\"https:\\\/\\\/www.focus.cat\\\/#\\\/schema\\\/logo\\\/image\\\/\"}},{\"@type\":\"Person\",\"@id\":\"https:\\\/\\\/www.focus.cat\\\/#\\\/schema\\\/person\\\/45cbcf79c7b3047ca01818c50e607a32\",\"name\":\"Brenda Becker\",\"image\":{\"@type\":\"ImageObject\",\"inLanguage\":\"ca\",\"@id\":\"https:\\\/\\\/secure.gravatar.com\\\/avatar\\\/bf45b1ffca36f0e2b6cbeb689cead579b5275b1489889a25ac0e66115dfb28c7?s=96&d=mm&r=g\",\"url\":\"https:\\\/\\\/secure.gravatar.com\\\/avatar\\\/bf45b1ffca36f0e2b6cbeb689cead579b5275b1489889a25ac0e66115dfb28c7?s=96&d=mm&r=g\",\"contentUrl\":\"https:\\\/\\\/secure.gravatar.com\\\/avatar\\\/bf45b1ffca36f0e2b6cbeb689cead579b5275b1489889a25ac0e66115dfb28c7?s=96&d=mm&r=g\",\"caption\":\"Brenda Becker\"},\"url\":\"https:\\\/\\\/www.focus.cat\\\/author\\\/brenda-becker\\\/\"}]}<\/script>\n<!-- \/ Yoast SEO plugin. -->","yoast_head_json":{"title":"La Gram\u00e1tica agota todas las localidades a Madrid - Focus","robots":{"index":"index","follow":"follow","max-snippet":"max-snippet:-1","max-image-preview":"max-image-preview:large","max-video-preview":"max-video-preview:-1"},"canonical":"https:\/\/www.focus.cat\/la-gramatica-agota-todas-las-localidades-a-madrid\/","og_locale":"ca_ES","og_type":"article","og_title":"La Gram\u00e1tica agota todas las localidades a Madrid - Focus","og_description":"La Gram\u00e1tica, la nueva producci\u00f3n de Focus, escrita y dirigida por Ernesto Caballero y protagonizada por Mar\u00eda Ad\u00e1nez y Jos\u00e9 Troncoso, ha agotado todas las localidades para las funciones en la Nave 10 de Matadero Madrid. Al \u00e9xito de p\u00fablico se suma la aclamaci\u00f3n de la cr\u00edtica, que ha elogiado tanto la direcci\u00f3n y el ... Llegeix m\u00e9s","og_url":"https:\/\/www.focus.cat\/es\/la-gramatica-agota-todas-las-localidades-a-madrid\/","og_site_name":"Focus","article_published_time":"2024-12-12T12:52:32+00:00","article_modified_time":"2025-01-03T10:33:31+00:00","og_image":[{"width":1080,"height":1080,"url":"https:\/\/www.focus.cat\/wp-content\/uploads\/2024\/12\/14_Quadrat_1080x1080.jpg","type":"image\/jpeg"}],"author":"Brenda Becker","twitter_card":"summary_large_image","schema":{"@context":"https:\/\/schema.org","@graph":[{"@type":"Article","@id":"https:\/\/www.focus.cat\/es\/la-gramatica-agota-todas-las-localidades-a-madrid\/#article","isPartOf":{"@id":"https:\/\/www.focus.cat\/es\/la-gramatica-agota-todas-las-localidades-a-madrid\/"},"author":{"name":"Brenda Becker","@id":"https:\/\/www.focus.cat\/#\/schema\/person\/45cbcf79c7b3047ca01818c50e607a32"},"headline":"La Gram\u00e1tica agota todas las localidades a Madrid","datePublished":"2024-12-12T12:52:32+00:00","dateModified":"2025-01-03T10:33:31+00:00","mainEntityOfPage":{"@id":"https:\/\/www.focus.cat\/es\/la-gramatica-agota-todas-las-localidades-a-madrid\/"},"wordCount":220,"publisher":{"@id":"https:\/\/www.focus.cat\/#organization"},"image":{"@id":"https:\/\/www.focus.cat\/es\/la-gramatica-agota-todas-las-localidades-a-madrid\/#primaryimage"},"thumbnailUrl":"https:\/\/www.focus.cat\/wp-content\/uploads\/2024\/12\/14_Quadrat_1080x1080.jpg","articleSection":["Noticias"],"inLanguage":"ca"},{"@type":"WebPage","@id":"https:\/\/www.focus.cat\/es\/la-gramatica-agota-todas-las-localidades-a-madrid\/","url":"https:\/\/www.focus.cat\/es\/la-gramatica-agota-todas-las-localidades-a-madrid\/","name":"La Gram\u00e1tica agota todas las localidades a Madrid - Focus","isPartOf":{"@id":"https:\/\/www.focus.cat\/#website"},"primaryImageOfPage":{"@id":"https:\/\/www.focus.cat\/es\/la-gramatica-agota-todas-las-localidades-a-madrid\/#primaryimage"},"image":{"@id":"https:\/\/www.focus.cat\/es\/la-gramatica-agota-todas-las-localidades-a-madrid\/#primaryimage"},"thumbnailUrl":"https:\/\/www.focus.cat\/wp-content\/uploads\/2024\/12\/14_Quadrat_1080x1080.jpg","datePublished":"2024-12-12T12:52:32+00:00","dateModified":"2025-01-03T10:33:31+00:00","inLanguage":"ca","potentialAction":[{"@type":"ReadAction","target":["https:\/\/www.focus.cat\/es\/la-gramatica-agota-todas-las-localidades-a-madrid\/"]}]},{"@type":"ImageObject","inLanguage":"ca","@id":"https:\/\/www.focus.cat\/es\/la-gramatica-agota-todas-las-localidades-a-madrid\/#primaryimage","url":"https:\/\/www.focus.cat\/wp-content\/uploads\/2024\/12\/14_Quadrat_1080x1080.jpg","contentUrl":"https:\/\/www.focus.cat\/wp-content\/uploads\/2024\/12\/14_Quadrat_1080x1080.jpg","width":1080,"height":1080},{"@type":"WebSite","@id":"https:\/\/www.focus.cat\/#website","url":"https:\/\/www.focus.cat\/","name":"Focus","description":"","publisher":{"@id":"https:\/\/www.focus.cat\/#organization"},"potentialAction":[{"@type":"SearchAction","target":{"@type":"EntryPoint","urlTemplate":"https:\/\/www.focus.cat\/?s={search_term_string}"},"query-input":{"@type":"PropertyValueSpecification","valueRequired":true,"valueName":"search_term_string"}}],"inLanguage":"ca"},{"@type":"Organization","@id":"https:\/\/www.focus.cat\/#organization","name":"Focus","url":"https:\/\/www.focus.cat\/","logo":{"@type":"ImageObject","inLanguage":"ca","@id":"https:\/\/www.focus.cat\/#\/schema\/logo\/image\/","url":"https:\/\/www.focus.cat\/wp-content\/uploads\/2022\/01\/logo-focus-any-35.svg","contentUrl":"https:\/\/www.focus.cat\/wp-content\/uploads\/2022\/01\/logo-focus-any-35.svg","width":1,"height":1,"caption":"Focus"},"image":{"@id":"https:\/\/www.focus.cat\/#\/schema\/logo\/image\/"}},{"@type":"Person","@id":"https:\/\/www.focus.cat\/#\/schema\/person\/45cbcf79c7b3047ca01818c50e607a32","name":"Brenda Becker","image":{"@type":"ImageObject","inLanguage":"ca","@id":"https:\/\/secure.gravatar.com\/avatar\/bf45b1ffca36f0e2b6cbeb689cead579b5275b1489889a25ac0e66115dfb28c7?s=96&d=mm&r=g","url":"https:\/\/secure.gravatar.com\/avatar\/bf45b1ffca36f0e2b6cbeb689cead579b5275b1489889a25ac0e66115dfb28c7?s=96&d=mm&r=g","contentUrl":"https:\/\/secure.gravatar.com\/avatar\/bf45b1ffca36f0e2b6cbeb689cead579b5275b1489889a25ac0e66115dfb28c7?s=96&d=mm&r=g","caption":"Brenda Becker"},"url":"https:\/\/www.focus.cat\/author\/brenda-becker\/"}]}},"_links":{"self":[{"href":"https:\/\/www.focus.cat\/wp-json\/wp\/v2\/posts\/20812","targetHints":{"allow":["GET"]}}],"collection":[{"href":"https:\/\/www.focus.cat\/wp-json\/wp\/v2\/posts"}],"about":[{"href":"https:\/\/www.focus.cat\/wp-json\/wp\/v2\/types\/post"}],"author":[{"embeddable":true,"href":"https:\/\/www.focus.cat\/wp-json\/wp\/v2\/users\/16"}],"replies":[{"embeddable":true,"href":"https:\/\/www.focus.cat\/wp-json\/wp\/v2\/comments?post=20812"}],"version-history":[{"count":0,"href":"https:\/\/www.focus.cat\/wp-json\/wp\/v2\/posts\/20812\/revisions"}],"wp:featuredmedia":[{"embeddable":true,"href":"https:\/\/www.focus.cat\/wp-json\/wp\/v2\/media\/20946"}],"wp:attachment":[{"href":"https:\/\/www.focus.cat\/wp-json\/wp\/v2\/media?parent=20812"}],"wp:term":[{"taxonomy":"category","embeddable":true,"href":"https:\/\/www.focus.cat\/wp-json\/wp\/v2\/categories?post=20812"}],"curies":[{"name":"wp","href":"https:\/\/api.w.org\/{rel}","templated":true}]}}