{"id":20863,"date":"2024-12-20T09:26:31","date_gmt":"2024-12-20T09:26:31","guid":{"rendered":"https:\/\/www.focus.cat\/?p=20863"},"modified":"2024-12-20T09:26:31","modified_gmt":"2024-12-20T09:26:31","slug":"flotats-vuelve-a-la-cartelera-barcelonesa","status":"publish","type":"post","link":"https:\/\/www.focus.cat\/es\/flotats-vuelve-a-la-cartelera-barcelonesa\/","title":{"rendered":"Flotats vuelve a la cartelera barcelonesa"},"content":{"rendered":"<p>Josep Maria Flotats regresa a la cartelera teatral de la Ciudad Condal con Voltaire\/Rousseau. La disputa despu\u00e9s de haber agotado las localidades de todas las funciones la temporada pasada, que marc\u00f3 el regreso del m\u00edtico actor a Barcelona tras un periodo alejado de los escenarios catalanes.<\/p>\n<p>La obra, escrita por el franc\u00e9s Jean-Fran\u00e7ois Pr\u00e9vand, pone en escena un enfrentamiento dial\u00e9ctico entre dos de los principales fil\u00f3sofos del siglo XVIII.<\/p>\n<p>En Voltaire\/Rousseau. La disputa, Flotats comparte escenario con Pep Planas en un espect\u00e1culo que la cr\u00edtica ha definido como un di\u00e1logo intenso, vibrante, feroz y divertido.<br \/>\nLa obra estar\u00e1 en cartel en el Teatre Romea hasta el pr\u00f3ximo 26 de enero.<\/p>\n<p><img decoding=\"async\" class=\"size-large wp-image-20861 aligncenter\" src=\"https:\/\/www.focus.cat\/wp-content\/uploads\/2024\/12\/xT24-La-disputa-133-1124x632.jpg\" alt=\"\" width=\"1024\" height=\"576\" srcset=\"https:\/\/www.focus.cat\/wp-content\/uploads\/2024\/12\/xT24-La-disputa-133-1124x632.jpg 1124w, https:\/\/www.focus.cat\/wp-content\/uploads\/2024\/12\/xT24-La-disputa-133-300x169.jpg 300w, https:\/\/www.focus.cat\/wp-content\/uploads\/2024\/12\/xT24-La-disputa-133-150x84.jpg 150w, https:\/\/www.focus.cat\/wp-content\/uploads\/2024\/12\/xT24-La-disputa-133-800x450.jpg 800w, https:\/\/www.focus.cat\/wp-content\/uploads\/2024\/12\/xT24-La-disputa-133-1536x864.jpg 1536w, https:\/\/www.focus.cat\/wp-content\/uploads\/2024\/12\/xT24-La-disputa-133-2048x1152.jpg 2048w, https:\/\/www.focus.cat\/wp-content\/uploads\/2024\/12\/xT24-La-disputa-133-1500x844.jpg 1500w\" sizes=\"(max-width: 1024px) 100vw, 1024px\" \/><\/p>\n","protected":false},"excerpt":{"rendered":"<p>Josep Maria Flotats regresa a la cartelera teatral de la Ciudad Condal con Voltaire\/Rousseau. La disputa despu\u00e9s de haber agotado las localidades de todas las funciones la temporada pasada, que marc\u00f3 el regreso del m\u00edtico actor a Barcelona tras un periodo alejado de los escenarios catalanes. La obra, escrita por el franc\u00e9s Jean-Fran\u00e7ois Pr\u00e9vand, pone<a class=\"excerpt-read-more\" href=\"https:\/\/www.focus.cat\/es\/flotats-vuelve-a-la-cartelera-barcelonesa\/\" title=\"LlegeixFlotats vuelve a la cartelera barcelonesa\"> &#8230; Llegeix m\u00e9s<\/a><\/p>\n","protected":false},"author":16,"featured_media":20851,"comment_status":"closed","ping_status":"closed","sticky":false,"template":"","format":"standard","meta":{"_acf_changed":false,"inline_featured_image":false,"footnotes":""},"categories":[4],"class_list":["post-20863","post","type-post","status-publish","format-standard","has-post-thumbnail","hentry","category-noticias"],"acf":[],"yoast_head":"<!-- This site is optimized with the Yoast SEO plugin v27.4 - https:\/\/yoast.com\/product\/yoast-seo-wordpress\/ -->\n<title>Flotats vuelve a la cartelera barcelonesa - Focus<\/title>\n<meta name=\"robots\" content=\"index, follow, max-snippet:-1, max-image-preview:large, max-video-preview:-1\" \/>\n<link rel=\"canonical\" href=\"https:\/\/www.focus.cat\/flotats-vuelve-a-la-cartelera-barcelonesa\/\" \/>\n<meta property=\"og:locale\" content=\"ca_ES\" \/>\n<meta property=\"og:type\" content=\"article\" \/>\n<meta property=\"og:title\" content=\"Flotats vuelve a la cartelera barcelonesa - Focus\" \/>\n<meta property=\"og:description\" content=\"Josep Maria Flotats regresa a la cartelera teatral de la Ciudad Condal con Voltaire\/Rousseau. La disputa despu\u00e9s de haber agotado las localidades de todas las funciones la temporada pasada, que marc\u00f3 el regreso del m\u00edtico actor a Barcelona tras un periodo alejado de los escenarios catalanes. La obra, escrita por el franc\u00e9s Jean-Fran\u00e7ois Pr\u00e9vand, pone ... Llegeix m\u00e9s\" \/>\n<meta property=\"og:url\" content=\"https:\/\/www.focus.cat\/es\/flotats-vuelve-a-la-cartelera-barcelonesa\/\" \/>\n<meta property=\"og:site_name\" content=\"Focus\" \/>\n<meta property=\"article:published_time\" content=\"2024-12-20T09:26:31+00:00\" \/>\n<meta property=\"og:image\" content=\"https:\/\/www.focus.cat\/wp-content\/uploads\/2024\/12\/Post-twitter-la-disputa-teatre-romea.jpg\" \/>\n\t<meta property=\"og:image:width\" content=\"1024\" \/>\n\t<meta property=\"og:image:height\" content=\"512\" \/>\n\t<meta property=\"og:image:type\" content=\"image\/jpeg\" \/>\n<meta name=\"author\" content=\"Brenda Becker\" \/>\n<meta name=\"twitter:card\" content=\"summary_large_image\" \/>\n<script type=\"application\/ld+json\" class=\"yoast-schema-graph\">{\"@context\":\"https:\\\/\\\/schema.org\",\"@graph\":[{\"@type\":\"Article\",\"@id\":\"https:\\\/\\\/www.focus.cat\\\/es\\\/flotats-vuelve-a-la-cartelera-barcelonesa\\\/#article\",\"isPartOf\":{\"@id\":\"https:\\\/\\\/www.focus.cat\\\/es\\\/flotats-vuelve-a-la-cartelera-barcelonesa\\\/\"},\"author\":{\"name\":\"Brenda Becker\",\"@id\":\"https:\\\/\\\/www.focus.cat\\\/#\\\/schema\\\/person\\\/45cbcf79c7b3047ca01818c50e607a32\"},\"headline\":\"Flotats vuelve a la cartelera barcelonesa\",\"datePublished\":\"2024-12-20T09:26:31+00:00\",\"mainEntityOfPage\":{\"@id\":\"https:\\\/\\\/www.focus.cat\\\/es\\\/flotats-vuelve-a-la-cartelera-barcelonesa\\\/\"},\"wordCount\":128,\"publisher\":{\"@id\":\"https:\\\/\\\/www.focus.cat\\\/#organization\"},\"image\":{\"@id\":\"https:\\\/\\\/www.focus.cat\\\/es\\\/flotats-vuelve-a-la-cartelera-barcelonesa\\\/#primaryimage\"},\"thumbnailUrl\":\"https:\\\/\\\/www.focus.cat\\\/wp-content\\\/uploads\\\/2024\\\/12\\\/Post-twitter-la-disputa-teatre-romea.jpg\",\"articleSection\":[\"Noticias\"],\"inLanguage\":\"ca\"},{\"@type\":\"WebPage\",\"@id\":\"https:\\\/\\\/www.focus.cat\\\/es\\\/flotats-vuelve-a-la-cartelera-barcelonesa\\\/\",\"url\":\"https:\\\/\\\/www.focus.cat\\\/es\\\/flotats-vuelve-a-la-cartelera-barcelonesa\\\/\",\"name\":\"Flotats vuelve a la cartelera barcelonesa - Focus\",\"isPartOf\":{\"@id\":\"https:\\\/\\\/www.focus.cat\\\/#website\"},\"primaryImageOfPage\":{\"@id\":\"https:\\\/\\\/www.focus.cat\\\/es\\\/flotats-vuelve-a-la-cartelera-barcelonesa\\\/#primaryimage\"},\"image\":{\"@id\":\"https:\\\/\\\/www.focus.cat\\\/es\\\/flotats-vuelve-a-la-cartelera-barcelonesa\\\/#primaryimage\"},\"thumbnailUrl\":\"https:\\\/\\\/www.focus.cat\\\/wp-content\\\/uploads\\\/2024\\\/12\\\/Post-twitter-la-disputa-teatre-romea.jpg\",\"datePublished\":\"2024-12-20T09:26:31+00:00\",\"inLanguage\":\"ca\",\"potentialAction\":[{\"@type\":\"ReadAction\",\"target\":[\"https:\\\/\\\/www.focus.cat\\\/es\\\/flotats-vuelve-a-la-cartelera-barcelonesa\\\/\"]}]},{\"@type\":\"ImageObject\",\"inLanguage\":\"ca\",\"@id\":\"https:\\\/\\\/www.focus.cat\\\/es\\\/flotats-vuelve-a-la-cartelera-barcelonesa\\\/#primaryimage\",\"url\":\"https:\\\/\\\/www.focus.cat\\\/wp-content\\\/uploads\\\/2024\\\/12\\\/Post-twitter-la-disputa-teatre-romea.jpg\",\"contentUrl\":\"https:\\\/\\\/www.focus.cat\\\/wp-content\\\/uploads\\\/2024\\\/12\\\/Post-twitter-la-disputa-teatre-romea.jpg\",\"width\":1024,\"height\":512},{\"@type\":\"WebSite\",\"@id\":\"https:\\\/\\\/www.focus.cat\\\/#website\",\"url\":\"https:\\\/\\\/www.focus.cat\\\/\",\"name\":\"Focus\",\"description\":\"\",\"publisher\":{\"@id\":\"https:\\\/\\\/www.focus.cat\\\/#organization\"},\"potentialAction\":[{\"@type\":\"SearchAction\",\"target\":{\"@type\":\"EntryPoint\",\"urlTemplate\":\"https:\\\/\\\/www.focus.cat\\\/?s={search_term_string}\"},\"query-input\":{\"@type\":\"PropertyValueSpecification\",\"valueRequired\":true,\"valueName\":\"search_term_string\"}}],\"inLanguage\":\"ca\"},{\"@type\":\"Organization\",\"@id\":\"https:\\\/\\\/www.focus.cat\\\/#organization\",\"name\":\"Focus\",\"url\":\"https:\\\/\\\/www.focus.cat\\\/\",\"logo\":{\"@type\":\"ImageObject\",\"inLanguage\":\"ca\",\"@id\":\"https:\\\/\\\/www.focus.cat\\\/#\\\/schema\\\/logo\\\/image\\\/\",\"url\":\"https:\\\/\\\/www.focus.cat\\\/wp-content\\\/uploads\\\/2022\\\/01\\\/logo-focus-any-35.svg\",\"contentUrl\":\"https:\\\/\\\/www.focus.cat\\\/wp-content\\\/uploads\\\/2022\\\/01\\\/logo-focus-any-35.svg\",\"width\":1,\"height\":1,\"caption\":\"Focus\"},\"image\":{\"@id\":\"https:\\\/\\\/www.focus.cat\\\/#\\\/schema\\\/logo\\\/image\\\/\"}},{\"@type\":\"Person\",\"@id\":\"https:\\\/\\\/www.focus.cat\\\/#\\\/schema\\\/person\\\/45cbcf79c7b3047ca01818c50e607a32\",\"name\":\"Brenda Becker\",\"image\":{\"@type\":\"ImageObject\",\"inLanguage\":\"ca\",\"@id\":\"https:\\\/\\\/secure.gravatar.com\\\/avatar\\\/bf45b1ffca36f0e2b6cbeb689cead579b5275b1489889a25ac0e66115dfb28c7?s=96&d=mm&r=g\",\"url\":\"https:\\\/\\\/secure.gravatar.com\\\/avatar\\\/bf45b1ffca36f0e2b6cbeb689cead579b5275b1489889a25ac0e66115dfb28c7?s=96&d=mm&r=g\",\"contentUrl\":\"https:\\\/\\\/secure.gravatar.com\\\/avatar\\\/bf45b1ffca36f0e2b6cbeb689cead579b5275b1489889a25ac0e66115dfb28c7?s=96&d=mm&r=g\",\"caption\":\"Brenda Becker\"},\"url\":\"https:\\\/\\\/www.focus.cat\\\/author\\\/brenda-becker\\\/\"}]}<\/script>\n<!-- \/ Yoast SEO plugin. -->","yoast_head_json":{"title":"Flotats vuelve a la cartelera barcelonesa - Focus","robots":{"index":"index","follow":"follow","max-snippet":"max-snippet:-1","max-image-preview":"max-image-preview:large","max-video-preview":"max-video-preview:-1"},"canonical":"https:\/\/www.focus.cat\/flotats-vuelve-a-la-cartelera-barcelonesa\/","og_locale":"ca_ES","og_type":"article","og_title":"Flotats vuelve a la cartelera barcelonesa - Focus","og_description":"Josep Maria Flotats regresa a la cartelera teatral de la Ciudad Condal con Voltaire\/Rousseau. La disputa despu\u00e9s de haber agotado las localidades de todas las funciones la temporada pasada, que marc\u00f3 el regreso del m\u00edtico actor a Barcelona tras un periodo alejado de los escenarios catalanes. La obra, escrita por el franc\u00e9s Jean-Fran\u00e7ois Pr\u00e9vand, pone ... Llegeix m\u00e9s","og_url":"https:\/\/www.focus.cat\/es\/flotats-vuelve-a-la-cartelera-barcelonesa\/","og_site_name":"Focus","article_published_time":"2024-12-20T09:26:31+00:00","og_image":[{"width":1024,"height":512,"url":"https:\/\/www.focus.cat\/wp-content\/uploads\/2024\/12\/Post-twitter-la-disputa-teatre-romea.jpg","type":"image\/jpeg"}],"author":"Brenda Becker","twitter_card":"summary_large_image","schema":{"@context":"https:\/\/schema.org","@graph":[{"@type":"Article","@id":"https:\/\/www.focus.cat\/es\/flotats-vuelve-a-la-cartelera-barcelonesa\/#article","isPartOf":{"@id":"https:\/\/www.focus.cat\/es\/flotats-vuelve-a-la-cartelera-barcelonesa\/"},"author":{"name":"Brenda Becker","@id":"https:\/\/www.focus.cat\/#\/schema\/person\/45cbcf79c7b3047ca01818c50e607a32"},"headline":"Flotats vuelve a la cartelera barcelonesa","datePublished":"2024-12-20T09:26:31+00:00","mainEntityOfPage":{"@id":"https:\/\/www.focus.cat\/es\/flotats-vuelve-a-la-cartelera-barcelonesa\/"},"wordCount":128,"publisher":{"@id":"https:\/\/www.focus.cat\/#organization"},"image":{"@id":"https:\/\/www.focus.cat\/es\/flotats-vuelve-a-la-cartelera-barcelonesa\/#primaryimage"},"thumbnailUrl":"https:\/\/www.focus.cat\/wp-content\/uploads\/2024\/12\/Post-twitter-la-disputa-teatre-romea.jpg","articleSection":["Noticias"],"inLanguage":"ca"},{"@type":"WebPage","@id":"https:\/\/www.focus.cat\/es\/flotats-vuelve-a-la-cartelera-barcelonesa\/","url":"https:\/\/www.focus.cat\/es\/flotats-vuelve-a-la-cartelera-barcelonesa\/","name":"Flotats vuelve a la cartelera barcelonesa - Focus","isPartOf":{"@id":"https:\/\/www.focus.cat\/#website"},"primaryImageOfPage":{"@id":"https:\/\/www.focus.cat\/es\/flotats-vuelve-a-la-cartelera-barcelonesa\/#primaryimage"},"image":{"@id":"https:\/\/www.focus.cat\/es\/flotats-vuelve-a-la-cartelera-barcelonesa\/#primaryimage"},"thumbnailUrl":"https:\/\/www.focus.cat\/wp-content\/uploads\/2024\/12\/Post-twitter-la-disputa-teatre-romea.jpg","datePublished":"2024-12-20T09:26:31+00:00","inLanguage":"ca","potentialAction":[{"@type":"ReadAction","target":["https:\/\/www.focus.cat\/es\/flotats-vuelve-a-la-cartelera-barcelonesa\/"]}]},{"@type":"ImageObject","inLanguage":"ca","@id":"https:\/\/www.focus.cat\/es\/flotats-vuelve-a-la-cartelera-barcelonesa\/#primaryimage","url":"https:\/\/www.focus.cat\/wp-content\/uploads\/2024\/12\/Post-twitter-la-disputa-teatre-romea.jpg","contentUrl":"https:\/\/www.focus.cat\/wp-content\/uploads\/2024\/12\/Post-twitter-la-disputa-teatre-romea.jpg","width":1024,"height":512},{"@type":"WebSite","@id":"https:\/\/www.focus.cat\/#website","url":"https:\/\/www.focus.cat\/","name":"Focus","description":"","publisher":{"@id":"https:\/\/www.focus.cat\/#organization"},"potentialAction":[{"@type":"SearchAction","target":{"@type":"EntryPoint","urlTemplate":"https:\/\/www.focus.cat\/?s={search_term_string}"},"query-input":{"@type":"PropertyValueSpecification","valueRequired":true,"valueName":"search_term_string"}}],"inLanguage":"ca"},{"@type":"Organization","@id":"https:\/\/www.focus.cat\/#organization","name":"Focus","url":"https:\/\/www.focus.cat\/","logo":{"@type":"ImageObject","inLanguage":"ca","@id":"https:\/\/www.focus.cat\/#\/schema\/logo\/image\/","url":"https:\/\/www.focus.cat\/wp-content\/uploads\/2022\/01\/logo-focus-any-35.svg","contentUrl":"https:\/\/www.focus.cat\/wp-content\/uploads\/2022\/01\/logo-focus-any-35.svg","width":1,"height":1,"caption":"Focus"},"image":{"@id":"https:\/\/www.focus.cat\/#\/schema\/logo\/image\/"}},{"@type":"Person","@id":"https:\/\/www.focus.cat\/#\/schema\/person\/45cbcf79c7b3047ca01818c50e607a32","name":"Brenda Becker","image":{"@type":"ImageObject","inLanguage":"ca","@id":"https:\/\/secure.gravatar.com\/avatar\/bf45b1ffca36f0e2b6cbeb689cead579b5275b1489889a25ac0e66115dfb28c7?s=96&d=mm&r=g","url":"https:\/\/secure.gravatar.com\/avatar\/bf45b1ffca36f0e2b6cbeb689cead579b5275b1489889a25ac0e66115dfb28c7?s=96&d=mm&r=g","contentUrl":"https:\/\/secure.gravatar.com\/avatar\/bf45b1ffca36f0e2b6cbeb689cead579b5275b1489889a25ac0e66115dfb28c7?s=96&d=mm&r=g","caption":"Brenda Becker"},"url":"https:\/\/www.focus.cat\/author\/brenda-becker\/"}]}},"_links":{"self":[{"href":"https:\/\/www.focus.cat\/wp-json\/wp\/v2\/posts\/20863","targetHints":{"allow":["GET"]}}],"collection":[{"href":"https:\/\/www.focus.cat\/wp-json\/wp\/v2\/posts"}],"about":[{"href":"https:\/\/www.focus.cat\/wp-json\/wp\/v2\/types\/post"}],"author":[{"embeddable":true,"href":"https:\/\/www.focus.cat\/wp-json\/wp\/v2\/users\/16"}],"replies":[{"embeddable":true,"href":"https:\/\/www.focus.cat\/wp-json\/wp\/v2\/comments?post=20863"}],"version-history":[{"count":0,"href":"https:\/\/www.focus.cat\/wp-json\/wp\/v2\/posts\/20863\/revisions"}],"wp:featuredmedia":[{"embeddable":true,"href":"https:\/\/www.focus.cat\/wp-json\/wp\/v2\/media\/20851"}],"wp:attachment":[{"href":"https:\/\/www.focus.cat\/wp-json\/wp\/v2\/media?parent=20863"}],"wp:term":[{"taxonomy":"category","embeddable":true,"href":"https:\/\/www.focus.cat\/wp-json\/wp\/v2\/categories?post=20863"}],"curies":[{"name":"wp","href":"https:\/\/api.w.org\/{rel}","templated":true}]}}