{"id":21234,"date":"2025-01-15T09:28:16","date_gmt":"2025-01-15T09:28:16","guid":{"rendered":"https:\/\/www.focus.cat\/?p=21234"},"modified":"2025-01-15T09:36:36","modified_gmt":"2025-01-15T09:36:36","slug":"la-gramatica-llega-a-barcelona","status":"publish","type":"post","link":"https:\/\/www.focus.cat\/es\/la-gramatica-llega-a-barcelona\/","title":{"rendered":"La gram\u00e1tica llega a Barcelona"},"content":{"rendered":"<p>La nueva producci\u00f3n de Focus, <em>La gram\u00e1tica<\/em>, escrita y dirigida por Ernesto Caballero, y protagonizada por Mar\u00eda Ad\u00e1nez y Jos\u00e9 Troncoso, llega al Teatre Romea. El espect\u00e1culo es una s\u00e1tira que rinde homenaje a nuestra relaci\u00f3n con el legado que, seg\u00fan L\u00e1zaro Carreter, constituye nuestro patrimonio m\u00e1s s\u00f3lido: la lengua.<\/p>\n<p>En la obra, Mar\u00eda Ad\u00e1nez interpreta a una trabajadora de la limpieza de la RAE con poca formaci\u00f3n, que, debido a un accidente inesperado, se convierte en una erudita consumada de la lengua y la gram\u00e1tica. Un reputado neurocient\u00edfico, interpretado por Jos\u00e9 Troncoso, se ofrece a someterla a un singular proceso de desprogramaci\u00f3n ling\u00fc\u00edstica. Es decir, a un \u201creseteo\u201d que solucione los numerosos problemas que este af\u00e1n por la correcci\u00f3n le est\u00e1 causando en su vida.<\/p>\n<p>Ernesto Caballero, responsable, entre otros, de textos como Viejo amigo Cicer\u00f3n, protagonizado por Josep Maria Pou en el Romea, o La autora de las meninas, protagonizada por Carmen Machi en el Teatre Goya, es el autor y director.<\/p>\n<p><em>La gram\u00e1tica<\/em> se estren\u00f3 el pasado oto\u00f1o en la Nave 10 de Matadero de Madrid y agot\u00f3 localidades en todas y cada una de las funciones.<\/p>\n<p>Al \u00e9xito de p\u00fablico se suma la aclamaci\u00f3n de la cr\u00edtica, que ha elogiado tanto la direcci\u00f3n y el texto de Caballero como la interpretaci\u00f3n de los dos protagonistas. Jos\u00e9-Miguel Vila, de Diario Cr\u00edtico, ha escrito: \u201c<em>La Gram\u00e1tica<\/em> instruye, seduce y divierte de principio a fin en una comedia que nadie deber\u00eda perderse\u201d.<\/p>\n<p><em>La gram\u00e1tica<\/em> estar\u00e1 en cartel en el Teatre Romea durante dos \u00fanicas semanas, del 12 al 23 de febrero, y las entradas ya est\u00e1n a la venta.<\/p>\n<p><img decoding=\"async\" class=\"size-large wp-image-21140 aligncenter\" src=\"https:\/\/www.focus.cat\/wp-content\/uploads\/2025\/01\/out-DLM08415-Mejorado-NR-\u00a9David-de-la-Morena-1124x763.jpg\" alt=\"\" width=\"1024\" height=\"695\" srcset=\"https:\/\/www.focus.cat\/wp-content\/uploads\/2025\/01\/out-DLM08415-Mejorado-NR-\u00a9David-de-la-Morena-1124x763.jpg 1124w, https:\/\/www.focus.cat\/wp-content\/uploads\/2025\/01\/out-DLM08415-Mejorado-NR-\u00a9David-de-la-Morena-300x204.jpg 300w, https:\/\/www.focus.cat\/wp-content\/uploads\/2025\/01\/out-DLM08415-Mejorado-NR-\u00a9David-de-la-Morena-150x102.jpg 150w, https:\/\/www.focus.cat\/wp-content\/uploads\/2025\/01\/out-DLM08415-Mejorado-NR-\u00a9David-de-la-Morena-800x543.jpg 800w, https:\/\/www.focus.cat\/wp-content\/uploads\/2025\/01\/out-DLM08415-Mejorado-NR-\u00a9David-de-la-Morena-1536x1043.jpg 1536w, https:\/\/www.focus.cat\/wp-content\/uploads\/2025\/01\/out-DLM08415-Mejorado-NR-\u00a9David-de-la-Morena-2048x1390.jpg 2048w, https:\/\/www.focus.cat\/wp-content\/uploads\/2025\/01\/out-DLM08415-Mejorado-NR-\u00a9David-de-la-Morena-1500x1018.jpg 1500w\" sizes=\"(max-width: 1024px) 100vw, 1024px\" \/><\/p>\n","protected":false},"excerpt":{"rendered":"<p>La nueva producci\u00f3n de Focus, La gram\u00e1tica, escrita y dirigida por Ernesto Caballero, y protagonizada por Mar\u00eda Ad\u00e1nez y Jos\u00e9 Troncoso, llega al Teatre Romea. El espect\u00e1culo es una s\u00e1tira que rinde homenaje a nuestra relaci\u00f3n con el legado que, seg\u00fan L\u00e1zaro Carreter, constituye nuestro patrimonio m\u00e1s s\u00f3lido: la lengua. En la obra, Mar\u00eda Ad\u00e1nez<a class=\"excerpt-read-more\" href=\"https:\/\/www.focus.cat\/es\/la-gramatica-llega-a-barcelona\/\" title=\"LlegeixLa gram\u00e1tica llega a Barcelona\"> &#8230; Llegeix m\u00e9s<\/a><\/p>\n","protected":false},"author":16,"featured_media":21232,"comment_status":"closed","ping_status":"closed","sticky":false,"template":"","format":"standard","meta":{"_acf_changed":false,"inline_featured_image":false,"footnotes":""},"categories":[4],"class_list":["post-21234","post","type-post","status-publish","format-standard","has-post-thumbnail","hentry","category-noticias"],"acf":[],"yoast_head":"<!-- This site is optimized with the Yoast SEO plugin v27.4 - https:\/\/yoast.com\/product\/yoast-seo-wordpress\/ -->\n<title>La gram\u00e1tica llega a Barcelona - Focus<\/title>\n<meta name=\"robots\" content=\"index, follow, max-snippet:-1, max-image-preview:large, max-video-preview:-1\" \/>\n<link rel=\"canonical\" href=\"https:\/\/www.focus.cat\/la-gramatica-llega-a-barcelona\/\" \/>\n<meta property=\"og:locale\" content=\"ca_ES\" \/>\n<meta property=\"og:type\" content=\"article\" \/>\n<meta property=\"og:title\" content=\"La gram\u00e1tica llega a Barcelona - Focus\" \/>\n<meta property=\"og:description\" content=\"La nueva producci\u00f3n de Focus, La gram\u00e1tica, escrita y dirigida por Ernesto Caballero, y protagonizada por Mar\u00eda Ad\u00e1nez y Jos\u00e9 Troncoso, llega al Teatre Romea. El espect\u00e1culo es una s\u00e1tira que rinde homenaje a nuestra relaci\u00f3n con el legado que, seg\u00fan L\u00e1zaro Carreter, constituye nuestro patrimonio m\u00e1s s\u00f3lido: la lengua. En la obra, Mar\u00eda Ad\u00e1nez ... Llegeix m\u00e9s\" \/>\n<meta property=\"og:url\" content=\"https:\/\/www.focus.cat\/es\/la-gramatica-llega-a-barcelona\/\" \/>\n<meta property=\"og:site_name\" content=\"Focus\" \/>\n<meta property=\"article:published_time\" content=\"2025-01-15T09:28:16+00:00\" \/>\n<meta property=\"article:modified_time\" content=\"2025-01-15T09:36:36+00:00\" \/>\n<meta property=\"og:image\" content=\"https:\/\/www.focus.cat\/wp-content\/uploads\/2025\/01\/HORITZONTAL-WEB-FOCUS-11-scaled.jpg\" \/>\n\t<meta property=\"og:image:width\" content=\"2560\" \/>\n\t<meta property=\"og:image:height\" content=\"1440\" \/>\n\t<meta property=\"og:image:type\" content=\"image\/jpeg\" \/>\n<meta name=\"author\" content=\"Brenda Becker\" \/>\n<meta name=\"twitter:card\" content=\"summary_large_image\" \/>\n<script type=\"application\/ld+json\" class=\"yoast-schema-graph\">{\"@context\":\"https:\\\/\\\/schema.org\",\"@graph\":[{\"@type\":\"Article\",\"@id\":\"https:\\\/\\\/www.focus.cat\\\/es\\\/la-gramatica-llega-a-barcelona\\\/#article\",\"isPartOf\":{\"@id\":\"https:\\\/\\\/www.focus.cat\\\/es\\\/la-gramatica-llega-a-barcelona\\\/\"},\"author\":{\"name\":\"Brenda Becker\",\"@id\":\"https:\\\/\\\/www.focus.cat\\\/#\\\/schema\\\/person\\\/45cbcf79c7b3047ca01818c50e607a32\"},\"headline\":\"La gram\u00e1tica llega a Barcelona\",\"datePublished\":\"2025-01-15T09:28:16+00:00\",\"dateModified\":\"2025-01-15T09:36:36+00:00\",\"mainEntityOfPage\":{\"@id\":\"https:\\\/\\\/www.focus.cat\\\/es\\\/la-gramatica-llega-a-barcelona\\\/\"},\"wordCount\":307,\"publisher\":{\"@id\":\"https:\\\/\\\/www.focus.cat\\\/#organization\"},\"image\":{\"@id\":\"https:\\\/\\\/www.focus.cat\\\/es\\\/la-gramatica-llega-a-barcelona\\\/#primaryimage\"},\"thumbnailUrl\":\"https:\\\/\\\/www.focus.cat\\\/wp-content\\\/uploads\\\/2025\\\/01\\\/HORITZONTAL-WEB-FOCUS-11-scaled.jpg\",\"articleSection\":[\"Noticias\"],\"inLanguage\":\"ca\"},{\"@type\":\"WebPage\",\"@id\":\"https:\\\/\\\/www.focus.cat\\\/es\\\/la-gramatica-llega-a-barcelona\\\/\",\"url\":\"https:\\\/\\\/www.focus.cat\\\/es\\\/la-gramatica-llega-a-barcelona\\\/\",\"name\":\"La gram\u00e1tica llega a Barcelona - Focus\",\"isPartOf\":{\"@id\":\"https:\\\/\\\/www.focus.cat\\\/#website\"},\"primaryImageOfPage\":{\"@id\":\"https:\\\/\\\/www.focus.cat\\\/es\\\/la-gramatica-llega-a-barcelona\\\/#primaryimage\"},\"image\":{\"@id\":\"https:\\\/\\\/www.focus.cat\\\/es\\\/la-gramatica-llega-a-barcelona\\\/#primaryimage\"},\"thumbnailUrl\":\"https:\\\/\\\/www.focus.cat\\\/wp-content\\\/uploads\\\/2025\\\/01\\\/HORITZONTAL-WEB-FOCUS-11-scaled.jpg\",\"datePublished\":\"2025-01-15T09:28:16+00:00\",\"dateModified\":\"2025-01-15T09:36:36+00:00\",\"inLanguage\":\"ca\",\"potentialAction\":[{\"@type\":\"ReadAction\",\"target\":[\"https:\\\/\\\/www.focus.cat\\\/es\\\/la-gramatica-llega-a-barcelona\\\/\"]}]},{\"@type\":\"ImageObject\",\"inLanguage\":\"ca\",\"@id\":\"https:\\\/\\\/www.focus.cat\\\/es\\\/la-gramatica-llega-a-barcelona\\\/#primaryimage\",\"url\":\"https:\\\/\\\/www.focus.cat\\\/wp-content\\\/uploads\\\/2025\\\/01\\\/HORITZONTAL-WEB-FOCUS-11-scaled.jpg\",\"contentUrl\":\"https:\\\/\\\/www.focus.cat\\\/wp-content\\\/uploads\\\/2025\\\/01\\\/HORITZONTAL-WEB-FOCUS-11-scaled.jpg\",\"width\":2560,\"height\":1440},{\"@type\":\"WebSite\",\"@id\":\"https:\\\/\\\/www.focus.cat\\\/#website\",\"url\":\"https:\\\/\\\/www.focus.cat\\\/\",\"name\":\"Focus\",\"description\":\"\",\"publisher\":{\"@id\":\"https:\\\/\\\/www.focus.cat\\\/#organization\"},\"potentialAction\":[{\"@type\":\"SearchAction\",\"target\":{\"@type\":\"EntryPoint\",\"urlTemplate\":\"https:\\\/\\\/www.focus.cat\\\/?s={search_term_string}\"},\"query-input\":{\"@type\":\"PropertyValueSpecification\",\"valueRequired\":true,\"valueName\":\"search_term_string\"}}],\"inLanguage\":\"ca\"},{\"@type\":\"Organization\",\"@id\":\"https:\\\/\\\/www.focus.cat\\\/#organization\",\"name\":\"Focus\",\"url\":\"https:\\\/\\\/www.focus.cat\\\/\",\"logo\":{\"@type\":\"ImageObject\",\"inLanguage\":\"ca\",\"@id\":\"https:\\\/\\\/www.focus.cat\\\/#\\\/schema\\\/logo\\\/image\\\/\",\"url\":\"https:\\\/\\\/www.focus.cat\\\/wp-content\\\/uploads\\\/2022\\\/01\\\/logo-focus-any-35.svg\",\"contentUrl\":\"https:\\\/\\\/www.focus.cat\\\/wp-content\\\/uploads\\\/2022\\\/01\\\/logo-focus-any-35.svg\",\"width\":1,\"height\":1,\"caption\":\"Focus\"},\"image\":{\"@id\":\"https:\\\/\\\/www.focus.cat\\\/#\\\/schema\\\/logo\\\/image\\\/\"}},{\"@type\":\"Person\",\"@id\":\"https:\\\/\\\/www.focus.cat\\\/#\\\/schema\\\/person\\\/45cbcf79c7b3047ca01818c50e607a32\",\"name\":\"Brenda Becker\",\"image\":{\"@type\":\"ImageObject\",\"inLanguage\":\"ca\",\"@id\":\"https:\\\/\\\/secure.gravatar.com\\\/avatar\\\/bf45b1ffca36f0e2b6cbeb689cead579b5275b1489889a25ac0e66115dfb28c7?s=96&d=mm&r=g\",\"url\":\"https:\\\/\\\/secure.gravatar.com\\\/avatar\\\/bf45b1ffca36f0e2b6cbeb689cead579b5275b1489889a25ac0e66115dfb28c7?s=96&d=mm&r=g\",\"contentUrl\":\"https:\\\/\\\/secure.gravatar.com\\\/avatar\\\/bf45b1ffca36f0e2b6cbeb689cead579b5275b1489889a25ac0e66115dfb28c7?s=96&d=mm&r=g\",\"caption\":\"Brenda Becker\"},\"url\":\"https:\\\/\\\/www.focus.cat\\\/author\\\/brenda-becker\\\/\"}]}<\/script>\n<!-- \/ Yoast SEO plugin. -->","yoast_head_json":{"title":"La gram\u00e1tica llega a Barcelona - Focus","robots":{"index":"index","follow":"follow","max-snippet":"max-snippet:-1","max-image-preview":"max-image-preview:large","max-video-preview":"max-video-preview:-1"},"canonical":"https:\/\/www.focus.cat\/la-gramatica-llega-a-barcelona\/","og_locale":"ca_ES","og_type":"article","og_title":"La gram\u00e1tica llega a Barcelona - Focus","og_description":"La nueva producci\u00f3n de Focus, La gram\u00e1tica, escrita y dirigida por Ernesto Caballero, y protagonizada por Mar\u00eda Ad\u00e1nez y Jos\u00e9 Troncoso, llega al Teatre Romea. El espect\u00e1culo es una s\u00e1tira que rinde homenaje a nuestra relaci\u00f3n con el legado que, seg\u00fan L\u00e1zaro Carreter, constituye nuestro patrimonio m\u00e1s s\u00f3lido: la lengua. En la obra, Mar\u00eda Ad\u00e1nez ... Llegeix m\u00e9s","og_url":"https:\/\/www.focus.cat\/es\/la-gramatica-llega-a-barcelona\/","og_site_name":"Focus","article_published_time":"2025-01-15T09:28:16+00:00","article_modified_time":"2025-01-15T09:36:36+00:00","og_image":[{"width":2560,"height":1440,"url":"https:\/\/www.focus.cat\/wp-content\/uploads\/2025\/01\/HORITZONTAL-WEB-FOCUS-11-scaled.jpg","type":"image\/jpeg"}],"author":"Brenda Becker","twitter_card":"summary_large_image","schema":{"@context":"https:\/\/schema.org","@graph":[{"@type":"Article","@id":"https:\/\/www.focus.cat\/es\/la-gramatica-llega-a-barcelona\/#article","isPartOf":{"@id":"https:\/\/www.focus.cat\/es\/la-gramatica-llega-a-barcelona\/"},"author":{"name":"Brenda Becker","@id":"https:\/\/www.focus.cat\/#\/schema\/person\/45cbcf79c7b3047ca01818c50e607a32"},"headline":"La gram\u00e1tica llega a Barcelona","datePublished":"2025-01-15T09:28:16+00:00","dateModified":"2025-01-15T09:36:36+00:00","mainEntityOfPage":{"@id":"https:\/\/www.focus.cat\/es\/la-gramatica-llega-a-barcelona\/"},"wordCount":307,"publisher":{"@id":"https:\/\/www.focus.cat\/#organization"},"image":{"@id":"https:\/\/www.focus.cat\/es\/la-gramatica-llega-a-barcelona\/#primaryimage"},"thumbnailUrl":"https:\/\/www.focus.cat\/wp-content\/uploads\/2025\/01\/HORITZONTAL-WEB-FOCUS-11-scaled.jpg","articleSection":["Noticias"],"inLanguage":"ca"},{"@type":"WebPage","@id":"https:\/\/www.focus.cat\/es\/la-gramatica-llega-a-barcelona\/","url":"https:\/\/www.focus.cat\/es\/la-gramatica-llega-a-barcelona\/","name":"La gram\u00e1tica llega a Barcelona - Focus","isPartOf":{"@id":"https:\/\/www.focus.cat\/#website"},"primaryImageOfPage":{"@id":"https:\/\/www.focus.cat\/es\/la-gramatica-llega-a-barcelona\/#primaryimage"},"image":{"@id":"https:\/\/www.focus.cat\/es\/la-gramatica-llega-a-barcelona\/#primaryimage"},"thumbnailUrl":"https:\/\/www.focus.cat\/wp-content\/uploads\/2025\/01\/HORITZONTAL-WEB-FOCUS-11-scaled.jpg","datePublished":"2025-01-15T09:28:16+00:00","dateModified":"2025-01-15T09:36:36+00:00","inLanguage":"ca","potentialAction":[{"@type":"ReadAction","target":["https:\/\/www.focus.cat\/es\/la-gramatica-llega-a-barcelona\/"]}]},{"@type":"ImageObject","inLanguage":"ca","@id":"https:\/\/www.focus.cat\/es\/la-gramatica-llega-a-barcelona\/#primaryimage","url":"https:\/\/www.focus.cat\/wp-content\/uploads\/2025\/01\/HORITZONTAL-WEB-FOCUS-11-scaled.jpg","contentUrl":"https:\/\/www.focus.cat\/wp-content\/uploads\/2025\/01\/HORITZONTAL-WEB-FOCUS-11-scaled.jpg","width":2560,"height":1440},{"@type":"WebSite","@id":"https:\/\/www.focus.cat\/#website","url":"https:\/\/www.focus.cat\/","name":"Focus","description":"","publisher":{"@id":"https:\/\/www.focus.cat\/#organization"},"potentialAction":[{"@type":"SearchAction","target":{"@type":"EntryPoint","urlTemplate":"https:\/\/www.focus.cat\/?s={search_term_string}"},"query-input":{"@type":"PropertyValueSpecification","valueRequired":true,"valueName":"search_term_string"}}],"inLanguage":"ca"},{"@type":"Organization","@id":"https:\/\/www.focus.cat\/#organization","name":"Focus","url":"https:\/\/www.focus.cat\/","logo":{"@type":"ImageObject","inLanguage":"ca","@id":"https:\/\/www.focus.cat\/#\/schema\/logo\/image\/","url":"https:\/\/www.focus.cat\/wp-content\/uploads\/2022\/01\/logo-focus-any-35.svg","contentUrl":"https:\/\/www.focus.cat\/wp-content\/uploads\/2022\/01\/logo-focus-any-35.svg","width":1,"height":1,"caption":"Focus"},"image":{"@id":"https:\/\/www.focus.cat\/#\/schema\/logo\/image\/"}},{"@type":"Person","@id":"https:\/\/www.focus.cat\/#\/schema\/person\/45cbcf79c7b3047ca01818c50e607a32","name":"Brenda Becker","image":{"@type":"ImageObject","inLanguage":"ca","@id":"https:\/\/secure.gravatar.com\/avatar\/bf45b1ffca36f0e2b6cbeb689cead579b5275b1489889a25ac0e66115dfb28c7?s=96&d=mm&r=g","url":"https:\/\/secure.gravatar.com\/avatar\/bf45b1ffca36f0e2b6cbeb689cead579b5275b1489889a25ac0e66115dfb28c7?s=96&d=mm&r=g","contentUrl":"https:\/\/secure.gravatar.com\/avatar\/bf45b1ffca36f0e2b6cbeb689cead579b5275b1489889a25ac0e66115dfb28c7?s=96&d=mm&r=g","caption":"Brenda Becker"},"url":"https:\/\/www.focus.cat\/author\/brenda-becker\/"}]}},"_links":{"self":[{"href":"https:\/\/www.focus.cat\/wp-json\/wp\/v2\/posts\/21234","targetHints":{"allow":["GET"]}}],"collection":[{"href":"https:\/\/www.focus.cat\/wp-json\/wp\/v2\/posts"}],"about":[{"href":"https:\/\/www.focus.cat\/wp-json\/wp\/v2\/types\/post"}],"author":[{"embeddable":true,"href":"https:\/\/www.focus.cat\/wp-json\/wp\/v2\/users\/16"}],"replies":[{"embeddable":true,"href":"https:\/\/www.focus.cat\/wp-json\/wp\/v2\/comments?post=21234"}],"version-history":[{"count":0,"href":"https:\/\/www.focus.cat\/wp-json\/wp\/v2\/posts\/21234\/revisions"}],"wp:featuredmedia":[{"embeddable":true,"href":"https:\/\/www.focus.cat\/wp-json\/wp\/v2\/media\/21232"}],"wp:attachment":[{"href":"https:\/\/www.focus.cat\/wp-json\/wp\/v2\/media?parent=21234"}],"wp:term":[{"taxonomy":"category","embeddable":true,"href":"https:\/\/www.focus.cat\/wp-json\/wp\/v2\/categories?post=21234"}],"curies":[{"name":"wp","href":"https:\/\/api.w.org\/{rel}","templated":true}]}}