{"id":21246,"date":"2025-01-15T09:34:14","date_gmt":"2025-01-15T09:34:14","guid":{"rendered":"https:\/\/www.focus.cat\/?p=21246"},"modified":"2025-01-15T09:34:14","modified_gmt":"2025-01-15T09:34:14","slug":"focus-renueva-el-acuerdo-con-la-fundacio-la-caixa","status":"publish","type":"post","link":"https:\/\/www.focus.cat\/es\/focus-renueva-el-acuerdo-con-la-fundacio-la-caixa\/","title":{"rendered":"Focus renueva el acuerdo con la Fundaci\u00f3 \u201cLa Caixa\u201d"},"content":{"rendered":"<p>Focus ha ganado la nueva licitaci\u00f3n de la Fundaci\u00f3 &#8220;La Caixa&#8221;, que renueva por 3 a\u00f1os m\u00e1s la gesti\u00f3n t\u00e9cnica, audiovisual y log\u00edstica de los CaixaForum de toda Espa\u00f1a. Un total de 11 centros (3 en Barcelona, adem\u00e1s de Madrid, Sevilla, Zaragoza, Valencia, Palma de Mallorca, Lleida, Tarragona y Girona), con la posibilidad de ampliar a una ciudad m\u00e1s (M\u00e1laga), actualmente en fase de construcci\u00f3n.<\/p>\n<p>Esta adjudicaci\u00f3n consolida y refuerza la colaboraci\u00f3n entre Focus y la Fundaci\u00f3 \u201cLa Caixa\u201d, una relaci\u00f3n iniciada en el a\u00f1o 2008.<\/p>\n<p><img decoding=\"async\" class=\"size-large wp-image-21241 aligncenter\" src=\"https:\/\/www.focus.cat\/wp-content\/uploads\/2025\/01\/HORITZONTAL-WEB-FOCUS-12-1124x632.jpg\" alt=\"\" width=\"1024\" height=\"576\" srcset=\"https:\/\/www.focus.cat\/wp-content\/uploads\/2025\/01\/HORITZONTAL-WEB-FOCUS-12-1124x632.jpg 1124w, https:\/\/www.focus.cat\/wp-content\/uploads\/2025\/01\/HORITZONTAL-WEB-FOCUS-12-300x169.jpg 300w, https:\/\/www.focus.cat\/wp-content\/uploads\/2025\/01\/HORITZONTAL-WEB-FOCUS-12-150x84.jpg 150w, https:\/\/www.focus.cat\/wp-content\/uploads\/2025\/01\/HORITZONTAL-WEB-FOCUS-12-800x450.jpg 800w, https:\/\/www.focus.cat\/wp-content\/uploads\/2025\/01\/HORITZONTAL-WEB-FOCUS-12-1536x864.jpg 1536w, https:\/\/www.focus.cat\/wp-content\/uploads\/2025\/01\/HORITZONTAL-WEB-FOCUS-12-2048x1152.jpg 2048w, https:\/\/www.focus.cat\/wp-content\/uploads\/2025\/01\/HORITZONTAL-WEB-FOCUS-12-1500x844.jpg 1500w\" sizes=\"(max-width: 1024px) 100vw, 1024px\" \/><\/p>\n","protected":false},"excerpt":{"rendered":"<p>Focus ha ganado la nueva licitaci\u00f3n de la Fundaci\u00f3 &#8220;La Caixa&#8221;, que renueva por 3 a\u00f1os m\u00e1s la gesti\u00f3n t\u00e9cnica, audiovisual y log\u00edstica de los CaixaForum de toda Espa\u00f1a. Un total de 11 centros (3 en Barcelona, adem\u00e1s de Madrid, Sevilla, Zaragoza, Valencia, Palma de Mallorca, Lleida, Tarragona y Girona), con la posibilidad de ampliar<a class=\"excerpt-read-more\" href=\"https:\/\/www.focus.cat\/es\/focus-renueva-el-acuerdo-con-la-fundacio-la-caixa\/\" title=\"LlegeixFocus renueva el acuerdo con la Fundaci\u00f3 \u201cLa Caixa\u201d\"> &#8230; Llegeix m\u00e9s<\/a><\/p>\n","protected":false},"author":16,"featured_media":21241,"comment_status":"closed","ping_status":"closed","sticky":false,"template":"","format":"standard","meta":{"_acf_changed":false,"inline_featured_image":false,"footnotes":""},"categories":[4,24,25],"class_list":["post-21246","post","type-post","status-publish","format-standard","has-post-thumbnail","hentry","category-noticias","category-actividades","category-eventos"],"acf":[],"yoast_head":"<!-- This site is optimized with the Yoast SEO plugin v27.5 - https:\/\/yoast.com\/product\/yoast-seo-wordpress\/ -->\n<title>Focus renueva el acuerdo con la Fundaci\u00f3 \u201cLa Caixa\u201d - Focus<\/title>\n<meta name=\"robots\" content=\"index, follow, max-snippet:-1, max-image-preview:large, max-video-preview:-1\" \/>\n<link rel=\"canonical\" href=\"https:\/\/www.focus.cat\/focus-renueva-el-acuerdo-con-la-fundacio-la-caixa\/\" \/>\n<meta property=\"og:locale\" content=\"ca_ES\" \/>\n<meta property=\"og:type\" content=\"article\" \/>\n<meta property=\"og:title\" content=\"Focus renueva el acuerdo con la Fundaci\u00f3 \u201cLa Caixa\u201d - Focus\" \/>\n<meta property=\"og:description\" content=\"Focus ha ganado la nueva licitaci\u00f3n de la Fundaci\u00f3 &#8220;La Caixa&#8221;, que renueva por 3 a\u00f1os m\u00e1s la gesti\u00f3n t\u00e9cnica, audiovisual y log\u00edstica de los CaixaForum de toda Espa\u00f1a. Un total de 11 centros (3 en Barcelona, adem\u00e1s de Madrid, Sevilla, Zaragoza, Valencia, Palma de Mallorca, Lleida, Tarragona y Girona), con la posibilidad de ampliar ... Llegeix m\u00e9s\" \/>\n<meta property=\"og:url\" content=\"https:\/\/www.focus.cat\/es\/focus-renueva-el-acuerdo-con-la-fundacio-la-caixa\/\" \/>\n<meta property=\"og:site_name\" content=\"Focus\" \/>\n<meta property=\"article:published_time\" content=\"2025-01-15T09:34:14+00:00\" \/>\n<meta property=\"og:image\" content=\"https:\/\/www.focus.cat\/wp-content\/uploads\/2025\/01\/HORITZONTAL-WEB-FOCUS-12-scaled.jpg\" \/>\n\t<meta property=\"og:image:width\" content=\"2560\" \/>\n\t<meta property=\"og:image:height\" content=\"1440\" \/>\n\t<meta property=\"og:image:type\" content=\"image\/jpeg\" \/>\n<meta name=\"author\" content=\"Brenda Becker\" \/>\n<meta name=\"twitter:card\" content=\"summary_large_image\" \/>\n<script type=\"application\/ld+json\" class=\"yoast-schema-graph\">{\"@context\":\"https:\\\/\\\/schema.org\",\"@graph\":[{\"@type\":\"Article\",\"@id\":\"https:\\\/\\\/www.focus.cat\\\/es\\\/focus-renueva-el-acuerdo-con-la-fundacio-la-caixa\\\/#article\",\"isPartOf\":{\"@id\":\"https:\\\/\\\/www.focus.cat\\\/es\\\/focus-renueva-el-acuerdo-con-la-fundacio-la-caixa\\\/\"},\"author\":{\"name\":\"Brenda Becker\",\"@id\":\"https:\\\/\\\/www.focus.cat\\\/#\\\/schema\\\/person\\\/45cbcf79c7b3047ca01818c50e607a32\"},\"headline\":\"Focus renueva el acuerdo con la Fundaci\u00f3 \u201cLa Caixa\u201d\",\"datePublished\":\"2025-01-15T09:34:14+00:00\",\"mainEntityOfPage\":{\"@id\":\"https:\\\/\\\/www.focus.cat\\\/es\\\/focus-renueva-el-acuerdo-con-la-fundacio-la-caixa\\\/\"},\"wordCount\":106,\"publisher\":{\"@id\":\"https:\\\/\\\/www.focus.cat\\\/#organization\"},\"image\":{\"@id\":\"https:\\\/\\\/www.focus.cat\\\/es\\\/focus-renueva-el-acuerdo-con-la-fundacio-la-caixa\\\/#primaryimage\"},\"thumbnailUrl\":\"https:\\\/\\\/www.focus.cat\\\/wp-content\\\/uploads\\\/2025\\\/01\\\/HORITZONTAL-WEB-FOCUS-12-scaled.jpg\",\"articleSection\":[\"Noticias\",\"Actividades\",\"Eventos\"],\"inLanguage\":\"ca\"},{\"@type\":\"WebPage\",\"@id\":\"https:\\\/\\\/www.focus.cat\\\/es\\\/focus-renueva-el-acuerdo-con-la-fundacio-la-caixa\\\/\",\"url\":\"https:\\\/\\\/www.focus.cat\\\/es\\\/focus-renueva-el-acuerdo-con-la-fundacio-la-caixa\\\/\",\"name\":\"Focus renueva el acuerdo con la Fundaci\u00f3 \u201cLa Caixa\u201d - Focus\",\"isPartOf\":{\"@id\":\"https:\\\/\\\/www.focus.cat\\\/#website\"},\"primaryImageOfPage\":{\"@id\":\"https:\\\/\\\/www.focus.cat\\\/es\\\/focus-renueva-el-acuerdo-con-la-fundacio-la-caixa\\\/#primaryimage\"},\"image\":{\"@id\":\"https:\\\/\\\/www.focus.cat\\\/es\\\/focus-renueva-el-acuerdo-con-la-fundacio-la-caixa\\\/#primaryimage\"},\"thumbnailUrl\":\"https:\\\/\\\/www.focus.cat\\\/wp-content\\\/uploads\\\/2025\\\/01\\\/HORITZONTAL-WEB-FOCUS-12-scaled.jpg\",\"datePublished\":\"2025-01-15T09:34:14+00:00\",\"inLanguage\":\"ca\",\"potentialAction\":[{\"@type\":\"ReadAction\",\"target\":[\"https:\\\/\\\/www.focus.cat\\\/es\\\/focus-renueva-el-acuerdo-con-la-fundacio-la-caixa\\\/\"]}]},{\"@type\":\"ImageObject\",\"inLanguage\":\"ca\",\"@id\":\"https:\\\/\\\/www.focus.cat\\\/es\\\/focus-renueva-el-acuerdo-con-la-fundacio-la-caixa\\\/#primaryimage\",\"url\":\"https:\\\/\\\/www.focus.cat\\\/wp-content\\\/uploads\\\/2025\\\/01\\\/HORITZONTAL-WEB-FOCUS-12-scaled.jpg\",\"contentUrl\":\"https:\\\/\\\/www.focus.cat\\\/wp-content\\\/uploads\\\/2025\\\/01\\\/HORITZONTAL-WEB-FOCUS-12-scaled.jpg\",\"width\":2560,\"height\":1440},{\"@type\":\"WebSite\",\"@id\":\"https:\\\/\\\/www.focus.cat\\\/#website\",\"url\":\"https:\\\/\\\/www.focus.cat\\\/\",\"name\":\"Focus\",\"description\":\"\",\"publisher\":{\"@id\":\"https:\\\/\\\/www.focus.cat\\\/#organization\"},\"potentialAction\":[{\"@type\":\"SearchAction\",\"target\":{\"@type\":\"EntryPoint\",\"urlTemplate\":\"https:\\\/\\\/www.focus.cat\\\/?s={search_term_string}\"},\"query-input\":{\"@type\":\"PropertyValueSpecification\",\"valueRequired\":true,\"valueName\":\"search_term_string\"}}],\"inLanguage\":\"ca\"},{\"@type\":\"Organization\",\"@id\":\"https:\\\/\\\/www.focus.cat\\\/#organization\",\"name\":\"Focus\",\"url\":\"https:\\\/\\\/www.focus.cat\\\/\",\"logo\":{\"@type\":\"ImageObject\",\"inLanguage\":\"ca\",\"@id\":\"https:\\\/\\\/www.focus.cat\\\/#\\\/schema\\\/logo\\\/image\\\/\",\"url\":\"https:\\\/\\\/www.focus.cat\\\/wp-content\\\/uploads\\\/2022\\\/01\\\/logo-focus-any-35.svg\",\"contentUrl\":\"https:\\\/\\\/www.focus.cat\\\/wp-content\\\/uploads\\\/2022\\\/01\\\/logo-focus-any-35.svg\",\"width\":1,\"height\":1,\"caption\":\"Focus\"},\"image\":{\"@id\":\"https:\\\/\\\/www.focus.cat\\\/#\\\/schema\\\/logo\\\/image\\\/\"}},{\"@type\":\"Person\",\"@id\":\"https:\\\/\\\/www.focus.cat\\\/#\\\/schema\\\/person\\\/45cbcf79c7b3047ca01818c50e607a32\",\"name\":\"Brenda Becker\",\"image\":{\"@type\":\"ImageObject\",\"inLanguage\":\"ca\",\"@id\":\"https:\\\/\\\/secure.gravatar.com\\\/avatar\\\/bf45b1ffca36f0e2b6cbeb689cead579b5275b1489889a25ac0e66115dfb28c7?s=96&d=mm&r=g\",\"url\":\"https:\\\/\\\/secure.gravatar.com\\\/avatar\\\/bf45b1ffca36f0e2b6cbeb689cead579b5275b1489889a25ac0e66115dfb28c7?s=96&d=mm&r=g\",\"contentUrl\":\"https:\\\/\\\/secure.gravatar.com\\\/avatar\\\/bf45b1ffca36f0e2b6cbeb689cead579b5275b1489889a25ac0e66115dfb28c7?s=96&d=mm&r=g\",\"caption\":\"Brenda Becker\"},\"url\":\"https:\\\/\\\/www.focus.cat\\\/author\\\/brenda-becker\\\/\"}]}<\/script>\n<!-- \/ Yoast SEO plugin. -->","yoast_head_json":{"title":"Focus renueva el acuerdo con la Fundaci\u00f3 \u201cLa Caixa\u201d - Focus","robots":{"index":"index","follow":"follow","max-snippet":"max-snippet:-1","max-image-preview":"max-image-preview:large","max-video-preview":"max-video-preview:-1"},"canonical":"https:\/\/www.focus.cat\/focus-renueva-el-acuerdo-con-la-fundacio-la-caixa\/","og_locale":"ca_ES","og_type":"article","og_title":"Focus renueva el acuerdo con la Fundaci\u00f3 \u201cLa Caixa\u201d - Focus","og_description":"Focus ha ganado la nueva licitaci\u00f3n de la Fundaci\u00f3 &#8220;La Caixa&#8221;, que renueva por 3 a\u00f1os m\u00e1s la gesti\u00f3n t\u00e9cnica, audiovisual y log\u00edstica de los CaixaForum de toda Espa\u00f1a. Un total de 11 centros (3 en Barcelona, adem\u00e1s de Madrid, Sevilla, Zaragoza, Valencia, Palma de Mallorca, Lleida, Tarragona y Girona), con la posibilidad de ampliar ... Llegeix m\u00e9s","og_url":"https:\/\/www.focus.cat\/es\/focus-renueva-el-acuerdo-con-la-fundacio-la-caixa\/","og_site_name":"Focus","article_published_time":"2025-01-15T09:34:14+00:00","og_image":[{"width":2560,"height":1440,"url":"https:\/\/www.focus.cat\/wp-content\/uploads\/2025\/01\/HORITZONTAL-WEB-FOCUS-12-scaled.jpg","type":"image\/jpeg"}],"author":"Brenda Becker","twitter_card":"summary_large_image","schema":{"@context":"https:\/\/schema.org","@graph":[{"@type":"Article","@id":"https:\/\/www.focus.cat\/es\/focus-renueva-el-acuerdo-con-la-fundacio-la-caixa\/#article","isPartOf":{"@id":"https:\/\/www.focus.cat\/es\/focus-renueva-el-acuerdo-con-la-fundacio-la-caixa\/"},"author":{"name":"Brenda Becker","@id":"https:\/\/www.focus.cat\/#\/schema\/person\/45cbcf79c7b3047ca01818c50e607a32"},"headline":"Focus renueva el acuerdo con la Fundaci\u00f3 \u201cLa Caixa\u201d","datePublished":"2025-01-15T09:34:14+00:00","mainEntityOfPage":{"@id":"https:\/\/www.focus.cat\/es\/focus-renueva-el-acuerdo-con-la-fundacio-la-caixa\/"},"wordCount":106,"publisher":{"@id":"https:\/\/www.focus.cat\/#organization"},"image":{"@id":"https:\/\/www.focus.cat\/es\/focus-renueva-el-acuerdo-con-la-fundacio-la-caixa\/#primaryimage"},"thumbnailUrl":"https:\/\/www.focus.cat\/wp-content\/uploads\/2025\/01\/HORITZONTAL-WEB-FOCUS-12-scaled.jpg","articleSection":["Noticias","Actividades","Eventos"],"inLanguage":"ca"},{"@type":"WebPage","@id":"https:\/\/www.focus.cat\/es\/focus-renueva-el-acuerdo-con-la-fundacio-la-caixa\/","url":"https:\/\/www.focus.cat\/es\/focus-renueva-el-acuerdo-con-la-fundacio-la-caixa\/","name":"Focus renueva el acuerdo con la Fundaci\u00f3 \u201cLa Caixa\u201d - Focus","isPartOf":{"@id":"https:\/\/www.focus.cat\/#website"},"primaryImageOfPage":{"@id":"https:\/\/www.focus.cat\/es\/focus-renueva-el-acuerdo-con-la-fundacio-la-caixa\/#primaryimage"},"image":{"@id":"https:\/\/www.focus.cat\/es\/focus-renueva-el-acuerdo-con-la-fundacio-la-caixa\/#primaryimage"},"thumbnailUrl":"https:\/\/www.focus.cat\/wp-content\/uploads\/2025\/01\/HORITZONTAL-WEB-FOCUS-12-scaled.jpg","datePublished":"2025-01-15T09:34:14+00:00","inLanguage":"ca","potentialAction":[{"@type":"ReadAction","target":["https:\/\/www.focus.cat\/es\/focus-renueva-el-acuerdo-con-la-fundacio-la-caixa\/"]}]},{"@type":"ImageObject","inLanguage":"ca","@id":"https:\/\/www.focus.cat\/es\/focus-renueva-el-acuerdo-con-la-fundacio-la-caixa\/#primaryimage","url":"https:\/\/www.focus.cat\/wp-content\/uploads\/2025\/01\/HORITZONTAL-WEB-FOCUS-12-scaled.jpg","contentUrl":"https:\/\/www.focus.cat\/wp-content\/uploads\/2025\/01\/HORITZONTAL-WEB-FOCUS-12-scaled.jpg","width":2560,"height":1440},{"@type":"WebSite","@id":"https:\/\/www.focus.cat\/#website","url":"https:\/\/www.focus.cat\/","name":"Focus","description":"","publisher":{"@id":"https:\/\/www.focus.cat\/#organization"},"potentialAction":[{"@type":"SearchAction","target":{"@type":"EntryPoint","urlTemplate":"https:\/\/www.focus.cat\/?s={search_term_string}"},"query-input":{"@type":"PropertyValueSpecification","valueRequired":true,"valueName":"search_term_string"}}],"inLanguage":"ca"},{"@type":"Organization","@id":"https:\/\/www.focus.cat\/#organization","name":"Focus","url":"https:\/\/www.focus.cat\/","logo":{"@type":"ImageObject","inLanguage":"ca","@id":"https:\/\/www.focus.cat\/#\/schema\/logo\/image\/","url":"https:\/\/www.focus.cat\/wp-content\/uploads\/2022\/01\/logo-focus-any-35.svg","contentUrl":"https:\/\/www.focus.cat\/wp-content\/uploads\/2022\/01\/logo-focus-any-35.svg","width":1,"height":1,"caption":"Focus"},"image":{"@id":"https:\/\/www.focus.cat\/#\/schema\/logo\/image\/"}},{"@type":"Person","@id":"https:\/\/www.focus.cat\/#\/schema\/person\/45cbcf79c7b3047ca01818c50e607a32","name":"Brenda Becker","image":{"@type":"ImageObject","inLanguage":"ca","@id":"https:\/\/secure.gravatar.com\/avatar\/bf45b1ffca36f0e2b6cbeb689cead579b5275b1489889a25ac0e66115dfb28c7?s=96&d=mm&r=g","url":"https:\/\/secure.gravatar.com\/avatar\/bf45b1ffca36f0e2b6cbeb689cead579b5275b1489889a25ac0e66115dfb28c7?s=96&d=mm&r=g","contentUrl":"https:\/\/secure.gravatar.com\/avatar\/bf45b1ffca36f0e2b6cbeb689cead579b5275b1489889a25ac0e66115dfb28c7?s=96&d=mm&r=g","caption":"Brenda Becker"},"url":"https:\/\/www.focus.cat\/author\/brenda-becker\/"}]}},"_links":{"self":[{"href":"https:\/\/www.focus.cat\/wp-json\/wp\/v2\/posts\/21246","targetHints":{"allow":["GET"]}}],"collection":[{"href":"https:\/\/www.focus.cat\/wp-json\/wp\/v2\/posts"}],"about":[{"href":"https:\/\/www.focus.cat\/wp-json\/wp\/v2\/types\/post"}],"author":[{"embeddable":true,"href":"https:\/\/www.focus.cat\/wp-json\/wp\/v2\/users\/16"}],"replies":[{"embeddable":true,"href":"https:\/\/www.focus.cat\/wp-json\/wp\/v2\/comments?post=21246"}],"version-history":[{"count":0,"href":"https:\/\/www.focus.cat\/wp-json\/wp\/v2\/posts\/21246\/revisions"}],"wp:featuredmedia":[{"embeddable":true,"href":"https:\/\/www.focus.cat\/wp-json\/wp\/v2\/media\/21241"}],"wp:attachment":[{"href":"https:\/\/www.focus.cat\/wp-json\/wp\/v2\/media?parent=21246"}],"wp:term":[{"taxonomy":"category","embeddable":true,"href":"https:\/\/www.focus.cat\/wp-json\/wp\/v2\/categories?post=21246"}],"curies":[{"name":"wp","href":"https:\/\/api.w.org\/{rel}","templated":true}]}}