{"id":21510,"date":"2025-02-12T15:13:46","date_gmt":"2025-02-12T15:13:46","guid":{"rendered":"https:\/\/www.focus.cat\/?p=21510"},"modified":"2025-02-12T15:13:46","modified_gmt":"2025-02-12T15:13:46","slug":"un-sogre-de-lloguer-regresa-en-septiembre-al-teatre-condal-despues-de-agotar-todas-las-localidades-en-el-teatre-goya","status":"publish","type":"post","link":"https:\/\/www.focus.cat\/es\/un-sogre-de-lloguer-regresa-en-septiembre-al-teatre-condal-despues-de-agotar-todas-las-localidades-en-el-teatre-goya\/","title":{"rendered":"Un sogre de lloguer regresa en septiembre al Teatre Condal despu\u00e9s de agotar todas las localidades en el Teatre Goya."},"content":{"rendered":"<p><em>Un sogre de lloguer<\/em> se ha convertido ya en uno de los grandes \u00e9xitos de la temporada teatral catalana. Desde su estreno el pasado 8 de noviembre en el Teatre Goya, la obra ha agotado las entradas de todas y cada una de las representaciones, y ya no quedan localidades para las funciones que restan hasta el final de esta temporada, el 26 de enero.<\/p>\n<p>Sin embargo, los seguidores de Joan Pera y los fan\u00e1ticos de la comedia en general est\u00e1n de enhorabuena, ya que se han anunciado nuevas fechas para la pr\u00f3xima temporada.<\/p>\n<p>A partir del 10 de septiembre, volver\u00e1n a escena, esta vez en el Teatre Condal, las aventuras del suegro m\u00e1s extravagante de Catalu\u00f1a.<\/p>\n<p>A este \u00e9xito de p\u00fablico se suma el aplauso un\u00e1nime de la cr\u00edtica especializada, que ha destacado tanto la interpretaci\u00f3n de Joan Pera y su capacidad para conectar con el p\u00fablico como las actuaciones del conjunto del reparto y el ritmo impuesto desde la direcci\u00f3n a un texto repleto de situaciones hilarantes.<\/p>\n<p><img decoding=\"async\" class=\"size-full wp-image-21508 aligncenter\" src=\"https:\/\/www.focus.cat\/wp-content\/uploads\/2025\/02\/15_Post_Twitter_1024x512.jpg\" alt=\"\" width=\"1024\" height=\"512\" srcset=\"https:\/\/www.focus.cat\/wp-content\/uploads\/2025\/02\/15_Post_Twitter_1024x512.jpg 1024w, https:\/\/www.focus.cat\/wp-content\/uploads\/2025\/02\/15_Post_Twitter_1024x512-300x150.jpg 300w, https:\/\/www.focus.cat\/wp-content\/uploads\/2025\/02\/15_Post_Twitter_1024x512-150x75.jpg 150w, https:\/\/www.focus.cat\/wp-content\/uploads\/2025\/02\/15_Post_Twitter_1024x512-800x400.jpg 800w\" sizes=\"(max-width: 1024px) 100vw, 1024px\" \/><\/p>\n","protected":false},"excerpt":{"rendered":"<p>Un sogre de lloguer se ha convertido ya en uno de los grandes \u00e9xitos de la temporada teatral catalana. Desde su estreno el pasado 8 de noviembre en el Teatre Goya, la obra ha agotado las entradas de todas y cada una de las representaciones, y ya no quedan localidades para las funciones que restan<a class=\"excerpt-read-more\" href=\"https:\/\/www.focus.cat\/es\/un-sogre-de-lloguer-regresa-en-septiembre-al-teatre-condal-despues-de-agotar-todas-las-localidades-en-el-teatre-goya\/\" title=\"LlegeixUn sogre de lloguer regresa en septiembre al Teatre Condal despu\u00e9s de agotar todas las localidades en el Teatre Goya.\"> &#8230; Llegeix m\u00e9s<\/a><\/p>\n","protected":false},"author":16,"featured_media":21505,"comment_status":"closed","ping_status":"closed","sticky":false,"template":"","format":"standard","meta":{"_acf_changed":false,"inline_featured_image":false,"footnotes":""},"categories":[4],"class_list":["post-21510","post","type-post","status-publish","format-standard","has-post-thumbnail","hentry","category-noticias"],"acf":[],"yoast_head":"<!-- This site is optimized with the Yoast SEO plugin v27.4 - https:\/\/yoast.com\/product\/yoast-seo-wordpress\/ -->\n<title>Un sogre de lloguer regresa en septiembre al Teatre Condal despu\u00e9s de agotar todas las localidades en el Teatre Goya. - Focus<\/title>\n<meta name=\"robots\" content=\"index, follow, max-snippet:-1, max-image-preview:large, max-video-preview:-1\" \/>\n<link rel=\"canonical\" href=\"https:\/\/www.focus.cat\/un-sogre-de-lloguer-regresa-en-septiembre-al-teatre-condal-despues-de-agotar-todas-las-localidades-en-el-teatre-goya\/\" \/>\n<meta property=\"og:locale\" content=\"ca_ES\" \/>\n<meta property=\"og:type\" content=\"article\" \/>\n<meta property=\"og:title\" content=\"Un sogre de lloguer regresa en septiembre al Teatre Condal despu\u00e9s de agotar todas las localidades en el Teatre Goya. - Focus\" \/>\n<meta property=\"og:description\" content=\"Un sogre de lloguer se ha convertido ya en uno de los grandes \u00e9xitos de la temporada teatral catalana. Desde su estreno el pasado 8 de noviembre en el Teatre Goya, la obra ha agotado las entradas de todas y cada una de las representaciones, y ya no quedan localidades para las funciones que restan ... Llegeix m\u00e9s\" \/>\n<meta property=\"og:url\" content=\"https:\/\/www.focus.cat\/es\/un-sogre-de-lloguer-regresa-en-septiembre-al-teatre-condal-despues-de-agotar-todas-las-localidades-en-el-teatre-goya\/\" \/>\n<meta property=\"og:site_name\" content=\"Focus\" \/>\n<meta property=\"article:published_time\" content=\"2025-02-12T15:13:46+00:00\" \/>\n<meta property=\"og:image\" content=\"https:\/\/www.focus.cat\/wp-content\/uploads\/2025\/02\/14_Quadrat_1080x1080.jpg\" \/>\n\t<meta property=\"og:image:width\" content=\"1080\" \/>\n\t<meta property=\"og:image:height\" content=\"1080\" \/>\n\t<meta property=\"og:image:type\" content=\"image\/jpeg\" \/>\n<meta name=\"author\" content=\"Brenda Becker\" \/>\n<meta name=\"twitter:card\" content=\"summary_large_image\" \/>\n<script type=\"application\/ld+json\" class=\"yoast-schema-graph\">{\"@context\":\"https:\\\/\\\/schema.org\",\"@graph\":[{\"@type\":\"Article\",\"@id\":\"https:\\\/\\\/www.focus.cat\\\/es\\\/un-sogre-de-lloguer-regresa-en-septiembre-al-teatre-condal-despues-de-agotar-todas-las-localidades-en-el-teatre-goya\\\/#article\",\"isPartOf\":{\"@id\":\"https:\\\/\\\/www.focus.cat\\\/es\\\/un-sogre-de-lloguer-regresa-en-septiembre-al-teatre-condal-despues-de-agotar-todas-las-localidades-en-el-teatre-goya\\\/\"},\"author\":{\"name\":\"Brenda Becker\",\"@id\":\"https:\\\/\\\/www.focus.cat\\\/#\\\/schema\\\/person\\\/45cbcf79c7b3047ca01818c50e607a32\"},\"headline\":\"Un sogre de lloguer regresa en septiembre al Teatre Condal despu\u00e9s de agotar todas las localidades en el Teatre Goya.\",\"datePublished\":\"2025-02-12T15:13:46+00:00\",\"mainEntityOfPage\":{\"@id\":\"https:\\\/\\\/www.focus.cat\\\/es\\\/un-sogre-de-lloguer-regresa-en-septiembre-al-teatre-condal-despues-de-agotar-todas-las-localidades-en-el-teatre-goya\\\/\"},\"wordCount\":199,\"publisher\":{\"@id\":\"https:\\\/\\\/www.focus.cat\\\/#organization\"},\"image\":{\"@id\":\"https:\\\/\\\/www.focus.cat\\\/es\\\/un-sogre-de-lloguer-regresa-en-septiembre-al-teatre-condal-despues-de-agotar-todas-las-localidades-en-el-teatre-goya\\\/#primaryimage\"},\"thumbnailUrl\":\"https:\\\/\\\/www.focus.cat\\\/wp-content\\\/uploads\\\/2025\\\/02\\\/14_Quadrat_1080x1080.jpg\",\"articleSection\":[\"Noticias\"],\"inLanguage\":\"ca\"},{\"@type\":\"WebPage\",\"@id\":\"https:\\\/\\\/www.focus.cat\\\/es\\\/un-sogre-de-lloguer-regresa-en-septiembre-al-teatre-condal-despues-de-agotar-todas-las-localidades-en-el-teatre-goya\\\/\",\"url\":\"https:\\\/\\\/www.focus.cat\\\/es\\\/un-sogre-de-lloguer-regresa-en-septiembre-al-teatre-condal-despues-de-agotar-todas-las-localidades-en-el-teatre-goya\\\/\",\"name\":\"Un sogre de lloguer regresa en septiembre al Teatre Condal despu\u00e9s de agotar todas las localidades en el Teatre Goya. - Focus\",\"isPartOf\":{\"@id\":\"https:\\\/\\\/www.focus.cat\\\/#website\"},\"primaryImageOfPage\":{\"@id\":\"https:\\\/\\\/www.focus.cat\\\/es\\\/un-sogre-de-lloguer-regresa-en-septiembre-al-teatre-condal-despues-de-agotar-todas-las-localidades-en-el-teatre-goya\\\/#primaryimage\"},\"image\":{\"@id\":\"https:\\\/\\\/www.focus.cat\\\/es\\\/un-sogre-de-lloguer-regresa-en-septiembre-al-teatre-condal-despues-de-agotar-todas-las-localidades-en-el-teatre-goya\\\/#primaryimage\"},\"thumbnailUrl\":\"https:\\\/\\\/www.focus.cat\\\/wp-content\\\/uploads\\\/2025\\\/02\\\/14_Quadrat_1080x1080.jpg\",\"datePublished\":\"2025-02-12T15:13:46+00:00\",\"inLanguage\":\"ca\",\"potentialAction\":[{\"@type\":\"ReadAction\",\"target\":[\"https:\\\/\\\/www.focus.cat\\\/es\\\/un-sogre-de-lloguer-regresa-en-septiembre-al-teatre-condal-despues-de-agotar-todas-las-localidades-en-el-teatre-goya\\\/\"]}]},{\"@type\":\"ImageObject\",\"inLanguage\":\"ca\",\"@id\":\"https:\\\/\\\/www.focus.cat\\\/es\\\/un-sogre-de-lloguer-regresa-en-septiembre-al-teatre-condal-despues-de-agotar-todas-las-localidades-en-el-teatre-goya\\\/#primaryimage\",\"url\":\"https:\\\/\\\/www.focus.cat\\\/wp-content\\\/uploads\\\/2025\\\/02\\\/14_Quadrat_1080x1080.jpg\",\"contentUrl\":\"https:\\\/\\\/www.focus.cat\\\/wp-content\\\/uploads\\\/2025\\\/02\\\/14_Quadrat_1080x1080.jpg\",\"width\":1080,\"height\":1080},{\"@type\":\"WebSite\",\"@id\":\"https:\\\/\\\/www.focus.cat\\\/#website\",\"url\":\"https:\\\/\\\/www.focus.cat\\\/\",\"name\":\"Focus\",\"description\":\"\",\"publisher\":{\"@id\":\"https:\\\/\\\/www.focus.cat\\\/#organization\"},\"potentialAction\":[{\"@type\":\"SearchAction\",\"target\":{\"@type\":\"EntryPoint\",\"urlTemplate\":\"https:\\\/\\\/www.focus.cat\\\/?s={search_term_string}\"},\"query-input\":{\"@type\":\"PropertyValueSpecification\",\"valueRequired\":true,\"valueName\":\"search_term_string\"}}],\"inLanguage\":\"ca\"},{\"@type\":\"Organization\",\"@id\":\"https:\\\/\\\/www.focus.cat\\\/#organization\",\"name\":\"Focus\",\"url\":\"https:\\\/\\\/www.focus.cat\\\/\",\"logo\":{\"@type\":\"ImageObject\",\"inLanguage\":\"ca\",\"@id\":\"https:\\\/\\\/www.focus.cat\\\/#\\\/schema\\\/logo\\\/image\\\/\",\"url\":\"https:\\\/\\\/www.focus.cat\\\/wp-content\\\/uploads\\\/2022\\\/01\\\/logo-focus-any-35.svg\",\"contentUrl\":\"https:\\\/\\\/www.focus.cat\\\/wp-content\\\/uploads\\\/2022\\\/01\\\/logo-focus-any-35.svg\",\"width\":1,\"height\":1,\"caption\":\"Focus\"},\"image\":{\"@id\":\"https:\\\/\\\/www.focus.cat\\\/#\\\/schema\\\/logo\\\/image\\\/\"}},{\"@type\":\"Person\",\"@id\":\"https:\\\/\\\/www.focus.cat\\\/#\\\/schema\\\/person\\\/45cbcf79c7b3047ca01818c50e607a32\",\"name\":\"Brenda Becker\",\"image\":{\"@type\":\"ImageObject\",\"inLanguage\":\"ca\",\"@id\":\"https:\\\/\\\/secure.gravatar.com\\\/avatar\\\/bf45b1ffca36f0e2b6cbeb689cead579b5275b1489889a25ac0e66115dfb28c7?s=96&d=mm&r=g\",\"url\":\"https:\\\/\\\/secure.gravatar.com\\\/avatar\\\/bf45b1ffca36f0e2b6cbeb689cead579b5275b1489889a25ac0e66115dfb28c7?s=96&d=mm&r=g\",\"contentUrl\":\"https:\\\/\\\/secure.gravatar.com\\\/avatar\\\/bf45b1ffca36f0e2b6cbeb689cead579b5275b1489889a25ac0e66115dfb28c7?s=96&d=mm&r=g\",\"caption\":\"Brenda Becker\"},\"url\":\"https:\\\/\\\/www.focus.cat\\\/author\\\/brenda-becker\\\/\"}]}<\/script>\n<!-- \/ Yoast SEO plugin. -->","yoast_head_json":{"title":"Un sogre de lloguer regresa en septiembre al Teatre Condal despu\u00e9s de agotar todas las localidades en el Teatre Goya. - Focus","robots":{"index":"index","follow":"follow","max-snippet":"max-snippet:-1","max-image-preview":"max-image-preview:large","max-video-preview":"max-video-preview:-1"},"canonical":"https:\/\/www.focus.cat\/un-sogre-de-lloguer-regresa-en-septiembre-al-teatre-condal-despues-de-agotar-todas-las-localidades-en-el-teatre-goya\/","og_locale":"ca_ES","og_type":"article","og_title":"Un sogre de lloguer regresa en septiembre al Teatre Condal despu\u00e9s de agotar todas las localidades en el Teatre Goya. - Focus","og_description":"Un sogre de lloguer se ha convertido ya en uno de los grandes \u00e9xitos de la temporada teatral catalana. Desde su estreno el pasado 8 de noviembre en el Teatre Goya, la obra ha agotado las entradas de todas y cada una de las representaciones, y ya no quedan localidades para las funciones que restan ... Llegeix m\u00e9s","og_url":"https:\/\/www.focus.cat\/es\/un-sogre-de-lloguer-regresa-en-septiembre-al-teatre-condal-despues-de-agotar-todas-las-localidades-en-el-teatre-goya\/","og_site_name":"Focus","article_published_time":"2025-02-12T15:13:46+00:00","og_image":[{"width":1080,"height":1080,"url":"https:\/\/www.focus.cat\/wp-content\/uploads\/2025\/02\/14_Quadrat_1080x1080.jpg","type":"image\/jpeg"}],"author":"Brenda Becker","twitter_card":"summary_large_image","schema":{"@context":"https:\/\/schema.org","@graph":[{"@type":"Article","@id":"https:\/\/www.focus.cat\/es\/un-sogre-de-lloguer-regresa-en-septiembre-al-teatre-condal-despues-de-agotar-todas-las-localidades-en-el-teatre-goya\/#article","isPartOf":{"@id":"https:\/\/www.focus.cat\/es\/un-sogre-de-lloguer-regresa-en-septiembre-al-teatre-condal-despues-de-agotar-todas-las-localidades-en-el-teatre-goya\/"},"author":{"name":"Brenda Becker","@id":"https:\/\/www.focus.cat\/#\/schema\/person\/45cbcf79c7b3047ca01818c50e607a32"},"headline":"Un sogre de lloguer regresa en septiembre al Teatre Condal despu\u00e9s de agotar todas las localidades en el Teatre Goya.","datePublished":"2025-02-12T15:13:46+00:00","mainEntityOfPage":{"@id":"https:\/\/www.focus.cat\/es\/un-sogre-de-lloguer-regresa-en-septiembre-al-teatre-condal-despues-de-agotar-todas-las-localidades-en-el-teatre-goya\/"},"wordCount":199,"publisher":{"@id":"https:\/\/www.focus.cat\/#organization"},"image":{"@id":"https:\/\/www.focus.cat\/es\/un-sogre-de-lloguer-regresa-en-septiembre-al-teatre-condal-despues-de-agotar-todas-las-localidades-en-el-teatre-goya\/#primaryimage"},"thumbnailUrl":"https:\/\/www.focus.cat\/wp-content\/uploads\/2025\/02\/14_Quadrat_1080x1080.jpg","articleSection":["Noticias"],"inLanguage":"ca"},{"@type":"WebPage","@id":"https:\/\/www.focus.cat\/es\/un-sogre-de-lloguer-regresa-en-septiembre-al-teatre-condal-despues-de-agotar-todas-las-localidades-en-el-teatre-goya\/","url":"https:\/\/www.focus.cat\/es\/un-sogre-de-lloguer-regresa-en-septiembre-al-teatre-condal-despues-de-agotar-todas-las-localidades-en-el-teatre-goya\/","name":"Un sogre de lloguer regresa en septiembre al Teatre Condal despu\u00e9s de agotar todas las localidades en el Teatre Goya. - Focus","isPartOf":{"@id":"https:\/\/www.focus.cat\/#website"},"primaryImageOfPage":{"@id":"https:\/\/www.focus.cat\/es\/un-sogre-de-lloguer-regresa-en-septiembre-al-teatre-condal-despues-de-agotar-todas-las-localidades-en-el-teatre-goya\/#primaryimage"},"image":{"@id":"https:\/\/www.focus.cat\/es\/un-sogre-de-lloguer-regresa-en-septiembre-al-teatre-condal-despues-de-agotar-todas-las-localidades-en-el-teatre-goya\/#primaryimage"},"thumbnailUrl":"https:\/\/www.focus.cat\/wp-content\/uploads\/2025\/02\/14_Quadrat_1080x1080.jpg","datePublished":"2025-02-12T15:13:46+00:00","inLanguage":"ca","potentialAction":[{"@type":"ReadAction","target":["https:\/\/www.focus.cat\/es\/un-sogre-de-lloguer-regresa-en-septiembre-al-teatre-condal-despues-de-agotar-todas-las-localidades-en-el-teatre-goya\/"]}]},{"@type":"ImageObject","inLanguage":"ca","@id":"https:\/\/www.focus.cat\/es\/un-sogre-de-lloguer-regresa-en-septiembre-al-teatre-condal-despues-de-agotar-todas-las-localidades-en-el-teatre-goya\/#primaryimage","url":"https:\/\/www.focus.cat\/wp-content\/uploads\/2025\/02\/14_Quadrat_1080x1080.jpg","contentUrl":"https:\/\/www.focus.cat\/wp-content\/uploads\/2025\/02\/14_Quadrat_1080x1080.jpg","width":1080,"height":1080},{"@type":"WebSite","@id":"https:\/\/www.focus.cat\/#website","url":"https:\/\/www.focus.cat\/","name":"Focus","description":"","publisher":{"@id":"https:\/\/www.focus.cat\/#organization"},"potentialAction":[{"@type":"SearchAction","target":{"@type":"EntryPoint","urlTemplate":"https:\/\/www.focus.cat\/?s={search_term_string}"},"query-input":{"@type":"PropertyValueSpecification","valueRequired":true,"valueName":"search_term_string"}}],"inLanguage":"ca"},{"@type":"Organization","@id":"https:\/\/www.focus.cat\/#organization","name":"Focus","url":"https:\/\/www.focus.cat\/","logo":{"@type":"ImageObject","inLanguage":"ca","@id":"https:\/\/www.focus.cat\/#\/schema\/logo\/image\/","url":"https:\/\/www.focus.cat\/wp-content\/uploads\/2022\/01\/logo-focus-any-35.svg","contentUrl":"https:\/\/www.focus.cat\/wp-content\/uploads\/2022\/01\/logo-focus-any-35.svg","width":1,"height":1,"caption":"Focus"},"image":{"@id":"https:\/\/www.focus.cat\/#\/schema\/logo\/image\/"}},{"@type":"Person","@id":"https:\/\/www.focus.cat\/#\/schema\/person\/45cbcf79c7b3047ca01818c50e607a32","name":"Brenda Becker","image":{"@type":"ImageObject","inLanguage":"ca","@id":"https:\/\/secure.gravatar.com\/avatar\/bf45b1ffca36f0e2b6cbeb689cead579b5275b1489889a25ac0e66115dfb28c7?s=96&d=mm&r=g","url":"https:\/\/secure.gravatar.com\/avatar\/bf45b1ffca36f0e2b6cbeb689cead579b5275b1489889a25ac0e66115dfb28c7?s=96&d=mm&r=g","contentUrl":"https:\/\/secure.gravatar.com\/avatar\/bf45b1ffca36f0e2b6cbeb689cead579b5275b1489889a25ac0e66115dfb28c7?s=96&d=mm&r=g","caption":"Brenda Becker"},"url":"https:\/\/www.focus.cat\/author\/brenda-becker\/"}]}},"_links":{"self":[{"href":"https:\/\/www.focus.cat\/wp-json\/wp\/v2\/posts\/21510","targetHints":{"allow":["GET"]}}],"collection":[{"href":"https:\/\/www.focus.cat\/wp-json\/wp\/v2\/posts"}],"about":[{"href":"https:\/\/www.focus.cat\/wp-json\/wp\/v2\/types\/post"}],"author":[{"embeddable":true,"href":"https:\/\/www.focus.cat\/wp-json\/wp\/v2\/users\/16"}],"replies":[{"embeddable":true,"href":"https:\/\/www.focus.cat\/wp-json\/wp\/v2\/comments?post=21510"}],"version-history":[{"count":0,"href":"https:\/\/www.focus.cat\/wp-json\/wp\/v2\/posts\/21510\/revisions"}],"wp:featuredmedia":[{"embeddable":true,"href":"https:\/\/www.focus.cat\/wp-json\/wp\/v2\/media\/21505"}],"wp:attachment":[{"href":"https:\/\/www.focus.cat\/wp-json\/wp\/v2\/media?parent=21510"}],"wp:term":[{"taxonomy":"category","embeddable":true,"href":"https:\/\/www.focus.cat\/wp-json\/wp\/v2\/categories?post=21510"}],"curies":[{"name":"wp","href":"https:\/\/api.w.org\/{rel}","templated":true}]}}