{"id":21522,"date":"2025-02-12T15:17:36","date_gmt":"2025-02-12T15:17:36","guid":{"rendered":"https:\/\/www.focus.cat\/?p=21522"},"modified":"2025-02-12T15:17:36","modified_gmt":"2025-02-12T15:17:36","slug":"la-cubana-llega-al-teatre-romea","status":"publish","type":"post","link":"https:\/\/www.focus.cat\/es\/la-cubana-llega-al-teatre-romea\/","title":{"rendered":"La Cubana llega al Teatre Romea"},"content":{"rendered":"<p>A partir del 17 de septiembre, La Cubana estrenar\u00e1 su nuevo espect\u00e1culo <em>L\u2019amor venia amb taxi<\/em> en el Teatre Romea; una producci\u00f3n que promete, como siempre, sorprender al p\u00fablico y convertirse en un aut\u00e9ntico fen\u00f3meno que sacudir\u00e1 la ciudad y dejar\u00e1 huella.<\/p>\n<p><em>L\u2019amor venia amb taxi<\/em> es un sincero homenaje al teatro amateur de Catalu\u00f1a, porque es justo reconocer su importancia dentro del tejido cultural del pa\u00eds y es, como explica la compa\u00f1\u00eda, un musical \u201cmade in Cubana\u201d hecho a la catalana.<\/p>\n<p>La m\u00edtica formaci\u00f3n dirigida por Jordi Mil\u00e1n, que este a\u00f1o celebra sus 45 a\u00f1os de existencia, es responsable de \u00e9xitos que ya forman parte de la historia del teatro en nuestro pa\u00eds, como <em>Cegada de amor, Campanades de boda <\/em>o <em>Gente bien<\/em>, y que han conquistado el coraz\u00f3n de generaciones de espectadores con su estilo inconfundible. Con su nueva producci\u00f3n, el p\u00fablico podr\u00e1 disfrutar de nuevo del humor desbordante, la est\u00e9tica \u00fanica y las situaciones delirantes propias de las obras m\u00e1s queridas de La Cubana.<\/p>\n<p>El pasado 6 de febrero, coincidiendo con la inauguraci\u00f3n de la exposici\u00f3n <em>La Cubana 45 anys jugant a fer teatre<\/em>, se pusieron a la venta las entradas para el espect\u00e1culo.<\/p>\n<p>La exposici\u00f3n, que ya se puede ver en el Palau Robert, es un homenaje a una compa\u00f1\u00eda que ha tenido una importancia crucial para el teatro de nuestro pa\u00eds y que ha hecho del hecho teatral una experiencia total, primero desde el teatro de calle y luego sobre los escenarios, rompiendo todas las barreras entre la compa\u00f1\u00eda y el p\u00fablico.<\/p>\n<p><img decoding=\"async\" class=\"size-full wp-image-21517 aligncenter\" src=\"https:\/\/www.focus.cat\/wp-content\/uploads\/2025\/02\/Post-twitter-1024x512-1.jpg\" alt=\"\" width=\"1024\" height=\"512\" srcset=\"https:\/\/www.focus.cat\/wp-content\/uploads\/2025\/02\/Post-twitter-1024x512-1.jpg 1024w, https:\/\/www.focus.cat\/wp-content\/uploads\/2025\/02\/Post-twitter-1024x512-1-300x150.jpg 300w, https:\/\/www.focus.cat\/wp-content\/uploads\/2025\/02\/Post-twitter-1024x512-1-150x75.jpg 150w, https:\/\/www.focus.cat\/wp-content\/uploads\/2025\/02\/Post-twitter-1024x512-1-800x400.jpg 800w\" sizes=\"(max-width: 1024px) 100vw, 1024px\" \/><\/p>\n","protected":false},"excerpt":{"rendered":"<p>A partir del 17 de septiembre, La Cubana estrenar\u00e1 su nuevo espect\u00e1culo L\u2019amor venia amb taxi en el Teatre Romea; una producci\u00f3n que promete, como siempre, sorprender al p\u00fablico y convertirse en un aut\u00e9ntico fen\u00f3meno que sacudir\u00e1 la ciudad y dejar\u00e1 huella. L\u2019amor venia amb taxi es un sincero homenaje al teatro amateur de Catalu\u00f1a,<a class=\"excerpt-read-more\" href=\"https:\/\/www.focus.cat\/es\/la-cubana-llega-al-teatre-romea\/\" title=\"LlegeixLa Cubana llega al Teatre Romea\"> &#8230; Llegeix m\u00e9s<\/a><\/p>\n","protected":false},"author":16,"featured_media":21517,"comment_status":"closed","ping_status":"closed","sticky":false,"template":"","format":"standard","meta":{"_acf_changed":false,"inline_featured_image":false,"footnotes":""},"categories":[4],"class_list":["post-21522","post","type-post","status-publish","format-standard","has-post-thumbnail","hentry","category-noticias"],"acf":[],"yoast_head":"<!-- This site is optimized with the Yoast SEO plugin v27.5 - https:\/\/yoast.com\/product\/yoast-seo-wordpress\/ -->\n<title>La Cubana llega al Teatre Romea - Focus<\/title>\n<meta name=\"robots\" content=\"index, follow, max-snippet:-1, max-image-preview:large, max-video-preview:-1\" \/>\n<link rel=\"canonical\" href=\"https:\/\/www.focus.cat\/la-cubana-llega-al-teatre-romea\/\" \/>\n<meta property=\"og:locale\" content=\"ca_ES\" \/>\n<meta property=\"og:type\" content=\"article\" \/>\n<meta property=\"og:title\" content=\"La Cubana llega al Teatre Romea - Focus\" \/>\n<meta property=\"og:description\" content=\"A partir del 17 de septiembre, La Cubana estrenar\u00e1 su nuevo espect\u00e1culo L\u2019amor venia amb taxi en el Teatre Romea; una producci\u00f3n que promete, como siempre, sorprender al p\u00fablico y convertirse en un aut\u00e9ntico fen\u00f3meno que sacudir\u00e1 la ciudad y dejar\u00e1 huella. L\u2019amor venia amb taxi es un sincero homenaje al teatro amateur de Catalu\u00f1a, ... Llegeix m\u00e9s\" \/>\n<meta property=\"og:url\" content=\"https:\/\/www.focus.cat\/es\/la-cubana-llega-al-teatre-romea\/\" \/>\n<meta property=\"og:site_name\" content=\"Focus\" \/>\n<meta property=\"article:published_time\" content=\"2025-02-12T15:17:36+00:00\" \/>\n<meta property=\"og:image\" content=\"https:\/\/www.focus.cat\/wp-content\/uploads\/2025\/02\/Post-twitter-1024x512-1.jpg\" \/>\n\t<meta property=\"og:image:width\" content=\"1024\" \/>\n\t<meta property=\"og:image:height\" content=\"512\" \/>\n\t<meta property=\"og:image:type\" content=\"image\/jpeg\" \/>\n<meta name=\"author\" content=\"Brenda Becker\" \/>\n<meta name=\"twitter:card\" content=\"summary_large_image\" \/>\n<script type=\"application\/ld+json\" class=\"yoast-schema-graph\">{\"@context\":\"https:\\\/\\\/schema.org\",\"@graph\":[{\"@type\":\"Article\",\"@id\":\"https:\\\/\\\/www.focus.cat\\\/es\\\/la-cubana-llega-al-teatre-romea\\\/#article\",\"isPartOf\":{\"@id\":\"https:\\\/\\\/www.focus.cat\\\/es\\\/la-cubana-llega-al-teatre-romea\\\/\"},\"author\":{\"name\":\"Brenda Becker\",\"@id\":\"https:\\\/\\\/www.focus.cat\\\/#\\\/schema\\\/person\\\/45cbcf79c7b3047ca01818c50e607a32\"},\"headline\":\"La Cubana llega al Teatre Romea\",\"datePublished\":\"2025-02-12T15:17:36+00:00\",\"mainEntityOfPage\":{\"@id\":\"https:\\\/\\\/www.focus.cat\\\/es\\\/la-cubana-llega-al-teatre-romea\\\/\"},\"wordCount\":288,\"publisher\":{\"@id\":\"https:\\\/\\\/www.focus.cat\\\/#organization\"},\"image\":{\"@id\":\"https:\\\/\\\/www.focus.cat\\\/es\\\/la-cubana-llega-al-teatre-romea\\\/#primaryimage\"},\"thumbnailUrl\":\"https:\\\/\\\/www.focus.cat\\\/wp-content\\\/uploads\\\/2025\\\/02\\\/Post-twitter-1024x512-1.jpg\",\"articleSection\":[\"Noticias\"],\"inLanguage\":\"ca\"},{\"@type\":\"WebPage\",\"@id\":\"https:\\\/\\\/www.focus.cat\\\/es\\\/la-cubana-llega-al-teatre-romea\\\/\",\"url\":\"https:\\\/\\\/www.focus.cat\\\/es\\\/la-cubana-llega-al-teatre-romea\\\/\",\"name\":\"La Cubana llega al Teatre Romea - Focus\",\"isPartOf\":{\"@id\":\"https:\\\/\\\/www.focus.cat\\\/#website\"},\"primaryImageOfPage\":{\"@id\":\"https:\\\/\\\/www.focus.cat\\\/es\\\/la-cubana-llega-al-teatre-romea\\\/#primaryimage\"},\"image\":{\"@id\":\"https:\\\/\\\/www.focus.cat\\\/es\\\/la-cubana-llega-al-teatre-romea\\\/#primaryimage\"},\"thumbnailUrl\":\"https:\\\/\\\/www.focus.cat\\\/wp-content\\\/uploads\\\/2025\\\/02\\\/Post-twitter-1024x512-1.jpg\",\"datePublished\":\"2025-02-12T15:17:36+00:00\",\"inLanguage\":\"ca\",\"potentialAction\":[{\"@type\":\"ReadAction\",\"target\":[\"https:\\\/\\\/www.focus.cat\\\/es\\\/la-cubana-llega-al-teatre-romea\\\/\"]}]},{\"@type\":\"ImageObject\",\"inLanguage\":\"ca\",\"@id\":\"https:\\\/\\\/www.focus.cat\\\/es\\\/la-cubana-llega-al-teatre-romea\\\/#primaryimage\",\"url\":\"https:\\\/\\\/www.focus.cat\\\/wp-content\\\/uploads\\\/2025\\\/02\\\/Post-twitter-1024x512-1.jpg\",\"contentUrl\":\"https:\\\/\\\/www.focus.cat\\\/wp-content\\\/uploads\\\/2025\\\/02\\\/Post-twitter-1024x512-1.jpg\",\"width\":1024,\"height\":512},{\"@type\":\"WebSite\",\"@id\":\"https:\\\/\\\/www.focus.cat\\\/#website\",\"url\":\"https:\\\/\\\/www.focus.cat\\\/\",\"name\":\"Focus\",\"description\":\"\",\"publisher\":{\"@id\":\"https:\\\/\\\/www.focus.cat\\\/#organization\"},\"potentialAction\":[{\"@type\":\"SearchAction\",\"target\":{\"@type\":\"EntryPoint\",\"urlTemplate\":\"https:\\\/\\\/www.focus.cat\\\/?s={search_term_string}\"},\"query-input\":{\"@type\":\"PropertyValueSpecification\",\"valueRequired\":true,\"valueName\":\"search_term_string\"}}],\"inLanguage\":\"ca\"},{\"@type\":\"Organization\",\"@id\":\"https:\\\/\\\/www.focus.cat\\\/#organization\",\"name\":\"Focus\",\"url\":\"https:\\\/\\\/www.focus.cat\\\/\",\"logo\":{\"@type\":\"ImageObject\",\"inLanguage\":\"ca\",\"@id\":\"https:\\\/\\\/www.focus.cat\\\/#\\\/schema\\\/logo\\\/image\\\/\",\"url\":\"https:\\\/\\\/www.focus.cat\\\/wp-content\\\/uploads\\\/2022\\\/01\\\/logo-focus-any-35.svg\",\"contentUrl\":\"https:\\\/\\\/www.focus.cat\\\/wp-content\\\/uploads\\\/2022\\\/01\\\/logo-focus-any-35.svg\",\"width\":1,\"height\":1,\"caption\":\"Focus\"},\"image\":{\"@id\":\"https:\\\/\\\/www.focus.cat\\\/#\\\/schema\\\/logo\\\/image\\\/\"}},{\"@type\":\"Person\",\"@id\":\"https:\\\/\\\/www.focus.cat\\\/#\\\/schema\\\/person\\\/45cbcf79c7b3047ca01818c50e607a32\",\"name\":\"Brenda Becker\",\"image\":{\"@type\":\"ImageObject\",\"inLanguage\":\"ca\",\"@id\":\"https:\\\/\\\/secure.gravatar.com\\\/avatar\\\/bf45b1ffca36f0e2b6cbeb689cead579b5275b1489889a25ac0e66115dfb28c7?s=96&d=mm&r=g\",\"url\":\"https:\\\/\\\/secure.gravatar.com\\\/avatar\\\/bf45b1ffca36f0e2b6cbeb689cead579b5275b1489889a25ac0e66115dfb28c7?s=96&d=mm&r=g\",\"contentUrl\":\"https:\\\/\\\/secure.gravatar.com\\\/avatar\\\/bf45b1ffca36f0e2b6cbeb689cead579b5275b1489889a25ac0e66115dfb28c7?s=96&d=mm&r=g\",\"caption\":\"Brenda Becker\"},\"url\":\"https:\\\/\\\/www.focus.cat\\\/author\\\/brenda-becker\\\/\"}]}<\/script>\n<!-- \/ Yoast SEO plugin. -->","yoast_head_json":{"title":"La Cubana llega al Teatre Romea - Focus","robots":{"index":"index","follow":"follow","max-snippet":"max-snippet:-1","max-image-preview":"max-image-preview:large","max-video-preview":"max-video-preview:-1"},"canonical":"https:\/\/www.focus.cat\/la-cubana-llega-al-teatre-romea\/","og_locale":"ca_ES","og_type":"article","og_title":"La Cubana llega al Teatre Romea - Focus","og_description":"A partir del 17 de septiembre, La Cubana estrenar\u00e1 su nuevo espect\u00e1culo L\u2019amor venia amb taxi en el Teatre Romea; una producci\u00f3n que promete, como siempre, sorprender al p\u00fablico y convertirse en un aut\u00e9ntico fen\u00f3meno que sacudir\u00e1 la ciudad y dejar\u00e1 huella. L\u2019amor venia amb taxi es un sincero homenaje al teatro amateur de Catalu\u00f1a, ... Llegeix m\u00e9s","og_url":"https:\/\/www.focus.cat\/es\/la-cubana-llega-al-teatre-romea\/","og_site_name":"Focus","article_published_time":"2025-02-12T15:17:36+00:00","og_image":[{"width":1024,"height":512,"url":"https:\/\/www.focus.cat\/wp-content\/uploads\/2025\/02\/Post-twitter-1024x512-1.jpg","type":"image\/jpeg"}],"author":"Brenda Becker","twitter_card":"summary_large_image","schema":{"@context":"https:\/\/schema.org","@graph":[{"@type":"Article","@id":"https:\/\/www.focus.cat\/es\/la-cubana-llega-al-teatre-romea\/#article","isPartOf":{"@id":"https:\/\/www.focus.cat\/es\/la-cubana-llega-al-teatre-romea\/"},"author":{"name":"Brenda Becker","@id":"https:\/\/www.focus.cat\/#\/schema\/person\/45cbcf79c7b3047ca01818c50e607a32"},"headline":"La Cubana llega al Teatre Romea","datePublished":"2025-02-12T15:17:36+00:00","mainEntityOfPage":{"@id":"https:\/\/www.focus.cat\/es\/la-cubana-llega-al-teatre-romea\/"},"wordCount":288,"publisher":{"@id":"https:\/\/www.focus.cat\/#organization"},"image":{"@id":"https:\/\/www.focus.cat\/es\/la-cubana-llega-al-teatre-romea\/#primaryimage"},"thumbnailUrl":"https:\/\/www.focus.cat\/wp-content\/uploads\/2025\/02\/Post-twitter-1024x512-1.jpg","articleSection":["Noticias"],"inLanguage":"ca"},{"@type":"WebPage","@id":"https:\/\/www.focus.cat\/es\/la-cubana-llega-al-teatre-romea\/","url":"https:\/\/www.focus.cat\/es\/la-cubana-llega-al-teatre-romea\/","name":"La Cubana llega al Teatre Romea - Focus","isPartOf":{"@id":"https:\/\/www.focus.cat\/#website"},"primaryImageOfPage":{"@id":"https:\/\/www.focus.cat\/es\/la-cubana-llega-al-teatre-romea\/#primaryimage"},"image":{"@id":"https:\/\/www.focus.cat\/es\/la-cubana-llega-al-teatre-romea\/#primaryimage"},"thumbnailUrl":"https:\/\/www.focus.cat\/wp-content\/uploads\/2025\/02\/Post-twitter-1024x512-1.jpg","datePublished":"2025-02-12T15:17:36+00:00","inLanguage":"ca","potentialAction":[{"@type":"ReadAction","target":["https:\/\/www.focus.cat\/es\/la-cubana-llega-al-teatre-romea\/"]}]},{"@type":"ImageObject","inLanguage":"ca","@id":"https:\/\/www.focus.cat\/es\/la-cubana-llega-al-teatre-romea\/#primaryimage","url":"https:\/\/www.focus.cat\/wp-content\/uploads\/2025\/02\/Post-twitter-1024x512-1.jpg","contentUrl":"https:\/\/www.focus.cat\/wp-content\/uploads\/2025\/02\/Post-twitter-1024x512-1.jpg","width":1024,"height":512},{"@type":"WebSite","@id":"https:\/\/www.focus.cat\/#website","url":"https:\/\/www.focus.cat\/","name":"Focus","description":"","publisher":{"@id":"https:\/\/www.focus.cat\/#organization"},"potentialAction":[{"@type":"SearchAction","target":{"@type":"EntryPoint","urlTemplate":"https:\/\/www.focus.cat\/?s={search_term_string}"},"query-input":{"@type":"PropertyValueSpecification","valueRequired":true,"valueName":"search_term_string"}}],"inLanguage":"ca"},{"@type":"Organization","@id":"https:\/\/www.focus.cat\/#organization","name":"Focus","url":"https:\/\/www.focus.cat\/","logo":{"@type":"ImageObject","inLanguage":"ca","@id":"https:\/\/www.focus.cat\/#\/schema\/logo\/image\/","url":"https:\/\/www.focus.cat\/wp-content\/uploads\/2022\/01\/logo-focus-any-35.svg","contentUrl":"https:\/\/www.focus.cat\/wp-content\/uploads\/2022\/01\/logo-focus-any-35.svg","width":1,"height":1,"caption":"Focus"},"image":{"@id":"https:\/\/www.focus.cat\/#\/schema\/logo\/image\/"}},{"@type":"Person","@id":"https:\/\/www.focus.cat\/#\/schema\/person\/45cbcf79c7b3047ca01818c50e607a32","name":"Brenda Becker","image":{"@type":"ImageObject","inLanguage":"ca","@id":"https:\/\/secure.gravatar.com\/avatar\/bf45b1ffca36f0e2b6cbeb689cead579b5275b1489889a25ac0e66115dfb28c7?s=96&d=mm&r=g","url":"https:\/\/secure.gravatar.com\/avatar\/bf45b1ffca36f0e2b6cbeb689cead579b5275b1489889a25ac0e66115dfb28c7?s=96&d=mm&r=g","contentUrl":"https:\/\/secure.gravatar.com\/avatar\/bf45b1ffca36f0e2b6cbeb689cead579b5275b1489889a25ac0e66115dfb28c7?s=96&d=mm&r=g","caption":"Brenda Becker"},"url":"https:\/\/www.focus.cat\/author\/brenda-becker\/"}]}},"_links":{"self":[{"href":"https:\/\/www.focus.cat\/wp-json\/wp\/v2\/posts\/21522","targetHints":{"allow":["GET"]}}],"collection":[{"href":"https:\/\/www.focus.cat\/wp-json\/wp\/v2\/posts"}],"about":[{"href":"https:\/\/www.focus.cat\/wp-json\/wp\/v2\/types\/post"}],"author":[{"embeddable":true,"href":"https:\/\/www.focus.cat\/wp-json\/wp\/v2\/users\/16"}],"replies":[{"embeddable":true,"href":"https:\/\/www.focus.cat\/wp-json\/wp\/v2\/comments?post=21522"}],"version-history":[{"count":0,"href":"https:\/\/www.focus.cat\/wp-json\/wp\/v2\/posts\/21522\/revisions"}],"wp:featuredmedia":[{"embeddable":true,"href":"https:\/\/www.focus.cat\/wp-json\/wp\/v2\/media\/21517"}],"wp:attachment":[{"href":"https:\/\/www.focus.cat\/wp-json\/wp\/v2\/media?parent=21522"}],"wp:term":[{"taxonomy":"category","embeddable":true,"href":"https:\/\/www.focus.cat\/wp-json\/wp\/v2\/categories?post=21522"}],"curies":[{"name":"wp","href":"https:\/\/api.w.org\/{rel}","templated":true}]}}