{"id":21553,"date":"2025-02-12T15:25:36","date_gmt":"2025-02-12T15:25:36","guid":{"rendered":"https:\/\/www.focus.cat\/?p=21553"},"modified":"2025-02-12T15:25:36","modified_gmt":"2025-02-12T15:25:36","slug":"maria-carme-roca-gana-la-tercera-edicion-del-premio-santa-eulalia-de-novela-de-barcelona-con-el-passatge","status":"publish","type":"post","link":"https:\/\/www.focus.cat\/es\/maria-carme-roca-gana-la-tercera-edicion-del-premio-santa-eulalia-de-novela-de-barcelona-con-el-passatge\/","title":{"rendered":"Maria Carme Roca gana la tercera edici\u00f3n del Premio Santa Eul\u00e0lia de novela de Barcelona con El passatge"},"content":{"rendered":"<p>Maria Carme Roca ha ganado la tercera edici\u00f3n del Premio Santa Eul\u00e0lia de novela de Barcelona, convocado por Comanegra y \u00c0fora Focus Edicions y dotado con 25.000\u20ac, con la historia de una ni\u00f1a de una familia humilde del barrio de Sant Pere que acabar\u00e1 relacion\u00e1ndose con la \u00e9lite de la ciudad.<\/p>\n<p><em>El passatge<\/em> es una novela marcada por la importancia de dos pasajes paralelos: el pasaje d\u2019en Cirici (hoy pasaje de las Manufactures) y el pasaje de Sert, as\u00ed como por la relaci\u00f3n de amor y amistad entre Regina y el gran pintor y muralista de la primera mitad del siglo XX, Josep Maria Sert.<\/p>\n<p>La novela sit\u00faa su acci\u00f3n en la Barcelona vibrante y en crecimiento de finales del siglo XIX. Las murallas ya han sido derribadas, y la ciudad adopta un nuevo paisaje con la construcci\u00f3n del Eixample. Llena de f\u00e1bricas textiles, Barcelona se llena de trabajadores y de movimiento. Tambi\u00e9n la cultura experimenta un renacimiento, con cada vez m\u00e1s actividad y nombres destacados.<\/p>\n<p><img decoding=\"async\" class=\"size-large wp-image-21547 aligncenter\" src=\"https:\/\/www.focus.cat\/wp-content\/uploads\/2025\/02\/Imagen-de-WhatsApp-2025-02-12-a-las-15.04.43_50dc3193-1-1124x1499.jpg\" alt=\"\" width=\"768\" height=\"1024\" srcset=\"https:\/\/www.focus.cat\/wp-content\/uploads\/2025\/02\/Imagen-de-WhatsApp-2025-02-12-a-las-15.04.43_50dc3193-1-1124x1499.jpg 1124w, https:\/\/www.focus.cat\/wp-content\/uploads\/2025\/02\/Imagen-de-WhatsApp-2025-02-12-a-las-15.04.43_50dc3193-1-225x300.jpg 225w, https:\/\/www.focus.cat\/wp-content\/uploads\/2025\/02\/Imagen-de-WhatsApp-2025-02-12-a-las-15.04.43_50dc3193-1-150x200.jpg 150w, https:\/\/www.focus.cat\/wp-content\/uploads\/2025\/02\/Imagen-de-WhatsApp-2025-02-12-a-las-15.04.43_50dc3193-1-800x1067.jpg 800w, https:\/\/www.focus.cat\/wp-content\/uploads\/2025\/02\/Imagen-de-WhatsApp-2025-02-12-a-las-15.04.43_50dc3193-1-1152x1536.jpg 1152w, https:\/\/www.focus.cat\/wp-content\/uploads\/2025\/02\/Imagen-de-WhatsApp-2025-02-12-a-las-15.04.43_50dc3193-1-1536x2048.jpg 1536w, https:\/\/www.focus.cat\/wp-content\/uploads\/2025\/02\/Imagen-de-WhatsApp-2025-02-12-a-las-15.04.43_50dc3193-1-1500x2000.jpg 1500w, https:\/\/www.focus.cat\/wp-content\/uploads\/2025\/02\/Imagen-de-WhatsApp-2025-02-12-a-las-15.04.43_50dc3193-1-scaled.jpg 1920w\" sizes=\"(max-width: 768px) 100vw, 768px\" \/><\/p>\n","protected":false},"excerpt":{"rendered":"<p>Maria Carme Roca ha ganado la tercera edici\u00f3n del Premio Santa Eul\u00e0lia de novela de Barcelona, convocado por Comanegra y \u00c0fora Focus Edicions y dotado con 25.000\u20ac, con la historia de una ni\u00f1a de una familia humilde del barrio de Sant Pere que acabar\u00e1 relacion\u00e1ndose con la \u00e9lite de la ciudad. El passatge es una<a class=\"excerpt-read-more\" href=\"https:\/\/www.focus.cat\/es\/maria-carme-roca-gana-la-tercera-edicion-del-premio-santa-eulalia-de-novela-de-barcelona-con-el-passatge\/\" title=\"LlegeixMaria Carme Roca gana la tercera edici\u00f3n del Premio Santa Eul\u00e0lia de novela de Barcelona con El passatge\"> &#8230; Llegeix m\u00e9s<\/a><\/p>\n","protected":false},"author":16,"featured_media":21551,"comment_status":"closed","ping_status":"closed","sticky":false,"template":"","format":"standard","meta":{"_acf_changed":false,"inline_featured_image":false,"footnotes":""},"categories":[30,4],"class_list":["post-21553","post","type-post","status-publish","format-standard","has-post-thumbnail","hentry","category-ediciones","category-noticias"],"acf":[],"yoast_head":"<!-- This site is optimized with the Yoast SEO plugin v27.4 - https:\/\/yoast.com\/product\/yoast-seo-wordpress\/ -->\n<title>Maria Carme Roca gana la tercera edici\u00f3n del Premio Santa Eul\u00e0lia de novela de Barcelona con El passatge - Focus<\/title>\n<meta name=\"robots\" content=\"index, follow, max-snippet:-1, max-image-preview:large, max-video-preview:-1\" \/>\n<link rel=\"canonical\" href=\"https:\/\/www.focus.cat\/maria-carme-roca-gana-la-tercera-edicion-del-premio-santa-eulalia-de-novela-de-barcelona-con-el-passatge\/\" \/>\n<meta property=\"og:locale\" content=\"ca_ES\" \/>\n<meta property=\"og:type\" content=\"article\" \/>\n<meta property=\"og:title\" content=\"Maria Carme Roca gana la tercera edici\u00f3n del Premio Santa Eul\u00e0lia de novela de Barcelona con El passatge - Focus\" \/>\n<meta property=\"og:description\" content=\"Maria Carme Roca ha ganado la tercera edici\u00f3n del Premio Santa Eul\u00e0lia de novela de Barcelona, convocado por Comanegra y \u00c0fora Focus Edicions y dotado con 25.000\u20ac, con la historia de una ni\u00f1a de una familia humilde del barrio de Sant Pere que acabar\u00e1 relacion\u00e1ndose con la \u00e9lite de la ciudad. El passatge es una ... Llegeix m\u00e9s\" \/>\n<meta property=\"og:url\" content=\"https:\/\/www.focus.cat\/es\/maria-carme-roca-gana-la-tercera-edicion-del-premio-santa-eulalia-de-novela-de-barcelona-con-el-passatge\/\" \/>\n<meta property=\"og:site_name\" content=\"Focus\" \/>\n<meta property=\"article:published_time\" content=\"2025-02-12T15:25:36+00:00\" \/>\n<meta property=\"og:image\" content=\"https:\/\/www.focus.cat\/wp-content\/uploads\/2025\/02\/Imagen-de-WhatsApp-2025-02-12-a-las-15.04.43_b3fa47f0-1.jpg\" \/>\n\t<meta property=\"og:image:width\" content=\"2557\" \/>\n\t<meta property=\"og:image:height\" content=\"2060\" \/>\n\t<meta property=\"og:image:type\" content=\"image\/jpeg\" \/>\n<meta name=\"author\" content=\"Brenda Becker\" \/>\n<meta name=\"twitter:card\" content=\"summary_large_image\" \/>\n<script type=\"application\/ld+json\" class=\"yoast-schema-graph\">{\"@context\":\"https:\\\/\\\/schema.org\",\"@graph\":[{\"@type\":\"Article\",\"@id\":\"https:\\\/\\\/www.focus.cat\\\/es\\\/maria-carme-roca-gana-la-tercera-edicion-del-premio-santa-eulalia-de-novela-de-barcelona-con-el-passatge\\\/#article\",\"isPartOf\":{\"@id\":\"https:\\\/\\\/www.focus.cat\\\/es\\\/maria-carme-roca-gana-la-tercera-edicion-del-premio-santa-eulalia-de-novela-de-barcelona-con-el-passatge\\\/\"},\"author\":{\"name\":\"Brenda Becker\",\"@id\":\"https:\\\/\\\/www.focus.cat\\\/#\\\/schema\\\/person\\\/45cbcf79c7b3047ca01818c50e607a32\"},\"headline\":\"Maria Carme Roca gana la tercera edici\u00f3n del Premio Santa Eul\u00e0lia de novela de Barcelona con El passatge\",\"datePublished\":\"2025-02-12T15:25:36+00:00\",\"mainEntityOfPage\":{\"@id\":\"https:\\\/\\\/www.focus.cat\\\/es\\\/maria-carme-roca-gana-la-tercera-edicion-del-premio-santa-eulalia-de-novela-de-barcelona-con-el-passatge\\\/\"},\"wordCount\":197,\"publisher\":{\"@id\":\"https:\\\/\\\/www.focus.cat\\\/#organization\"},\"image\":{\"@id\":\"https:\\\/\\\/www.focus.cat\\\/es\\\/maria-carme-roca-gana-la-tercera-edicion-del-premio-santa-eulalia-de-novela-de-barcelona-con-el-passatge\\\/#primaryimage\"},\"thumbnailUrl\":\"https:\\\/\\\/www.focus.cat\\\/wp-content\\\/uploads\\\/2025\\\/02\\\/Imagen-de-WhatsApp-2025-02-12-a-las-15.04.43_b3fa47f0-1.jpg\",\"articleSection\":[\"Ediciones\",\"Noticias\"],\"inLanguage\":\"ca\"},{\"@type\":\"WebPage\",\"@id\":\"https:\\\/\\\/www.focus.cat\\\/es\\\/maria-carme-roca-gana-la-tercera-edicion-del-premio-santa-eulalia-de-novela-de-barcelona-con-el-passatge\\\/\",\"url\":\"https:\\\/\\\/www.focus.cat\\\/es\\\/maria-carme-roca-gana-la-tercera-edicion-del-premio-santa-eulalia-de-novela-de-barcelona-con-el-passatge\\\/\",\"name\":\"Maria Carme Roca gana la tercera edici\u00f3n del Premio Santa Eul\u00e0lia de novela de Barcelona con El passatge - Focus\",\"isPartOf\":{\"@id\":\"https:\\\/\\\/www.focus.cat\\\/#website\"},\"primaryImageOfPage\":{\"@id\":\"https:\\\/\\\/www.focus.cat\\\/es\\\/maria-carme-roca-gana-la-tercera-edicion-del-premio-santa-eulalia-de-novela-de-barcelona-con-el-passatge\\\/#primaryimage\"},\"image\":{\"@id\":\"https:\\\/\\\/www.focus.cat\\\/es\\\/maria-carme-roca-gana-la-tercera-edicion-del-premio-santa-eulalia-de-novela-de-barcelona-con-el-passatge\\\/#primaryimage\"},\"thumbnailUrl\":\"https:\\\/\\\/www.focus.cat\\\/wp-content\\\/uploads\\\/2025\\\/02\\\/Imagen-de-WhatsApp-2025-02-12-a-las-15.04.43_b3fa47f0-1.jpg\",\"datePublished\":\"2025-02-12T15:25:36+00:00\",\"inLanguage\":\"ca\",\"potentialAction\":[{\"@type\":\"ReadAction\",\"target\":[\"https:\\\/\\\/www.focus.cat\\\/es\\\/maria-carme-roca-gana-la-tercera-edicion-del-premio-santa-eulalia-de-novela-de-barcelona-con-el-passatge\\\/\"]}]},{\"@type\":\"ImageObject\",\"inLanguage\":\"ca\",\"@id\":\"https:\\\/\\\/www.focus.cat\\\/es\\\/maria-carme-roca-gana-la-tercera-edicion-del-premio-santa-eulalia-de-novela-de-barcelona-con-el-passatge\\\/#primaryimage\",\"url\":\"https:\\\/\\\/www.focus.cat\\\/wp-content\\\/uploads\\\/2025\\\/02\\\/Imagen-de-WhatsApp-2025-02-12-a-las-15.04.43_b3fa47f0-1.jpg\",\"contentUrl\":\"https:\\\/\\\/www.focus.cat\\\/wp-content\\\/uploads\\\/2025\\\/02\\\/Imagen-de-WhatsApp-2025-02-12-a-las-15.04.43_b3fa47f0-1.jpg\",\"width\":2557,\"height\":2060},{\"@type\":\"WebSite\",\"@id\":\"https:\\\/\\\/www.focus.cat\\\/#website\",\"url\":\"https:\\\/\\\/www.focus.cat\\\/\",\"name\":\"Focus\",\"description\":\"\",\"publisher\":{\"@id\":\"https:\\\/\\\/www.focus.cat\\\/#organization\"},\"potentialAction\":[{\"@type\":\"SearchAction\",\"target\":{\"@type\":\"EntryPoint\",\"urlTemplate\":\"https:\\\/\\\/www.focus.cat\\\/?s={search_term_string}\"},\"query-input\":{\"@type\":\"PropertyValueSpecification\",\"valueRequired\":true,\"valueName\":\"search_term_string\"}}],\"inLanguage\":\"ca\"},{\"@type\":\"Organization\",\"@id\":\"https:\\\/\\\/www.focus.cat\\\/#organization\",\"name\":\"Focus\",\"url\":\"https:\\\/\\\/www.focus.cat\\\/\",\"logo\":{\"@type\":\"ImageObject\",\"inLanguage\":\"ca\",\"@id\":\"https:\\\/\\\/www.focus.cat\\\/#\\\/schema\\\/logo\\\/image\\\/\",\"url\":\"https:\\\/\\\/www.focus.cat\\\/wp-content\\\/uploads\\\/2022\\\/01\\\/logo-focus-any-35.svg\",\"contentUrl\":\"https:\\\/\\\/www.focus.cat\\\/wp-content\\\/uploads\\\/2022\\\/01\\\/logo-focus-any-35.svg\",\"width\":1,\"height\":1,\"caption\":\"Focus\"},\"image\":{\"@id\":\"https:\\\/\\\/www.focus.cat\\\/#\\\/schema\\\/logo\\\/image\\\/\"}},{\"@type\":\"Person\",\"@id\":\"https:\\\/\\\/www.focus.cat\\\/#\\\/schema\\\/person\\\/45cbcf79c7b3047ca01818c50e607a32\",\"name\":\"Brenda Becker\",\"image\":{\"@type\":\"ImageObject\",\"inLanguage\":\"ca\",\"@id\":\"https:\\\/\\\/secure.gravatar.com\\\/avatar\\\/bf45b1ffca36f0e2b6cbeb689cead579b5275b1489889a25ac0e66115dfb28c7?s=96&d=mm&r=g\",\"url\":\"https:\\\/\\\/secure.gravatar.com\\\/avatar\\\/bf45b1ffca36f0e2b6cbeb689cead579b5275b1489889a25ac0e66115dfb28c7?s=96&d=mm&r=g\",\"contentUrl\":\"https:\\\/\\\/secure.gravatar.com\\\/avatar\\\/bf45b1ffca36f0e2b6cbeb689cead579b5275b1489889a25ac0e66115dfb28c7?s=96&d=mm&r=g\",\"caption\":\"Brenda Becker\"},\"url\":\"https:\\\/\\\/www.focus.cat\\\/author\\\/brenda-becker\\\/\"}]}<\/script>\n<!-- \/ Yoast SEO plugin. -->","yoast_head_json":{"title":"Maria Carme Roca gana la tercera edici\u00f3n del Premio Santa Eul\u00e0lia de novela de Barcelona con El passatge - Focus","robots":{"index":"index","follow":"follow","max-snippet":"max-snippet:-1","max-image-preview":"max-image-preview:large","max-video-preview":"max-video-preview:-1"},"canonical":"https:\/\/www.focus.cat\/maria-carme-roca-gana-la-tercera-edicion-del-premio-santa-eulalia-de-novela-de-barcelona-con-el-passatge\/","og_locale":"ca_ES","og_type":"article","og_title":"Maria Carme Roca gana la tercera edici\u00f3n del Premio Santa Eul\u00e0lia de novela de Barcelona con El passatge - Focus","og_description":"Maria Carme Roca ha ganado la tercera edici\u00f3n del Premio Santa Eul\u00e0lia de novela de Barcelona, convocado por Comanegra y \u00c0fora Focus Edicions y dotado con 25.000\u20ac, con la historia de una ni\u00f1a de una familia humilde del barrio de Sant Pere que acabar\u00e1 relacion\u00e1ndose con la \u00e9lite de la ciudad. El passatge es una ... Llegeix m\u00e9s","og_url":"https:\/\/www.focus.cat\/es\/maria-carme-roca-gana-la-tercera-edicion-del-premio-santa-eulalia-de-novela-de-barcelona-con-el-passatge\/","og_site_name":"Focus","article_published_time":"2025-02-12T15:25:36+00:00","og_image":[{"width":2557,"height":2060,"url":"https:\/\/www.focus.cat\/wp-content\/uploads\/2025\/02\/Imagen-de-WhatsApp-2025-02-12-a-las-15.04.43_b3fa47f0-1.jpg","type":"image\/jpeg"}],"author":"Brenda Becker","twitter_card":"summary_large_image","schema":{"@context":"https:\/\/schema.org","@graph":[{"@type":"Article","@id":"https:\/\/www.focus.cat\/es\/maria-carme-roca-gana-la-tercera-edicion-del-premio-santa-eulalia-de-novela-de-barcelona-con-el-passatge\/#article","isPartOf":{"@id":"https:\/\/www.focus.cat\/es\/maria-carme-roca-gana-la-tercera-edicion-del-premio-santa-eulalia-de-novela-de-barcelona-con-el-passatge\/"},"author":{"name":"Brenda Becker","@id":"https:\/\/www.focus.cat\/#\/schema\/person\/45cbcf79c7b3047ca01818c50e607a32"},"headline":"Maria Carme Roca gana la tercera edici\u00f3n del Premio Santa Eul\u00e0lia de novela de Barcelona con El passatge","datePublished":"2025-02-12T15:25:36+00:00","mainEntityOfPage":{"@id":"https:\/\/www.focus.cat\/es\/maria-carme-roca-gana-la-tercera-edicion-del-premio-santa-eulalia-de-novela-de-barcelona-con-el-passatge\/"},"wordCount":197,"publisher":{"@id":"https:\/\/www.focus.cat\/#organization"},"image":{"@id":"https:\/\/www.focus.cat\/es\/maria-carme-roca-gana-la-tercera-edicion-del-premio-santa-eulalia-de-novela-de-barcelona-con-el-passatge\/#primaryimage"},"thumbnailUrl":"https:\/\/www.focus.cat\/wp-content\/uploads\/2025\/02\/Imagen-de-WhatsApp-2025-02-12-a-las-15.04.43_b3fa47f0-1.jpg","articleSection":["Ediciones","Noticias"],"inLanguage":"ca"},{"@type":"WebPage","@id":"https:\/\/www.focus.cat\/es\/maria-carme-roca-gana-la-tercera-edicion-del-premio-santa-eulalia-de-novela-de-barcelona-con-el-passatge\/","url":"https:\/\/www.focus.cat\/es\/maria-carme-roca-gana-la-tercera-edicion-del-premio-santa-eulalia-de-novela-de-barcelona-con-el-passatge\/","name":"Maria Carme Roca gana la tercera edici\u00f3n del Premio Santa Eul\u00e0lia de novela de Barcelona con El passatge - Focus","isPartOf":{"@id":"https:\/\/www.focus.cat\/#website"},"primaryImageOfPage":{"@id":"https:\/\/www.focus.cat\/es\/maria-carme-roca-gana-la-tercera-edicion-del-premio-santa-eulalia-de-novela-de-barcelona-con-el-passatge\/#primaryimage"},"image":{"@id":"https:\/\/www.focus.cat\/es\/maria-carme-roca-gana-la-tercera-edicion-del-premio-santa-eulalia-de-novela-de-barcelona-con-el-passatge\/#primaryimage"},"thumbnailUrl":"https:\/\/www.focus.cat\/wp-content\/uploads\/2025\/02\/Imagen-de-WhatsApp-2025-02-12-a-las-15.04.43_b3fa47f0-1.jpg","datePublished":"2025-02-12T15:25:36+00:00","inLanguage":"ca","potentialAction":[{"@type":"ReadAction","target":["https:\/\/www.focus.cat\/es\/maria-carme-roca-gana-la-tercera-edicion-del-premio-santa-eulalia-de-novela-de-barcelona-con-el-passatge\/"]}]},{"@type":"ImageObject","inLanguage":"ca","@id":"https:\/\/www.focus.cat\/es\/maria-carme-roca-gana-la-tercera-edicion-del-premio-santa-eulalia-de-novela-de-barcelona-con-el-passatge\/#primaryimage","url":"https:\/\/www.focus.cat\/wp-content\/uploads\/2025\/02\/Imagen-de-WhatsApp-2025-02-12-a-las-15.04.43_b3fa47f0-1.jpg","contentUrl":"https:\/\/www.focus.cat\/wp-content\/uploads\/2025\/02\/Imagen-de-WhatsApp-2025-02-12-a-las-15.04.43_b3fa47f0-1.jpg","width":2557,"height":2060},{"@type":"WebSite","@id":"https:\/\/www.focus.cat\/#website","url":"https:\/\/www.focus.cat\/","name":"Focus","description":"","publisher":{"@id":"https:\/\/www.focus.cat\/#organization"},"potentialAction":[{"@type":"SearchAction","target":{"@type":"EntryPoint","urlTemplate":"https:\/\/www.focus.cat\/?s={search_term_string}"},"query-input":{"@type":"PropertyValueSpecification","valueRequired":true,"valueName":"search_term_string"}}],"inLanguage":"ca"},{"@type":"Organization","@id":"https:\/\/www.focus.cat\/#organization","name":"Focus","url":"https:\/\/www.focus.cat\/","logo":{"@type":"ImageObject","inLanguage":"ca","@id":"https:\/\/www.focus.cat\/#\/schema\/logo\/image\/","url":"https:\/\/www.focus.cat\/wp-content\/uploads\/2022\/01\/logo-focus-any-35.svg","contentUrl":"https:\/\/www.focus.cat\/wp-content\/uploads\/2022\/01\/logo-focus-any-35.svg","width":1,"height":1,"caption":"Focus"},"image":{"@id":"https:\/\/www.focus.cat\/#\/schema\/logo\/image\/"}},{"@type":"Person","@id":"https:\/\/www.focus.cat\/#\/schema\/person\/45cbcf79c7b3047ca01818c50e607a32","name":"Brenda Becker","image":{"@type":"ImageObject","inLanguage":"ca","@id":"https:\/\/secure.gravatar.com\/avatar\/bf45b1ffca36f0e2b6cbeb689cead579b5275b1489889a25ac0e66115dfb28c7?s=96&d=mm&r=g","url":"https:\/\/secure.gravatar.com\/avatar\/bf45b1ffca36f0e2b6cbeb689cead579b5275b1489889a25ac0e66115dfb28c7?s=96&d=mm&r=g","contentUrl":"https:\/\/secure.gravatar.com\/avatar\/bf45b1ffca36f0e2b6cbeb689cead579b5275b1489889a25ac0e66115dfb28c7?s=96&d=mm&r=g","caption":"Brenda Becker"},"url":"https:\/\/www.focus.cat\/author\/brenda-becker\/"}]}},"_links":{"self":[{"href":"https:\/\/www.focus.cat\/wp-json\/wp\/v2\/posts\/21553","targetHints":{"allow":["GET"]}}],"collection":[{"href":"https:\/\/www.focus.cat\/wp-json\/wp\/v2\/posts"}],"about":[{"href":"https:\/\/www.focus.cat\/wp-json\/wp\/v2\/types\/post"}],"author":[{"embeddable":true,"href":"https:\/\/www.focus.cat\/wp-json\/wp\/v2\/users\/16"}],"replies":[{"embeddable":true,"href":"https:\/\/www.focus.cat\/wp-json\/wp\/v2\/comments?post=21553"}],"version-history":[{"count":0,"href":"https:\/\/www.focus.cat\/wp-json\/wp\/v2\/posts\/21553\/revisions"}],"wp:featuredmedia":[{"embeddable":true,"href":"https:\/\/www.focus.cat\/wp-json\/wp\/v2\/media\/21551"}],"wp:attachment":[{"href":"https:\/\/www.focus.cat\/wp-json\/wp\/v2\/media?parent=21553"}],"wp:term":[{"taxonomy":"category","embeddable":true,"href":"https:\/\/www.focus.cat\/wp-json\/wp\/v2\/categories?post=21553"}],"curies":[{"name":"wp","href":"https:\/\/api.w.org\/{rel}","templated":true}]}}