{"id":22142,"date":"2025-03-31T15:21:54","date_gmt":"2025-03-31T15:21:54","guid":{"rendered":"https:\/\/www.focus.cat\/?p=22142"},"modified":"2025-03-31T15:21:54","modified_gmt":"2025-03-31T15:21:54","slug":"los-iconicos-blue-man-group-por-primera-vez-en-espana","status":"publish","type":"post","link":"https:\/\/www.focus.cat\/es\/los-iconicos-blue-man-group-por-primera-vez-en-espana\/","title":{"rendered":"Los ic\u00f3nicos Blue Man Group, por primera vez en Espa\u00f1a"},"content":{"rendered":"<p>Blue\u00a0Man\u00a0Group\u00a0llega a Espa\u00f1a por primera vez a partir del 20 de marzo de 2025. Este impactante y poderoso espect\u00e1culo, conocido por su tr\u00edo de artistas azules, que fue creado hace m\u00e1s de treinta a\u00f1os, llega a Gran Canaria (bajo la Gran Carpa instalada junto a ExpoMeloneras) con su explosiva combinaci\u00f3n de arte, m\u00fasica, comedia y tecnolog\u00eda de \u00faltima generaci\u00f3n en la que el p\u00fablico es parte del espect\u00e1culo.<\/p>\n<p>Humor, energ\u00eda arrolladora, ritmo explosivo, m\u00fasica y mucho mucho azul\u2026 Las actuaciones de\u00a0Blue\u00a0Man\u00a0Group\u00a0son celebraciones euf\u00f3ricas de la conexi\u00f3n humana. El p\u00fablico se emociona con el tr\u00edo de artistas azules y con la idea de compartir juntos, sin barreras ling\u00fc\u00edsticas, esta experiencia multisensorial totalmente \u00fanica, que desde su debut en 1991 ha sido visto por m\u00e1s de 50 millones de espectadores.<\/p>\n<p><strong><img decoding=\"async\" class=\"size-large wp-image-22140 aligncenter\" src=\"https:\/\/www.focus.cat\/wp-content\/uploads\/2025\/03\/9377_BMG9940-1124x749.jpg\" alt=\"\" width=\"1024\" height=\"682\" srcset=\"https:\/\/www.focus.cat\/wp-content\/uploads\/2025\/03\/9377_BMG9940-1124x749.jpg 1124w, https:\/\/www.focus.cat\/wp-content\/uploads\/2025\/03\/9377_BMG9940-300x200.jpg 300w, https:\/\/www.focus.cat\/wp-content\/uploads\/2025\/03\/9377_BMG9940-150x100.jpg 150w, https:\/\/www.focus.cat\/wp-content\/uploads\/2025\/03\/9377_BMG9940-800x533.jpg 800w, https:\/\/www.focus.cat\/wp-content\/uploads\/2025\/03\/9377_BMG9940.jpg 1500w\" sizes=\"(max-width: 1024px) 100vw, 1024px\" \/><\/strong><\/p>\n","protected":false},"excerpt":{"rendered":"<p>Blue\u00a0Man\u00a0Group\u00a0llega a Espa\u00f1a por primera vez a partir del 20 de marzo de 2025. Este impactante y poderoso espect\u00e1culo, conocido por su tr\u00edo de artistas azules, que fue creado hace m\u00e1s de treinta a\u00f1os, llega a Gran Canaria (bajo la Gran Carpa instalada junto a ExpoMeloneras) con su explosiva combinaci\u00f3n de arte, m\u00fasica, comedia y<a class=\"excerpt-read-more\" href=\"https:\/\/www.focus.cat\/es\/los-iconicos-blue-man-group-por-primera-vez-en-espana\/\" title=\"LlegeixLos ic\u00f3nicos Blue Man Group, por primera vez en Espa\u00f1a\"> &#8230; Llegeix m\u00e9s<\/a><\/p>\n","protected":false},"author":16,"featured_media":22140,"comment_status":"closed","ping_status":"closed","sticky":false,"template":"","format":"standard","meta":{"_acf_changed":false,"inline_featured_image":false,"footnotes":""},"categories":[4],"class_list":["post-22142","post","type-post","status-publish","format-standard","has-post-thumbnail","hentry","category-noticias"],"acf":[],"yoast_head":"<!-- This site is optimized with the Yoast SEO plugin v27.5 - https:\/\/yoast.com\/product\/yoast-seo-wordpress\/ -->\n<title>Los ic\u00f3nicos Blue Man Group, por primera vez en Espa\u00f1a - Focus<\/title>\n<meta name=\"robots\" content=\"index, follow, max-snippet:-1, max-image-preview:large, max-video-preview:-1\" \/>\n<link rel=\"canonical\" href=\"https:\/\/www.focus.cat\/los-iconicos-blue-man-group-por-primera-vez-en-espana\/\" \/>\n<meta property=\"og:locale\" content=\"ca_ES\" \/>\n<meta property=\"og:type\" content=\"article\" \/>\n<meta property=\"og:title\" content=\"Los ic\u00f3nicos Blue Man Group, por primera vez en Espa\u00f1a - Focus\" \/>\n<meta property=\"og:description\" content=\"Blue\u00a0Man\u00a0Group\u00a0llega a Espa\u00f1a por primera vez a partir del 20 de marzo de 2025. Este impactante y poderoso espect\u00e1culo, conocido por su tr\u00edo de artistas azules, que fue creado hace m\u00e1s de treinta a\u00f1os, llega a Gran Canaria (bajo la Gran Carpa instalada junto a ExpoMeloneras) con su explosiva combinaci\u00f3n de arte, m\u00fasica, comedia y ... Llegeix m\u00e9s\" \/>\n<meta property=\"og:url\" content=\"https:\/\/www.focus.cat\/es\/los-iconicos-blue-man-group-por-primera-vez-en-espana\/\" \/>\n<meta property=\"og:site_name\" content=\"Focus\" \/>\n<meta property=\"article:published_time\" content=\"2025-03-31T15:21:54+00:00\" \/>\n<meta property=\"og:image\" content=\"https:\/\/www.focus.cat\/wp-content\/uploads\/2025\/03\/9377_BMG9940.jpg\" \/>\n\t<meta property=\"og:image:width\" content=\"1500\" \/>\n\t<meta property=\"og:image:height\" content=\"1000\" \/>\n\t<meta property=\"og:image:type\" content=\"image\/jpeg\" \/>\n<meta name=\"author\" content=\"Brenda Becker\" \/>\n<meta name=\"twitter:card\" content=\"summary_large_image\" \/>\n<script type=\"application\/ld+json\" class=\"yoast-schema-graph\">{\"@context\":\"https:\\\/\\\/schema.org\",\"@graph\":[{\"@type\":\"Article\",\"@id\":\"https:\\\/\\\/www.focus.cat\\\/es\\\/los-iconicos-blue-man-group-por-primera-vez-en-espana\\\/#article\",\"isPartOf\":{\"@id\":\"https:\\\/\\\/www.focus.cat\\\/es\\\/los-iconicos-blue-man-group-por-primera-vez-en-espana\\\/\"},\"author\":{\"name\":\"Brenda Becker\",\"@id\":\"https:\\\/\\\/www.focus.cat\\\/#\\\/schema\\\/person\\\/45cbcf79c7b3047ca01818c50e607a32\"},\"headline\":\"Los ic\u00f3nicos Blue Man Group, por primera vez en Espa\u00f1a\",\"datePublished\":\"2025-03-31T15:21:54+00:00\",\"mainEntityOfPage\":{\"@id\":\"https:\\\/\\\/www.focus.cat\\\/es\\\/los-iconicos-blue-man-group-por-primera-vez-en-espana\\\/\"},\"wordCount\":162,\"publisher\":{\"@id\":\"https:\\\/\\\/www.focus.cat\\\/#organization\"},\"image\":{\"@id\":\"https:\\\/\\\/www.focus.cat\\\/es\\\/los-iconicos-blue-man-group-por-primera-vez-en-espana\\\/#primaryimage\"},\"thumbnailUrl\":\"https:\\\/\\\/www.focus.cat\\\/wp-content\\\/uploads\\\/2025\\\/03\\\/9377_BMG9940.jpg\",\"articleSection\":[\"Noticias\"],\"inLanguage\":\"ca\"},{\"@type\":\"WebPage\",\"@id\":\"https:\\\/\\\/www.focus.cat\\\/es\\\/los-iconicos-blue-man-group-por-primera-vez-en-espana\\\/\",\"url\":\"https:\\\/\\\/www.focus.cat\\\/es\\\/los-iconicos-blue-man-group-por-primera-vez-en-espana\\\/\",\"name\":\"Los ic\u00f3nicos Blue Man Group, por primera vez en Espa\u00f1a - Focus\",\"isPartOf\":{\"@id\":\"https:\\\/\\\/www.focus.cat\\\/#website\"},\"primaryImageOfPage\":{\"@id\":\"https:\\\/\\\/www.focus.cat\\\/es\\\/los-iconicos-blue-man-group-por-primera-vez-en-espana\\\/#primaryimage\"},\"image\":{\"@id\":\"https:\\\/\\\/www.focus.cat\\\/es\\\/los-iconicos-blue-man-group-por-primera-vez-en-espana\\\/#primaryimage\"},\"thumbnailUrl\":\"https:\\\/\\\/www.focus.cat\\\/wp-content\\\/uploads\\\/2025\\\/03\\\/9377_BMG9940.jpg\",\"datePublished\":\"2025-03-31T15:21:54+00:00\",\"inLanguage\":\"ca\",\"potentialAction\":[{\"@type\":\"ReadAction\",\"target\":[\"https:\\\/\\\/www.focus.cat\\\/es\\\/los-iconicos-blue-man-group-por-primera-vez-en-espana\\\/\"]}]},{\"@type\":\"ImageObject\",\"inLanguage\":\"ca\",\"@id\":\"https:\\\/\\\/www.focus.cat\\\/es\\\/los-iconicos-blue-man-group-por-primera-vez-en-espana\\\/#primaryimage\",\"url\":\"https:\\\/\\\/www.focus.cat\\\/wp-content\\\/uploads\\\/2025\\\/03\\\/9377_BMG9940.jpg\",\"contentUrl\":\"https:\\\/\\\/www.focus.cat\\\/wp-content\\\/uploads\\\/2025\\\/03\\\/9377_BMG9940.jpg\",\"width\":1500,\"height\":1000},{\"@type\":\"WebSite\",\"@id\":\"https:\\\/\\\/www.focus.cat\\\/#website\",\"url\":\"https:\\\/\\\/www.focus.cat\\\/\",\"name\":\"Focus\",\"description\":\"\",\"publisher\":{\"@id\":\"https:\\\/\\\/www.focus.cat\\\/#organization\"},\"potentialAction\":[{\"@type\":\"SearchAction\",\"target\":{\"@type\":\"EntryPoint\",\"urlTemplate\":\"https:\\\/\\\/www.focus.cat\\\/?s={search_term_string}\"},\"query-input\":{\"@type\":\"PropertyValueSpecification\",\"valueRequired\":true,\"valueName\":\"search_term_string\"}}],\"inLanguage\":\"ca\"},{\"@type\":\"Organization\",\"@id\":\"https:\\\/\\\/www.focus.cat\\\/#organization\",\"name\":\"Focus\",\"url\":\"https:\\\/\\\/www.focus.cat\\\/\",\"logo\":{\"@type\":\"ImageObject\",\"inLanguage\":\"ca\",\"@id\":\"https:\\\/\\\/www.focus.cat\\\/#\\\/schema\\\/logo\\\/image\\\/\",\"url\":\"https:\\\/\\\/www.focus.cat\\\/wp-content\\\/uploads\\\/2022\\\/01\\\/logo-focus-any-35.svg\",\"contentUrl\":\"https:\\\/\\\/www.focus.cat\\\/wp-content\\\/uploads\\\/2022\\\/01\\\/logo-focus-any-35.svg\",\"width\":1,\"height\":1,\"caption\":\"Focus\"},\"image\":{\"@id\":\"https:\\\/\\\/www.focus.cat\\\/#\\\/schema\\\/logo\\\/image\\\/\"}},{\"@type\":\"Person\",\"@id\":\"https:\\\/\\\/www.focus.cat\\\/#\\\/schema\\\/person\\\/45cbcf79c7b3047ca01818c50e607a32\",\"name\":\"Brenda Becker\",\"image\":{\"@type\":\"ImageObject\",\"inLanguage\":\"ca\",\"@id\":\"https:\\\/\\\/secure.gravatar.com\\\/avatar\\\/bf45b1ffca36f0e2b6cbeb689cead579b5275b1489889a25ac0e66115dfb28c7?s=96&d=mm&r=g\",\"url\":\"https:\\\/\\\/secure.gravatar.com\\\/avatar\\\/bf45b1ffca36f0e2b6cbeb689cead579b5275b1489889a25ac0e66115dfb28c7?s=96&d=mm&r=g\",\"contentUrl\":\"https:\\\/\\\/secure.gravatar.com\\\/avatar\\\/bf45b1ffca36f0e2b6cbeb689cead579b5275b1489889a25ac0e66115dfb28c7?s=96&d=mm&r=g\",\"caption\":\"Brenda Becker\"},\"url\":\"https:\\\/\\\/www.focus.cat\\\/author\\\/brenda-becker\\\/\"}]}<\/script>\n<!-- \/ Yoast SEO plugin. -->","yoast_head_json":{"title":"Los ic\u00f3nicos Blue Man Group, por primera vez en Espa\u00f1a - Focus","robots":{"index":"index","follow":"follow","max-snippet":"max-snippet:-1","max-image-preview":"max-image-preview:large","max-video-preview":"max-video-preview:-1"},"canonical":"https:\/\/www.focus.cat\/los-iconicos-blue-man-group-por-primera-vez-en-espana\/","og_locale":"ca_ES","og_type":"article","og_title":"Los ic\u00f3nicos Blue Man Group, por primera vez en Espa\u00f1a - Focus","og_description":"Blue\u00a0Man\u00a0Group\u00a0llega a Espa\u00f1a por primera vez a partir del 20 de marzo de 2025. Este impactante y poderoso espect\u00e1culo, conocido por su tr\u00edo de artistas azules, que fue creado hace m\u00e1s de treinta a\u00f1os, llega a Gran Canaria (bajo la Gran Carpa instalada junto a ExpoMeloneras) con su explosiva combinaci\u00f3n de arte, m\u00fasica, comedia y ... Llegeix m\u00e9s","og_url":"https:\/\/www.focus.cat\/es\/los-iconicos-blue-man-group-por-primera-vez-en-espana\/","og_site_name":"Focus","article_published_time":"2025-03-31T15:21:54+00:00","og_image":[{"width":1500,"height":1000,"url":"https:\/\/www.focus.cat\/wp-content\/uploads\/2025\/03\/9377_BMG9940.jpg","type":"image\/jpeg"}],"author":"Brenda Becker","twitter_card":"summary_large_image","schema":{"@context":"https:\/\/schema.org","@graph":[{"@type":"Article","@id":"https:\/\/www.focus.cat\/es\/los-iconicos-blue-man-group-por-primera-vez-en-espana\/#article","isPartOf":{"@id":"https:\/\/www.focus.cat\/es\/los-iconicos-blue-man-group-por-primera-vez-en-espana\/"},"author":{"name":"Brenda Becker","@id":"https:\/\/www.focus.cat\/#\/schema\/person\/45cbcf79c7b3047ca01818c50e607a32"},"headline":"Los ic\u00f3nicos Blue Man Group, por primera vez en Espa\u00f1a","datePublished":"2025-03-31T15:21:54+00:00","mainEntityOfPage":{"@id":"https:\/\/www.focus.cat\/es\/los-iconicos-blue-man-group-por-primera-vez-en-espana\/"},"wordCount":162,"publisher":{"@id":"https:\/\/www.focus.cat\/#organization"},"image":{"@id":"https:\/\/www.focus.cat\/es\/los-iconicos-blue-man-group-por-primera-vez-en-espana\/#primaryimage"},"thumbnailUrl":"https:\/\/www.focus.cat\/wp-content\/uploads\/2025\/03\/9377_BMG9940.jpg","articleSection":["Noticias"],"inLanguage":"ca"},{"@type":"WebPage","@id":"https:\/\/www.focus.cat\/es\/los-iconicos-blue-man-group-por-primera-vez-en-espana\/","url":"https:\/\/www.focus.cat\/es\/los-iconicos-blue-man-group-por-primera-vez-en-espana\/","name":"Los ic\u00f3nicos Blue Man Group, por primera vez en Espa\u00f1a - Focus","isPartOf":{"@id":"https:\/\/www.focus.cat\/#website"},"primaryImageOfPage":{"@id":"https:\/\/www.focus.cat\/es\/los-iconicos-blue-man-group-por-primera-vez-en-espana\/#primaryimage"},"image":{"@id":"https:\/\/www.focus.cat\/es\/los-iconicos-blue-man-group-por-primera-vez-en-espana\/#primaryimage"},"thumbnailUrl":"https:\/\/www.focus.cat\/wp-content\/uploads\/2025\/03\/9377_BMG9940.jpg","datePublished":"2025-03-31T15:21:54+00:00","inLanguage":"ca","potentialAction":[{"@type":"ReadAction","target":["https:\/\/www.focus.cat\/es\/los-iconicos-blue-man-group-por-primera-vez-en-espana\/"]}]},{"@type":"ImageObject","inLanguage":"ca","@id":"https:\/\/www.focus.cat\/es\/los-iconicos-blue-man-group-por-primera-vez-en-espana\/#primaryimage","url":"https:\/\/www.focus.cat\/wp-content\/uploads\/2025\/03\/9377_BMG9940.jpg","contentUrl":"https:\/\/www.focus.cat\/wp-content\/uploads\/2025\/03\/9377_BMG9940.jpg","width":1500,"height":1000},{"@type":"WebSite","@id":"https:\/\/www.focus.cat\/#website","url":"https:\/\/www.focus.cat\/","name":"Focus","description":"","publisher":{"@id":"https:\/\/www.focus.cat\/#organization"},"potentialAction":[{"@type":"SearchAction","target":{"@type":"EntryPoint","urlTemplate":"https:\/\/www.focus.cat\/?s={search_term_string}"},"query-input":{"@type":"PropertyValueSpecification","valueRequired":true,"valueName":"search_term_string"}}],"inLanguage":"ca"},{"@type":"Organization","@id":"https:\/\/www.focus.cat\/#organization","name":"Focus","url":"https:\/\/www.focus.cat\/","logo":{"@type":"ImageObject","inLanguage":"ca","@id":"https:\/\/www.focus.cat\/#\/schema\/logo\/image\/","url":"https:\/\/www.focus.cat\/wp-content\/uploads\/2022\/01\/logo-focus-any-35.svg","contentUrl":"https:\/\/www.focus.cat\/wp-content\/uploads\/2022\/01\/logo-focus-any-35.svg","width":1,"height":1,"caption":"Focus"},"image":{"@id":"https:\/\/www.focus.cat\/#\/schema\/logo\/image\/"}},{"@type":"Person","@id":"https:\/\/www.focus.cat\/#\/schema\/person\/45cbcf79c7b3047ca01818c50e607a32","name":"Brenda Becker","image":{"@type":"ImageObject","inLanguage":"ca","@id":"https:\/\/secure.gravatar.com\/avatar\/bf45b1ffca36f0e2b6cbeb689cead579b5275b1489889a25ac0e66115dfb28c7?s=96&d=mm&r=g","url":"https:\/\/secure.gravatar.com\/avatar\/bf45b1ffca36f0e2b6cbeb689cead579b5275b1489889a25ac0e66115dfb28c7?s=96&d=mm&r=g","contentUrl":"https:\/\/secure.gravatar.com\/avatar\/bf45b1ffca36f0e2b6cbeb689cead579b5275b1489889a25ac0e66115dfb28c7?s=96&d=mm&r=g","caption":"Brenda Becker"},"url":"https:\/\/www.focus.cat\/author\/brenda-becker\/"}]}},"_links":{"self":[{"href":"https:\/\/www.focus.cat\/wp-json\/wp\/v2\/posts\/22142","targetHints":{"allow":["GET"]}}],"collection":[{"href":"https:\/\/www.focus.cat\/wp-json\/wp\/v2\/posts"}],"about":[{"href":"https:\/\/www.focus.cat\/wp-json\/wp\/v2\/types\/post"}],"author":[{"embeddable":true,"href":"https:\/\/www.focus.cat\/wp-json\/wp\/v2\/users\/16"}],"replies":[{"embeddable":true,"href":"https:\/\/www.focus.cat\/wp-json\/wp\/v2\/comments?post=22142"}],"version-history":[{"count":0,"href":"https:\/\/www.focus.cat\/wp-json\/wp\/v2\/posts\/22142\/revisions"}],"wp:featuredmedia":[{"embeddable":true,"href":"https:\/\/www.focus.cat\/wp-json\/wp\/v2\/media\/22140"}],"wp:attachment":[{"href":"https:\/\/www.focus.cat\/wp-json\/wp\/v2\/media?parent=22142"}],"wp:term":[{"taxonomy":"category","embeddable":true,"href":"https:\/\/www.focus.cat\/wp-json\/wp\/v2\/categories?post=22142"}],"curies":[{"name":"wp","href":"https:\/\/api.w.org\/{rel}","templated":true}]}}