{"id":22636,"date":"2025-04-16T08:33:58","date_gmt":"2025-04-16T08:33:58","guid":{"rendered":"https:\/\/www.focus.cat\/?p=22636"},"modified":"2025-04-16T08:33:58","modified_gmt":"2025-04-16T08:33:58","slug":"el-exito-de-laponia-continua-en-el-teatre-condal","status":"publish","type":"post","link":"https:\/\/www.focus.cat\/es\/el-exito-de-laponia-continua-en-el-teatre-condal\/","title":{"rendered":"El \u00e9xito de Lap\u00f2nia contin\u00faa en el Teatre Condal"},"content":{"rendered":"<p><em>Lap\u00f2nia<\/em>, una de las obras de dramaturgia catalana m\u00e1s exitosas, sigue en cartel en el Teatre Condal.<br \/>\nEscrita por Cristina Clemente y Marc Angelet, y dirigida con precisi\u00f3n por Nelson Valente, <em>Lap\u00f2nia<\/em> cuenta con un reparto de lujo formado por M\u00edriam Iscla, David Bag\u00e9s, Anna Sahun y Albert Prat. La obra invita al espectador, a trav\u00e9s de un texto \u00e1gil y afilado, a reflexionar sobre los valores que transmitimos a los ni\u00f1os y las peque\u00f1as \u2014o grandes\u2014 mentiras que contamos para proteger aquello que consideramos importante.<\/p>\n<p>La noche de Navidad, dos familias se re\u00fanen en la Laponia finlandesa. Lo que deber\u00eda ser un encuentro pl\u00e1cido se convierte en un choque cultural y emocional cuando un ni\u00f1o descubre que quiz\u00e1s\u2026 Pap\u00e1 Noel no existe. A partir de ah\u00ed, se desencadena un debate hilarante sobre la verdad, la mentira, las diferencias en la crianza y las tensiones entre padres, madres y cu\u00f1ados.<\/p>\n<p>Con m\u00e1s de 300.000 espectadores desde su estreno en 2018, <em>Lap\u00f2nia<\/em> ha contado con m\u00e1s de veinte producciones distintas y actualmente puede verse en siete pa\u00edses diferentes.<\/p>\n<p>&nbsp;<\/p>\n<p><img decoding=\"async\" class=\"size-large wp-image-22626 aligncenter\" src=\"https:\/\/www.focus.cat\/wp-content\/uploads\/2025\/04\/LAPONIA_c_DavidRuano-15-1124x750.jpg\" alt=\"\" width=\"1024\" height=\"683\" srcset=\"https:\/\/www.focus.cat\/wp-content\/uploads\/2025\/04\/LAPONIA_c_DavidRuano-15-1124x750.jpg 1124w, https:\/\/www.focus.cat\/wp-content\/uploads\/2025\/04\/LAPONIA_c_DavidRuano-15-300x200.jpg 300w, https:\/\/www.focus.cat\/wp-content\/uploads\/2025\/04\/LAPONIA_c_DavidRuano-15-150x100.jpg 150w, https:\/\/www.focus.cat\/wp-content\/uploads\/2025\/04\/LAPONIA_c_DavidRuano-15-800x534.jpg 800w, https:\/\/www.focus.cat\/wp-content\/uploads\/2025\/04\/LAPONIA_c_DavidRuano-15-1536x1025.jpg 1536w, https:\/\/www.focus.cat\/wp-content\/uploads\/2025\/04\/LAPONIA_c_DavidRuano-15-2048x1366.jpg 2048w, https:\/\/www.focus.cat\/wp-content\/uploads\/2025\/04\/LAPONIA_c_DavidRuano-15-1500x1001.jpg 1500w\" sizes=\"(max-width: 1024px) 100vw, 1024px\" \/><\/p>\n","protected":false},"excerpt":{"rendered":"<p>Lap\u00f2nia, una de las obras de dramaturgia catalana m\u00e1s exitosas, sigue en cartel en el Teatre Condal. Escrita por Cristina Clemente y Marc Angelet, y dirigida con precisi\u00f3n por Nelson Valente, Lap\u00f2nia cuenta con un reparto de lujo formado por M\u00edriam Iscla, David Bag\u00e9s, Anna Sahun y Albert Prat. La obra invita al espectador, a<a class=\"excerpt-read-more\" href=\"https:\/\/www.focus.cat\/es\/el-exito-de-laponia-continua-en-el-teatre-condal\/\" title=\"LlegeixEl \u00e9xito de Lap\u00f2nia contin\u00faa en el Teatre Condal\"> &#8230; Llegeix m\u00e9s<\/a><\/p>\n","protected":false},"author":16,"featured_media":22626,"comment_status":"closed","ping_status":"closed","sticky":false,"template":"","format":"standard","meta":{"_acf_changed":false,"inline_featured_image":false,"footnotes":""},"categories":[4],"class_list":["post-22636","post","type-post","status-publish","format-standard","has-post-thumbnail","hentry","category-noticias"],"acf":[],"yoast_head":"<!-- This site is optimized with the Yoast SEO plugin v27.5 - https:\/\/yoast.com\/product\/yoast-seo-wordpress\/ -->\n<title>El \u00e9xito de Lap\u00f2nia contin\u00faa en el Teatre Condal - Focus<\/title>\n<meta name=\"robots\" content=\"index, follow, max-snippet:-1, max-image-preview:large, max-video-preview:-1\" \/>\n<link rel=\"canonical\" href=\"https:\/\/www.focus.cat\/el-exito-de-laponia-continua-en-el-teatre-condal\/\" \/>\n<meta property=\"og:locale\" content=\"ca_ES\" \/>\n<meta property=\"og:type\" content=\"article\" \/>\n<meta property=\"og:title\" content=\"El \u00e9xito de Lap\u00f2nia contin\u00faa en el Teatre Condal - Focus\" \/>\n<meta property=\"og:description\" content=\"Lap\u00f2nia, una de las obras de dramaturgia catalana m\u00e1s exitosas, sigue en cartel en el Teatre Condal. Escrita por Cristina Clemente y Marc Angelet, y dirigida con precisi\u00f3n por Nelson Valente, Lap\u00f2nia cuenta con un reparto de lujo formado por M\u00edriam Iscla, David Bag\u00e9s, Anna Sahun y Albert Prat. La obra invita al espectador, a ... Llegeix m\u00e9s\" \/>\n<meta property=\"og:url\" content=\"https:\/\/www.focus.cat\/es\/el-exito-de-laponia-continua-en-el-teatre-condal\/\" \/>\n<meta property=\"og:site_name\" content=\"Focus\" \/>\n<meta property=\"article:published_time\" content=\"2025-04-16T08:33:58+00:00\" \/>\n<meta property=\"og:image\" content=\"https:\/\/www.focus.cat\/wp-content\/uploads\/2025\/04\/LAPONIA_c_DavidRuano-15-scaled.jpg\" \/>\n\t<meta property=\"og:image:width\" content=\"2560\" \/>\n\t<meta property=\"og:image:height\" content=\"1708\" \/>\n\t<meta property=\"og:image:type\" content=\"image\/jpeg\" \/>\n<meta name=\"author\" content=\"Brenda Becker\" \/>\n<meta name=\"twitter:card\" content=\"summary_large_image\" \/>\n<script type=\"application\/ld+json\" class=\"yoast-schema-graph\">{\"@context\":\"https:\\\/\\\/schema.org\",\"@graph\":[{\"@type\":\"Article\",\"@id\":\"https:\\\/\\\/www.focus.cat\\\/es\\\/el-exito-de-laponia-continua-en-el-teatre-condal\\\/#article\",\"isPartOf\":{\"@id\":\"https:\\\/\\\/www.focus.cat\\\/es\\\/el-exito-de-laponia-continua-en-el-teatre-condal\\\/\"},\"author\":{\"name\":\"Brenda Becker\",\"@id\":\"https:\\\/\\\/www.focus.cat\\\/#\\\/schema\\\/person\\\/45cbcf79c7b3047ca01818c50e607a32\"},\"headline\":\"El \u00e9xito de Lap\u00f2nia contin\u00faa en el Teatre Condal\",\"datePublished\":\"2025-04-16T08:33:58+00:00\",\"mainEntityOfPage\":{\"@id\":\"https:\\\/\\\/www.focus.cat\\\/es\\\/el-exito-de-laponia-continua-en-el-teatre-condal\\\/\"},\"wordCount\":206,\"publisher\":{\"@id\":\"https:\\\/\\\/www.focus.cat\\\/#organization\"},\"image\":{\"@id\":\"https:\\\/\\\/www.focus.cat\\\/es\\\/el-exito-de-laponia-continua-en-el-teatre-condal\\\/#primaryimage\"},\"thumbnailUrl\":\"https:\\\/\\\/www.focus.cat\\\/wp-content\\\/uploads\\\/2025\\\/04\\\/LAPONIA_c_DavidRuano-15-scaled.jpg\",\"articleSection\":[\"Noticias\"],\"inLanguage\":\"ca\"},{\"@type\":\"WebPage\",\"@id\":\"https:\\\/\\\/www.focus.cat\\\/es\\\/el-exito-de-laponia-continua-en-el-teatre-condal\\\/\",\"url\":\"https:\\\/\\\/www.focus.cat\\\/es\\\/el-exito-de-laponia-continua-en-el-teatre-condal\\\/\",\"name\":\"El \u00e9xito de Lap\u00f2nia contin\u00faa en el Teatre Condal - Focus\",\"isPartOf\":{\"@id\":\"https:\\\/\\\/www.focus.cat\\\/#website\"},\"primaryImageOfPage\":{\"@id\":\"https:\\\/\\\/www.focus.cat\\\/es\\\/el-exito-de-laponia-continua-en-el-teatre-condal\\\/#primaryimage\"},\"image\":{\"@id\":\"https:\\\/\\\/www.focus.cat\\\/es\\\/el-exito-de-laponia-continua-en-el-teatre-condal\\\/#primaryimage\"},\"thumbnailUrl\":\"https:\\\/\\\/www.focus.cat\\\/wp-content\\\/uploads\\\/2025\\\/04\\\/LAPONIA_c_DavidRuano-15-scaled.jpg\",\"datePublished\":\"2025-04-16T08:33:58+00:00\",\"inLanguage\":\"ca\",\"potentialAction\":[{\"@type\":\"ReadAction\",\"target\":[\"https:\\\/\\\/www.focus.cat\\\/es\\\/el-exito-de-laponia-continua-en-el-teatre-condal\\\/\"]}]},{\"@type\":\"ImageObject\",\"inLanguage\":\"ca\",\"@id\":\"https:\\\/\\\/www.focus.cat\\\/es\\\/el-exito-de-laponia-continua-en-el-teatre-condal\\\/#primaryimage\",\"url\":\"https:\\\/\\\/www.focus.cat\\\/wp-content\\\/uploads\\\/2025\\\/04\\\/LAPONIA_c_DavidRuano-15-scaled.jpg\",\"contentUrl\":\"https:\\\/\\\/www.focus.cat\\\/wp-content\\\/uploads\\\/2025\\\/04\\\/LAPONIA_c_DavidRuano-15-scaled.jpg\",\"width\":2560,\"height\":1708},{\"@type\":\"WebSite\",\"@id\":\"https:\\\/\\\/www.focus.cat\\\/#website\",\"url\":\"https:\\\/\\\/www.focus.cat\\\/\",\"name\":\"Focus\",\"description\":\"\",\"publisher\":{\"@id\":\"https:\\\/\\\/www.focus.cat\\\/#organization\"},\"potentialAction\":[{\"@type\":\"SearchAction\",\"target\":{\"@type\":\"EntryPoint\",\"urlTemplate\":\"https:\\\/\\\/www.focus.cat\\\/?s={search_term_string}\"},\"query-input\":{\"@type\":\"PropertyValueSpecification\",\"valueRequired\":true,\"valueName\":\"search_term_string\"}}],\"inLanguage\":\"ca\"},{\"@type\":\"Organization\",\"@id\":\"https:\\\/\\\/www.focus.cat\\\/#organization\",\"name\":\"Focus\",\"url\":\"https:\\\/\\\/www.focus.cat\\\/\",\"logo\":{\"@type\":\"ImageObject\",\"inLanguage\":\"ca\",\"@id\":\"https:\\\/\\\/www.focus.cat\\\/#\\\/schema\\\/logo\\\/image\\\/\",\"url\":\"https:\\\/\\\/www.focus.cat\\\/wp-content\\\/uploads\\\/2022\\\/01\\\/logo-focus-any-35.svg\",\"contentUrl\":\"https:\\\/\\\/www.focus.cat\\\/wp-content\\\/uploads\\\/2022\\\/01\\\/logo-focus-any-35.svg\",\"width\":1,\"height\":1,\"caption\":\"Focus\"},\"image\":{\"@id\":\"https:\\\/\\\/www.focus.cat\\\/#\\\/schema\\\/logo\\\/image\\\/\"}},{\"@type\":\"Person\",\"@id\":\"https:\\\/\\\/www.focus.cat\\\/#\\\/schema\\\/person\\\/45cbcf79c7b3047ca01818c50e607a32\",\"name\":\"Brenda Becker\",\"image\":{\"@type\":\"ImageObject\",\"inLanguage\":\"ca\",\"@id\":\"https:\\\/\\\/secure.gravatar.com\\\/avatar\\\/bf45b1ffca36f0e2b6cbeb689cead579b5275b1489889a25ac0e66115dfb28c7?s=96&d=mm&r=g\",\"url\":\"https:\\\/\\\/secure.gravatar.com\\\/avatar\\\/bf45b1ffca36f0e2b6cbeb689cead579b5275b1489889a25ac0e66115dfb28c7?s=96&d=mm&r=g\",\"contentUrl\":\"https:\\\/\\\/secure.gravatar.com\\\/avatar\\\/bf45b1ffca36f0e2b6cbeb689cead579b5275b1489889a25ac0e66115dfb28c7?s=96&d=mm&r=g\",\"caption\":\"Brenda Becker\"},\"url\":\"https:\\\/\\\/www.focus.cat\\\/author\\\/brenda-becker\\\/\"}]}<\/script>\n<!-- \/ Yoast SEO plugin. -->","yoast_head_json":{"title":"El \u00e9xito de Lap\u00f2nia contin\u00faa en el Teatre Condal - Focus","robots":{"index":"index","follow":"follow","max-snippet":"max-snippet:-1","max-image-preview":"max-image-preview:large","max-video-preview":"max-video-preview:-1"},"canonical":"https:\/\/www.focus.cat\/el-exito-de-laponia-continua-en-el-teatre-condal\/","og_locale":"ca_ES","og_type":"article","og_title":"El \u00e9xito de Lap\u00f2nia contin\u00faa en el Teatre Condal - Focus","og_description":"Lap\u00f2nia, una de las obras de dramaturgia catalana m\u00e1s exitosas, sigue en cartel en el Teatre Condal. Escrita por Cristina Clemente y Marc Angelet, y dirigida con precisi\u00f3n por Nelson Valente, Lap\u00f2nia cuenta con un reparto de lujo formado por M\u00edriam Iscla, David Bag\u00e9s, Anna Sahun y Albert Prat. La obra invita al espectador, a ... Llegeix m\u00e9s","og_url":"https:\/\/www.focus.cat\/es\/el-exito-de-laponia-continua-en-el-teatre-condal\/","og_site_name":"Focus","article_published_time":"2025-04-16T08:33:58+00:00","og_image":[{"width":2560,"height":1708,"url":"https:\/\/www.focus.cat\/wp-content\/uploads\/2025\/04\/LAPONIA_c_DavidRuano-15-scaled.jpg","type":"image\/jpeg"}],"author":"Brenda Becker","twitter_card":"summary_large_image","schema":{"@context":"https:\/\/schema.org","@graph":[{"@type":"Article","@id":"https:\/\/www.focus.cat\/es\/el-exito-de-laponia-continua-en-el-teatre-condal\/#article","isPartOf":{"@id":"https:\/\/www.focus.cat\/es\/el-exito-de-laponia-continua-en-el-teatre-condal\/"},"author":{"name":"Brenda Becker","@id":"https:\/\/www.focus.cat\/#\/schema\/person\/45cbcf79c7b3047ca01818c50e607a32"},"headline":"El \u00e9xito de Lap\u00f2nia contin\u00faa en el Teatre Condal","datePublished":"2025-04-16T08:33:58+00:00","mainEntityOfPage":{"@id":"https:\/\/www.focus.cat\/es\/el-exito-de-laponia-continua-en-el-teatre-condal\/"},"wordCount":206,"publisher":{"@id":"https:\/\/www.focus.cat\/#organization"},"image":{"@id":"https:\/\/www.focus.cat\/es\/el-exito-de-laponia-continua-en-el-teatre-condal\/#primaryimage"},"thumbnailUrl":"https:\/\/www.focus.cat\/wp-content\/uploads\/2025\/04\/LAPONIA_c_DavidRuano-15-scaled.jpg","articleSection":["Noticias"],"inLanguage":"ca"},{"@type":"WebPage","@id":"https:\/\/www.focus.cat\/es\/el-exito-de-laponia-continua-en-el-teatre-condal\/","url":"https:\/\/www.focus.cat\/es\/el-exito-de-laponia-continua-en-el-teatre-condal\/","name":"El \u00e9xito de Lap\u00f2nia contin\u00faa en el Teatre Condal - Focus","isPartOf":{"@id":"https:\/\/www.focus.cat\/#website"},"primaryImageOfPage":{"@id":"https:\/\/www.focus.cat\/es\/el-exito-de-laponia-continua-en-el-teatre-condal\/#primaryimage"},"image":{"@id":"https:\/\/www.focus.cat\/es\/el-exito-de-laponia-continua-en-el-teatre-condal\/#primaryimage"},"thumbnailUrl":"https:\/\/www.focus.cat\/wp-content\/uploads\/2025\/04\/LAPONIA_c_DavidRuano-15-scaled.jpg","datePublished":"2025-04-16T08:33:58+00:00","inLanguage":"ca","potentialAction":[{"@type":"ReadAction","target":["https:\/\/www.focus.cat\/es\/el-exito-de-laponia-continua-en-el-teatre-condal\/"]}]},{"@type":"ImageObject","inLanguage":"ca","@id":"https:\/\/www.focus.cat\/es\/el-exito-de-laponia-continua-en-el-teatre-condal\/#primaryimage","url":"https:\/\/www.focus.cat\/wp-content\/uploads\/2025\/04\/LAPONIA_c_DavidRuano-15-scaled.jpg","contentUrl":"https:\/\/www.focus.cat\/wp-content\/uploads\/2025\/04\/LAPONIA_c_DavidRuano-15-scaled.jpg","width":2560,"height":1708},{"@type":"WebSite","@id":"https:\/\/www.focus.cat\/#website","url":"https:\/\/www.focus.cat\/","name":"Focus","description":"","publisher":{"@id":"https:\/\/www.focus.cat\/#organization"},"potentialAction":[{"@type":"SearchAction","target":{"@type":"EntryPoint","urlTemplate":"https:\/\/www.focus.cat\/?s={search_term_string}"},"query-input":{"@type":"PropertyValueSpecification","valueRequired":true,"valueName":"search_term_string"}}],"inLanguage":"ca"},{"@type":"Organization","@id":"https:\/\/www.focus.cat\/#organization","name":"Focus","url":"https:\/\/www.focus.cat\/","logo":{"@type":"ImageObject","inLanguage":"ca","@id":"https:\/\/www.focus.cat\/#\/schema\/logo\/image\/","url":"https:\/\/www.focus.cat\/wp-content\/uploads\/2022\/01\/logo-focus-any-35.svg","contentUrl":"https:\/\/www.focus.cat\/wp-content\/uploads\/2022\/01\/logo-focus-any-35.svg","width":1,"height":1,"caption":"Focus"},"image":{"@id":"https:\/\/www.focus.cat\/#\/schema\/logo\/image\/"}},{"@type":"Person","@id":"https:\/\/www.focus.cat\/#\/schema\/person\/45cbcf79c7b3047ca01818c50e607a32","name":"Brenda Becker","image":{"@type":"ImageObject","inLanguage":"ca","@id":"https:\/\/secure.gravatar.com\/avatar\/bf45b1ffca36f0e2b6cbeb689cead579b5275b1489889a25ac0e66115dfb28c7?s=96&d=mm&r=g","url":"https:\/\/secure.gravatar.com\/avatar\/bf45b1ffca36f0e2b6cbeb689cead579b5275b1489889a25ac0e66115dfb28c7?s=96&d=mm&r=g","contentUrl":"https:\/\/secure.gravatar.com\/avatar\/bf45b1ffca36f0e2b6cbeb689cead579b5275b1489889a25ac0e66115dfb28c7?s=96&d=mm&r=g","caption":"Brenda Becker"},"url":"https:\/\/www.focus.cat\/author\/brenda-becker\/"}]}},"_links":{"self":[{"href":"https:\/\/www.focus.cat\/wp-json\/wp\/v2\/posts\/22636","targetHints":{"allow":["GET"]}}],"collection":[{"href":"https:\/\/www.focus.cat\/wp-json\/wp\/v2\/posts"}],"about":[{"href":"https:\/\/www.focus.cat\/wp-json\/wp\/v2\/types\/post"}],"author":[{"embeddable":true,"href":"https:\/\/www.focus.cat\/wp-json\/wp\/v2\/users\/16"}],"replies":[{"embeddable":true,"href":"https:\/\/www.focus.cat\/wp-json\/wp\/v2\/comments?post=22636"}],"version-history":[{"count":0,"href":"https:\/\/www.focus.cat\/wp-json\/wp\/v2\/posts\/22636\/revisions"}],"wp:featuredmedia":[{"embeddable":true,"href":"https:\/\/www.focus.cat\/wp-json\/wp\/v2\/media\/22626"}],"wp:attachment":[{"href":"https:\/\/www.focus.cat\/wp-json\/wp\/v2\/media?parent=22636"}],"wp:term":[{"taxonomy":"category","embeddable":true,"href":"https:\/\/www.focus.cat\/wp-json\/wp\/v2\/categories?post=22636"}],"curies":[{"name":"wp","href":"https:\/\/api.w.org\/{rel}","templated":true}]}}