{"id":22864,"date":"2025-05-14T08:36:52","date_gmt":"2025-05-14T08:36:52","guid":{"rendered":"https:\/\/www.focus.cat\/?p=22864"},"modified":"2025-05-14T08:36:52","modified_gmt":"2025-05-14T08:36:52","slug":"las-entradas-para-kurios-de-cirque-du-soleil-en-bilbao-ya-a-la-venta","status":"publish","type":"post","link":"https:\/\/www.focus.cat\/es\/las-entradas-para-kurios-de-cirque-du-soleil-en-bilbao-ya-a-la-venta\/","title":{"rendered":"Las entradas para Kurios, de Cirque du Soleil, en Bilbao, ya a la venta"},"content":{"rendered":"<p>Ya est\u00e1n a la venta las entradas para el espect\u00e1culo <em>KURIOS \u2013 Gabinete de curiosidades<\/em>, que se presentar\u00e1 en Bilbao del 8 de abril al 3 de mayo de 2026.<\/p>\n<p><em>Kurios<\/em> est\u00e1 ambientado en una \u00e9poca que recuerda la est\u00e9tica steampunk del siglo XIX. El espect\u00e1culo transportar\u00e1 al p\u00fablico al universo de un inventor exc\u00e9ntrico, su laboratorio y sus m\u00e1quinas extraordinarias. En este mundo de ensue\u00f1o, el concepto de realidad se distorsiona, y lo imposible se convierte en posible. Cada escena, repleta de acrobacias imposibles y coreograf\u00edas exquisitas, explora el potencial infinito de la imaginaci\u00f3n humana.<\/p>\n<p>Desde su estreno, <em>Kurios<\/em> ha recibido elogios del p\u00fablico y la cr\u00edtica, que lo consideran uno de los espect\u00e1culos m\u00e1s creativos y revolucionarios de la historia del Cirque du Soleil. Una celebraci\u00f3n de la curiosidad, la inventiva y la capacidad humana de superar cualquier l\u00edmite.<\/p>\n<p>&nbsp;<\/p>\n<p><img decoding=\"async\" class=\"size-large wp-image-22860 aligncenter\" src=\"https:\/\/www.focus.cat\/wp-content\/uploads\/2025\/05\/HORITZONTAL-WEB-FOCUS-1-2-1124x632.jpg\" alt=\"\" width=\"1024\" height=\"576\" srcset=\"https:\/\/www.focus.cat\/wp-content\/uploads\/2025\/05\/HORITZONTAL-WEB-FOCUS-1-2-1124x632.jpg 1124w, https:\/\/www.focus.cat\/wp-content\/uploads\/2025\/05\/HORITZONTAL-WEB-FOCUS-1-2-300x169.jpg 300w, https:\/\/www.focus.cat\/wp-content\/uploads\/2025\/05\/HORITZONTAL-WEB-FOCUS-1-2-150x84.jpg 150w, https:\/\/www.focus.cat\/wp-content\/uploads\/2025\/05\/HORITZONTAL-WEB-FOCUS-1-2-800x450.jpg 800w, https:\/\/www.focus.cat\/wp-content\/uploads\/2025\/05\/HORITZONTAL-WEB-FOCUS-1-2-1536x864.jpg 1536w, https:\/\/www.focus.cat\/wp-content\/uploads\/2025\/05\/HORITZONTAL-WEB-FOCUS-1-2-1500x844.jpg 1500w, https:\/\/www.focus.cat\/wp-content\/uploads\/2025\/05\/HORITZONTAL-WEB-FOCUS-1-2.jpg 1600w\" sizes=\"(max-width: 1024px) 100vw, 1024px\" \/><\/p>\n","protected":false},"excerpt":{"rendered":"<p>Ya est\u00e1n a la venta las entradas para el espect\u00e1culo KURIOS \u2013 Gabinete de curiosidades, que se presentar\u00e1 en Bilbao del 8 de abril al 3 de mayo de 2026. Kurios est\u00e1 ambientado en una \u00e9poca que recuerda la est\u00e9tica steampunk del siglo XIX. El espect\u00e1culo transportar\u00e1 al p\u00fablico al universo de un inventor exc\u00e9ntrico,<a class=\"excerpt-read-more\" href=\"https:\/\/www.focus.cat\/es\/las-entradas-para-kurios-de-cirque-du-soleil-en-bilbao-ya-a-la-venta\/\" title=\"LlegeixLas entradas para Kurios, de Cirque du Soleil, en Bilbao, ya a la venta\"> &#8230; Llegeix m\u00e9s<\/a><\/p>\n","protected":false},"author":15,"featured_media":22854,"comment_status":"closed","ping_status":"closed","sticky":false,"template":"","format":"standard","meta":{"_acf_changed":false,"inline_featured_image":false,"footnotes":""},"categories":[4],"class_list":["post-22864","post","type-post","status-publish","format-standard","has-post-thumbnail","hentry","category-noticias"],"acf":[],"yoast_head":"<!-- This site is optimized with the Yoast SEO plugin v27.5 - https:\/\/yoast.com\/product\/yoast-seo-wordpress\/ -->\n<title>Las entradas para Kurios, de Cirque du Soleil, en Bilbao, ya a la venta - Focus<\/title>\n<meta name=\"robots\" content=\"index, follow, max-snippet:-1, max-image-preview:large, max-video-preview:-1\" \/>\n<link rel=\"canonical\" href=\"https:\/\/www.focus.cat\/las-entradas-para-kurios-de-cirque-du-soleil-en-bilbao-ya-a-la-venta\/\" \/>\n<meta property=\"og:locale\" content=\"ca_ES\" \/>\n<meta property=\"og:type\" content=\"article\" \/>\n<meta property=\"og:title\" content=\"Las entradas para Kurios, de Cirque du Soleil, en Bilbao, ya a la venta - Focus\" \/>\n<meta property=\"og:description\" content=\"Ya est\u00e1n a la venta las entradas para el espect\u00e1culo KURIOS \u2013 Gabinete de curiosidades, que se presentar\u00e1 en Bilbao del 8 de abril al 3 de mayo de 2026. Kurios est\u00e1 ambientado en una \u00e9poca que recuerda la est\u00e9tica steampunk del siglo XIX. El espect\u00e1culo transportar\u00e1 al p\u00fablico al universo de un inventor exc\u00e9ntrico, ... Llegeix m\u00e9s\" \/>\n<meta property=\"og:url\" content=\"https:\/\/www.focus.cat\/es\/las-entradas-para-kurios-de-cirque-du-soleil-en-bilbao-ya-a-la-venta\/\" \/>\n<meta property=\"og:site_name\" content=\"Focus\" \/>\n<meta property=\"article:published_time\" content=\"2025-05-14T08:36:52+00:00\" \/>\n<meta property=\"og:image\" content=\"https:\/\/www.focus.cat\/wp-content\/uploads\/2025\/05\/HORITZONTAL-WEB-FOCUS-1-1.jpg\" \/>\n\t<meta property=\"og:image:width\" content=\"1600\" \/>\n\t<meta property=\"og:image:height\" content=\"900\" \/>\n\t<meta property=\"og:image:type\" content=\"image\/jpeg\" \/>\n<meta name=\"author\" content=\"Suport Digital\" \/>\n<meta name=\"twitter:card\" content=\"summary_large_image\" \/>\n<script type=\"application\/ld+json\" class=\"yoast-schema-graph\">{\"@context\":\"https:\\\/\\\/schema.org\",\"@graph\":[{\"@type\":\"Article\",\"@id\":\"https:\\\/\\\/www.focus.cat\\\/es\\\/las-entradas-para-kurios-de-cirque-du-soleil-en-bilbao-ya-a-la-venta\\\/#article\",\"isPartOf\":{\"@id\":\"https:\\\/\\\/www.focus.cat\\\/es\\\/las-entradas-para-kurios-de-cirque-du-soleil-en-bilbao-ya-a-la-venta\\\/\"},\"author\":{\"name\":\"Suport Digital\",\"@id\":\"https:\\\/\\\/www.focus.cat\\\/#\\\/schema\\\/person\\\/caae89e91020f6f4091f528af5ee5e71\"},\"headline\":\"Las entradas para Kurios, de Cirque du Soleil, en Bilbao, ya a la venta\",\"datePublished\":\"2025-05-14T08:36:52+00:00\",\"mainEntityOfPage\":{\"@id\":\"https:\\\/\\\/www.focus.cat\\\/es\\\/las-entradas-para-kurios-de-cirque-du-soleil-en-bilbao-ya-a-la-venta\\\/\"},\"wordCount\":168,\"publisher\":{\"@id\":\"https:\\\/\\\/www.focus.cat\\\/#organization\"},\"image\":{\"@id\":\"https:\\\/\\\/www.focus.cat\\\/es\\\/las-entradas-para-kurios-de-cirque-du-soleil-en-bilbao-ya-a-la-venta\\\/#primaryimage\"},\"thumbnailUrl\":\"https:\\\/\\\/www.focus.cat\\\/wp-content\\\/uploads\\\/2025\\\/05\\\/HORITZONTAL-WEB-FOCUS-1-1.jpg\",\"articleSection\":[\"Noticias\"],\"inLanguage\":\"ca\"},{\"@type\":\"WebPage\",\"@id\":\"https:\\\/\\\/www.focus.cat\\\/es\\\/las-entradas-para-kurios-de-cirque-du-soleil-en-bilbao-ya-a-la-venta\\\/\",\"url\":\"https:\\\/\\\/www.focus.cat\\\/es\\\/las-entradas-para-kurios-de-cirque-du-soleil-en-bilbao-ya-a-la-venta\\\/\",\"name\":\"Las entradas para Kurios, de Cirque du Soleil, en Bilbao, ya a la venta - Focus\",\"isPartOf\":{\"@id\":\"https:\\\/\\\/www.focus.cat\\\/#website\"},\"primaryImageOfPage\":{\"@id\":\"https:\\\/\\\/www.focus.cat\\\/es\\\/las-entradas-para-kurios-de-cirque-du-soleil-en-bilbao-ya-a-la-venta\\\/#primaryimage\"},\"image\":{\"@id\":\"https:\\\/\\\/www.focus.cat\\\/es\\\/las-entradas-para-kurios-de-cirque-du-soleil-en-bilbao-ya-a-la-venta\\\/#primaryimage\"},\"thumbnailUrl\":\"https:\\\/\\\/www.focus.cat\\\/wp-content\\\/uploads\\\/2025\\\/05\\\/HORITZONTAL-WEB-FOCUS-1-1.jpg\",\"datePublished\":\"2025-05-14T08:36:52+00:00\",\"inLanguage\":\"ca\",\"potentialAction\":[{\"@type\":\"ReadAction\",\"target\":[\"https:\\\/\\\/www.focus.cat\\\/es\\\/las-entradas-para-kurios-de-cirque-du-soleil-en-bilbao-ya-a-la-venta\\\/\"]}]},{\"@type\":\"ImageObject\",\"inLanguage\":\"ca\",\"@id\":\"https:\\\/\\\/www.focus.cat\\\/es\\\/las-entradas-para-kurios-de-cirque-du-soleil-en-bilbao-ya-a-la-venta\\\/#primaryimage\",\"url\":\"https:\\\/\\\/www.focus.cat\\\/wp-content\\\/uploads\\\/2025\\\/05\\\/HORITZONTAL-WEB-FOCUS-1-1.jpg\",\"contentUrl\":\"https:\\\/\\\/www.focus.cat\\\/wp-content\\\/uploads\\\/2025\\\/05\\\/HORITZONTAL-WEB-FOCUS-1-1.jpg\",\"width\":1600,\"height\":900},{\"@type\":\"WebSite\",\"@id\":\"https:\\\/\\\/www.focus.cat\\\/#website\",\"url\":\"https:\\\/\\\/www.focus.cat\\\/\",\"name\":\"Focus\",\"description\":\"\",\"publisher\":{\"@id\":\"https:\\\/\\\/www.focus.cat\\\/#organization\"},\"potentialAction\":[{\"@type\":\"SearchAction\",\"target\":{\"@type\":\"EntryPoint\",\"urlTemplate\":\"https:\\\/\\\/www.focus.cat\\\/?s={search_term_string}\"},\"query-input\":{\"@type\":\"PropertyValueSpecification\",\"valueRequired\":true,\"valueName\":\"search_term_string\"}}],\"inLanguage\":\"ca\"},{\"@type\":\"Organization\",\"@id\":\"https:\\\/\\\/www.focus.cat\\\/#organization\",\"name\":\"Focus\",\"url\":\"https:\\\/\\\/www.focus.cat\\\/\",\"logo\":{\"@type\":\"ImageObject\",\"inLanguage\":\"ca\",\"@id\":\"https:\\\/\\\/www.focus.cat\\\/#\\\/schema\\\/logo\\\/image\\\/\",\"url\":\"https:\\\/\\\/www.focus.cat\\\/wp-content\\\/uploads\\\/2022\\\/01\\\/logo-focus-any-35.svg\",\"contentUrl\":\"https:\\\/\\\/www.focus.cat\\\/wp-content\\\/uploads\\\/2022\\\/01\\\/logo-focus-any-35.svg\",\"width\":1,\"height\":1,\"caption\":\"Focus\"},\"image\":{\"@id\":\"https:\\\/\\\/www.focus.cat\\\/#\\\/schema\\\/logo\\\/image\\\/\"}},{\"@type\":\"Person\",\"@id\":\"https:\\\/\\\/www.focus.cat\\\/#\\\/schema\\\/person\\\/caae89e91020f6f4091f528af5ee5e71\",\"name\":\"Suport Digital\",\"image\":{\"@type\":\"ImageObject\",\"inLanguage\":\"ca\",\"@id\":\"https:\\\/\\\/secure.gravatar.com\\\/avatar\\\/dd41dbc903aea1c8ca8c21ad68c0e0693be9f8c724f44cf11598395a9d1a039e?s=96&d=mm&r=g\",\"url\":\"https:\\\/\\\/secure.gravatar.com\\\/avatar\\\/dd41dbc903aea1c8ca8c21ad68c0e0693be9f8c724f44cf11598395a9d1a039e?s=96&d=mm&r=g\",\"contentUrl\":\"https:\\\/\\\/secure.gravatar.com\\\/avatar\\\/dd41dbc903aea1c8ca8c21ad68c0e0693be9f8c724f44cf11598395a9d1a039e?s=96&d=mm&r=g\",\"caption\":\"Suport Digital\"},\"url\":\"https:\\\/\\\/www.focus.cat\\\/author\\\/suport-digital\\\/\"}]}<\/script>\n<!-- \/ Yoast SEO plugin. -->","yoast_head_json":{"title":"Las entradas para Kurios, de Cirque du Soleil, en Bilbao, ya a la venta - Focus","robots":{"index":"index","follow":"follow","max-snippet":"max-snippet:-1","max-image-preview":"max-image-preview:large","max-video-preview":"max-video-preview:-1"},"canonical":"https:\/\/www.focus.cat\/las-entradas-para-kurios-de-cirque-du-soleil-en-bilbao-ya-a-la-venta\/","og_locale":"ca_ES","og_type":"article","og_title":"Las entradas para Kurios, de Cirque du Soleil, en Bilbao, ya a la venta - Focus","og_description":"Ya est\u00e1n a la venta las entradas para el espect\u00e1culo KURIOS \u2013 Gabinete de curiosidades, que se presentar\u00e1 en Bilbao del 8 de abril al 3 de mayo de 2026. Kurios est\u00e1 ambientado en una \u00e9poca que recuerda la est\u00e9tica steampunk del siglo XIX. El espect\u00e1culo transportar\u00e1 al p\u00fablico al universo de un inventor exc\u00e9ntrico, ... Llegeix m\u00e9s","og_url":"https:\/\/www.focus.cat\/es\/las-entradas-para-kurios-de-cirque-du-soleil-en-bilbao-ya-a-la-venta\/","og_site_name":"Focus","article_published_time":"2025-05-14T08:36:52+00:00","og_image":[{"width":1600,"height":900,"url":"https:\/\/www.focus.cat\/wp-content\/uploads\/2025\/05\/HORITZONTAL-WEB-FOCUS-1-1.jpg","type":"image\/jpeg"}],"author":"Suport Digital","twitter_card":"summary_large_image","schema":{"@context":"https:\/\/schema.org","@graph":[{"@type":"Article","@id":"https:\/\/www.focus.cat\/es\/las-entradas-para-kurios-de-cirque-du-soleil-en-bilbao-ya-a-la-venta\/#article","isPartOf":{"@id":"https:\/\/www.focus.cat\/es\/las-entradas-para-kurios-de-cirque-du-soleil-en-bilbao-ya-a-la-venta\/"},"author":{"name":"Suport Digital","@id":"https:\/\/www.focus.cat\/#\/schema\/person\/caae89e91020f6f4091f528af5ee5e71"},"headline":"Las entradas para Kurios, de Cirque du Soleil, en Bilbao, ya a la venta","datePublished":"2025-05-14T08:36:52+00:00","mainEntityOfPage":{"@id":"https:\/\/www.focus.cat\/es\/las-entradas-para-kurios-de-cirque-du-soleil-en-bilbao-ya-a-la-venta\/"},"wordCount":168,"publisher":{"@id":"https:\/\/www.focus.cat\/#organization"},"image":{"@id":"https:\/\/www.focus.cat\/es\/las-entradas-para-kurios-de-cirque-du-soleil-en-bilbao-ya-a-la-venta\/#primaryimage"},"thumbnailUrl":"https:\/\/www.focus.cat\/wp-content\/uploads\/2025\/05\/HORITZONTAL-WEB-FOCUS-1-1.jpg","articleSection":["Noticias"],"inLanguage":"ca"},{"@type":"WebPage","@id":"https:\/\/www.focus.cat\/es\/las-entradas-para-kurios-de-cirque-du-soleil-en-bilbao-ya-a-la-venta\/","url":"https:\/\/www.focus.cat\/es\/las-entradas-para-kurios-de-cirque-du-soleil-en-bilbao-ya-a-la-venta\/","name":"Las entradas para Kurios, de Cirque du Soleil, en Bilbao, ya a la venta - Focus","isPartOf":{"@id":"https:\/\/www.focus.cat\/#website"},"primaryImageOfPage":{"@id":"https:\/\/www.focus.cat\/es\/las-entradas-para-kurios-de-cirque-du-soleil-en-bilbao-ya-a-la-venta\/#primaryimage"},"image":{"@id":"https:\/\/www.focus.cat\/es\/las-entradas-para-kurios-de-cirque-du-soleil-en-bilbao-ya-a-la-venta\/#primaryimage"},"thumbnailUrl":"https:\/\/www.focus.cat\/wp-content\/uploads\/2025\/05\/HORITZONTAL-WEB-FOCUS-1-1.jpg","datePublished":"2025-05-14T08:36:52+00:00","inLanguage":"ca","potentialAction":[{"@type":"ReadAction","target":["https:\/\/www.focus.cat\/es\/las-entradas-para-kurios-de-cirque-du-soleil-en-bilbao-ya-a-la-venta\/"]}]},{"@type":"ImageObject","inLanguage":"ca","@id":"https:\/\/www.focus.cat\/es\/las-entradas-para-kurios-de-cirque-du-soleil-en-bilbao-ya-a-la-venta\/#primaryimage","url":"https:\/\/www.focus.cat\/wp-content\/uploads\/2025\/05\/HORITZONTAL-WEB-FOCUS-1-1.jpg","contentUrl":"https:\/\/www.focus.cat\/wp-content\/uploads\/2025\/05\/HORITZONTAL-WEB-FOCUS-1-1.jpg","width":1600,"height":900},{"@type":"WebSite","@id":"https:\/\/www.focus.cat\/#website","url":"https:\/\/www.focus.cat\/","name":"Focus","description":"","publisher":{"@id":"https:\/\/www.focus.cat\/#organization"},"potentialAction":[{"@type":"SearchAction","target":{"@type":"EntryPoint","urlTemplate":"https:\/\/www.focus.cat\/?s={search_term_string}"},"query-input":{"@type":"PropertyValueSpecification","valueRequired":true,"valueName":"search_term_string"}}],"inLanguage":"ca"},{"@type":"Organization","@id":"https:\/\/www.focus.cat\/#organization","name":"Focus","url":"https:\/\/www.focus.cat\/","logo":{"@type":"ImageObject","inLanguage":"ca","@id":"https:\/\/www.focus.cat\/#\/schema\/logo\/image\/","url":"https:\/\/www.focus.cat\/wp-content\/uploads\/2022\/01\/logo-focus-any-35.svg","contentUrl":"https:\/\/www.focus.cat\/wp-content\/uploads\/2022\/01\/logo-focus-any-35.svg","width":1,"height":1,"caption":"Focus"},"image":{"@id":"https:\/\/www.focus.cat\/#\/schema\/logo\/image\/"}},{"@type":"Person","@id":"https:\/\/www.focus.cat\/#\/schema\/person\/caae89e91020f6f4091f528af5ee5e71","name":"Suport Digital","image":{"@type":"ImageObject","inLanguage":"ca","@id":"https:\/\/secure.gravatar.com\/avatar\/dd41dbc903aea1c8ca8c21ad68c0e0693be9f8c724f44cf11598395a9d1a039e?s=96&d=mm&r=g","url":"https:\/\/secure.gravatar.com\/avatar\/dd41dbc903aea1c8ca8c21ad68c0e0693be9f8c724f44cf11598395a9d1a039e?s=96&d=mm&r=g","contentUrl":"https:\/\/secure.gravatar.com\/avatar\/dd41dbc903aea1c8ca8c21ad68c0e0693be9f8c724f44cf11598395a9d1a039e?s=96&d=mm&r=g","caption":"Suport Digital"},"url":"https:\/\/www.focus.cat\/author\/suport-digital\/"}]}},"_links":{"self":[{"href":"https:\/\/www.focus.cat\/wp-json\/wp\/v2\/posts\/22864","targetHints":{"allow":["GET"]}}],"collection":[{"href":"https:\/\/www.focus.cat\/wp-json\/wp\/v2\/posts"}],"about":[{"href":"https:\/\/www.focus.cat\/wp-json\/wp\/v2\/types\/post"}],"author":[{"embeddable":true,"href":"https:\/\/www.focus.cat\/wp-json\/wp\/v2\/users\/15"}],"replies":[{"embeddable":true,"href":"https:\/\/www.focus.cat\/wp-json\/wp\/v2\/comments?post=22864"}],"version-history":[{"count":0,"href":"https:\/\/www.focus.cat\/wp-json\/wp\/v2\/posts\/22864\/revisions"}],"wp:featuredmedia":[{"embeddable":true,"href":"https:\/\/www.focus.cat\/wp-json\/wp\/v2\/media\/22854"}],"wp:attachment":[{"href":"https:\/\/www.focus.cat\/wp-json\/wp\/v2\/media?parent=22864"}],"wp:term":[{"taxonomy":"category","embeddable":true,"href":"https:\/\/www.focus.cat\/wp-json\/wp\/v2\/categories?post=22864"}],"curies":[{"name":"wp","href":"https:\/\/api.w.org\/{rel}","templated":true}]}}