{"id":22930,"date":"2025-05-15T14:37:21","date_gmt":"2025-05-15T14:37:21","guid":{"rendered":"https:\/\/www.focus.cat\/?p=22930"},"modified":"2025-05-15T14:37:21","modified_gmt":"2025-05-15T14:37:21","slug":"focus-celebra-el-lola-summer","status":"publish","type":"post","link":"https:\/\/www.focus.cat\/es\/focus-celebra-el-lola-summer\/","title":{"rendered":"Focus celebra el Lola Summer"},"content":{"rendered":"<p>El \u00e1rea de eventos de Focus llev\u00f3 a cabo la producci\u00f3n de los servicios art\u00edsticos y decorativos para la celebraci\u00f3n del Lola Summer, una acci\u00f3n promocional impulsada por la firma de moda Lola Casademunt.<br \/>\nEl evento, que tuvo lugar el pasado jueves 8 de mayo, se despleg\u00f3 simult\u00e1neamente en 14 tiendas de todo el Estado, con intervenciones creativas en la calle y una espectacular decoraci\u00f3n de las fachadas y accesos de los establecimientos. La acci\u00f3n, altamente visual y colorida, fue dise\u00f1ada en consonancia con la l\u00ednea tem\u00e1tica de la nueva temporada, convirtiendo cada tienda en un punto de atracci\u00f3n y experiencia inmersiva para las clientas.<\/p>\n<p>&nbsp;<\/p>\n<p><img decoding=\"async\" class=\" wp-image-22931 aligncenter\" src=\"https:\/\/www.focus.cat\/wp-content\/uploads\/2025\/05\/222-2-1124x632.jpg\" alt=\"\" width=\"841\" height=\"473\" srcset=\"https:\/\/www.focus.cat\/wp-content\/uploads\/2025\/05\/222-2-1124x632.jpg 1124w, https:\/\/www.focus.cat\/wp-content\/uploads\/2025\/05\/222-2-300x169.jpg 300w, https:\/\/www.focus.cat\/wp-content\/uploads\/2025\/05\/222-2-150x84.jpg 150w, https:\/\/www.focus.cat\/wp-content\/uploads\/2025\/05\/222-2-800x450.jpg 800w, https:\/\/www.focus.cat\/wp-content\/uploads\/2025\/05\/222-2-1536x864.jpg 1536w, https:\/\/www.focus.cat\/wp-content\/uploads\/2025\/05\/222-2-2048x1152.jpg 2048w, https:\/\/www.focus.cat\/wp-content\/uploads\/2025\/05\/222-2-1500x844.jpg 1500w\" sizes=\"(max-width: 841px) 100vw, 841px\" \/><\/p>\n","protected":false},"excerpt":{"rendered":"<p>El \u00e1rea de eventos de Focus llev\u00f3 a cabo la producci\u00f3n de los servicios art\u00edsticos y decorativos para la celebraci\u00f3n del Lola Summer, una acci\u00f3n promocional impulsada por la firma de moda Lola Casademunt. El evento, que tuvo lugar el pasado jueves 8 de mayo, se despleg\u00f3 simult\u00e1neamente en 14 tiendas de todo el Estado,<a class=\"excerpt-read-more\" href=\"https:\/\/www.focus.cat\/es\/focus-celebra-el-lola-summer\/\" title=\"LlegeixFocus celebra el Lola Summer\"> &#8230; Llegeix m\u00e9s<\/a><\/p>\n","protected":false},"author":15,"featured_media":22915,"comment_status":"closed","ping_status":"closed","sticky":false,"template":"","format":"standard","meta":{"_acf_changed":false,"inline_featured_image":false,"footnotes":""},"categories":[4,25],"class_list":["post-22930","post","type-post","status-publish","format-standard","has-post-thumbnail","hentry","category-noticias","category-eventos"],"acf":[],"yoast_head":"<!-- This site is optimized with the Yoast SEO plugin v27.4 - https:\/\/yoast.com\/product\/yoast-seo-wordpress\/ -->\n<title>Focus celebra el Lola Summer - Focus<\/title>\n<meta name=\"robots\" content=\"index, follow, max-snippet:-1, max-image-preview:large, max-video-preview:-1\" \/>\n<link rel=\"canonical\" href=\"https:\/\/www.focus.cat\/focus-celebra-el-lola-summer\/\" \/>\n<meta property=\"og:locale\" content=\"ca_ES\" \/>\n<meta property=\"og:type\" content=\"article\" \/>\n<meta property=\"og:title\" content=\"Focus celebra el Lola Summer - Focus\" \/>\n<meta property=\"og:description\" content=\"El \u00e1rea de eventos de Focus llev\u00f3 a cabo la producci\u00f3n de los servicios art\u00edsticos y decorativos para la celebraci\u00f3n del Lola Summer, una acci\u00f3n promocional impulsada por la firma de moda Lola Casademunt. El evento, que tuvo lugar el pasado jueves 8 de mayo, se despleg\u00f3 simult\u00e1neamente en 14 tiendas de todo el Estado, ... Llegeix m\u00e9s\" \/>\n<meta property=\"og:url\" content=\"https:\/\/www.focus.cat\/es\/focus-celebra-el-lola-summer\/\" \/>\n<meta property=\"og:site_name\" content=\"Focus\" \/>\n<meta property=\"article:published_time\" content=\"2025-05-15T14:37:21+00:00\" \/>\n<meta property=\"og:image\" content=\"https:\/\/www.focus.cat\/wp-content\/uploads\/2025\/05\/20250508_104939-1124x632.jpg\" \/>\n\t<meta property=\"og:image:width\" content=\"1124\" \/>\n\t<meta property=\"og:image:height\" content=\"632\" \/>\n\t<meta property=\"og:image:type\" content=\"image\/jpeg\" \/>\n<meta name=\"author\" content=\"Suport Digital\" \/>\n<meta name=\"twitter:card\" content=\"summary_large_image\" \/>\n<script type=\"application\/ld+json\" class=\"yoast-schema-graph\">{\"@context\":\"https:\\\/\\\/schema.org\",\"@graph\":[{\"@type\":\"Article\",\"@id\":\"https:\\\/\\\/www.focus.cat\\\/es\\\/focus-celebra-el-lola-summer\\\/#article\",\"isPartOf\":{\"@id\":\"https:\\\/\\\/www.focus.cat\\\/es\\\/focus-celebra-el-lola-summer\\\/\"},\"author\":{\"name\":\"Suport Digital\",\"@id\":\"https:\\\/\\\/www.focus.cat\\\/#\\\/schema\\\/person\\\/caae89e91020f6f4091f528af5ee5e71\"},\"headline\":\"Focus celebra el Lola Summer\",\"datePublished\":\"2025-05-15T14:37:21+00:00\",\"mainEntityOfPage\":{\"@id\":\"https:\\\/\\\/www.focus.cat\\\/es\\\/focus-celebra-el-lola-summer\\\/\"},\"wordCount\":120,\"publisher\":{\"@id\":\"https:\\\/\\\/www.focus.cat\\\/#organization\"},\"image\":{\"@id\":\"https:\\\/\\\/www.focus.cat\\\/es\\\/focus-celebra-el-lola-summer\\\/#primaryimage\"},\"thumbnailUrl\":\"https:\\\/\\\/www.focus.cat\\\/wp-content\\\/uploads\\\/2025\\\/05\\\/20250508_104939.jpg\",\"articleSection\":[\"Noticias\",\"Eventos\"],\"inLanguage\":\"ca\"},{\"@type\":\"WebPage\",\"@id\":\"https:\\\/\\\/www.focus.cat\\\/es\\\/focus-celebra-el-lola-summer\\\/\",\"url\":\"https:\\\/\\\/www.focus.cat\\\/es\\\/focus-celebra-el-lola-summer\\\/\",\"name\":\"Focus celebra el Lola Summer - Focus\",\"isPartOf\":{\"@id\":\"https:\\\/\\\/www.focus.cat\\\/#website\"},\"primaryImageOfPage\":{\"@id\":\"https:\\\/\\\/www.focus.cat\\\/es\\\/focus-celebra-el-lola-summer\\\/#primaryimage\"},\"image\":{\"@id\":\"https:\\\/\\\/www.focus.cat\\\/es\\\/focus-celebra-el-lola-summer\\\/#primaryimage\"},\"thumbnailUrl\":\"https:\\\/\\\/www.focus.cat\\\/wp-content\\\/uploads\\\/2025\\\/05\\\/20250508_104939.jpg\",\"datePublished\":\"2025-05-15T14:37:21+00:00\",\"inLanguage\":\"ca\",\"potentialAction\":[{\"@type\":\"ReadAction\",\"target\":[\"https:\\\/\\\/www.focus.cat\\\/es\\\/focus-celebra-el-lola-summer\\\/\"]}]},{\"@type\":\"ImageObject\",\"inLanguage\":\"ca\",\"@id\":\"https:\\\/\\\/www.focus.cat\\\/es\\\/focus-celebra-el-lola-summer\\\/#primaryimage\",\"url\":\"https:\\\/\\\/www.focus.cat\\\/wp-content\\\/uploads\\\/2025\\\/05\\\/20250508_104939.jpg\",\"contentUrl\":\"https:\\\/\\\/www.focus.cat\\\/wp-content\\\/uploads\\\/2025\\\/05\\\/20250508_104939.jpg\",\"width\":2560,\"height\":1440},{\"@type\":\"WebSite\",\"@id\":\"https:\\\/\\\/www.focus.cat\\\/#website\",\"url\":\"https:\\\/\\\/www.focus.cat\\\/\",\"name\":\"Focus\",\"description\":\"\",\"publisher\":{\"@id\":\"https:\\\/\\\/www.focus.cat\\\/#organization\"},\"potentialAction\":[{\"@type\":\"SearchAction\",\"target\":{\"@type\":\"EntryPoint\",\"urlTemplate\":\"https:\\\/\\\/www.focus.cat\\\/?s={search_term_string}\"},\"query-input\":{\"@type\":\"PropertyValueSpecification\",\"valueRequired\":true,\"valueName\":\"search_term_string\"}}],\"inLanguage\":\"ca\"},{\"@type\":\"Organization\",\"@id\":\"https:\\\/\\\/www.focus.cat\\\/#organization\",\"name\":\"Focus\",\"url\":\"https:\\\/\\\/www.focus.cat\\\/\",\"logo\":{\"@type\":\"ImageObject\",\"inLanguage\":\"ca\",\"@id\":\"https:\\\/\\\/www.focus.cat\\\/#\\\/schema\\\/logo\\\/image\\\/\",\"url\":\"https:\\\/\\\/www.focus.cat\\\/wp-content\\\/uploads\\\/2022\\\/01\\\/logo-focus-any-35.svg\",\"contentUrl\":\"https:\\\/\\\/www.focus.cat\\\/wp-content\\\/uploads\\\/2022\\\/01\\\/logo-focus-any-35.svg\",\"width\":1,\"height\":1,\"caption\":\"Focus\"},\"image\":{\"@id\":\"https:\\\/\\\/www.focus.cat\\\/#\\\/schema\\\/logo\\\/image\\\/\"}},{\"@type\":\"Person\",\"@id\":\"https:\\\/\\\/www.focus.cat\\\/#\\\/schema\\\/person\\\/caae89e91020f6f4091f528af5ee5e71\",\"name\":\"Suport Digital\",\"image\":{\"@type\":\"ImageObject\",\"inLanguage\":\"ca\",\"@id\":\"https:\\\/\\\/secure.gravatar.com\\\/avatar\\\/dd41dbc903aea1c8ca8c21ad68c0e0693be9f8c724f44cf11598395a9d1a039e?s=96&d=mm&r=g\",\"url\":\"https:\\\/\\\/secure.gravatar.com\\\/avatar\\\/dd41dbc903aea1c8ca8c21ad68c0e0693be9f8c724f44cf11598395a9d1a039e?s=96&d=mm&r=g\",\"contentUrl\":\"https:\\\/\\\/secure.gravatar.com\\\/avatar\\\/dd41dbc903aea1c8ca8c21ad68c0e0693be9f8c724f44cf11598395a9d1a039e?s=96&d=mm&r=g\",\"caption\":\"Suport Digital\"},\"url\":\"https:\\\/\\\/www.focus.cat\\\/author\\\/suport-digital\\\/\"}]}<\/script>\n<!-- \/ Yoast SEO plugin. -->","yoast_head_json":{"title":"Focus celebra el Lola Summer - Focus","robots":{"index":"index","follow":"follow","max-snippet":"max-snippet:-1","max-image-preview":"max-image-preview:large","max-video-preview":"max-video-preview:-1"},"canonical":"https:\/\/www.focus.cat\/focus-celebra-el-lola-summer\/","og_locale":"ca_ES","og_type":"article","og_title":"Focus celebra el Lola Summer - Focus","og_description":"El \u00e1rea de eventos de Focus llev\u00f3 a cabo la producci\u00f3n de los servicios art\u00edsticos y decorativos para la celebraci\u00f3n del Lola Summer, una acci\u00f3n promocional impulsada por la firma de moda Lola Casademunt. El evento, que tuvo lugar el pasado jueves 8 de mayo, se despleg\u00f3 simult\u00e1neamente en 14 tiendas de todo el Estado, ... Llegeix m\u00e9s","og_url":"https:\/\/www.focus.cat\/es\/focus-celebra-el-lola-summer\/","og_site_name":"Focus","article_published_time":"2025-05-15T14:37:21+00:00","og_image":[{"width":1124,"height":632,"url":"https:\/\/www.focus.cat\/wp-content\/uploads\/2025\/05\/20250508_104939-1124x632.jpg","type":"image\/jpeg"}],"author":"Suport Digital","twitter_card":"summary_large_image","schema":{"@context":"https:\/\/schema.org","@graph":[{"@type":"Article","@id":"https:\/\/www.focus.cat\/es\/focus-celebra-el-lola-summer\/#article","isPartOf":{"@id":"https:\/\/www.focus.cat\/es\/focus-celebra-el-lola-summer\/"},"author":{"name":"Suport Digital","@id":"https:\/\/www.focus.cat\/#\/schema\/person\/caae89e91020f6f4091f528af5ee5e71"},"headline":"Focus celebra el Lola Summer","datePublished":"2025-05-15T14:37:21+00:00","mainEntityOfPage":{"@id":"https:\/\/www.focus.cat\/es\/focus-celebra-el-lola-summer\/"},"wordCount":120,"publisher":{"@id":"https:\/\/www.focus.cat\/#organization"},"image":{"@id":"https:\/\/www.focus.cat\/es\/focus-celebra-el-lola-summer\/#primaryimage"},"thumbnailUrl":"https:\/\/www.focus.cat\/wp-content\/uploads\/2025\/05\/20250508_104939.jpg","articleSection":["Noticias","Eventos"],"inLanguage":"ca"},{"@type":"WebPage","@id":"https:\/\/www.focus.cat\/es\/focus-celebra-el-lola-summer\/","url":"https:\/\/www.focus.cat\/es\/focus-celebra-el-lola-summer\/","name":"Focus celebra el Lola Summer - Focus","isPartOf":{"@id":"https:\/\/www.focus.cat\/#website"},"primaryImageOfPage":{"@id":"https:\/\/www.focus.cat\/es\/focus-celebra-el-lola-summer\/#primaryimage"},"image":{"@id":"https:\/\/www.focus.cat\/es\/focus-celebra-el-lola-summer\/#primaryimage"},"thumbnailUrl":"https:\/\/www.focus.cat\/wp-content\/uploads\/2025\/05\/20250508_104939.jpg","datePublished":"2025-05-15T14:37:21+00:00","inLanguage":"ca","potentialAction":[{"@type":"ReadAction","target":["https:\/\/www.focus.cat\/es\/focus-celebra-el-lola-summer\/"]}]},{"@type":"ImageObject","inLanguage":"ca","@id":"https:\/\/www.focus.cat\/es\/focus-celebra-el-lola-summer\/#primaryimage","url":"https:\/\/www.focus.cat\/wp-content\/uploads\/2025\/05\/20250508_104939.jpg","contentUrl":"https:\/\/www.focus.cat\/wp-content\/uploads\/2025\/05\/20250508_104939.jpg","width":2560,"height":1440},{"@type":"WebSite","@id":"https:\/\/www.focus.cat\/#website","url":"https:\/\/www.focus.cat\/","name":"Focus","description":"","publisher":{"@id":"https:\/\/www.focus.cat\/#organization"},"potentialAction":[{"@type":"SearchAction","target":{"@type":"EntryPoint","urlTemplate":"https:\/\/www.focus.cat\/?s={search_term_string}"},"query-input":{"@type":"PropertyValueSpecification","valueRequired":true,"valueName":"search_term_string"}}],"inLanguage":"ca"},{"@type":"Organization","@id":"https:\/\/www.focus.cat\/#organization","name":"Focus","url":"https:\/\/www.focus.cat\/","logo":{"@type":"ImageObject","inLanguage":"ca","@id":"https:\/\/www.focus.cat\/#\/schema\/logo\/image\/","url":"https:\/\/www.focus.cat\/wp-content\/uploads\/2022\/01\/logo-focus-any-35.svg","contentUrl":"https:\/\/www.focus.cat\/wp-content\/uploads\/2022\/01\/logo-focus-any-35.svg","width":1,"height":1,"caption":"Focus"},"image":{"@id":"https:\/\/www.focus.cat\/#\/schema\/logo\/image\/"}},{"@type":"Person","@id":"https:\/\/www.focus.cat\/#\/schema\/person\/caae89e91020f6f4091f528af5ee5e71","name":"Suport Digital","image":{"@type":"ImageObject","inLanguage":"ca","@id":"https:\/\/secure.gravatar.com\/avatar\/dd41dbc903aea1c8ca8c21ad68c0e0693be9f8c724f44cf11598395a9d1a039e?s=96&d=mm&r=g","url":"https:\/\/secure.gravatar.com\/avatar\/dd41dbc903aea1c8ca8c21ad68c0e0693be9f8c724f44cf11598395a9d1a039e?s=96&d=mm&r=g","contentUrl":"https:\/\/secure.gravatar.com\/avatar\/dd41dbc903aea1c8ca8c21ad68c0e0693be9f8c724f44cf11598395a9d1a039e?s=96&d=mm&r=g","caption":"Suport Digital"},"url":"https:\/\/www.focus.cat\/author\/suport-digital\/"}]}},"_links":{"self":[{"href":"https:\/\/www.focus.cat\/wp-json\/wp\/v2\/posts\/22930","targetHints":{"allow":["GET"]}}],"collection":[{"href":"https:\/\/www.focus.cat\/wp-json\/wp\/v2\/posts"}],"about":[{"href":"https:\/\/www.focus.cat\/wp-json\/wp\/v2\/types\/post"}],"author":[{"embeddable":true,"href":"https:\/\/www.focus.cat\/wp-json\/wp\/v2\/users\/15"}],"replies":[{"embeddable":true,"href":"https:\/\/www.focus.cat\/wp-json\/wp\/v2\/comments?post=22930"}],"version-history":[{"count":0,"href":"https:\/\/www.focus.cat\/wp-json\/wp\/v2\/posts\/22930\/revisions"}],"wp:featuredmedia":[{"embeddable":true,"href":"https:\/\/www.focus.cat\/wp-json\/wp\/v2\/media\/22915"}],"wp:attachment":[{"href":"https:\/\/www.focus.cat\/wp-json\/wp\/v2\/media?parent=22930"}],"wp:term":[{"taxonomy":"category","embeddable":true,"href":"https:\/\/www.focus.cat\/wp-json\/wp\/v2\/categories?post=22930"}],"curies":[{"name":"wp","href":"https:\/\/api.w.org\/{rel}","templated":true}]}}